{"id":6092,"date":"2025-07-15T21:13:04","date_gmt":"2025-07-15T21:13:04","guid":{"rendered":"https:\/\/www.grupoxcaret.com\/es\/?p=6092"},"modified":"2025-07-15T21:13:23","modified_gmt":"2025-07-15T21:13:23","slug":"regresa-la-feria-xcaret-de-arte-popular-mexicano-una-celebracion-unica-al-talento-artesanal-del-pais","status":"publish","type":"post","link":"https:\/\/www.grupoxcaret.com\/es\/regresa-la-feria-xcaret-de-arte-popular-mexicano-una-celebracion-unica-al-talento-artesanal-del-pais\/","title":{"rendered":"Regresa la Feria Xcaret de Arte Popular Mexicano: una celebraci\u00f3n \u00fanica al talento artesanal del pa\u00eds"},"content":{"rendered":"\n<p>\u25cf&nbsp;&nbsp;&nbsp;&nbsp;&nbsp;&nbsp;<strong>La Feria Xcaret de Arte Popular Mexicano regresa del 25 al 28 de septiembre, consolid\u00e1ndose como el evento m\u00e1s importante de su tipo en el pa\u00eds.<\/strong><\/p>\n\n\n\n<p>\u25cf&nbsp;&nbsp;&nbsp;&nbsp;&nbsp;&nbsp;<strong>M\u00e1s de 2,500 personas fueron beneficiadas en su primera edici\u00f3n, bajo un modelo de comercio justo y con 59% de las ventas destinadas a comunidades ind\u00edgenas.<\/strong><\/p>\n\n\n\n<p>\u25cf&nbsp;&nbsp;&nbsp;&nbsp;&nbsp;&nbsp;<strong>Este a\u00f1o se suma una categor\u00eda especial al concurso nacional, inspirada en la Virgen de Guadalupe, para reconocer su relevancia en el arte popular.<\/strong><\/p>\n\n\n\n<p><strong>Ciudad de M\u00e9xico, 8 de julio de 2025<\/strong>. &nbsp;&nbsp;En un evento celebrado en el Museo de Arte Popular, y con la bienvenida del director del recinto, Walther Boelstery, y de la presidenta del Patronato, Mercedes Vigil; Grupo Xcaret anunci\u00f3 la segunda edici\u00f3n de la Feria Xcaret de Arte Popular Mexicano, que se llevar\u00e1 a cabo del 25 al 28 de septiembre de 2025 en Parque Xcaret, consolid\u00e1ndose como el evento m\u00e1s relevante de su tipo en M\u00e9xico.<\/p>\n\n\n\n<p>Este encuentro cultural en el Parque Xcaret M\u00e9xico en Quintana Roo, re\u00fane en un solo lugar a los principales exponentes y artistas emergentes del arte popular mexicano, promoviendo la conexi\u00f3n directa entre artesanos y un p\u00fablico nacional e internacional, siendo una manifestaci\u00f3n viva del prop\u00f3sito de Grupo Xcaret:&nbsp;<em>hacer m\u00e1s feliz al planeta, compartiendo nuestro gran amor por M\u00e9xico<\/em>, al fortalecer el tejido cultural del pa\u00eds y generar condiciones de prosperidad compartida.<\/p>\n\n\n\n<p>Tras el \u00e9xito de su primera edici\u00f3n, que benefici\u00f3 alrededor de 2,600 personas de 21 estados de la rep\u00fablica mexicana y donde el 59% de los ingresos generados por ventas directas de los artesanos fueron de talleres ubicados en comunidades ind\u00edgenas, este a\u00f1o se espera nuevamente la participaci\u00f3n de mas de 140 talleres de personas artesanas, muchas de ellas portadoras de tradiciones milenarias. La feria garantiza un esquema de comercio justo, en el que las y los artesanos reciben el 100% del valor de sus ventas, fomentando as\u00ed la autonom\u00eda econ\u00f3mica de sus comunidades.<\/p>\n\n\n\n<p>Uno de los grandes retos para mantener vivas las tradiciones del arte popular en M\u00e9xico es lograr que las nuevas generaciones se interesen por continuar el legado de sus ancestros. Para ello, no basta con que la artesan\u00eda sea una actividad econ\u00f3micamente viable; debe ser tambi\u00e9n una expresi\u00f3n reconocida, admirada y valorada por la sociedad. En ese sentido, que el 70% de los participantes reporten contar con aprendices en sus talleres es una se\u00f1al alentadora de que el conocimiento tradicional est\u00e1 siendo transmitido. Eventos como la Feria Xcaret de Arte Popular Mexicano contribuyen a esta continuidad, al dar visibilidad, reconocimiento y proyecci\u00f3n al trabajo artesanal, despertando as\u00ed el entusiasmo de las y los j\u00f3venes por formar parte de este valioso legado.<\/p>\n\n\n\n<p>Durante la feria se llevar\u00e1 a cabo, por segundo a\u00f1o consecutivo, el concurso nacional \u201cXcaret, ayer y hoy\u201d, que reconocer\u00e1 las mejores obras en cinco categor\u00edas. Cuatro de ellas est\u00e1n enfocadas en la t\u00e9cnica y materiales utilizados: cer\u00e1mica, textil, madera y otras t\u00e9cnicas. En cada una de estas categor\u00edas, el primer lugar recibir\u00e1 $100,000 pesos, el segundo lugar $80,000 pesos, el tercer lugar $60,000 pesos, y se otorgar\u00e1n menciones honor\u00edficas con un est\u00edmulo de $20,000 pesos. Como novedad en esta edici\u00f3n, se suma una categor\u00eda especial inspirada en la Virgen de Guadalupe, abierta a cualquier t\u00e9cnica, que premiar\u00e1 a las tres mejores piezas por su fuerza simb\u00f3lica, devocional y art\u00edstica dentro del arte popular.&nbsp;<\/p>\n\n\n\n<p>\u201cEsta feria es parte de nuestro compromiso por celebrar nuestras ra\u00edces y visibilizar el talento artesanal de M\u00e9xico. M\u00e1s que un evento, es una plataforma para preservar y difundir nuestro patrimonio cultural, y para reconocer que como sociedad tenemos la responsabilidad de cuidarlo de forma justa, valorando el trabajo, la historia y la identidad que cada pieza representa\u201d, destac\u00f3 Leticia Aguerrebere, Directora General de la Feria Xcaret de Arte Popular Mexicano.<\/p>\n\n\n\n<p>La Feria tambi\u00e9n representa una expresi\u00f3n clara del compromiso de Grupo Xcaret con la sostenibilidad y el respeto a los derechos humanos. Desde su concepci\u00f3n, ha sido pensada como un espacio donde se protegen las tradiciones, se honra a los portadores del conocimiento ancestral y se fomenta el respeto a la dignidad de las personas artesanas.<\/p>\n\n\n\n<p>\u201cCuando un espacio es justo, seguro y respetuoso, las y los artesanos lo reconocen como propio. Por eso regresan, por eso conf\u00edan. La Feria Xcaret de Arte Popular Mexicano es un reflejo del respeto profundo que tenemos por su labor, su identidad y sus derechos\u201d, se\u00f1al\u00f3 Iliana Rodr\u00edguez, directora corporativa de Sostenibilidad y Dialogo Institucional de Grupo Xcaret<\/p>\n\n\n\n<p>Este a\u00f1o, la feria contar\u00e1 con la participaci\u00f3n de representantes provenientes de 22 estados del pa\u00eds, incluyendo a 60 Grandes Maestros del Arte Popular Mexicano y un 35.7% de nuevos talentos que no formaron parte de la edici\u00f3n anterior. Esto responde al compromiso de renovar y enriquecer la experiencia a\u00f1o con a\u00f1o, ofreciendo al p\u00fablico nuevas propuestas y expresiones del arte popular. En cuanto a las t\u00e9cnicas representadas, se incluir\u00e1n:<\/p>\n\n\n\n<p>\u00b7&nbsp;&nbsp;&nbsp;&nbsp;&nbsp;&nbsp;&nbsp;44 personas artesanas en textiles, con especialidades como rebozos, bordados, telar de cintura y pedal, deshilado y tintes naturales.<\/p>\n\n\n\n<p>\u00b7&nbsp;&nbsp;&nbsp;&nbsp;&nbsp;&nbsp;&nbsp;34 en cer\u00e1mica, abarcando 11 distintas ramas.<\/p>\n\n\n\n<p>\u00b7&nbsp;&nbsp;&nbsp;&nbsp;&nbsp;&nbsp;&nbsp;28 en madera, con al menos 6 t\u00e9cnicas diferentes.<\/p>\n\n\n\n<p>\u00b7&nbsp;&nbsp;&nbsp;&nbsp;&nbsp;&nbsp;&nbsp;34 m\u00e1s en otras t\u00e9cnicas, como joyer\u00eda, fibras, cartoner\u00eda, wix\u00e1rika, vidrio, popotillo, orfebrer\u00eda, pintura, amate, metalister\u00eda, piel, piedra, entre muchas otras.<\/p>\n\n\n\n<p>Adem\u00e1s de la exposici\u00f3n y venta de piezas, la feria contar\u00e1 con un programa cultural que incluir\u00e1 charlas con maestras y maestros artesanos, demostraciones en vivo, pasarelas de indumentaria tradicional, conferencias magistrales y paneles de expertos, promoviendo el di\u00e1logo entre creadores, dise\u00f1adores, acad\u00e9micos, coleccionistas y estudiantes.<\/p>\n\n\n\n<p>La Feria Xcaret de Arte Popular Mexicano tiene como objetivos:<\/p>\n\n\n\n<p>\u25cf&nbsp;&nbsp;&nbsp;&nbsp;&nbsp;&nbsp;Preservar las tradiciones artesanales como patrimonio vivo.<\/p>\n\n\n\n<p>\u25cf&nbsp;&nbsp;&nbsp;&nbsp;&nbsp;&nbsp;Fomentar la comercializaci\u00f3n directa y sin intermediarios.<\/p>\n\n\n\n<p>\u25cf&nbsp;&nbsp;&nbsp;&nbsp;&nbsp;&nbsp;Impulsar el desarrollo econ\u00f3mico en comunidades rurales e ind\u00edgenas a trav\u00e9s del talento art\u00edstico.<\/p>\n\n\n\n<p>\u25cf&nbsp;&nbsp;&nbsp;&nbsp;&nbsp;&nbsp;Visibilizar el impacto cultural y social del arte popular en todo el pa\u00eds.<\/p>\n\n\n\n<p>Como parte del legado de su primera edici\u00f3n, Grupo Xcaret realiz\u00f3 la Memoria de la Feria 2024, una publicaci\u00f3n que re\u00fane im\u00e1genes, perfiles y datos de contacto de los participantes, convirti\u00e9ndose en una herramienta \u00fatil para quienes desean seguir promoviendo y apoyando el arte popular mexicano.<\/p>\n\n\n\n<p>Conscientes de que el arte popular no solo se hereda, sino que se vive, se honra y se comparte, Grupo Xcaret impulsa esta feria como un espacio digno donde las manos que conservan nuestra identidad puedan mostrar su grandeza. Porque cuando M\u00e9xico se expresa a trav\u00e9s de su arte, el planeta entero se llena de color, historia y esperanza.<\/p>\n","protected":false},"excerpt":{"rendered":"<p>\u25cf&nbsp;&nbsp;&nbsp;&nbsp;&nbsp;&nbsp;La Feria Xcaret de Arte Popular Mexicano regresa del 25 al 28 de septiembre, consolid\u00e1ndose como el evento m\u00e1s importante de su tipo en el pa\u00eds. \u25cf&nbsp;&nbsp;&nbsp;&nbsp;&nbsp;&nbsp;M\u00e1s de 2,500 personas fueron beneficiadas en su primera edici\u00f3n, bajo un modelo de comercio justo y con 59% de las ventas destinadas a comunidades ind\u00edgenas. \u25cf&nbsp;&nbsp;&nbsp;&nbsp;&nbsp;&nbsp;Este a\u00f1o se [&hellip;]<\/p>\n","protected":false},"author":8,"featured_media":6093,"comment_status":"closed","ping_status":"closed","sticky":false,"template":"","format":"standard","meta":[],"categories":[97,4,72,3],"tags":[],"yoast_head":"<!-- This site is optimized with the Yoast SEO plugin v17.6 - https:\/\/yoast.com\/wordpress\/plugins\/seo\/ -->\n<meta name=\"robots\" content=\"index, follow, max-snippet:-1, max-image-preview:large, max-video-preview:-1\" \/>\n<link rel=\"canonical\" href=\"https:\/\/www.grupoxcaret.com\/es\/regresa-la-feria-xcaret-de-arte-popular-mexicano-una-celebracion-unica-al-talento-artesanal-del-pais\/\" \/>\n<meta property=\"og:locale\" content=\"es_ES\" \/>\n<meta property=\"og:type\" content=\"article\" \/>\n<meta property=\"og:title\" content=\"Regresa la Feria Xcaret de Arte Popular Mexicano: una celebraci\u00f3n \u00fanica al talento artesanal del pa\u00eds - Grupo Xcaret Sitio Corporativo\" \/>\n<meta property=\"og:description\" content=\"\u25cf&nbsp;&nbsp;&nbsp;&nbsp;&nbsp;&nbsp;La Feria Xcaret de Arte Popular Mexicano regresa del 25 al 28 de septiembre, consolid\u00e1ndose como el evento m\u00e1s importante de su tipo en el pa\u00eds. \u25cf&nbsp;&nbsp;&nbsp;&nbsp;&nbsp;&nbsp;M\u00e1s de 2,500 personas fueron beneficiadas en su primera edici\u00f3n, bajo un modelo de comercio justo y con 59% de las ventas destinadas a comunidades ind\u00edgenas. \u25cf&nbsp;&nbsp;&nbsp;&nbsp;&nbsp;&nbsp;Este a\u00f1o se [&hellip;]\" \/>\n<meta property=\"og:url\" content=\"https:\/\/www.grupoxcaret.com\/es\/regresa-la-feria-xcaret-de-arte-popular-mexicano-una-celebracion-unica-al-talento-artesanal-del-pais\/\" \/>\n<meta property=\"og:site_name\" content=\"Grupo Xcaret Sitio Corporativo\" \/>\n<meta property=\"article:published_time\" content=\"2025-07-15T21:13:04+00:00\" \/>\n<meta property=\"article:modified_time\" content=\"2025-07-15T21:13:23+00:00\" \/>\n<meta property=\"og:image\" content=\"https:\/\/www.grupoxcaret.com\/es\/wp-content\/uploads\/2025\/07\/WhatsApp-Image-2025-07-08-at-12.19.02-1.jpeg\" \/>\n\t<meta property=\"og:image:width\" content=\"1600\" \/>\n\t<meta property=\"og:image:height\" content=\"1064\" \/>\n<meta name=\"twitter:card\" content=\"summary_large_image\" \/>\n<meta name=\"twitter:label1\" content=\"Escrito por\" \/>\n\t<meta name=\"twitter:data1\" content=\"dmendozav\" \/>\n\t<meta name=\"twitter:label2\" content=\"Tiempo de lectura\" \/>\n\t<meta name=\"twitter:data2\" content=\"5 minutos\" \/>\n<script type=\"application\/ld+json\" class=\"yoast-schema-graph\">{\"@context\":\"https:\/\/schema.org\",\"@graph\":[{\"@type\":\"Organization\",\"@id\":\"https:\/\/www.grupoxcaret.com\/es\/#organization\",\"name\":\"Grupo Xcaret\",\"url\":\"https:\/\/www.grupoxcaret.com\/es\/\",\"sameAs\":[],\"logo\":{\"@type\":\"ImageObject\",\"@id\":\"https:\/\/www.grupoxcaret.com\/es\/#logo\",\"inLanguage\":\"es\",\"url\":\"https:\/\/www.grupoxcaret.com\/es\/wp-content\/uploads\/2015\/04\/exx.png\",\"contentUrl\":\"https:\/\/www.grupoxcaret.com\/es\/wp-content\/uploads\/2015\/04\/exx.png\",\"width\":400,\"height\":136,\"caption\":\"Grupo Xcaret\"},\"image\":{\"@id\":\"https:\/\/www.grupoxcaret.com\/es\/#logo\"}},{\"@type\":\"WebSite\",\"@id\":\"https:\/\/www.grupoxcaret.com\/es\/#website\",\"url\":\"https:\/\/www.grupoxcaret.com\/es\/\",\"name\":\"Grupo Xcaret Sitio Corporativo\",\"description\":\"Conoce el sitio corporativo de Grupo Xcaret. Encuentra informaci\\u00f3n relevante acerca de nuestra historia, marcas, filosof\\u00eda empresarial, pol\\u00edtica de sostenibilidad y mucho m\\u00e1s.\",\"publisher\":{\"@id\":\"https:\/\/www.grupoxcaret.com\/es\/#organization\"},\"potentialAction\":[{\"@type\":\"SearchAction\",\"target\":{\"@type\":\"EntryPoint\",\"urlTemplate\":\"https:\/\/www.grupoxcaret.com\/es\/?s={search_term_string}\"},\"query-input\":\"required name=search_term_string\"}],\"inLanguage\":\"es\"},{\"@type\":\"ImageObject\",\"@id\":\"https:\/\/www.grupoxcaret.com\/es\/regresa-la-feria-xcaret-de-arte-popular-mexicano-una-celebracion-unica-al-talento-artesanal-del-pais\/#primaryimage\",\"inLanguage\":\"es\",\"url\":\"https:\/\/www.grupoxcaret.com\/es\/wp-content\/uploads\/2025\/07\/WhatsApp-Image-2025-07-08-at-12.19.02-1.jpeg\",\"contentUrl\":\"https:\/\/www.grupoxcaret.com\/es\/wp-content\/uploads\/2025\/07\/WhatsApp-Image-2025-07-08-at-12.19.02-1.jpeg\",\"width\":1600,\"height\":1064},{\"@type\":\"WebPage\",\"@id\":\"https:\/\/www.grupoxcaret.com\/es\/regresa-la-feria-xcaret-de-arte-popular-mexicano-una-celebracion-unica-al-talento-artesanal-del-pais\/#webpage\",\"url\":\"https:\/\/www.grupoxcaret.com\/es\/regresa-la-feria-xcaret-de-arte-popular-mexicano-una-celebracion-unica-al-talento-artesanal-del-pais\/\",\"name\":\"Regresa la Feria Xcaret de Arte Popular Mexicano: una celebraci\\u00f3n \\u00fanica al talento artesanal del pa\\u00eds - Grupo Xcaret Sitio Corporativo\",\"isPartOf\":{\"@id\":\"https:\/\/www.grupoxcaret.com\/es\/#website\"},\"primaryImageOfPage\":{\"@id\":\"https:\/\/www.grupoxcaret.com\/es\/regresa-la-feria-xcaret-de-arte-popular-mexicano-una-celebracion-unica-al-talento-artesanal-del-pais\/#primaryimage\"},\"datePublished\":\"2025-07-15T21:13:04+00:00\",\"dateModified\":\"2025-07-15T21:13:23+00:00\",\"breadcrumb\":{\"@id\":\"https:\/\/www.grupoxcaret.com\/es\/regresa-la-feria-xcaret-de-arte-popular-mexicano-una-celebracion-unica-al-talento-artesanal-del-pais\/#breadcrumb\"},\"inLanguage\":\"es\",\"potentialAction\":[{\"@type\":\"ReadAction\",\"target\":[\"https:\/\/www.grupoxcaret.com\/es\/regresa-la-feria-xcaret-de-arte-popular-mexicano-una-celebracion-unica-al-talento-artesanal-del-pais\/\"]}]},{\"@type\":\"BreadcrumbList\",\"@id\":\"https:\/\/www.grupoxcaret.com\/es\/regresa-la-feria-xcaret-de-arte-popular-mexicano-una-celebracion-unica-al-talento-artesanal-del-pais\/#breadcrumb\",\"itemListElement\":[{\"@type\":\"ListItem\",\"position\":1,\"name\":\"Inicio\",\"item\":\"https:\/\/www.grupoxcaret.com\/es\/\"},{\"@type\":\"ListItem\",\"position\":2,\"name\":\"Sala de Prensa\",\"item\":\"https:\/\/www.grupoxcaret.com\/es\/seccion\/sala-de-prensa\/\"},{\"@type\":\"ListItem\",\"position\":3,\"name\":\"Regresa la Feria Xcaret de Arte Popular Mexicano: una celebraci\\u00f3n \\u00fanica al talento artesanal del pa\\u00eds\"}]},{\"@type\":\"Article\",\"@id\":\"https:\/\/www.grupoxcaret.com\/es\/regresa-la-feria-xcaret-de-arte-popular-mexicano-una-celebracion-unica-al-talento-artesanal-del-pais\/#article\",\"isPartOf\":{\"@id\":\"https:\/\/www.grupoxcaret.com\/es\/regresa-la-feria-xcaret-de-arte-popular-mexicano-una-celebracion-unica-al-talento-artesanal-del-pais\/#webpage\"},\"author\":{\"@id\":\"https:\/\/www.grupoxcaret.com\/es\/#\/schema\/person\/a063bfd3f2c8806ec176d4b2afba737f\"},\"headline\":\"Regresa la Feria Xcaret de Arte Popular Mexicano: una celebraci\\u00f3n \\u00fanica al talento artesanal del pa\\u00eds\",\"datePublished\":\"2025-07-15T21:13:04+00:00\",\"dateModified\":\"2025-07-15T21:13:23+00:00\",\"mainEntityOfPage\":{\"@id\":\"https:\/\/www.grupoxcaret.com\/es\/regresa-la-feria-xcaret-de-arte-popular-mexicano-una-celebracion-unica-al-talento-artesanal-del-pais\/#webpage\"},\"wordCount\":1227,\"publisher\":{\"@id\":\"https:\/\/www.grupoxcaret.com\/es\/#organization\"},\"image\":{\"@id\":\"https:\/\/www.grupoxcaret.com\/es\/regresa-la-feria-xcaret-de-arte-popular-mexicano-una-celebracion-unica-al-talento-artesanal-del-pais\/#primaryimage\"},\"thumbnailUrl\":\"https:\/\/www.grupoxcaret.com\/es\/wp-content\/uploads\/2025\/07\/WhatsApp-Image-2025-07-08-at-12.19.02-1.jpeg\",\"articleSection\":[\"Acerca de\",\"Boletines de Prensa\",\"Destacados\",\"Sala de Prensa\"],\"inLanguage\":\"es\"},{\"@type\":\"Person\",\"@id\":\"https:\/\/www.grupoxcaret.com\/es\/#\/schema\/person\/a063bfd3f2c8806ec176d4b2afba737f\",\"name\":\"dmendozav\",\"image\":{\"@type\":\"ImageObject\",\"@id\":\"https:\/\/www.grupoxcaret.com\/es\/#personlogo\",\"inLanguage\":\"es\",\"url\":\"https:\/\/secure.gravatar.com\/avatar\/d0971a818d7242eb0e6a9b000cb0cb6c?s=96&d=mm&r=g\",\"contentUrl\":\"https:\/\/secure.gravatar.com\/avatar\/d0971a818d7242eb0e6a9b000cb0cb6c?s=96&d=mm&r=g\",\"caption\":\"dmendozav\"},\"url\":\"https:\/\/www.grupoxcaret.com\/es\/author\/dmendozav\/\"}]}<\/script>\n<!-- \/ Yoast SEO plugin. -->","yoast_head_json":{"robots":{"index":"index","follow":"follow","max-snippet":"max-snippet:-1","max-image-preview":"max-image-preview:large","max-video-preview":"max-video-preview:-1"},"canonical":"https:\/\/www.grupoxcaret.com\/es\/regresa-la-feria-xcaret-de-arte-popular-mexicano-una-celebracion-unica-al-talento-artesanal-del-pais\/","og_locale":"es_ES","og_type":"article","og_title":"Regresa la Feria Xcaret de Arte Popular Mexicano: una celebraci\u00f3n \u00fanica al talento artesanal del pa\u00eds - Grupo Xcaret Sitio Corporativo","og_description":"\u25cf&nbsp;&nbsp;&nbsp;&nbsp;&nbsp;&nbsp;La Feria Xcaret de Arte Popular Mexicano regresa del 25 al 28 de septiembre, consolid\u00e1ndose como el evento m\u00e1s importante de su tipo en el pa\u00eds. \u25cf&nbsp;&nbsp;&nbsp;&nbsp;&nbsp;&nbsp;M\u00e1s de 2,500 personas fueron beneficiadas en su primera edici\u00f3n, bajo un modelo de comercio justo y con 59% de las ventas destinadas a comunidades ind\u00edgenas. \u25cf&nbsp;&nbsp;&nbsp;&nbsp;&nbsp;&nbsp;Este a\u00f1o se [&hellip;]","og_url":"https:\/\/www.grupoxcaret.com\/es\/regresa-la-feria-xcaret-de-arte-popular-mexicano-una-celebracion-unica-al-talento-artesanal-del-pais\/","og_site_name":"Grupo Xcaret Sitio Corporativo","article_published_time":"2025-07-15T21:13:04+00:00","article_modified_time":"2025-07-15T21:13:23+00:00","og_image":[{"width":1600,"height":1064,"url":"https:\/\/www.grupoxcaret.com\/es\/wp-content\/uploads\/2025\/07\/WhatsApp-Image-2025-07-08-at-12.19.02-1.jpeg","type":"image\/jpeg"}],"twitter_card":"summary_large_image","twitter_misc":{"Escrito por":"dmendozav","Tiempo de lectura":"5 minutos"},"schema":{"@context":"https:\/\/schema.org","@graph":[{"@type":"Organization","@id":"https:\/\/www.grupoxcaret.com\/es\/#organization","name":"Grupo Xcaret","url":"https:\/\/www.grupoxcaret.com\/es\/","sameAs":[],"logo":{"@type":"ImageObject","@id":"https:\/\/www.grupoxcaret.com\/es\/#logo","inLanguage":"es","url":"https:\/\/www.grupoxcaret.com\/es\/wp-content\/uploads\/2015\/04\/exx.png","contentUrl":"https:\/\/www.grupoxcaret.com\/es\/wp-content\/uploads\/2015\/04\/exx.png","width":400,"height":136,"caption":"Grupo Xcaret"},"image":{"@id":"https:\/\/www.grupoxcaret.com\/es\/#logo"}},{"@type":"WebSite","@id":"https:\/\/www.grupoxcaret.com\/es\/#website","url":"https:\/\/www.grupoxcaret.com\/es\/","name":"Grupo Xcaret Sitio Corporativo","description":"Conoce el sitio corporativo de Grupo Xcaret. Encuentra informaci\u00f3n relevante acerca de nuestra historia, marcas, filosof\u00eda empresarial, pol\u00edtica de sostenibilidad y mucho m\u00e1s.","publisher":{"@id":"https:\/\/www.grupoxcaret.com\/es\/#organization"},"potentialAction":[{"@type":"SearchAction","target":{"@type":"EntryPoint","urlTemplate":"https:\/\/www.grupoxcaret.com\/es\/?s={search_term_string}"},"query-input":"required name=search_term_string"}],"inLanguage":"es"},{"@type":"ImageObject","@id":"https:\/\/www.grupoxcaret.com\/es\/regresa-la-feria-xcaret-de-arte-popular-mexicano-una-celebracion-unica-al-talento-artesanal-del-pais\/#primaryimage","inLanguage":"es","url":"https:\/\/www.grupoxcaret.com\/es\/wp-content\/uploads\/2025\/07\/WhatsApp-Image-2025-07-08-at-12.19.02-1.jpeg","contentUrl":"https:\/\/www.grupoxcaret.com\/es\/wp-content\/uploads\/2025\/07\/WhatsApp-Image-2025-07-08-at-12.19.02-1.jpeg","width":1600,"height":1064},{"@type":"WebPage","@id":"https:\/\/www.grupoxcaret.com\/es\/regresa-la-feria-xcaret-de-arte-popular-mexicano-una-celebracion-unica-al-talento-artesanal-del-pais\/#webpage","url":"https:\/\/www.grupoxcaret.com\/es\/regresa-la-feria-xcaret-de-arte-popular-mexicano-una-celebracion-unica-al-talento-artesanal-del-pais\/","name":"Regresa la Feria Xcaret de Arte Popular Mexicano: una celebraci\u00f3n \u00fanica al talento artesanal del pa\u00eds - Grupo Xcaret Sitio Corporativo","isPartOf":{"@id":"https:\/\/www.grupoxcaret.com\/es\/#website"},"primaryImageOfPage":{"@id":"https:\/\/www.grupoxcaret.com\/es\/regresa-la-feria-xcaret-de-arte-popular-mexicano-una-celebracion-unica-al-talento-artesanal-del-pais\/#primaryimage"},"datePublished":"2025-07-15T21:13:04+00:00","dateModified":"2025-07-15T21:13:23+00:00","breadcrumb":{"@id":"https:\/\/www.grupoxcaret.com\/es\/regresa-la-feria-xcaret-de-arte-popular-mexicano-una-celebracion-unica-al-talento-artesanal-del-pais\/#breadcrumb"},"inLanguage":"es","potentialAction":[{"@type":"ReadAction","target":["https:\/\/www.grupoxcaret.com\/es\/regresa-la-feria-xcaret-de-arte-popular-mexicano-una-celebracion-unica-al-talento-artesanal-del-pais\/"]}]},{"@type":"BreadcrumbList","@id":"https:\/\/www.grupoxcaret.com\/es\/regresa-la-feria-xcaret-de-arte-popular-mexicano-una-celebracion-unica-al-talento-artesanal-del-pais\/#breadcrumb","itemListElement":[{"@type":"ListItem","position":1,"name":"Inicio","item":"https:\/\/www.grupoxcaret.com\/es\/"},{"@type":"ListItem","position":2,"name":"Sala de Prensa","item":"https:\/\/www.grupoxcaret.com\/es\/seccion\/sala-de-prensa\/"},{"@type":"ListItem","position":3,"name":"Regresa la Feria Xcaret de Arte Popular Mexicano: una celebraci\u00f3n \u00fanica al talento artesanal del pa\u00eds"}]},{"@type":"Article","@id":"https:\/\/www.grupoxcaret.com\/es\/regresa-la-feria-xcaret-de-arte-popular-mexicano-una-celebracion-unica-al-talento-artesanal-del-pais\/#article","isPartOf":{"@id":"https:\/\/www.grupoxcaret.com\/es\/regresa-la-feria-xcaret-de-arte-popular-mexicano-una-celebracion-unica-al-talento-artesanal-del-pais\/#webpage"},"author":{"@id":"https:\/\/www.grupoxcaret.com\/es\/#\/schema\/person\/a063bfd3f2c8806ec176d4b2afba737f"},"headline":"Regresa la Feria Xcaret de Arte Popular Mexicano: una celebraci\u00f3n \u00fanica al talento artesanal del pa\u00eds","datePublished":"2025-07-15T21:13:04+00:00","dateModified":"2025-07-15T21:13:23+00:00","mainEntityOfPage":{"@id":"https:\/\/www.grupoxcaret.com\/es\/regresa-la-feria-xcaret-de-arte-popular-mexicano-una-celebracion-unica-al-talento-artesanal-del-pais\/#webpage"},"wordCount":1227,"publisher":{"@id":"https:\/\/www.grupoxcaret.com\/es\/#organization"},"image":{"@id":"https:\/\/www.grupoxcaret.com\/es\/regresa-la-feria-xcaret-de-arte-popular-mexicano-una-celebracion-unica-al-talento-artesanal-del-pais\/#primaryimage"},"thumbnailUrl":"https:\/\/www.grupoxcaret.com\/es\/wp-content\/uploads\/2025\/07\/WhatsApp-Image-2025-07-08-at-12.19.02-1.jpeg","articleSection":["Acerca de","Boletines de Prensa","Destacados","Sala de Prensa"],"inLanguage":"es"},{"@type":"Person","@id":"https:\/\/www.grupoxcaret.com\/es\/#\/schema\/person\/a063bfd3f2c8806ec176d4b2afba737f","name":"dmendozav","image":{"@type":"ImageObject","@id":"https:\/\/www.grupoxcaret.com\/es\/#personlogo","inLanguage":"es","url":"https:\/\/secure.gravatar.com\/avatar\/d0971a818d7242eb0e6a9b000cb0cb6c?s=96&d=mm&r=g","contentUrl":"https:\/\/secure.gravatar.com\/avatar\/d0971a818d7242eb0e6a9b000cb0cb6c?s=96&d=mm&r=g","caption":"dmendozav"},"url":"https:\/\/www.grupoxcaret.com\/es\/author\/dmendozav\/"}]}},"amp_enabled":true,"_links":{"self":[{"href":"https:\/\/www.grupoxcaret.com\/es\/wp-json\/wp\/v2\/posts\/6092"}],"collection":[{"href":"https:\/\/www.grupoxcaret.com\/es\/wp-json\/wp\/v2\/posts"}],"about":[{"href":"https:\/\/www.grupoxcaret.com\/es\/wp-json\/wp\/v2\/types\/post"}],"author":[{"embeddable":true,"href":"https:\/\/www.grupoxcaret.com\/es\/wp-json\/wp\/v2\/users\/8"}],"replies":[{"embeddable":true,"href":"https:\/\/www.grupoxcaret.com\/es\/wp-json\/wp\/v2\/comments?post=6092"}],"version-history":[{"count":1,"href":"https:\/\/www.grupoxcaret.com\/es\/wp-json\/wp\/v2\/posts\/6092\/revisions"}],"predecessor-version":[{"id":6094,"href":"https:\/\/www.grupoxcaret.com\/es\/wp-json\/wp\/v2\/posts\/6092\/revisions\/6094"}],"wp:featuredmedia":[{"embeddable":true,"href":"https:\/\/www.grupoxcaret.com\/es\/wp-json\/wp\/v2\/media\/6093"}],"wp:attachment":[{"href":"https:\/\/www.grupoxcaret.com\/es\/wp-json\/wp\/v2\/media?parent=6092"}],"wp:term":[{"taxonomy":"category","embeddable":true,"href":"https:\/\/www.grupoxcaret.com\/es\/wp-json\/wp\/v2\/categories?post=6092"},{"taxonomy":"post_tag","embeddable":true,"href":"https:\/\/www.grupoxcaret.com\/es\/wp-json\/wp\/v2\/tags?post=6092"}],"curies":[{"name":"wp","href":"https:\/\/api.w.org\/{rel}","templated":true}]}}