{"id":6076,"date":"2025-06-09T22:02:33","date_gmt":"2025-06-09T22:02:33","guid":{"rendered":"https:\/\/www.grupoxcaret.com\/es\/?p=6076"},"modified":"2025-06-09T22:02:46","modified_gmt":"2025-06-09T22:02:46","slug":"grupo-xcaret-celebra-la-ceremonia-de-la-abeja-melipona-simbolo-de-sabiduria-ancestral-y-conservacion-biocultural","status":"publish","type":"post","link":"https:\/\/www.grupoxcaret.com\/es\/grupo-xcaret-celebra-la-ceremonia-de-la-abeja-melipona-simbolo-de-sabiduria-ancestral-y-conservacion-biocultural\/","title":{"rendered":"Grupo Xcaret celebra la Ceremonia de la Abeja Melipona, s\u00edmbolo de sabidur\u00eda ancestral y conservaci\u00f3n biocultural"},"content":{"rendered":"\n<p>Xcaret, Riviera Maya, 7 de junio de 2025. En un emotivo encuentro con la comunidad, entre la naturaleza, la espiritualidad y las ra\u00edces culturales de nuestro pa\u00eds, Grupo Xcaret llev\u00f3 a cabo una nueva edici\u00f3n de la Ceremonia de la Abeja Melipona en el Parque Xel-H\u00e1, reafirmando su compromiso con la conservaci\u00f3n ambiental, la salvaguardia de la cultura y la promoci\u00f3n del turismo sostenible.<\/p>\n\n\n\n<p>Durante 26 a\u00f1os consecutivos, este ritual ha sido celebrado en el Parque Xel-H\u00e1 junto a las comunidades guardianas de esta tradici\u00f3n viva. Son ellas quienes, de generaci\u00f3n en generaci\u00f3n, han compartido los saberes vinculados con la Xun\u00e1n Kaab \u2014la abeja melipona\u2014, una especie nativa sin aguij\u00f3n considerada sagrada por los pueblos originarios de la pen\u00ednsula de Yucat\u00e1n. Su relevancia trasciende lo ecol\u00f3gico: es parte esencial del sistema agr\u00edcola tradicional de la milpa maya, y su miel, aunque escasa \u2014con una producci\u00f3n de apenas un litro y medio al a\u00f1o\u2014 es valorada por sus propiedades medicinales y su dimensi\u00f3n espiritual.<\/p>\n\n\n\n<p>La ceremonia, ofrecida por los portadores de la tradici\u00f3n provenientes de la comunidad de Carrillo Puerto, el sacerdote Juvencio Cen Un, el apicultor Don Gregorio V\u00e1zquez Canch\u00e9 y el veterinario y apicultor Manuel V\u00e1zquez Cetina, se realiza como un acto de gratitud y de petici\u00f3n por el equilibrio natural y las cosechas abundantes. Reconocida como manifestaci\u00f3n del Patrimonio Cultural Inmaterial de los pueblos mayas, esta pr\u00e1ctica ancestral se celebraba hasta seis veces al a\u00f1o en tiempos prehisp\u00e1nicos. Hoy, Xel-H\u00e1 mantiene viva esta herencia con dos ceremonias anuales, reafirmando su compromiso con la equidad y el respeto hacia los derechos humanos, al ofrecer espacios dignos para que las comunidades compartan con orgullo y libertad su cultura, espiritualidad y cosmovisi\u00f3n.<\/p>\n\n\n\n<figure class=\"wp-block-image size-large\"><img loading=\"lazy\" width=\"1024\" height=\"683\" src=\"https:\/\/www.grupoxcaret.com\/es\/wp-content\/uploads\/2025\/06\/Abeja-Melipona-2025-1-1024x683.jpg\" alt=\"\" class=\"wp-image-6078\" srcset=\"https:\/\/www.grupoxcaret.com\/es\/wp-content\/uploads\/2025\/06\/Abeja-Melipona-2025-1-1024x683.jpg 1024w, https:\/\/www.grupoxcaret.com\/es\/wp-content\/uploads\/2025\/06\/Abeja-Melipona-2025-1-300x200.jpg 300w, https:\/\/www.grupoxcaret.com\/es\/wp-content\/uploads\/2025\/06\/Abeja-Melipona-2025-1-768x512.jpg 768w, https:\/\/www.grupoxcaret.com\/es\/wp-content\/uploads\/2025\/06\/Abeja-Melipona-2025-1-1536x1024.jpg 1536w, https:\/\/www.grupoxcaret.com\/es\/wp-content\/uploads\/2025\/06\/Abeja-Melipona-2025-1-2048x1365.jpg 2048w, https:\/\/www.grupoxcaret.com\/es\/wp-content\/uploads\/2025\/06\/Abeja-Melipona-2025-1-696x464.jpg 696w, https:\/\/www.grupoxcaret.com\/es\/wp-content\/uploads\/2025\/06\/Abeja-Melipona-2025-1-1068x712.jpg 1068w, https:\/\/www.grupoxcaret.com\/es\/wp-content\/uploads\/2025\/06\/Abeja-Melipona-2025-1-630x420.jpg 630w\" sizes=\"(max-width: 1024px) 100vw, 1024px\" \/><\/figure>\n\n\n\n<p>\u201cEn Xel-H\u00e1 reconocemos que proteger a la abeja melipona no solo es vital para el equilibrio ecol\u00f3gico, sino tambi\u00e9n para preservar una visi\u00f3n del mundo en la que el ser humano y la naturaleza coexisten en armon\u00eda. Esta ceremonia representa ese v\u00ednculo con la comunidad cercana, que nos enaltece y nos dignifica con su visita, lo que fortalece nuestra relaci\u00f3n desde hace muchos a\u00f1os\u201d, expres\u00f3 Elizabeth Lugo, directora ejecutiva de Parques y Tours de Grupo Xcaret.<\/p>\n\n\n\n<p>La abeja melipona enfrenta hoy grandes amenazas: p\u00e9rdida de h\u00e1bitat, el cambio clim\u00e1tico y la sustituci\u00f3n por especies de abejas de mayor rendimiento econ\u00f3mico, como la europea. Frente a este panorama, Grupo Xcaret no solo protege activamente sus colmenas, sino que tambi\u00e9n impulsa programas educativos dirigidos a visitantes y comunidades locales, con el<\/p>\n\n\n\n<p>objetivo de concientizar sobre la importancia de esta especie para la biodiversidad y la herencia cultural.<\/p>\n\n\n\n<p>Este esfuerzo forma parte de una estrategia integral en la que convergen la investigaci\u00f3n cient\u00edfica, la educaci\u00f3n ambiental y el impulso de pr\u00e1cticas sostenibles, reafirmando el prop\u00f3sito de Grupo Xcaret de \u201cHacer m\u00e1s feliz al planeta, contagiando nuestro gran amor por M\u00e9xico.\u201d<\/p>\n","protected":false},"excerpt":{"rendered":"<p>Xcaret, Riviera Maya, 7 de junio de 2025. En un emotivo encuentro con la comunidad, entre la naturaleza, la espiritualidad y las ra\u00edces culturales de nuestro pa\u00eds, Grupo Xcaret llev\u00f3 a cabo una nueva edici\u00f3n de la Ceremonia de la Abeja Melipona en el Parque Xel-H\u00e1, reafirmando su compromiso con la conservaci\u00f3n ambiental, la salvaguardia [&hellip;]<\/p>\n","protected":false},"author":8,"featured_media":6079,"comment_status":"closed","ping_status":"closed","sticky":false,"template":"","format":"standard","meta":[],"categories":[4,72,3],"tags":[],"yoast_head":"<!-- This site is optimized with the Yoast SEO plugin v17.6 - https:\/\/yoast.com\/wordpress\/plugins\/seo\/ -->\n<meta name=\"robots\" content=\"index, follow, max-snippet:-1, max-image-preview:large, max-video-preview:-1\" \/>\n<link rel=\"canonical\" href=\"https:\/\/www.grupoxcaret.com\/es\/grupo-xcaret-celebra-la-ceremonia-de-la-abeja-melipona-simbolo-de-sabiduria-ancestral-y-conservacion-biocultural\/\" \/>\n<meta property=\"og:locale\" content=\"es_ES\" \/>\n<meta property=\"og:type\" content=\"article\" \/>\n<meta property=\"og:title\" content=\"Grupo Xcaret celebra la Ceremonia de la Abeja Melipona, s\u00edmbolo de sabidur\u00eda ancestral y conservaci\u00f3n biocultural - Grupo Xcaret Sitio Corporativo\" \/>\n<meta property=\"og:description\" content=\"Xcaret, Riviera Maya, 7 de junio de 2025. En un emotivo encuentro con la comunidad, entre la naturaleza, la espiritualidad y las ra\u00edces culturales de nuestro pa\u00eds, Grupo Xcaret llev\u00f3 a cabo una nueva edici\u00f3n de la Ceremonia de la Abeja Melipona en el Parque Xel-H\u00e1, reafirmando su compromiso con la conservaci\u00f3n ambiental, la salvaguardia [&hellip;]\" \/>\n<meta property=\"og:url\" content=\"https:\/\/www.grupoxcaret.com\/es\/grupo-xcaret-celebra-la-ceremonia-de-la-abeja-melipona-simbolo-de-sabiduria-ancestral-y-conservacion-biocultural\/\" \/>\n<meta property=\"og:site_name\" content=\"Grupo Xcaret Sitio Corporativo\" \/>\n<meta property=\"article:published_time\" content=\"2025-06-09T22:02:33+00:00\" \/>\n<meta property=\"article:modified_time\" content=\"2025-06-09T22:02:46+00:00\" \/>\n<meta property=\"og:image\" content=\"https:\/\/www.grupoxcaret.com\/es\/wp-content\/uploads\/2025\/06\/Abeja-Melipona-2025-1-1-scaled.jpg\" \/>\n\t<meta property=\"og:image:width\" content=\"2560\" \/>\n\t<meta property=\"og:image:height\" content=\"1707\" \/>\n<meta name=\"twitter:card\" content=\"summary_large_image\" \/>\n<meta name=\"twitter:label1\" content=\"Escrito por\" \/>\n\t<meta name=\"twitter:data1\" content=\"dmendozav\" \/>\n\t<meta name=\"twitter:label2\" content=\"Tiempo de lectura\" \/>\n\t<meta name=\"twitter:data2\" content=\"3 minutos\" \/>\n<script type=\"application\/ld+json\" class=\"yoast-schema-graph\">{\"@context\":\"https:\/\/schema.org\",\"@graph\":[{\"@type\":\"Organization\",\"@id\":\"https:\/\/www.grupoxcaret.com\/es\/#organization\",\"name\":\"Grupo Xcaret\",\"url\":\"https:\/\/www.grupoxcaret.com\/es\/\",\"sameAs\":[],\"logo\":{\"@type\":\"ImageObject\",\"@id\":\"https:\/\/www.grupoxcaret.com\/es\/#logo\",\"inLanguage\":\"es\",\"url\":\"https:\/\/www.grupoxcaret.com\/es\/wp-content\/uploads\/2015\/04\/exx.png\",\"contentUrl\":\"https:\/\/www.grupoxcaret.com\/es\/wp-content\/uploads\/2015\/04\/exx.png\",\"width\":400,\"height\":136,\"caption\":\"Grupo Xcaret\"},\"image\":{\"@id\":\"https:\/\/www.grupoxcaret.com\/es\/#logo\"}},{\"@type\":\"WebSite\",\"@id\":\"https:\/\/www.grupoxcaret.com\/es\/#website\",\"url\":\"https:\/\/www.grupoxcaret.com\/es\/\",\"name\":\"Grupo Xcaret Sitio Corporativo\",\"description\":\"Conoce el sitio corporativo de Grupo Xcaret. Encuentra informaci\\u00f3n relevante acerca de nuestra historia, marcas, filosof\\u00eda empresarial, pol\\u00edtica de sostenibilidad y mucho m\\u00e1s.\",\"publisher\":{\"@id\":\"https:\/\/www.grupoxcaret.com\/es\/#organization\"},\"potentialAction\":[{\"@type\":\"SearchAction\",\"target\":{\"@type\":\"EntryPoint\",\"urlTemplate\":\"https:\/\/www.grupoxcaret.com\/es\/?s={search_term_string}\"},\"query-input\":\"required name=search_term_string\"}],\"inLanguage\":\"es\"},{\"@type\":\"ImageObject\",\"@id\":\"https:\/\/www.grupoxcaret.com\/es\/grupo-xcaret-celebra-la-ceremonia-de-la-abeja-melipona-simbolo-de-sabiduria-ancestral-y-conservacion-biocultural\/#primaryimage\",\"inLanguage\":\"es\",\"url\":\"https:\/\/www.grupoxcaret.com\/es\/wp-content\/uploads\/2025\/06\/Abeja-Melipona-2025-1-1-scaled.jpg\",\"contentUrl\":\"https:\/\/www.grupoxcaret.com\/es\/wp-content\/uploads\/2025\/06\/Abeja-Melipona-2025-1-1-scaled.jpg\",\"width\":2560,\"height\":1707},{\"@type\":\"WebPage\",\"@id\":\"https:\/\/www.grupoxcaret.com\/es\/grupo-xcaret-celebra-la-ceremonia-de-la-abeja-melipona-simbolo-de-sabiduria-ancestral-y-conservacion-biocultural\/#webpage\",\"url\":\"https:\/\/www.grupoxcaret.com\/es\/grupo-xcaret-celebra-la-ceremonia-de-la-abeja-melipona-simbolo-de-sabiduria-ancestral-y-conservacion-biocultural\/\",\"name\":\"Grupo Xcaret celebra la Ceremonia de la Abeja Melipona, s\\u00edmbolo de sabidur\\u00eda ancestral y conservaci\\u00f3n biocultural - Grupo Xcaret Sitio Corporativo\",\"isPartOf\":{\"@id\":\"https:\/\/www.grupoxcaret.com\/es\/#website\"},\"primaryImageOfPage\":{\"@id\":\"https:\/\/www.grupoxcaret.com\/es\/grupo-xcaret-celebra-la-ceremonia-de-la-abeja-melipona-simbolo-de-sabiduria-ancestral-y-conservacion-biocultural\/#primaryimage\"},\"datePublished\":\"2025-06-09T22:02:33+00:00\",\"dateModified\":\"2025-06-09T22:02:46+00:00\",\"breadcrumb\":{\"@id\":\"https:\/\/www.grupoxcaret.com\/es\/grupo-xcaret-celebra-la-ceremonia-de-la-abeja-melipona-simbolo-de-sabiduria-ancestral-y-conservacion-biocultural\/#breadcrumb\"},\"inLanguage\":\"es\",\"potentialAction\":[{\"@type\":\"ReadAction\",\"target\":[\"https:\/\/www.grupoxcaret.com\/es\/grupo-xcaret-celebra-la-ceremonia-de-la-abeja-melipona-simbolo-de-sabiduria-ancestral-y-conservacion-biocultural\/\"]}]},{\"@type\":\"BreadcrumbList\",\"@id\":\"https:\/\/www.grupoxcaret.com\/es\/grupo-xcaret-celebra-la-ceremonia-de-la-abeja-melipona-simbolo-de-sabiduria-ancestral-y-conservacion-biocultural\/#breadcrumb\",\"itemListElement\":[{\"@type\":\"ListItem\",\"position\":1,\"name\":\"Inicio\",\"item\":\"https:\/\/www.grupoxcaret.com\/es\/\"},{\"@type\":\"ListItem\",\"position\":2,\"name\":\"Destacados\",\"item\":\"https:\/\/www.grupoxcaret.com\/es\/seccion\/destacados\/\"},{\"@type\":\"ListItem\",\"position\":3,\"name\":\"Grupo Xcaret celebra la Ceremonia de la Abeja Melipona, s\\u00edmbolo de sabidur\\u00eda ancestral y conservaci\\u00f3n biocultural\"}]},{\"@type\":\"Article\",\"@id\":\"https:\/\/www.grupoxcaret.com\/es\/grupo-xcaret-celebra-la-ceremonia-de-la-abeja-melipona-simbolo-de-sabiduria-ancestral-y-conservacion-biocultural\/#article\",\"isPartOf\":{\"@id\":\"https:\/\/www.grupoxcaret.com\/es\/grupo-xcaret-celebra-la-ceremonia-de-la-abeja-melipona-simbolo-de-sabiduria-ancestral-y-conservacion-biocultural\/#webpage\"},\"author\":{\"@id\":\"https:\/\/www.grupoxcaret.com\/es\/#\/schema\/person\/a063bfd3f2c8806ec176d4b2afba737f\"},\"headline\":\"Grupo Xcaret celebra la Ceremonia de la Abeja Melipona, s\\u00edmbolo de sabidur\\u00eda ancestral y conservaci\\u00f3n biocultural\",\"datePublished\":\"2025-06-09T22:02:33+00:00\",\"dateModified\":\"2025-06-09T22:02:46+00:00\",\"mainEntityOfPage\":{\"@id\":\"https:\/\/www.grupoxcaret.com\/es\/grupo-xcaret-celebra-la-ceremonia-de-la-abeja-melipona-simbolo-de-sabiduria-ancestral-y-conservacion-biocultural\/#webpage\"},\"wordCount\":531,\"publisher\":{\"@id\":\"https:\/\/www.grupoxcaret.com\/es\/#organization\"},\"image\":{\"@id\":\"https:\/\/www.grupoxcaret.com\/es\/grupo-xcaret-celebra-la-ceremonia-de-la-abeja-melipona-simbolo-de-sabiduria-ancestral-y-conservacion-biocultural\/#primaryimage\"},\"thumbnailUrl\":\"https:\/\/www.grupoxcaret.com\/es\/wp-content\/uploads\/2025\/06\/Abeja-Melipona-2025-1-1-scaled.jpg\",\"articleSection\":[\"Boletines de Prensa\",\"Destacados\",\"Sala de Prensa\"],\"inLanguage\":\"es\"},{\"@type\":\"Person\",\"@id\":\"https:\/\/www.grupoxcaret.com\/es\/#\/schema\/person\/a063bfd3f2c8806ec176d4b2afba737f\",\"name\":\"dmendozav\",\"image\":{\"@type\":\"ImageObject\",\"@id\":\"https:\/\/www.grupoxcaret.com\/es\/#personlogo\",\"inLanguage\":\"es\",\"url\":\"https:\/\/secure.gravatar.com\/avatar\/d0971a818d7242eb0e6a9b000cb0cb6c?s=96&d=mm&r=g\",\"contentUrl\":\"https:\/\/secure.gravatar.com\/avatar\/d0971a818d7242eb0e6a9b000cb0cb6c?s=96&d=mm&r=g\",\"caption\":\"dmendozav\"},\"url\":\"https:\/\/www.grupoxcaret.com\/es\/author\/dmendozav\/\"}]}<\/script>\n<!-- \/ Yoast SEO plugin. -->","yoast_head_json":{"robots":{"index":"index","follow":"follow","max-snippet":"max-snippet:-1","max-image-preview":"max-image-preview:large","max-video-preview":"max-video-preview:-1"},"canonical":"https:\/\/www.grupoxcaret.com\/es\/grupo-xcaret-celebra-la-ceremonia-de-la-abeja-melipona-simbolo-de-sabiduria-ancestral-y-conservacion-biocultural\/","og_locale":"es_ES","og_type":"article","og_title":"Grupo Xcaret celebra la Ceremonia de la Abeja Melipona, s\u00edmbolo de sabidur\u00eda ancestral y conservaci\u00f3n biocultural - Grupo Xcaret Sitio Corporativo","og_description":"Xcaret, Riviera Maya, 7 de junio de 2025. En un emotivo encuentro con la comunidad, entre la naturaleza, la espiritualidad y las ra\u00edces culturales de nuestro pa\u00eds, Grupo Xcaret llev\u00f3 a cabo una nueva edici\u00f3n de la Ceremonia de la Abeja Melipona en el Parque Xel-H\u00e1, reafirmando su compromiso con la conservaci\u00f3n ambiental, la salvaguardia [&hellip;]","og_url":"https:\/\/www.grupoxcaret.com\/es\/grupo-xcaret-celebra-la-ceremonia-de-la-abeja-melipona-simbolo-de-sabiduria-ancestral-y-conservacion-biocultural\/","og_site_name":"Grupo Xcaret Sitio Corporativo","article_published_time":"2025-06-09T22:02:33+00:00","article_modified_time":"2025-06-09T22:02:46+00:00","og_image":[{"width":2560,"height":1707,"url":"https:\/\/www.grupoxcaret.com\/es\/wp-content\/uploads\/2025\/06\/Abeja-Melipona-2025-1-1-scaled.jpg","type":"image\/jpeg"}],"twitter_card":"summary_large_image","twitter_misc":{"Escrito por":"dmendozav","Tiempo de lectura":"3 minutos"},"schema":{"@context":"https:\/\/schema.org","@graph":[{"@type":"Organization","@id":"https:\/\/www.grupoxcaret.com\/es\/#organization","name":"Grupo Xcaret","url":"https:\/\/www.grupoxcaret.com\/es\/","sameAs":[],"logo":{"@type":"ImageObject","@id":"https:\/\/www.grupoxcaret.com\/es\/#logo","inLanguage":"es","url":"https:\/\/www.grupoxcaret.com\/es\/wp-content\/uploads\/2015\/04\/exx.png","contentUrl":"https:\/\/www.grupoxcaret.com\/es\/wp-content\/uploads\/2015\/04\/exx.png","width":400,"height":136,"caption":"Grupo Xcaret"},"image":{"@id":"https:\/\/www.grupoxcaret.com\/es\/#logo"}},{"@type":"WebSite","@id":"https:\/\/www.grupoxcaret.com\/es\/#website","url":"https:\/\/www.grupoxcaret.com\/es\/","name":"Grupo Xcaret Sitio Corporativo","description":"Conoce el sitio corporativo de Grupo Xcaret. Encuentra informaci\u00f3n relevante acerca de nuestra historia, marcas, filosof\u00eda empresarial, pol\u00edtica de sostenibilidad y mucho m\u00e1s.","publisher":{"@id":"https:\/\/www.grupoxcaret.com\/es\/#organization"},"potentialAction":[{"@type":"SearchAction","target":{"@type":"EntryPoint","urlTemplate":"https:\/\/www.grupoxcaret.com\/es\/?s={search_term_string}"},"query-input":"required name=search_term_string"}],"inLanguage":"es"},{"@type":"ImageObject","@id":"https:\/\/www.grupoxcaret.com\/es\/grupo-xcaret-celebra-la-ceremonia-de-la-abeja-melipona-simbolo-de-sabiduria-ancestral-y-conservacion-biocultural\/#primaryimage","inLanguage":"es","url":"https:\/\/www.grupoxcaret.com\/es\/wp-content\/uploads\/2025\/06\/Abeja-Melipona-2025-1-1-scaled.jpg","contentUrl":"https:\/\/www.grupoxcaret.com\/es\/wp-content\/uploads\/2025\/06\/Abeja-Melipona-2025-1-1-scaled.jpg","width":2560,"height":1707},{"@type":"WebPage","@id":"https:\/\/www.grupoxcaret.com\/es\/grupo-xcaret-celebra-la-ceremonia-de-la-abeja-melipona-simbolo-de-sabiduria-ancestral-y-conservacion-biocultural\/#webpage","url":"https:\/\/www.grupoxcaret.com\/es\/grupo-xcaret-celebra-la-ceremonia-de-la-abeja-melipona-simbolo-de-sabiduria-ancestral-y-conservacion-biocultural\/","name":"Grupo Xcaret celebra la Ceremonia de la Abeja Melipona, s\u00edmbolo de sabidur\u00eda ancestral y conservaci\u00f3n biocultural - Grupo Xcaret Sitio Corporativo","isPartOf":{"@id":"https:\/\/www.grupoxcaret.com\/es\/#website"},"primaryImageOfPage":{"@id":"https:\/\/www.grupoxcaret.com\/es\/grupo-xcaret-celebra-la-ceremonia-de-la-abeja-melipona-simbolo-de-sabiduria-ancestral-y-conservacion-biocultural\/#primaryimage"},"datePublished":"2025-06-09T22:02:33+00:00","dateModified":"2025-06-09T22:02:46+00:00","breadcrumb":{"@id":"https:\/\/www.grupoxcaret.com\/es\/grupo-xcaret-celebra-la-ceremonia-de-la-abeja-melipona-simbolo-de-sabiduria-ancestral-y-conservacion-biocultural\/#breadcrumb"},"inLanguage":"es","potentialAction":[{"@type":"ReadAction","target":["https:\/\/www.grupoxcaret.com\/es\/grupo-xcaret-celebra-la-ceremonia-de-la-abeja-melipona-simbolo-de-sabiduria-ancestral-y-conservacion-biocultural\/"]}]},{"@type":"BreadcrumbList","@id":"https:\/\/www.grupoxcaret.com\/es\/grupo-xcaret-celebra-la-ceremonia-de-la-abeja-melipona-simbolo-de-sabiduria-ancestral-y-conservacion-biocultural\/#breadcrumb","itemListElement":[{"@type":"ListItem","position":1,"name":"Inicio","item":"https:\/\/www.grupoxcaret.com\/es\/"},{"@type":"ListItem","position":2,"name":"Destacados","item":"https:\/\/www.grupoxcaret.com\/es\/seccion\/destacados\/"},{"@type":"ListItem","position":3,"name":"Grupo Xcaret celebra la Ceremonia de la Abeja Melipona, s\u00edmbolo de sabidur\u00eda ancestral y conservaci\u00f3n biocultural"}]},{"@type":"Article","@id":"https:\/\/www.grupoxcaret.com\/es\/grupo-xcaret-celebra-la-ceremonia-de-la-abeja-melipona-simbolo-de-sabiduria-ancestral-y-conservacion-biocultural\/#article","isPartOf":{"@id":"https:\/\/www.grupoxcaret.com\/es\/grupo-xcaret-celebra-la-ceremonia-de-la-abeja-melipona-simbolo-de-sabiduria-ancestral-y-conservacion-biocultural\/#webpage"},"author":{"@id":"https:\/\/www.grupoxcaret.com\/es\/#\/schema\/person\/a063bfd3f2c8806ec176d4b2afba737f"},"headline":"Grupo Xcaret celebra la Ceremonia de la Abeja Melipona, s\u00edmbolo de sabidur\u00eda ancestral y conservaci\u00f3n biocultural","datePublished":"2025-06-09T22:02:33+00:00","dateModified":"2025-06-09T22:02:46+00:00","mainEntityOfPage":{"@id":"https:\/\/www.grupoxcaret.com\/es\/grupo-xcaret-celebra-la-ceremonia-de-la-abeja-melipona-simbolo-de-sabiduria-ancestral-y-conservacion-biocultural\/#webpage"},"wordCount":531,"publisher":{"@id":"https:\/\/www.grupoxcaret.com\/es\/#organization"},"image":{"@id":"https:\/\/www.grupoxcaret.com\/es\/grupo-xcaret-celebra-la-ceremonia-de-la-abeja-melipona-simbolo-de-sabiduria-ancestral-y-conservacion-biocultural\/#primaryimage"},"thumbnailUrl":"https:\/\/www.grupoxcaret.com\/es\/wp-content\/uploads\/2025\/06\/Abeja-Melipona-2025-1-1-scaled.jpg","articleSection":["Boletines de Prensa","Destacados","Sala de Prensa"],"inLanguage":"es"},{"@type":"Person","@id":"https:\/\/www.grupoxcaret.com\/es\/#\/schema\/person\/a063bfd3f2c8806ec176d4b2afba737f","name":"dmendozav","image":{"@type":"ImageObject","@id":"https:\/\/www.grupoxcaret.com\/es\/#personlogo","inLanguage":"es","url":"https:\/\/secure.gravatar.com\/avatar\/d0971a818d7242eb0e6a9b000cb0cb6c?s=96&d=mm&r=g","contentUrl":"https:\/\/secure.gravatar.com\/avatar\/d0971a818d7242eb0e6a9b000cb0cb6c?s=96&d=mm&r=g","caption":"dmendozav"},"url":"https:\/\/www.grupoxcaret.com\/es\/author\/dmendozav\/"}]}},"amp_enabled":true,"_links":{"self":[{"href":"https:\/\/www.grupoxcaret.com\/es\/wp-json\/wp\/v2\/posts\/6076"}],"collection":[{"href":"https:\/\/www.grupoxcaret.com\/es\/wp-json\/wp\/v2\/posts"}],"about":[{"href":"https:\/\/www.grupoxcaret.com\/es\/wp-json\/wp\/v2\/types\/post"}],"author":[{"embeddable":true,"href":"https:\/\/www.grupoxcaret.com\/es\/wp-json\/wp\/v2\/users\/8"}],"replies":[{"embeddable":true,"href":"https:\/\/www.grupoxcaret.com\/es\/wp-json\/wp\/v2\/comments?post=6076"}],"version-history":[{"count":1,"href":"https:\/\/www.grupoxcaret.com\/es\/wp-json\/wp\/v2\/posts\/6076\/revisions"}],"predecessor-version":[{"id":6080,"href":"https:\/\/www.grupoxcaret.com\/es\/wp-json\/wp\/v2\/posts\/6076\/revisions\/6080"}],"wp:featuredmedia":[{"embeddable":true,"href":"https:\/\/www.grupoxcaret.com\/es\/wp-json\/wp\/v2\/media\/6079"}],"wp:attachment":[{"href":"https:\/\/www.grupoxcaret.com\/es\/wp-json\/wp\/v2\/media?parent=6076"}],"wp:term":[{"taxonomy":"category","embeddable":true,"href":"https:\/\/www.grupoxcaret.com\/es\/wp-json\/wp\/v2\/categories?post=6076"},{"taxonomy":"post_tag","embeddable":true,"href":"https:\/\/www.grupoxcaret.com\/es\/wp-json\/wp\/v2\/tags?post=6076"}],"curies":[{"name":"wp","href":"https:\/\/api.w.org\/{rel}","templated":true}]}}