{"id":6067,"date":"2025-05-28T20:52:30","date_gmt":"2025-05-28T20:52:30","guid":{"rendered":"https:\/\/www.grupoxcaret.com\/es\/?p=6067"},"modified":"2025-05-28T20:52:58","modified_gmt":"2025-05-28T20:52:58","slug":"grupo-xcaret-encabeza-merco-talento-en-el-sector-de-hoteleria-y-servicios-turisticos-en-mexico-%ef%bf%bc","status":"publish","type":"post","link":"https:\/\/www.grupoxcaret.com\/es\/grupo-xcaret-encabeza-merco-talento-en-el-sector-de-hoteleria-y-servicios-turisticos-en-mexico-%ef%bf%bc\/","title":{"rendered":"Grupo Xcaret encabeza Merco Talento en el sector de Hoteler\u00eda y servicios tur\u00edsticos en M\u00e9xico.\ufffc"},"content":{"rendered":"\n<ul><li><strong>El reconocimiento se presenta en el momento de crecimiento de la plantilla m\u00e1s grande de la historia del grupo, 87% desde 2019.<\/strong><\/li><li><strong>Un crecimiento acelerado que mantiene la excelencia del servicio, pues han sido reconocidos por Forbes Travel Guide como el primer grupo de parques en trabajar con este distintivo; adem\u00e1s sus Hoteles son catalogados 5 diamantes por la triple A.<\/strong><\/li><\/ul>\n\n\n\n<p><strong>Xcaret, Riviera Maya, 27 de mayo de 2025.<\/strong> Grupo Xcaret, ha sido reconocido con el <strong>primer lugar en el ranking Merco Talento 2025 en la categor\u00eda de hoteler\u00eda y servicios tur\u00edsticos<\/strong>, consolid\u00e1ndose como la marca empleadora con mejor reputaci\u00f3n del sector en M\u00e9xico.<\/p>\n\n\n\n<p>Este reconocimiento, otorgado por el Monitor Empresarial de Reputaci\u00f3n Corporativa (Merco), es resultado del an\u00e1lisis integral de variables clave como la atracci\u00f3n y retenci\u00f3n de talento, la reputaci\u00f3n interna, la calidad del empleo, el compromiso organizacional y la visi\u00f3n de sostenibilidad e inclusi\u00f3n. En su edici\u00f3n 2025, Merco Talento evalu\u00f3 a casi 40 mil personas entre trabajadores, expertos en recursos humanos, estudiantes universitarios y otros grupos de inter\u00e9s.<\/p>\n\n\n\n<p>Este importante logro coincide con un hito para la organizaci\u00f3n: Grupo Xcaret proyecta que el segundo semestre de 2025 alcanzar\u00e1 un crecimiento de casi 87% en el n\u00famero de colaboradores respecto a 2019, superando las 17,000 personas contratadas directamente en su plantilla. Esta expansi\u00f3n no solo refleja la confianza de Grupo Xcaret en el Pa\u00eds y en el potencial del talento nacional, sino tambi\u00e9n el impacto positivo que la empresa genera en la cadena de valor: m\u00e1s de 65,000 familias de proveedores locales, regionales y nacionales se benefician indirectamente de sus operaciones.<\/p>\n\n\n\n<p>\u201c<em>En Grupo Xcaret estamos convencidos de que nuestro principal motor son las personas. Este reconocimiento es reflejo del compromiso que mantenemos con el desarrollo profesional, el bienestar y la inspiraci\u00f3n diaria de nuestros colaboradores, as\u00ed como con la construcci\u00f3n de entornos laborales humanos, inclusivos y con prop\u00f3sito<\/em>\u201d, coment\u00f3 Mariana Ruiz Villalpando, Directora Corporativa de Talento Humano en Grupo Xcaret.<\/p>\n\n\n\n<p>En la edici\u00f3n 2025 del ranking general de Merco Talento, Grupo Xcaret logr\u00f3 un ascenso notable de 36 posiciones con respecto a 2024, ubic\u00e1ndose actualmente en el lugar 30 a nivel nacional entre las empresas m\u00e1s atractivas para trabajar en M\u00e9xico.<\/p>\n\n\n\n<p>Este avance refleja el esfuerzo sostenido de la organizaci\u00f3n por fortalecer su cultura laboral, impulsar el desarrollo de su gente y generar entornos laborales inspiradores, alineados con su prop\u00f3sito de crear prosperidad compartida desde el turismo con sentido.<\/p>\n","protected":false},"excerpt":{"rendered":"<p>El reconocimiento se presenta en el momento de crecimiento de la plantilla m\u00e1s grande de la historia del grupo, 87% desde 2019. Un crecimiento acelerado que mantiene la excelencia del servicio, pues han sido reconocidos por Forbes Travel Guide como el primer grupo de parques en trabajar con este distintivo; adem\u00e1s sus Hoteles son catalogados [&hellip;]<\/p>\n","protected":false},"author":8,"featured_media":6068,"comment_status":"closed","ping_status":"closed","sticky":false,"template":"","format":"standard","meta":[],"categories":[4,72,3],"tags":[],"yoast_head":"<!-- This site is optimized with the Yoast SEO plugin v17.6 - https:\/\/yoast.com\/wordpress\/plugins\/seo\/ -->\n<meta name=\"robots\" content=\"index, follow, max-snippet:-1, max-image-preview:large, max-video-preview:-1\" \/>\n<link rel=\"canonical\" href=\"https:\/\/www.grupoxcaret.com\/es\/grupo-xcaret-encabeza-merco-talento-en-el-sector-de-hoteleria-y-servicios-turisticos-en-mexico-\ufffc\/\" \/>\n<meta property=\"og:locale\" content=\"es_ES\" \/>\n<meta property=\"og:type\" content=\"article\" \/>\n<meta property=\"og:title\" content=\"Grupo Xcaret encabeza Merco Talento en el sector de Hoteler\u00eda y servicios tur\u00edsticos en M\u00e9xico.\ufffc - Grupo Xcaret Sitio Corporativo\" \/>\n<meta property=\"og:description\" content=\"El reconocimiento se presenta en el momento de crecimiento de la plantilla m\u00e1s grande de la historia del grupo, 87% desde 2019. Un crecimiento acelerado que mantiene la excelencia del servicio, pues han sido reconocidos por Forbes Travel Guide como el primer grupo de parques en trabajar con este distintivo; adem\u00e1s sus Hoteles son catalogados [&hellip;]\" \/>\n<meta property=\"og:url\" content=\"https:\/\/www.grupoxcaret.com\/es\/grupo-xcaret-encabeza-merco-talento-en-el-sector-de-hoteleria-y-servicios-turisticos-en-mexico-\ufffc\/\" \/>\n<meta property=\"og:site_name\" content=\"Grupo Xcaret Sitio Corporativo\" \/>\n<meta property=\"article:published_time\" content=\"2025-05-28T20:52:30+00:00\" \/>\n<meta property=\"article:modified_time\" content=\"2025-05-28T20:52:58+00:00\" \/>\n<meta property=\"og:image\" content=\"https:\/\/www.grupoxcaret.com\/es\/wp-content\/uploads\/2025\/05\/Branded-AL307980.jpg\" \/>\n\t<meta property=\"og:image:width\" content=\"1800\" \/>\n\t<meta property=\"og:image:height\" content=\"1200\" \/>\n<meta name=\"twitter:card\" content=\"summary_large_image\" \/>\n<meta name=\"twitter:label1\" content=\"Escrito por\" \/>\n\t<meta name=\"twitter:data1\" content=\"dmendozav\" \/>\n\t<meta name=\"twitter:label2\" content=\"Tiempo de lectura\" \/>\n\t<meta name=\"twitter:data2\" content=\"2 minutos\" \/>\n<script type=\"application\/ld+json\" class=\"yoast-schema-graph\">{\"@context\":\"https:\/\/schema.org\",\"@graph\":[{\"@type\":\"Organization\",\"@id\":\"https:\/\/www.grupoxcaret.com\/es\/#organization\",\"name\":\"Grupo Xcaret\",\"url\":\"https:\/\/www.grupoxcaret.com\/es\/\",\"sameAs\":[],\"logo\":{\"@type\":\"ImageObject\",\"@id\":\"https:\/\/www.grupoxcaret.com\/es\/#logo\",\"inLanguage\":\"es\",\"url\":\"https:\/\/www.grupoxcaret.com\/es\/wp-content\/uploads\/2015\/04\/exx.png\",\"contentUrl\":\"https:\/\/www.grupoxcaret.com\/es\/wp-content\/uploads\/2015\/04\/exx.png\",\"width\":400,\"height\":136,\"caption\":\"Grupo Xcaret\"},\"image\":{\"@id\":\"https:\/\/www.grupoxcaret.com\/es\/#logo\"}},{\"@type\":\"WebSite\",\"@id\":\"https:\/\/www.grupoxcaret.com\/es\/#website\",\"url\":\"https:\/\/www.grupoxcaret.com\/es\/\",\"name\":\"Grupo Xcaret Sitio Corporativo\",\"description\":\"Conoce el sitio corporativo de Grupo Xcaret. Encuentra informaci\\u00f3n relevante acerca de nuestra historia, marcas, filosof\\u00eda empresarial, pol\\u00edtica de sostenibilidad y mucho m\\u00e1s.\",\"publisher\":{\"@id\":\"https:\/\/www.grupoxcaret.com\/es\/#organization\"},\"potentialAction\":[{\"@type\":\"SearchAction\",\"target\":{\"@type\":\"EntryPoint\",\"urlTemplate\":\"https:\/\/www.grupoxcaret.com\/es\/?s={search_term_string}\"},\"query-input\":\"required name=search_term_string\"}],\"inLanguage\":\"es\"},{\"@type\":\"ImageObject\",\"@id\":\"https:\/\/www.grupoxcaret.com\/es\/grupo-xcaret-encabeza-merco-talento-en-el-sector-de-hoteleria-y-servicios-turisticos-en-mexico-%ef%bf%bc\/#primaryimage\",\"inLanguage\":\"es\",\"url\":\"https:\/\/www.grupoxcaret.com\/es\/wp-content\/uploads\/2025\/05\/Branded-AL307980.jpg\",\"contentUrl\":\"https:\/\/www.grupoxcaret.com\/es\/wp-content\/uploads\/2025\/05\/Branded-AL307980.jpg\",\"width\":1800,\"height\":1200},{\"@type\":\"WebPage\",\"@id\":\"https:\/\/www.grupoxcaret.com\/es\/grupo-xcaret-encabeza-merco-talento-en-el-sector-de-hoteleria-y-servicios-turisticos-en-mexico-%ef%bf%bc\/#webpage\",\"url\":\"https:\/\/www.grupoxcaret.com\/es\/grupo-xcaret-encabeza-merco-talento-en-el-sector-de-hoteleria-y-servicios-turisticos-en-mexico-%ef%bf%bc\/\",\"name\":\"Grupo Xcaret encabeza Merco Talento en el sector de Hoteler\\u00eda y servicios tur\\u00edsticos en M\\u00e9xico.\\ufffc - Grupo Xcaret Sitio Corporativo\",\"isPartOf\":{\"@id\":\"https:\/\/www.grupoxcaret.com\/es\/#website\"},\"primaryImageOfPage\":{\"@id\":\"https:\/\/www.grupoxcaret.com\/es\/grupo-xcaret-encabeza-merco-talento-en-el-sector-de-hoteleria-y-servicios-turisticos-en-mexico-%ef%bf%bc\/#primaryimage\"},\"datePublished\":\"2025-05-28T20:52:30+00:00\",\"dateModified\":\"2025-05-28T20:52:58+00:00\",\"breadcrumb\":{\"@id\":\"https:\/\/www.grupoxcaret.com\/es\/grupo-xcaret-encabeza-merco-talento-en-el-sector-de-hoteleria-y-servicios-turisticos-en-mexico-%ef%bf%bc\/#breadcrumb\"},\"inLanguage\":\"es\",\"potentialAction\":[{\"@type\":\"ReadAction\",\"target\":[\"https:\/\/www.grupoxcaret.com\/es\/grupo-xcaret-encabeza-merco-talento-en-el-sector-de-hoteleria-y-servicios-turisticos-en-mexico-%ef%bf%bc\/\"]}]},{\"@type\":\"BreadcrumbList\",\"@id\":\"https:\/\/www.grupoxcaret.com\/es\/grupo-xcaret-encabeza-merco-talento-en-el-sector-de-hoteleria-y-servicios-turisticos-en-mexico-%ef%bf%bc\/#breadcrumb\",\"itemListElement\":[{\"@type\":\"ListItem\",\"position\":1,\"name\":\"Inicio\",\"item\":\"https:\/\/www.grupoxcaret.com\/es\/\"},{\"@type\":\"ListItem\",\"position\":2,\"name\":\"Destacados\",\"item\":\"https:\/\/www.grupoxcaret.com\/es\/seccion\/destacados\/\"},{\"@type\":\"ListItem\",\"position\":3,\"name\":\"Grupo Xcaret encabeza Merco Talento en el sector de Hoteler\\u00eda y servicios tur\\u00edsticos en M\\u00e9xico.\\ufffc\"}]},{\"@type\":\"Article\",\"@id\":\"https:\/\/www.grupoxcaret.com\/es\/grupo-xcaret-encabeza-merco-talento-en-el-sector-de-hoteleria-y-servicios-turisticos-en-mexico-%ef%bf%bc\/#article\",\"isPartOf\":{\"@id\":\"https:\/\/www.grupoxcaret.com\/es\/grupo-xcaret-encabeza-merco-talento-en-el-sector-de-hoteleria-y-servicios-turisticos-en-mexico-%ef%bf%bc\/#webpage\"},\"author\":{\"@id\":\"https:\/\/www.grupoxcaret.com\/es\/#\/schema\/person\/a063bfd3f2c8806ec176d4b2afba737f\"},\"headline\":\"Grupo Xcaret encabeza Merco Talento en el sector de Hoteler\\u00eda y servicios tur\\u00edsticos en M\\u00e9xico.\\ufffc\",\"datePublished\":\"2025-05-28T20:52:30+00:00\",\"dateModified\":\"2025-05-28T20:52:58+00:00\",\"mainEntityOfPage\":{\"@id\":\"https:\/\/www.grupoxcaret.com\/es\/grupo-xcaret-encabeza-merco-talento-en-el-sector-de-hoteleria-y-servicios-turisticos-en-mexico-%ef%bf%bc\/#webpage\"},\"wordCount\":435,\"publisher\":{\"@id\":\"https:\/\/www.grupoxcaret.com\/es\/#organization\"},\"image\":{\"@id\":\"https:\/\/www.grupoxcaret.com\/es\/grupo-xcaret-encabeza-merco-talento-en-el-sector-de-hoteleria-y-servicios-turisticos-en-mexico-%ef%bf%bc\/#primaryimage\"},\"thumbnailUrl\":\"https:\/\/www.grupoxcaret.com\/es\/wp-content\/uploads\/2025\/05\/Branded-AL307980.jpg\",\"articleSection\":[\"Boletines de Prensa\",\"Destacados\",\"Sala de Prensa\"],\"inLanguage\":\"es\"},{\"@type\":\"Person\",\"@id\":\"https:\/\/www.grupoxcaret.com\/es\/#\/schema\/person\/a063bfd3f2c8806ec176d4b2afba737f\",\"name\":\"dmendozav\",\"image\":{\"@type\":\"ImageObject\",\"@id\":\"https:\/\/www.grupoxcaret.com\/es\/#personlogo\",\"inLanguage\":\"es\",\"url\":\"https:\/\/secure.gravatar.com\/avatar\/d0971a818d7242eb0e6a9b000cb0cb6c?s=96&d=mm&r=g\",\"contentUrl\":\"https:\/\/secure.gravatar.com\/avatar\/d0971a818d7242eb0e6a9b000cb0cb6c?s=96&d=mm&r=g\",\"caption\":\"dmendozav\"},\"url\":\"https:\/\/www.grupoxcaret.com\/es\/author\/dmendozav\/\"}]}<\/script>\n<!-- \/ Yoast SEO plugin. -->","yoast_head_json":{"robots":{"index":"index","follow":"follow","max-snippet":"max-snippet:-1","max-image-preview":"max-image-preview:large","max-video-preview":"max-video-preview:-1"},"canonical":"https:\/\/www.grupoxcaret.com\/es\/grupo-xcaret-encabeza-merco-talento-en-el-sector-de-hoteleria-y-servicios-turisticos-en-mexico-\ufffc\/","og_locale":"es_ES","og_type":"article","og_title":"Grupo Xcaret encabeza Merco Talento en el sector de Hoteler\u00eda y servicios tur\u00edsticos en M\u00e9xico.\ufffc - Grupo Xcaret Sitio Corporativo","og_description":"El reconocimiento se presenta en el momento de crecimiento de la plantilla m\u00e1s grande de la historia del grupo, 87% desde 2019. Un crecimiento acelerado que mantiene la excelencia del servicio, pues han sido reconocidos por Forbes Travel Guide como el primer grupo de parques en trabajar con este distintivo; adem\u00e1s sus Hoteles son catalogados [&hellip;]","og_url":"https:\/\/www.grupoxcaret.com\/es\/grupo-xcaret-encabeza-merco-talento-en-el-sector-de-hoteleria-y-servicios-turisticos-en-mexico-\ufffc\/","og_site_name":"Grupo Xcaret Sitio Corporativo","article_published_time":"2025-05-28T20:52:30+00:00","article_modified_time":"2025-05-28T20:52:58+00:00","og_image":[{"width":1800,"height":1200,"url":"https:\/\/www.grupoxcaret.com\/es\/wp-content\/uploads\/2025\/05\/Branded-AL307980.jpg","type":"image\/jpeg"}],"twitter_card":"summary_large_image","twitter_misc":{"Escrito por":"dmendozav","Tiempo de lectura":"2 minutos"},"schema":{"@context":"https:\/\/schema.org","@graph":[{"@type":"Organization","@id":"https:\/\/www.grupoxcaret.com\/es\/#organization","name":"Grupo Xcaret","url":"https:\/\/www.grupoxcaret.com\/es\/","sameAs":[],"logo":{"@type":"ImageObject","@id":"https:\/\/www.grupoxcaret.com\/es\/#logo","inLanguage":"es","url":"https:\/\/www.grupoxcaret.com\/es\/wp-content\/uploads\/2015\/04\/exx.png","contentUrl":"https:\/\/www.grupoxcaret.com\/es\/wp-content\/uploads\/2015\/04\/exx.png","width":400,"height":136,"caption":"Grupo Xcaret"},"image":{"@id":"https:\/\/www.grupoxcaret.com\/es\/#logo"}},{"@type":"WebSite","@id":"https:\/\/www.grupoxcaret.com\/es\/#website","url":"https:\/\/www.grupoxcaret.com\/es\/","name":"Grupo Xcaret Sitio Corporativo","description":"Conoce el sitio corporativo de Grupo Xcaret. Encuentra informaci\u00f3n relevante acerca de nuestra historia, marcas, filosof\u00eda empresarial, pol\u00edtica de sostenibilidad y mucho m\u00e1s.","publisher":{"@id":"https:\/\/www.grupoxcaret.com\/es\/#organization"},"potentialAction":[{"@type":"SearchAction","target":{"@type":"EntryPoint","urlTemplate":"https:\/\/www.grupoxcaret.com\/es\/?s={search_term_string}"},"query-input":"required name=search_term_string"}],"inLanguage":"es"},{"@type":"ImageObject","@id":"https:\/\/www.grupoxcaret.com\/es\/grupo-xcaret-encabeza-merco-talento-en-el-sector-de-hoteleria-y-servicios-turisticos-en-mexico-%ef%bf%bc\/#primaryimage","inLanguage":"es","url":"https:\/\/www.grupoxcaret.com\/es\/wp-content\/uploads\/2025\/05\/Branded-AL307980.jpg","contentUrl":"https:\/\/www.grupoxcaret.com\/es\/wp-content\/uploads\/2025\/05\/Branded-AL307980.jpg","width":1800,"height":1200},{"@type":"WebPage","@id":"https:\/\/www.grupoxcaret.com\/es\/grupo-xcaret-encabeza-merco-talento-en-el-sector-de-hoteleria-y-servicios-turisticos-en-mexico-%ef%bf%bc\/#webpage","url":"https:\/\/www.grupoxcaret.com\/es\/grupo-xcaret-encabeza-merco-talento-en-el-sector-de-hoteleria-y-servicios-turisticos-en-mexico-%ef%bf%bc\/","name":"Grupo Xcaret encabeza Merco Talento en el sector de Hoteler\u00eda y servicios tur\u00edsticos en M\u00e9xico.\ufffc - Grupo Xcaret Sitio Corporativo","isPartOf":{"@id":"https:\/\/www.grupoxcaret.com\/es\/#website"},"primaryImageOfPage":{"@id":"https:\/\/www.grupoxcaret.com\/es\/grupo-xcaret-encabeza-merco-talento-en-el-sector-de-hoteleria-y-servicios-turisticos-en-mexico-%ef%bf%bc\/#primaryimage"},"datePublished":"2025-05-28T20:52:30+00:00","dateModified":"2025-05-28T20:52:58+00:00","breadcrumb":{"@id":"https:\/\/www.grupoxcaret.com\/es\/grupo-xcaret-encabeza-merco-talento-en-el-sector-de-hoteleria-y-servicios-turisticos-en-mexico-%ef%bf%bc\/#breadcrumb"},"inLanguage":"es","potentialAction":[{"@type":"ReadAction","target":["https:\/\/www.grupoxcaret.com\/es\/grupo-xcaret-encabeza-merco-talento-en-el-sector-de-hoteleria-y-servicios-turisticos-en-mexico-%ef%bf%bc\/"]}]},{"@type":"BreadcrumbList","@id":"https:\/\/www.grupoxcaret.com\/es\/grupo-xcaret-encabeza-merco-talento-en-el-sector-de-hoteleria-y-servicios-turisticos-en-mexico-%ef%bf%bc\/#breadcrumb","itemListElement":[{"@type":"ListItem","position":1,"name":"Inicio","item":"https:\/\/www.grupoxcaret.com\/es\/"},{"@type":"ListItem","position":2,"name":"Destacados","item":"https:\/\/www.grupoxcaret.com\/es\/seccion\/destacados\/"},{"@type":"ListItem","position":3,"name":"Grupo Xcaret encabeza Merco Talento en el sector de Hoteler\u00eda y servicios tur\u00edsticos en M\u00e9xico.\ufffc"}]},{"@type":"Article","@id":"https:\/\/www.grupoxcaret.com\/es\/grupo-xcaret-encabeza-merco-talento-en-el-sector-de-hoteleria-y-servicios-turisticos-en-mexico-%ef%bf%bc\/#article","isPartOf":{"@id":"https:\/\/www.grupoxcaret.com\/es\/grupo-xcaret-encabeza-merco-talento-en-el-sector-de-hoteleria-y-servicios-turisticos-en-mexico-%ef%bf%bc\/#webpage"},"author":{"@id":"https:\/\/www.grupoxcaret.com\/es\/#\/schema\/person\/a063bfd3f2c8806ec176d4b2afba737f"},"headline":"Grupo Xcaret encabeza Merco Talento en el sector de Hoteler\u00eda y servicios tur\u00edsticos en M\u00e9xico.\ufffc","datePublished":"2025-05-28T20:52:30+00:00","dateModified":"2025-05-28T20:52:58+00:00","mainEntityOfPage":{"@id":"https:\/\/www.grupoxcaret.com\/es\/grupo-xcaret-encabeza-merco-talento-en-el-sector-de-hoteleria-y-servicios-turisticos-en-mexico-%ef%bf%bc\/#webpage"},"wordCount":435,"publisher":{"@id":"https:\/\/www.grupoxcaret.com\/es\/#organization"},"image":{"@id":"https:\/\/www.grupoxcaret.com\/es\/grupo-xcaret-encabeza-merco-talento-en-el-sector-de-hoteleria-y-servicios-turisticos-en-mexico-%ef%bf%bc\/#primaryimage"},"thumbnailUrl":"https:\/\/www.grupoxcaret.com\/es\/wp-content\/uploads\/2025\/05\/Branded-AL307980.jpg","articleSection":["Boletines de Prensa","Destacados","Sala de Prensa"],"inLanguage":"es"},{"@type":"Person","@id":"https:\/\/www.grupoxcaret.com\/es\/#\/schema\/person\/a063bfd3f2c8806ec176d4b2afba737f","name":"dmendozav","image":{"@type":"ImageObject","@id":"https:\/\/www.grupoxcaret.com\/es\/#personlogo","inLanguage":"es","url":"https:\/\/secure.gravatar.com\/avatar\/d0971a818d7242eb0e6a9b000cb0cb6c?s=96&d=mm&r=g","contentUrl":"https:\/\/secure.gravatar.com\/avatar\/d0971a818d7242eb0e6a9b000cb0cb6c?s=96&d=mm&r=g","caption":"dmendozav"},"url":"https:\/\/www.grupoxcaret.com\/es\/author\/dmendozav\/"}]}},"amp_enabled":true,"_links":{"self":[{"href":"https:\/\/www.grupoxcaret.com\/es\/wp-json\/wp\/v2\/posts\/6067"}],"collection":[{"href":"https:\/\/www.grupoxcaret.com\/es\/wp-json\/wp\/v2\/posts"}],"about":[{"href":"https:\/\/www.grupoxcaret.com\/es\/wp-json\/wp\/v2\/types\/post"}],"author":[{"embeddable":true,"href":"https:\/\/www.grupoxcaret.com\/es\/wp-json\/wp\/v2\/users\/8"}],"replies":[{"embeddable":true,"href":"https:\/\/www.grupoxcaret.com\/es\/wp-json\/wp\/v2\/comments?post=6067"}],"version-history":[{"count":1,"href":"https:\/\/www.grupoxcaret.com\/es\/wp-json\/wp\/v2\/posts\/6067\/revisions"}],"predecessor-version":[{"id":6069,"href":"https:\/\/www.grupoxcaret.com\/es\/wp-json\/wp\/v2\/posts\/6067\/revisions\/6069"}],"wp:featuredmedia":[{"embeddable":true,"href":"https:\/\/www.grupoxcaret.com\/es\/wp-json\/wp\/v2\/media\/6068"}],"wp:attachment":[{"href":"https:\/\/www.grupoxcaret.com\/es\/wp-json\/wp\/v2\/media?parent=6067"}],"wp:term":[{"taxonomy":"category","embeddable":true,"href":"https:\/\/www.grupoxcaret.com\/es\/wp-json\/wp\/v2\/categories?post=6067"},{"taxonomy":"post_tag","embeddable":true,"href":"https:\/\/www.grupoxcaret.com\/es\/wp-json\/wp\/v2\/tags?post=6067"}],"curies":[{"name":"wp","href":"https:\/\/api.w.org\/{rel}","templated":true}]}}