{"id":6045,"date":"2025-03-06T15:44:53","date_gmt":"2025-03-06T15:44:53","guid":{"rendered":"https:\/\/www.grupoxcaret.com\/es\/?p=6045"},"modified":"2025-03-06T15:46:49","modified_gmt":"2025-03-06T15:46:49","slug":"grupo-xcaret-apuesta-al-crecimiento-con-talento-mexicano","status":"publish","type":"post","link":"https:\/\/www.grupoxcaret.com\/es\/grupo-xcaret-apuesta-al-crecimiento-con-talento-mexicano\/","title":{"rendered":"Grupo Xcaret apuesta al crecimiento con talento Mexicano"},"content":{"rendered":"\n<ul><li>Grupo Xcaret contratar\u00e1 a m\u00e1s de 2,200 personas en los pr\u00f3ximos tres meses.<\/li><li>La plantilla alcanzar\u00e1 este a\u00f1o un crecimiento de casi 87% con respecto a 2019<\/li><li>El fomento de empleos es un motor para la estabilidad econ\u00f3mica de la regi\u00f3n<\/li><\/ul>\n\n\n\n<p><strong>Xcaret, Riviera Maya, 3 de marzo de 2025.<\/strong> Ante un contexto global desafiante, Grupo Xcaret anuncia la contrataci\u00f3n directa de m\u00e1s de 2,200 nuevos colaboradores en Playa del Carmen, Quintana Roo, en una de las expansiones m\u00e1s significativas en el sector tur\u00edstico nacional y la m\u00e1s importante en la Riviera Maya.<\/p>\n\n\n\n<p>Con la incorporaci\u00f3n de profesionales bien capacitados, la empresa mexicana no solo crece su plantilla en casi un 87% con respecto a 2019, superando los 17,000 colaboradores contratados directamente, sino que tambi\u00e9n refuerza su papel como uno de los principales empleadores del sector tur\u00edstico, impactando indirectamente a m\u00e1s de 65,000 familias de proveedores locales, regionales y nacionales. De acuerdo con el INEGI, Quintana Roo cerr\u00f3 2024 con una tasa de desempleo del 2.8%, una de las m\u00e1s bajas del pa\u00eds, reflejando el estupendo momento que est\u00e1 viviendo en la actualidad esta regi\u00f3n del pa\u00eds.<\/p>\n\n\n\n<p>El impacto de este hecho va m\u00e1s all\u00e1 de las cifras: significa estabilidad econ\u00f3mica para miles de familias, dinamismo para la econom\u00eda local y una apuesta decidida por el talento nacional. Con esta expansi\u00f3n, Grupo Xcaret cumple con uno de los principios promovidos por los fundadores del grupo&nbsp; \u201cla prosperidad compartida\u201d, asegurando que su crecimiento beneficie tanto a sus colaboradores como a la comunidad en general.<\/p>\n\n\n\n<p>\u201cEn las \u00e9pocas m\u00e1s complejas es cuando debemos unirnos como mexicanos, ofreciendo todos lo mejor de nosotros. Hoy aportamos nuestro granito de arena en la b\u00fasqueda de generar prosperidad compartida\u201d. Resalt\u00f3 Mariana Ruiz Villalpando, Directora Corporativa de Talento Humano en Grupo Xcaret.<\/p>\n\n\n\n<p>Las vacantes estar\u00e1n concentradas en Playa del Carmen y abarcar\u00e1n diversas \u00e1reas estrat\u00e9gicas, incluyendo divisi\u00f3n de cuartos, alimentos y bebidas, mantenimiento, seguridad, administraci\u00f3n, y arte y cultura. Marzo y abril ser\u00e1n los meses m\u00e1s intensos del proceso de reclutamiento, con el objetivo de integrar talento altamente calificado que contribuya a la \u201cevoluci\u00f3n\u201d del Hotel Xcaret M\u00e9xico, que inaugurar\u00e1 900 habitaciones adicionales este verano.<\/p>\n\n\n\n<p>Ruiz Villalpando, agreg\u00f3: \u00abEstamos entusiasmados por la evoluci\u00f3n de nuestro Hotel Xcaret M\u00e9xico, que anunciamos en octubre del a\u00f1o pasado con una inversi\u00f3n de m\u00e1s de 700 millones de d\u00f3lares. Posteriormente en noviembre dimos el siguiente paso con la reconfiguraci\u00f3n del grupo, y ahora iniciamos esta mueva etapa con la contrataci\u00f3n de miles de compatriotas, con un firme compromiso de seguir brindando lo mejor de M\u00e9xico al mundo, a trav\u00e9s de la calidez, amabilidad y profesionalismo que nuestros colaboradores ofrecen a nuestros visitantes y hu\u00e9spedes\u201d.<\/p>\n\n\n\n<p>Toda la informaci\u00f3n sobre el proceso de reclutamiento, vacantes, fechas y sedes, se podr\u00e1 consultar a trav\u00e9s de las redes sociales: <strong>Facebook, Instagram y TikTok<\/strong>; como @<strong>TalentoXcaret<\/strong>, as\u00ed como @<strong>Grupo Xcaret<\/strong> en <strong>LinkedIn<\/strong>.&nbsp;<\/p>\n\n\n\n<p>En Grupo Xcaret, el verdadero crecimiento va m\u00e1s all\u00e1 de las palabras y los n\u00fameros; se mide en las oportunidades que se generan, en las vidas que se transforman y en el impacto positivo que se deja en la comunidad. Con esta expansi\u00f3n, el Grupo reafirma su compromiso de seguir creando un futuro donde el turismo sea un motor de bienestar, impulsando el talento mexicano y fortaleciendo la prosperidad compartida de Quintana Roo.<\/p>\n","protected":false},"excerpt":{"rendered":"<p>Grupo Xcaret contratar\u00e1 a m\u00e1s de 2,200 personas en los pr\u00f3ximos tres meses. La plantilla alcanzar\u00e1 este a\u00f1o un crecimiento de casi 87% con respecto a 2019 El fomento de empleos es un motor para la estabilidad econ\u00f3mica de la regi\u00f3n Xcaret, Riviera Maya, 3 de marzo de 2025. Ante un contexto global desafiante, Grupo [&hellip;]<\/p>\n","protected":false},"author":8,"featured_media":6046,"comment_status":"closed","ping_status":"closed","sticky":false,"template":"","format":"standard","meta":[],"categories":[4,72,3],"tags":[],"yoast_head":"<!-- This site is optimized with the Yoast SEO plugin v17.6 - https:\/\/yoast.com\/wordpress\/plugins\/seo\/ -->\n<meta name=\"robots\" content=\"index, follow, max-snippet:-1, max-image-preview:large, max-video-preview:-1\" \/>\n<link rel=\"canonical\" href=\"https:\/\/www.grupoxcaret.com\/es\/grupo-xcaret-apuesta-al-crecimiento-con-talento-mexicano\/\" \/>\n<meta property=\"og:locale\" content=\"es_ES\" \/>\n<meta property=\"og:type\" content=\"article\" \/>\n<meta property=\"og:title\" content=\"Grupo Xcaret apuesta al crecimiento con talento Mexicano - Grupo Xcaret Sitio Corporativo\" \/>\n<meta property=\"og:description\" content=\"Grupo Xcaret contratar\u00e1 a m\u00e1s de 2,200 personas en los pr\u00f3ximos tres meses. La plantilla alcanzar\u00e1 este a\u00f1o un crecimiento de casi 87% con respecto a 2019 El fomento de empleos es un motor para la estabilidad econ\u00f3mica de la regi\u00f3n Xcaret, Riviera Maya, 3 de marzo de 2025. Ante un contexto global desafiante, Grupo [&hellip;]\" \/>\n<meta property=\"og:url\" content=\"https:\/\/www.grupoxcaret.com\/es\/grupo-xcaret-apuesta-al-crecimiento-con-talento-mexicano\/\" \/>\n<meta property=\"og:site_name\" content=\"Grupo Xcaret Sitio Corporativo\" \/>\n<meta property=\"article:published_time\" content=\"2025-03-06T15:44:53+00:00\" \/>\n<meta property=\"article:modified_time\" content=\"2025-03-06T15:46:49+00:00\" \/>\n<meta property=\"og:image\" content=\"https:\/\/www.grupoxcaret.com\/es\/wp-content\/uploads\/2025\/03\/Xcaret-evolucio\u0301n-scaled.jpg\" \/>\n\t<meta property=\"og:image:width\" content=\"2560\" \/>\n\t<meta property=\"og:image:height\" content=\"1421\" \/>\n<meta name=\"twitter:card\" content=\"summary_large_image\" \/>\n<meta name=\"twitter:label1\" content=\"Escrito por\" \/>\n\t<meta name=\"twitter:data1\" content=\"dmendozav\" \/>\n\t<meta name=\"twitter:label2\" content=\"Tiempo de lectura\" \/>\n\t<meta name=\"twitter:data2\" content=\"3 minutos\" \/>\n<script type=\"application\/ld+json\" class=\"yoast-schema-graph\">{\"@context\":\"https:\/\/schema.org\",\"@graph\":[{\"@type\":\"Organization\",\"@id\":\"https:\/\/www.grupoxcaret.com\/es\/#organization\",\"name\":\"Grupo Xcaret\",\"url\":\"https:\/\/www.grupoxcaret.com\/es\/\",\"sameAs\":[],\"logo\":{\"@type\":\"ImageObject\",\"@id\":\"https:\/\/www.grupoxcaret.com\/es\/#logo\",\"inLanguage\":\"es\",\"url\":\"https:\/\/www.grupoxcaret.com\/es\/wp-content\/uploads\/2015\/04\/exx.png\",\"contentUrl\":\"https:\/\/www.grupoxcaret.com\/es\/wp-content\/uploads\/2015\/04\/exx.png\",\"width\":400,\"height\":136,\"caption\":\"Grupo Xcaret\"},\"image\":{\"@id\":\"https:\/\/www.grupoxcaret.com\/es\/#logo\"}},{\"@type\":\"WebSite\",\"@id\":\"https:\/\/www.grupoxcaret.com\/es\/#website\",\"url\":\"https:\/\/www.grupoxcaret.com\/es\/\",\"name\":\"Grupo Xcaret Sitio Corporativo\",\"description\":\"Conoce el sitio corporativo de Grupo Xcaret. Encuentra informaci\\u00f3n relevante acerca de nuestra historia, marcas, filosof\\u00eda empresarial, pol\\u00edtica de sostenibilidad y mucho m\\u00e1s.\",\"publisher\":{\"@id\":\"https:\/\/www.grupoxcaret.com\/es\/#organization\"},\"potentialAction\":[{\"@type\":\"SearchAction\",\"target\":{\"@type\":\"EntryPoint\",\"urlTemplate\":\"https:\/\/www.grupoxcaret.com\/es\/?s={search_term_string}\"},\"query-input\":\"required name=search_term_string\"}],\"inLanguage\":\"es\"},{\"@type\":\"ImageObject\",\"@id\":\"https:\/\/www.grupoxcaret.com\/es\/grupo-xcaret-apuesta-al-crecimiento-con-talento-mexicano\/#primaryimage\",\"inLanguage\":\"es\",\"url\":\"https:\/\/www.grupoxcaret.com\/es\/wp-content\/uploads\/2025\/03\/Xcaret-evolucio\\u0301n-scaled.jpg\",\"contentUrl\":\"https:\/\/www.grupoxcaret.com\/es\/wp-content\/uploads\/2025\/03\/Xcaret-evolucio\\u0301n-scaled.jpg\",\"width\":2560,\"height\":1421},{\"@type\":\"WebPage\",\"@id\":\"https:\/\/www.grupoxcaret.com\/es\/grupo-xcaret-apuesta-al-crecimiento-con-talento-mexicano\/#webpage\",\"url\":\"https:\/\/www.grupoxcaret.com\/es\/grupo-xcaret-apuesta-al-crecimiento-con-talento-mexicano\/\",\"name\":\"Grupo Xcaret apuesta al crecimiento con talento Mexicano - Grupo Xcaret Sitio Corporativo\",\"isPartOf\":{\"@id\":\"https:\/\/www.grupoxcaret.com\/es\/#website\"},\"primaryImageOfPage\":{\"@id\":\"https:\/\/www.grupoxcaret.com\/es\/grupo-xcaret-apuesta-al-crecimiento-con-talento-mexicano\/#primaryimage\"},\"datePublished\":\"2025-03-06T15:44:53+00:00\",\"dateModified\":\"2025-03-06T15:46:49+00:00\",\"breadcrumb\":{\"@id\":\"https:\/\/www.grupoxcaret.com\/es\/grupo-xcaret-apuesta-al-crecimiento-con-talento-mexicano\/#breadcrumb\"},\"inLanguage\":\"es\",\"potentialAction\":[{\"@type\":\"ReadAction\",\"target\":[\"https:\/\/www.grupoxcaret.com\/es\/grupo-xcaret-apuesta-al-crecimiento-con-talento-mexicano\/\"]}]},{\"@type\":\"BreadcrumbList\",\"@id\":\"https:\/\/www.grupoxcaret.com\/es\/grupo-xcaret-apuesta-al-crecimiento-con-talento-mexicano\/#breadcrumb\",\"itemListElement\":[{\"@type\":\"ListItem\",\"position\":1,\"name\":\"Inicio\",\"item\":\"https:\/\/www.grupoxcaret.com\/es\/\"},{\"@type\":\"ListItem\",\"position\":2,\"name\":\"Sala de Prensa\",\"item\":\"https:\/\/www.grupoxcaret.com\/es\/seccion\/sala-de-prensa\/\"},{\"@type\":\"ListItem\",\"position\":3,\"name\":\"Grupo Xcaret apuesta al crecimiento con talento Mexicano\"}]},{\"@type\":\"Article\",\"@id\":\"https:\/\/www.grupoxcaret.com\/es\/grupo-xcaret-apuesta-al-crecimiento-con-talento-mexicano\/#article\",\"isPartOf\":{\"@id\":\"https:\/\/www.grupoxcaret.com\/es\/grupo-xcaret-apuesta-al-crecimiento-con-talento-mexicano\/#webpage\"},\"author\":{\"@id\":\"https:\/\/www.grupoxcaret.com\/es\/#\/schema\/person\/a063bfd3f2c8806ec176d4b2afba737f\"},\"headline\":\"Grupo Xcaret apuesta al crecimiento con talento Mexicano\",\"datePublished\":\"2025-03-06T15:44:53+00:00\",\"dateModified\":\"2025-03-06T15:46:49+00:00\",\"mainEntityOfPage\":{\"@id\":\"https:\/\/www.grupoxcaret.com\/es\/grupo-xcaret-apuesta-al-crecimiento-con-talento-mexicano\/#webpage\"},\"wordCount\":593,\"publisher\":{\"@id\":\"https:\/\/www.grupoxcaret.com\/es\/#organization\"},\"image\":{\"@id\":\"https:\/\/www.grupoxcaret.com\/es\/grupo-xcaret-apuesta-al-crecimiento-con-talento-mexicano\/#primaryimage\"},\"thumbnailUrl\":\"https:\/\/www.grupoxcaret.com\/es\/wp-content\/uploads\/2025\/03\/Xcaret-evolucio\\u0301n-scaled.jpg\",\"articleSection\":[\"Boletines de Prensa\",\"Destacados\",\"Sala de Prensa\"],\"inLanguage\":\"es\"},{\"@type\":\"Person\",\"@id\":\"https:\/\/www.grupoxcaret.com\/es\/#\/schema\/person\/a063bfd3f2c8806ec176d4b2afba737f\",\"name\":\"dmendozav\",\"image\":{\"@type\":\"ImageObject\",\"@id\":\"https:\/\/www.grupoxcaret.com\/es\/#personlogo\",\"inLanguage\":\"es\",\"url\":\"https:\/\/secure.gravatar.com\/avatar\/d0971a818d7242eb0e6a9b000cb0cb6c?s=96&d=mm&r=g\",\"contentUrl\":\"https:\/\/secure.gravatar.com\/avatar\/d0971a818d7242eb0e6a9b000cb0cb6c?s=96&d=mm&r=g\",\"caption\":\"dmendozav\"},\"url\":\"https:\/\/www.grupoxcaret.com\/es\/author\/dmendozav\/\"}]}<\/script>\n<!-- \/ Yoast SEO plugin. -->","yoast_head_json":{"robots":{"index":"index","follow":"follow","max-snippet":"max-snippet:-1","max-image-preview":"max-image-preview:large","max-video-preview":"max-video-preview:-1"},"canonical":"https:\/\/www.grupoxcaret.com\/es\/grupo-xcaret-apuesta-al-crecimiento-con-talento-mexicano\/","og_locale":"es_ES","og_type":"article","og_title":"Grupo Xcaret apuesta al crecimiento con talento Mexicano - Grupo Xcaret Sitio Corporativo","og_description":"Grupo Xcaret contratar\u00e1 a m\u00e1s de 2,200 personas en los pr\u00f3ximos tres meses. La plantilla alcanzar\u00e1 este a\u00f1o un crecimiento de casi 87% con respecto a 2019 El fomento de empleos es un motor para la estabilidad econ\u00f3mica de la regi\u00f3n Xcaret, Riviera Maya, 3 de marzo de 2025. Ante un contexto global desafiante, Grupo [&hellip;]","og_url":"https:\/\/www.grupoxcaret.com\/es\/grupo-xcaret-apuesta-al-crecimiento-con-talento-mexicano\/","og_site_name":"Grupo Xcaret Sitio Corporativo","article_published_time":"2025-03-06T15:44:53+00:00","article_modified_time":"2025-03-06T15:46:49+00:00","og_image":[{"width":2560,"height":1421,"url":"https:\/\/www.grupoxcaret.com\/es\/wp-content\/uploads\/2025\/03\/Xcaret-evolucio\u0301n-scaled.jpg","type":"image\/jpeg"}],"twitter_card":"summary_large_image","twitter_misc":{"Escrito por":"dmendozav","Tiempo de lectura":"3 minutos"},"schema":{"@context":"https:\/\/schema.org","@graph":[{"@type":"Organization","@id":"https:\/\/www.grupoxcaret.com\/es\/#organization","name":"Grupo Xcaret","url":"https:\/\/www.grupoxcaret.com\/es\/","sameAs":[],"logo":{"@type":"ImageObject","@id":"https:\/\/www.grupoxcaret.com\/es\/#logo","inLanguage":"es","url":"https:\/\/www.grupoxcaret.com\/es\/wp-content\/uploads\/2015\/04\/exx.png","contentUrl":"https:\/\/www.grupoxcaret.com\/es\/wp-content\/uploads\/2015\/04\/exx.png","width":400,"height":136,"caption":"Grupo Xcaret"},"image":{"@id":"https:\/\/www.grupoxcaret.com\/es\/#logo"}},{"@type":"WebSite","@id":"https:\/\/www.grupoxcaret.com\/es\/#website","url":"https:\/\/www.grupoxcaret.com\/es\/","name":"Grupo Xcaret Sitio Corporativo","description":"Conoce el sitio corporativo de Grupo Xcaret. Encuentra informaci\u00f3n relevante acerca de nuestra historia, marcas, filosof\u00eda empresarial, pol\u00edtica de sostenibilidad y mucho m\u00e1s.","publisher":{"@id":"https:\/\/www.grupoxcaret.com\/es\/#organization"},"potentialAction":[{"@type":"SearchAction","target":{"@type":"EntryPoint","urlTemplate":"https:\/\/www.grupoxcaret.com\/es\/?s={search_term_string}"},"query-input":"required name=search_term_string"}],"inLanguage":"es"},{"@type":"ImageObject","@id":"https:\/\/www.grupoxcaret.com\/es\/grupo-xcaret-apuesta-al-crecimiento-con-talento-mexicano\/#primaryimage","inLanguage":"es","url":"https:\/\/www.grupoxcaret.com\/es\/wp-content\/uploads\/2025\/03\/Xcaret-evolucio\u0301n-scaled.jpg","contentUrl":"https:\/\/www.grupoxcaret.com\/es\/wp-content\/uploads\/2025\/03\/Xcaret-evolucio\u0301n-scaled.jpg","width":2560,"height":1421},{"@type":"WebPage","@id":"https:\/\/www.grupoxcaret.com\/es\/grupo-xcaret-apuesta-al-crecimiento-con-talento-mexicano\/#webpage","url":"https:\/\/www.grupoxcaret.com\/es\/grupo-xcaret-apuesta-al-crecimiento-con-talento-mexicano\/","name":"Grupo Xcaret apuesta al crecimiento con talento Mexicano - Grupo Xcaret Sitio Corporativo","isPartOf":{"@id":"https:\/\/www.grupoxcaret.com\/es\/#website"},"primaryImageOfPage":{"@id":"https:\/\/www.grupoxcaret.com\/es\/grupo-xcaret-apuesta-al-crecimiento-con-talento-mexicano\/#primaryimage"},"datePublished":"2025-03-06T15:44:53+00:00","dateModified":"2025-03-06T15:46:49+00:00","breadcrumb":{"@id":"https:\/\/www.grupoxcaret.com\/es\/grupo-xcaret-apuesta-al-crecimiento-con-talento-mexicano\/#breadcrumb"},"inLanguage":"es","potentialAction":[{"@type":"ReadAction","target":["https:\/\/www.grupoxcaret.com\/es\/grupo-xcaret-apuesta-al-crecimiento-con-talento-mexicano\/"]}]},{"@type":"BreadcrumbList","@id":"https:\/\/www.grupoxcaret.com\/es\/grupo-xcaret-apuesta-al-crecimiento-con-talento-mexicano\/#breadcrumb","itemListElement":[{"@type":"ListItem","position":1,"name":"Inicio","item":"https:\/\/www.grupoxcaret.com\/es\/"},{"@type":"ListItem","position":2,"name":"Sala de Prensa","item":"https:\/\/www.grupoxcaret.com\/es\/seccion\/sala-de-prensa\/"},{"@type":"ListItem","position":3,"name":"Grupo Xcaret apuesta al crecimiento con talento Mexicano"}]},{"@type":"Article","@id":"https:\/\/www.grupoxcaret.com\/es\/grupo-xcaret-apuesta-al-crecimiento-con-talento-mexicano\/#article","isPartOf":{"@id":"https:\/\/www.grupoxcaret.com\/es\/grupo-xcaret-apuesta-al-crecimiento-con-talento-mexicano\/#webpage"},"author":{"@id":"https:\/\/www.grupoxcaret.com\/es\/#\/schema\/person\/a063bfd3f2c8806ec176d4b2afba737f"},"headline":"Grupo Xcaret apuesta al crecimiento con talento Mexicano","datePublished":"2025-03-06T15:44:53+00:00","dateModified":"2025-03-06T15:46:49+00:00","mainEntityOfPage":{"@id":"https:\/\/www.grupoxcaret.com\/es\/grupo-xcaret-apuesta-al-crecimiento-con-talento-mexicano\/#webpage"},"wordCount":593,"publisher":{"@id":"https:\/\/www.grupoxcaret.com\/es\/#organization"},"image":{"@id":"https:\/\/www.grupoxcaret.com\/es\/grupo-xcaret-apuesta-al-crecimiento-con-talento-mexicano\/#primaryimage"},"thumbnailUrl":"https:\/\/www.grupoxcaret.com\/es\/wp-content\/uploads\/2025\/03\/Xcaret-evolucio\u0301n-scaled.jpg","articleSection":["Boletines de Prensa","Destacados","Sala de Prensa"],"inLanguage":"es"},{"@type":"Person","@id":"https:\/\/www.grupoxcaret.com\/es\/#\/schema\/person\/a063bfd3f2c8806ec176d4b2afba737f","name":"dmendozav","image":{"@type":"ImageObject","@id":"https:\/\/www.grupoxcaret.com\/es\/#personlogo","inLanguage":"es","url":"https:\/\/secure.gravatar.com\/avatar\/d0971a818d7242eb0e6a9b000cb0cb6c?s=96&d=mm&r=g","contentUrl":"https:\/\/secure.gravatar.com\/avatar\/d0971a818d7242eb0e6a9b000cb0cb6c?s=96&d=mm&r=g","caption":"dmendozav"},"url":"https:\/\/www.grupoxcaret.com\/es\/author\/dmendozav\/"}]}},"amp_enabled":true,"_links":{"self":[{"href":"https:\/\/www.grupoxcaret.com\/es\/wp-json\/wp\/v2\/posts\/6045"}],"collection":[{"href":"https:\/\/www.grupoxcaret.com\/es\/wp-json\/wp\/v2\/posts"}],"about":[{"href":"https:\/\/www.grupoxcaret.com\/es\/wp-json\/wp\/v2\/types\/post"}],"author":[{"embeddable":true,"href":"https:\/\/www.grupoxcaret.com\/es\/wp-json\/wp\/v2\/users\/8"}],"replies":[{"embeddable":true,"href":"https:\/\/www.grupoxcaret.com\/es\/wp-json\/wp\/v2\/comments?post=6045"}],"version-history":[{"count":1,"href":"https:\/\/www.grupoxcaret.com\/es\/wp-json\/wp\/v2\/posts\/6045\/revisions"}],"predecessor-version":[{"id":6047,"href":"https:\/\/www.grupoxcaret.com\/es\/wp-json\/wp\/v2\/posts\/6045\/revisions\/6047"}],"wp:featuredmedia":[{"embeddable":true,"href":"https:\/\/www.grupoxcaret.com\/es\/wp-json\/wp\/v2\/media\/6046"}],"wp:attachment":[{"href":"https:\/\/www.grupoxcaret.com\/es\/wp-json\/wp\/v2\/media?parent=6045"}],"wp:term":[{"taxonomy":"category","embeddable":true,"href":"https:\/\/www.grupoxcaret.com\/es\/wp-json\/wp\/v2\/categories?post=6045"},{"taxonomy":"post_tag","embeddable":true,"href":"https:\/\/www.grupoxcaret.com\/es\/wp-json\/wp\/v2\/tags?post=6045"}],"curies":[{"name":"wp","href":"https:\/\/api.w.org\/{rel}","templated":true}]}}