{"id":6027,"date":"2025-01-21T22:36:34","date_gmt":"2025-01-21T22:36:34","guid":{"rendered":"https:\/\/www.grupoxcaret.com\/es\/?p=6027"},"modified":"2025-01-21T22:36:53","modified_gmt":"2025-01-21T22:36:53","slug":"la-feria-xcaret-de-arte-popular-mexicano-unica-en-su-tipo-en-mexico-celebrara-su-segunda-edicion-en-septiembre-de-2025","status":"publish","type":"post","link":"https:\/\/www.grupoxcaret.com\/es\/la-feria-xcaret-de-arte-popular-mexicano-unica-en-su-tipo-en-mexico-celebrara-su-segunda-edicion-en-septiembre-de-2025\/","title":{"rendered":"La Feria Xcaret de Arte\u00a0Popular\u00a0Mexicano,\u00a0\u00fanica\u00a0en su tipo en M\u00e9xico\u00a0celebrar\u00e1 su segunda edici\u00f3n\u00a0en septiembre de 2025"},"content":{"rendered":"\n<p><\/p>\n\n\n\n<p>\u2022\u00a0<em>Se llevar\u00e1 a cabo\u00a0del 25 al 28 de septiembre en el Parque Xcaret.<\/em><\/p>\n\n\n\n<p>\u2022\u00a0<em>Se prev\u00e9 la participaci\u00f3n de\u00a0al menos\u00a0140\u00a0personas artesanas.<\/em><\/p>\n\n\n\n<p>\u2022\u00a0<em>Se premiar\u00e1n las mejores piezas en cuatro categor\u00edas: Cer\u00e1mica, Textil, Madera y Otras t\u00e9cnicas.<\/em><\/p>\n\n\n\n<p>\u2022\u00a0<em>Se incorpora una nueva categor\u00eda\u00a0especial\u00a0de\u00a0premiaci\u00f3n\u00a0este\u00a0a\u00f1o, inspirada\u00a0en la Virgen de Guadalupe<\/em><\/p>\n\n\n\n<p>Grupo Xcaret se complace en anunciar la celebraci\u00f3n de la Feria Xcaret de Arte Popular\u00a0Mexicano,\u00a0del 25 al 28 de septiembre\u00a0de 2025\u00a0en\u00a0Parque\u00a0Xcaret.\u00a0Este evento \u00fanico en su tipo, por convocar en un solo lugar a los principales exponentes\u00a0y artistas emergentes\u00a0del Arte Popular Mexicano, representados por\u00a0personas artesanas, dignas\u00a0de ser llamadas\u00a0portadoras y\u00a0portadores de las tradiciones culturales, de las comunidades donde radican.<\/p>\n\n\n\n<p>Tras el \u00e9xito de su primera edici\u00f3n, que reuni\u00f3 a 140&nbsp;de las&nbsp;m\u00e1s&nbsp;destacadas&nbsp;personas artesanas&nbsp;de diversas partes de&nbsp;M\u00e9xico,&nbsp;este a\u00f1o se espera&nbsp;al menos alcanzar nuevamente&nbsp;esta&nbsp;cifra, consolid\u00e1ndose&nbsp;como el evento m\u00e1s importante del arte popular&nbsp;de nuestro pa\u00eds.<\/p>\n\n\n\n<p>La feria contar\u00e1&nbsp;en esta&nbsp;segunda&nbsp;edici\u00f3n&nbsp;con la participaci\u00f3n de nuevos exponentes que enriquecer\u00e1n a\u00fan m\u00e1s esta experiencia cultural&nbsp;y art\u00edstica de las tradiciones popularesmexicanas,&nbsp;misma en la que&nbsp;se premiar\u00e1n, como en el a\u00f1o anterior&nbsp;las mejores obras en cuatro categor\u00edas y&nbsp;se incluye por primera vez&nbsp;una categor\u00eda tem\u00e1tica especial inspirada en la \u201cVirgen de Guadalupe\u201d,&nbsp;lo que conforman&nbsp;cinco&nbsp;categor\u00edas en total a ser premiadas:<\/p>\n\n\n\n<p>Las&nbsp;cuatro&nbsp;categor\u00edas&nbsp;de&nbsp;premiaci\u00f3n&nbsp;del concurso \u201cXcaret, ayer y hoy\u201d&nbsp;enfocadas en lat\u00e9cnica y materiales en los que est\u00e1n hechas las obras&nbsp;participantes en&nbsp;la Feria Xcaret de Arte Popular&nbsp;Mexicano&nbsp;2025&nbsp;son&nbsp;cer\u00e1mica,&nbsp;textil,&nbsp;madera y&nbsp;otras t\u00e9cnicas. Los premios para cada categor\u00eda son los siguientes: el primer lugar recibir\u00e1 $100,000, el segundo lugar $80,000, el tercer lugar $60,000 y se otorgar\u00e1n diversas&nbsp;menciones&nbsp;honor\u00edficas&nbsp;de $20,000.<\/p>\n\n\n\n<p>En el caso de la categor\u00eda tem\u00e1tica adicional&nbsp;inspirada en la&nbsp;\u201cVirgen de Guadalupe\u201d,&nbsp;se&nbsp;premiar\u00e1&nbsp;a las tres mejores obras independientemente en que t\u00e9cnica se haya realizado.<\/p>\n\n\n\n<figure class=\"wp-block-image size-large\"><img loading=\"lazy\" width=\"1024\" height=\"683\" src=\"https:\/\/www.grupoxcaret.com\/es\/wp-content\/uploads\/2025\/01\/IMG_4395-1024x683.jpg\" alt=\"\" class=\"wp-image-6029\" srcset=\"https:\/\/www.grupoxcaret.com\/es\/wp-content\/uploads\/2025\/01\/IMG_4395-1024x683.jpg 1024w, https:\/\/www.grupoxcaret.com\/es\/wp-content\/uploads\/2025\/01\/IMG_4395-300x200.jpg 300w, https:\/\/www.grupoxcaret.com\/es\/wp-content\/uploads\/2025\/01\/IMG_4395-768x512.jpg 768w, https:\/\/www.grupoxcaret.com\/es\/wp-content\/uploads\/2025\/01\/IMG_4395-1536x1024.jpg 1536w, https:\/\/www.grupoxcaret.com\/es\/wp-content\/uploads\/2025\/01\/IMG_4395-2048x1365.jpg 2048w, https:\/\/www.grupoxcaret.com\/es\/wp-content\/uploads\/2025\/01\/IMG_4395-696x464.jpg 696w, https:\/\/www.grupoxcaret.com\/es\/wp-content\/uploads\/2025\/01\/IMG_4395-1068x712.jpg 1068w, https:\/\/www.grupoxcaret.com\/es\/wp-content\/uploads\/2025\/01\/IMG_4395-630x420.jpg 630w\" sizes=\"(max-width: 1024px) 100vw, 1024px\" \/><\/figure>\n\n\n\n<p><em>\u00abEste evento es parte de nuestro compromiso por&nbsp;<\/em><em>\u00b4<\/em><em>Hacer m\u00e1s feliz al planeta contagiando nuestro gran amor por M\u00e9xico<\/em><em>\u00b4<\/em><em>, promoviendo y celebrando anualmente el arte popular en el mes de la patria. A trav\u00e9s de esta feria, buscamos no solo resaltar la riqueza cultural de nuestro pa\u00eds, sino tambi\u00e9n fortalecer el v\u00ednculo con las comunidades artesanales y brindarles un espacio digno para mostrar su talento\u00bb,&nbsp;<\/em><em>se\u00f1al\u00f3<\/em><strong><em>&nbsp;Leticia Aguerrebere, Direcci\u00f3n Corporativa de Arte y Cultura de Grupo Xcaret.<\/em><\/strong><\/p>\n\n\n\n<p>En esta segunda edici\u00f3n, se busca fortalecer\u00a0a\u00fan m\u00e1s\u00a0la conexi\u00f3n con arquitectos, dise\u00f1adores de interiores,\u00a0coleccionistas, galer\u00edas,\u00a0acad\u00e9micos y estudiantes. Los asistentes podr\u00e1n disfrutar de conferencias magistrales, paneles de expertos,\u00a0conferencias, demostraciones de t\u00e9cnicas artesanales, pasarelas\u00a0y charlas con maestros artesanos, como parte de las\u00a0actividades que celebran el patrimonio cultural de M\u00e9xico.<\/p>\n\n\n\n<figure class=\"wp-block-image size-large\"><img loading=\"lazy\" width=\"1024\" height=\"683\" src=\"https:\/\/www.grupoxcaret.com\/es\/wp-content\/uploads\/2025\/01\/IMG_5074-1024x683.jpg\" alt=\"\" class=\"wp-image-6031\" srcset=\"https:\/\/www.grupoxcaret.com\/es\/wp-content\/uploads\/2025\/01\/IMG_5074-1024x683.jpg 1024w, https:\/\/www.grupoxcaret.com\/es\/wp-content\/uploads\/2025\/01\/IMG_5074-300x200.jpg 300w, https:\/\/www.grupoxcaret.com\/es\/wp-content\/uploads\/2025\/01\/IMG_5074-768x512.jpg 768w, https:\/\/www.grupoxcaret.com\/es\/wp-content\/uploads\/2025\/01\/IMG_5074-1536x1024.jpg 1536w, https:\/\/www.grupoxcaret.com\/es\/wp-content\/uploads\/2025\/01\/IMG_5074-2048x1365.jpg 2048w, https:\/\/www.grupoxcaret.com\/es\/wp-content\/uploads\/2025\/01\/IMG_5074-696x464.jpg 696w, https:\/\/www.grupoxcaret.com\/es\/wp-content\/uploads\/2025\/01\/IMG_5074-1068x712.jpg 1068w, https:\/\/www.grupoxcaret.com\/es\/wp-content\/uploads\/2025\/01\/IMG_5074-630x420.jpg 630w\" sizes=\"(max-width: 1024px) 100vw, 1024px\" \/><\/figure>\n\n\n\n<p>Con el prop\u00f3sito de mantener vivo el homenaje a los participantes de la primera edici\u00f3n,&nbsp;ya se ha comenzado a distribuir&nbsp;la memoria de la&nbsp;Feria Xcaret de Arte Popular&nbsp;Mexicano&nbsp;2024, un libro que destaca de manera excepcional algunas de las im\u00e1genes m\u00e1s representativas del evento. Este volumen tambi\u00e9n incluye&nbsp;un valioso registro de cada una de las personas artesanas, junto con sus piezas y datos de contacto, convirti\u00e9ndolo en un recurso invaluable para quienes deseen conocer m\u00e1s sobre el talento artesanal mexicano.<\/p>\n\n\n\n<p>Se invita a todos los amantes del arte&nbsp;popular&nbsp;y la cultura&nbsp;mexicana&nbsp;a unirse en esta celebraci\u00f3n del talento y la creatividad que caracteriza al pa\u00eds.<\/p>\n","protected":false},"excerpt":{"rendered":"<p>\u2022\u00a0Se llevar\u00e1 a cabo\u00a0del 25 al 28 de septiembre en el Parque Xcaret. \u2022\u00a0Se prev\u00e9 la participaci\u00f3n de\u00a0al menos\u00a0140\u00a0personas artesanas. \u2022\u00a0Se premiar\u00e1n las mejores piezas en cuatro categor\u00edas: Cer\u00e1mica, Textil, Madera y Otras t\u00e9cnicas. \u2022\u00a0Se incorpora una nueva categor\u00eda\u00a0especial\u00a0de\u00a0premiaci\u00f3n\u00a0este\u00a0a\u00f1o, inspirada\u00a0en la Virgen de Guadalupe Grupo Xcaret se complace en anunciar la celebraci\u00f3n de la Feria [&hellip;]<\/p>\n","protected":false},"author":8,"featured_media":6034,"comment_status":"closed","ping_status":"closed","sticky":false,"template":"","format":"standard","meta":[],"categories":[4,72,3],"tags":[],"yoast_head":"<!-- This site is optimized with the Yoast SEO plugin v17.6 - https:\/\/yoast.com\/wordpress\/plugins\/seo\/ -->\n<meta name=\"robots\" content=\"index, follow, max-snippet:-1, max-image-preview:large, max-video-preview:-1\" \/>\n<link rel=\"canonical\" href=\"https:\/\/www.grupoxcaret.com\/es\/la-feria-xcaret-de-arte-popular-mexicano-unica-en-su-tipo-en-mexico-celebrara-su-segunda-edicion-en-septiembre-de-2025\/\" \/>\n<meta property=\"og:locale\" content=\"es_ES\" \/>\n<meta property=\"og:type\" content=\"article\" \/>\n<meta property=\"og:title\" content=\"La Feria Xcaret de Arte\u00a0Popular\u00a0Mexicano,\u00a0\u00fanica\u00a0en su tipo en M\u00e9xico\u00a0celebrar\u00e1 su segunda edici\u00f3n\u00a0en septiembre de 2025 - Grupo Xcaret Sitio Corporativo\" \/>\n<meta property=\"og:description\" content=\"\u2022\u00a0Se llevar\u00e1 a cabo\u00a0del 25 al 28 de septiembre en el Parque Xcaret. \u2022\u00a0Se prev\u00e9 la participaci\u00f3n de\u00a0al menos\u00a0140\u00a0personas artesanas. \u2022\u00a0Se premiar\u00e1n las mejores piezas en cuatro categor\u00edas: Cer\u00e1mica, Textil, Madera y Otras t\u00e9cnicas. \u2022\u00a0Se incorpora una nueva categor\u00eda\u00a0especial\u00a0de\u00a0premiaci\u00f3n\u00a0este\u00a0a\u00f1o, inspirada\u00a0en la Virgen de Guadalupe Grupo Xcaret se complace en anunciar la celebraci\u00f3n de la Feria [&hellip;]\" \/>\n<meta property=\"og:url\" content=\"https:\/\/www.grupoxcaret.com\/es\/la-feria-xcaret-de-arte-popular-mexicano-unica-en-su-tipo-en-mexico-celebrara-su-segunda-edicion-en-septiembre-de-2025\/\" \/>\n<meta property=\"og:site_name\" content=\"Grupo Xcaret Sitio Corporativo\" \/>\n<meta property=\"article:published_time\" content=\"2025-01-21T22:36:34+00:00\" \/>\n<meta property=\"article:modified_time\" content=\"2025-01-21T22:36:53+00:00\" \/>\n<meta property=\"og:image\" content=\"https:\/\/www.grupoxcaret.com\/es\/wp-content\/uploads\/2025\/01\/IMG_5447-scaled.jpg\" \/>\n\t<meta property=\"og:image:width\" content=\"2560\" \/>\n\t<meta property=\"og:image:height\" content=\"1707\" \/>\n<meta name=\"twitter:card\" content=\"summary_large_image\" \/>\n<meta name=\"twitter:label1\" content=\"Escrito por\" \/>\n\t<meta name=\"twitter:data1\" content=\"dmendozav\" \/>\n\t<meta name=\"twitter:label2\" content=\"Tiempo de lectura\" \/>\n\t<meta name=\"twitter:data2\" content=\"3 minutos\" \/>\n<script type=\"application\/ld+json\" class=\"yoast-schema-graph\">{\"@context\":\"https:\/\/schema.org\",\"@graph\":[{\"@type\":\"Organization\",\"@id\":\"https:\/\/www.grupoxcaret.com\/es\/#organization\",\"name\":\"Grupo Xcaret\",\"url\":\"https:\/\/www.grupoxcaret.com\/es\/\",\"sameAs\":[],\"logo\":{\"@type\":\"ImageObject\",\"@id\":\"https:\/\/www.grupoxcaret.com\/es\/#logo\",\"inLanguage\":\"es\",\"url\":\"https:\/\/www.grupoxcaret.com\/es\/wp-content\/uploads\/2015\/04\/exx.png\",\"contentUrl\":\"https:\/\/www.grupoxcaret.com\/es\/wp-content\/uploads\/2015\/04\/exx.png\",\"width\":400,\"height\":136,\"caption\":\"Grupo Xcaret\"},\"image\":{\"@id\":\"https:\/\/www.grupoxcaret.com\/es\/#logo\"}},{\"@type\":\"WebSite\",\"@id\":\"https:\/\/www.grupoxcaret.com\/es\/#website\",\"url\":\"https:\/\/www.grupoxcaret.com\/es\/\",\"name\":\"Grupo Xcaret Sitio Corporativo\",\"description\":\"Conoce el sitio corporativo de Grupo Xcaret. Encuentra informaci\\u00f3n relevante acerca de nuestra historia, marcas, filosof\\u00eda empresarial, pol\\u00edtica de sostenibilidad y mucho m\\u00e1s.\",\"publisher\":{\"@id\":\"https:\/\/www.grupoxcaret.com\/es\/#organization\"},\"potentialAction\":[{\"@type\":\"SearchAction\",\"target\":{\"@type\":\"EntryPoint\",\"urlTemplate\":\"https:\/\/www.grupoxcaret.com\/es\/?s={search_term_string}\"},\"query-input\":\"required name=search_term_string\"}],\"inLanguage\":\"es\"},{\"@type\":\"ImageObject\",\"@id\":\"https:\/\/www.grupoxcaret.com\/es\/la-feria-xcaret-de-arte-popular-mexicano-unica-en-su-tipo-en-mexico-celebrara-su-segunda-edicion-en-septiembre-de-2025\/#primaryimage\",\"inLanguage\":\"es\",\"url\":\"https:\/\/www.grupoxcaret.com\/es\/wp-content\/uploads\/2025\/01\/IMG_5447-scaled.jpg\",\"contentUrl\":\"https:\/\/www.grupoxcaret.com\/es\/wp-content\/uploads\/2025\/01\/IMG_5447-scaled.jpg\",\"width\":2560,\"height\":1707},{\"@type\":\"WebPage\",\"@id\":\"https:\/\/www.grupoxcaret.com\/es\/la-feria-xcaret-de-arte-popular-mexicano-unica-en-su-tipo-en-mexico-celebrara-su-segunda-edicion-en-septiembre-de-2025\/#webpage\",\"url\":\"https:\/\/www.grupoxcaret.com\/es\/la-feria-xcaret-de-arte-popular-mexicano-unica-en-su-tipo-en-mexico-celebrara-su-segunda-edicion-en-septiembre-de-2025\/\",\"name\":\"La Feria Xcaret de Arte\\u00a0Popular\\u00a0Mexicano,\\u00a0\\u00fanica\\u00a0en su tipo en M\\u00e9xico\\u00a0celebrar\\u00e1 su segunda edici\\u00f3n\\u00a0en septiembre de 2025 - Grupo Xcaret Sitio Corporativo\",\"isPartOf\":{\"@id\":\"https:\/\/www.grupoxcaret.com\/es\/#website\"},\"primaryImageOfPage\":{\"@id\":\"https:\/\/www.grupoxcaret.com\/es\/la-feria-xcaret-de-arte-popular-mexicano-unica-en-su-tipo-en-mexico-celebrara-su-segunda-edicion-en-septiembre-de-2025\/#primaryimage\"},\"datePublished\":\"2025-01-21T22:36:34+00:00\",\"dateModified\":\"2025-01-21T22:36:53+00:00\",\"breadcrumb\":{\"@id\":\"https:\/\/www.grupoxcaret.com\/es\/la-feria-xcaret-de-arte-popular-mexicano-unica-en-su-tipo-en-mexico-celebrara-su-segunda-edicion-en-septiembre-de-2025\/#breadcrumb\"},\"inLanguage\":\"es\",\"potentialAction\":[{\"@type\":\"ReadAction\",\"target\":[\"https:\/\/www.grupoxcaret.com\/es\/la-feria-xcaret-de-arte-popular-mexicano-unica-en-su-tipo-en-mexico-celebrara-su-segunda-edicion-en-septiembre-de-2025\/\"]}]},{\"@type\":\"BreadcrumbList\",\"@id\":\"https:\/\/www.grupoxcaret.com\/es\/la-feria-xcaret-de-arte-popular-mexicano-unica-en-su-tipo-en-mexico-celebrara-su-segunda-edicion-en-septiembre-de-2025\/#breadcrumb\",\"itemListElement\":[{\"@type\":\"ListItem\",\"position\":1,\"name\":\"Inicio\",\"item\":\"https:\/\/www.grupoxcaret.com\/es\/\"},{\"@type\":\"ListItem\",\"position\":2,\"name\":\"Sala de Prensa\",\"item\":\"https:\/\/www.grupoxcaret.com\/es\/seccion\/sala-de-prensa\/\"},{\"@type\":\"ListItem\",\"position\":3,\"name\":\"La Feria Xcaret de Arte\\u00a0Popular\\u00a0Mexicano,\\u00a0\\u00fanica\\u00a0en su tipo en M\\u00e9xico\\u00a0celebrar\\u00e1 su segunda edici\\u00f3n\\u00a0en septiembre de 2025\"}]},{\"@type\":\"Article\",\"@id\":\"https:\/\/www.grupoxcaret.com\/es\/la-feria-xcaret-de-arte-popular-mexicano-unica-en-su-tipo-en-mexico-celebrara-su-segunda-edicion-en-septiembre-de-2025\/#article\",\"isPartOf\":{\"@id\":\"https:\/\/www.grupoxcaret.com\/es\/la-feria-xcaret-de-arte-popular-mexicano-unica-en-su-tipo-en-mexico-celebrara-su-segunda-edicion-en-septiembre-de-2025\/#webpage\"},\"author\":{\"@id\":\"https:\/\/www.grupoxcaret.com\/es\/#\/schema\/person\/a063bfd3f2c8806ec176d4b2afba737f\"},\"headline\":\"La Feria Xcaret de Arte\\u00a0Popular\\u00a0Mexicano,\\u00a0\\u00fanica\\u00a0en su tipo en M\\u00e9xico\\u00a0celebrar\\u00e1 su segunda edici\\u00f3n\\u00a0en septiembre de 2025\",\"datePublished\":\"2025-01-21T22:36:34+00:00\",\"dateModified\":\"2025-01-21T22:36:53+00:00\",\"mainEntityOfPage\":{\"@id\":\"https:\/\/www.grupoxcaret.com\/es\/la-feria-xcaret-de-arte-popular-mexicano-unica-en-su-tipo-en-mexico-celebrara-su-segunda-edicion-en-septiembre-de-2025\/#webpage\"},\"wordCount\":713,\"publisher\":{\"@id\":\"https:\/\/www.grupoxcaret.com\/es\/#organization\"},\"image\":{\"@id\":\"https:\/\/www.grupoxcaret.com\/es\/la-feria-xcaret-de-arte-popular-mexicano-unica-en-su-tipo-en-mexico-celebrara-su-segunda-edicion-en-septiembre-de-2025\/#primaryimage\"},\"thumbnailUrl\":\"https:\/\/www.grupoxcaret.com\/es\/wp-content\/uploads\/2025\/01\/IMG_5447-scaled.jpg\",\"articleSection\":[\"Boletines de Prensa\",\"Destacados\",\"Sala de Prensa\"],\"inLanguage\":\"es\"},{\"@type\":\"Person\",\"@id\":\"https:\/\/www.grupoxcaret.com\/es\/#\/schema\/person\/a063bfd3f2c8806ec176d4b2afba737f\",\"name\":\"dmendozav\",\"image\":{\"@type\":\"ImageObject\",\"@id\":\"https:\/\/www.grupoxcaret.com\/es\/#personlogo\",\"inLanguage\":\"es\",\"url\":\"https:\/\/secure.gravatar.com\/avatar\/d0971a818d7242eb0e6a9b000cb0cb6c?s=96&d=mm&r=g\",\"contentUrl\":\"https:\/\/secure.gravatar.com\/avatar\/d0971a818d7242eb0e6a9b000cb0cb6c?s=96&d=mm&r=g\",\"caption\":\"dmendozav\"},\"url\":\"https:\/\/www.grupoxcaret.com\/es\/author\/dmendozav\/\"}]}<\/script>\n<!-- \/ Yoast SEO plugin. -->","yoast_head_json":{"robots":{"index":"index","follow":"follow","max-snippet":"max-snippet:-1","max-image-preview":"max-image-preview:large","max-video-preview":"max-video-preview:-1"},"canonical":"https:\/\/www.grupoxcaret.com\/es\/la-feria-xcaret-de-arte-popular-mexicano-unica-en-su-tipo-en-mexico-celebrara-su-segunda-edicion-en-septiembre-de-2025\/","og_locale":"es_ES","og_type":"article","og_title":"La Feria Xcaret de Arte\u00a0Popular\u00a0Mexicano,\u00a0\u00fanica\u00a0en su tipo en M\u00e9xico\u00a0celebrar\u00e1 su segunda edici\u00f3n\u00a0en septiembre de 2025 - Grupo Xcaret Sitio Corporativo","og_description":"\u2022\u00a0Se llevar\u00e1 a cabo\u00a0del 25 al 28 de septiembre en el Parque Xcaret. \u2022\u00a0Se prev\u00e9 la participaci\u00f3n de\u00a0al menos\u00a0140\u00a0personas artesanas. \u2022\u00a0Se premiar\u00e1n las mejores piezas en cuatro categor\u00edas: Cer\u00e1mica, Textil, Madera y Otras t\u00e9cnicas. \u2022\u00a0Se incorpora una nueva categor\u00eda\u00a0especial\u00a0de\u00a0premiaci\u00f3n\u00a0este\u00a0a\u00f1o, inspirada\u00a0en la Virgen de Guadalupe Grupo Xcaret se complace en anunciar la celebraci\u00f3n de la Feria [&hellip;]","og_url":"https:\/\/www.grupoxcaret.com\/es\/la-feria-xcaret-de-arte-popular-mexicano-unica-en-su-tipo-en-mexico-celebrara-su-segunda-edicion-en-septiembre-de-2025\/","og_site_name":"Grupo Xcaret Sitio Corporativo","article_published_time":"2025-01-21T22:36:34+00:00","article_modified_time":"2025-01-21T22:36:53+00:00","og_image":[{"width":2560,"height":1707,"url":"https:\/\/www.grupoxcaret.com\/es\/wp-content\/uploads\/2025\/01\/IMG_5447-scaled.jpg","type":"image\/jpeg"}],"twitter_card":"summary_large_image","twitter_misc":{"Escrito por":"dmendozav","Tiempo de lectura":"3 minutos"},"schema":{"@context":"https:\/\/schema.org","@graph":[{"@type":"Organization","@id":"https:\/\/www.grupoxcaret.com\/es\/#organization","name":"Grupo Xcaret","url":"https:\/\/www.grupoxcaret.com\/es\/","sameAs":[],"logo":{"@type":"ImageObject","@id":"https:\/\/www.grupoxcaret.com\/es\/#logo","inLanguage":"es","url":"https:\/\/www.grupoxcaret.com\/es\/wp-content\/uploads\/2015\/04\/exx.png","contentUrl":"https:\/\/www.grupoxcaret.com\/es\/wp-content\/uploads\/2015\/04\/exx.png","width":400,"height":136,"caption":"Grupo Xcaret"},"image":{"@id":"https:\/\/www.grupoxcaret.com\/es\/#logo"}},{"@type":"WebSite","@id":"https:\/\/www.grupoxcaret.com\/es\/#website","url":"https:\/\/www.grupoxcaret.com\/es\/","name":"Grupo Xcaret Sitio Corporativo","description":"Conoce el sitio corporativo de Grupo Xcaret. Encuentra informaci\u00f3n relevante acerca de nuestra historia, marcas, filosof\u00eda empresarial, pol\u00edtica de sostenibilidad y mucho m\u00e1s.","publisher":{"@id":"https:\/\/www.grupoxcaret.com\/es\/#organization"},"potentialAction":[{"@type":"SearchAction","target":{"@type":"EntryPoint","urlTemplate":"https:\/\/www.grupoxcaret.com\/es\/?s={search_term_string}"},"query-input":"required name=search_term_string"}],"inLanguage":"es"},{"@type":"ImageObject","@id":"https:\/\/www.grupoxcaret.com\/es\/la-feria-xcaret-de-arte-popular-mexicano-unica-en-su-tipo-en-mexico-celebrara-su-segunda-edicion-en-septiembre-de-2025\/#primaryimage","inLanguage":"es","url":"https:\/\/www.grupoxcaret.com\/es\/wp-content\/uploads\/2025\/01\/IMG_5447-scaled.jpg","contentUrl":"https:\/\/www.grupoxcaret.com\/es\/wp-content\/uploads\/2025\/01\/IMG_5447-scaled.jpg","width":2560,"height":1707},{"@type":"WebPage","@id":"https:\/\/www.grupoxcaret.com\/es\/la-feria-xcaret-de-arte-popular-mexicano-unica-en-su-tipo-en-mexico-celebrara-su-segunda-edicion-en-septiembre-de-2025\/#webpage","url":"https:\/\/www.grupoxcaret.com\/es\/la-feria-xcaret-de-arte-popular-mexicano-unica-en-su-tipo-en-mexico-celebrara-su-segunda-edicion-en-septiembre-de-2025\/","name":"La Feria Xcaret de Arte\u00a0Popular\u00a0Mexicano,\u00a0\u00fanica\u00a0en su tipo en M\u00e9xico\u00a0celebrar\u00e1 su segunda edici\u00f3n\u00a0en septiembre de 2025 - Grupo Xcaret Sitio Corporativo","isPartOf":{"@id":"https:\/\/www.grupoxcaret.com\/es\/#website"},"primaryImageOfPage":{"@id":"https:\/\/www.grupoxcaret.com\/es\/la-feria-xcaret-de-arte-popular-mexicano-unica-en-su-tipo-en-mexico-celebrara-su-segunda-edicion-en-septiembre-de-2025\/#primaryimage"},"datePublished":"2025-01-21T22:36:34+00:00","dateModified":"2025-01-21T22:36:53+00:00","breadcrumb":{"@id":"https:\/\/www.grupoxcaret.com\/es\/la-feria-xcaret-de-arte-popular-mexicano-unica-en-su-tipo-en-mexico-celebrara-su-segunda-edicion-en-septiembre-de-2025\/#breadcrumb"},"inLanguage":"es","potentialAction":[{"@type":"ReadAction","target":["https:\/\/www.grupoxcaret.com\/es\/la-feria-xcaret-de-arte-popular-mexicano-unica-en-su-tipo-en-mexico-celebrara-su-segunda-edicion-en-septiembre-de-2025\/"]}]},{"@type":"BreadcrumbList","@id":"https:\/\/www.grupoxcaret.com\/es\/la-feria-xcaret-de-arte-popular-mexicano-unica-en-su-tipo-en-mexico-celebrara-su-segunda-edicion-en-septiembre-de-2025\/#breadcrumb","itemListElement":[{"@type":"ListItem","position":1,"name":"Inicio","item":"https:\/\/www.grupoxcaret.com\/es\/"},{"@type":"ListItem","position":2,"name":"Sala de Prensa","item":"https:\/\/www.grupoxcaret.com\/es\/seccion\/sala-de-prensa\/"},{"@type":"ListItem","position":3,"name":"La Feria Xcaret de Arte\u00a0Popular\u00a0Mexicano,\u00a0\u00fanica\u00a0en su tipo en M\u00e9xico\u00a0celebrar\u00e1 su segunda edici\u00f3n\u00a0en septiembre de 2025"}]},{"@type":"Article","@id":"https:\/\/www.grupoxcaret.com\/es\/la-feria-xcaret-de-arte-popular-mexicano-unica-en-su-tipo-en-mexico-celebrara-su-segunda-edicion-en-septiembre-de-2025\/#article","isPartOf":{"@id":"https:\/\/www.grupoxcaret.com\/es\/la-feria-xcaret-de-arte-popular-mexicano-unica-en-su-tipo-en-mexico-celebrara-su-segunda-edicion-en-septiembre-de-2025\/#webpage"},"author":{"@id":"https:\/\/www.grupoxcaret.com\/es\/#\/schema\/person\/a063bfd3f2c8806ec176d4b2afba737f"},"headline":"La Feria Xcaret de Arte\u00a0Popular\u00a0Mexicano,\u00a0\u00fanica\u00a0en su tipo en M\u00e9xico\u00a0celebrar\u00e1 su segunda edici\u00f3n\u00a0en septiembre de 2025","datePublished":"2025-01-21T22:36:34+00:00","dateModified":"2025-01-21T22:36:53+00:00","mainEntityOfPage":{"@id":"https:\/\/www.grupoxcaret.com\/es\/la-feria-xcaret-de-arte-popular-mexicano-unica-en-su-tipo-en-mexico-celebrara-su-segunda-edicion-en-septiembre-de-2025\/#webpage"},"wordCount":713,"publisher":{"@id":"https:\/\/www.grupoxcaret.com\/es\/#organization"},"image":{"@id":"https:\/\/www.grupoxcaret.com\/es\/la-feria-xcaret-de-arte-popular-mexicano-unica-en-su-tipo-en-mexico-celebrara-su-segunda-edicion-en-septiembre-de-2025\/#primaryimage"},"thumbnailUrl":"https:\/\/www.grupoxcaret.com\/es\/wp-content\/uploads\/2025\/01\/IMG_5447-scaled.jpg","articleSection":["Boletines de Prensa","Destacados","Sala de Prensa"],"inLanguage":"es"},{"@type":"Person","@id":"https:\/\/www.grupoxcaret.com\/es\/#\/schema\/person\/a063bfd3f2c8806ec176d4b2afba737f","name":"dmendozav","image":{"@type":"ImageObject","@id":"https:\/\/www.grupoxcaret.com\/es\/#personlogo","inLanguage":"es","url":"https:\/\/secure.gravatar.com\/avatar\/d0971a818d7242eb0e6a9b000cb0cb6c?s=96&d=mm&r=g","contentUrl":"https:\/\/secure.gravatar.com\/avatar\/d0971a818d7242eb0e6a9b000cb0cb6c?s=96&d=mm&r=g","caption":"dmendozav"},"url":"https:\/\/www.grupoxcaret.com\/es\/author\/dmendozav\/"}]}},"amp_enabled":true,"_links":{"self":[{"href":"https:\/\/www.grupoxcaret.com\/es\/wp-json\/wp\/v2\/posts\/6027"}],"collection":[{"href":"https:\/\/www.grupoxcaret.com\/es\/wp-json\/wp\/v2\/posts"}],"about":[{"href":"https:\/\/www.grupoxcaret.com\/es\/wp-json\/wp\/v2\/types\/post"}],"author":[{"embeddable":true,"href":"https:\/\/www.grupoxcaret.com\/es\/wp-json\/wp\/v2\/users\/8"}],"replies":[{"embeddable":true,"href":"https:\/\/www.grupoxcaret.com\/es\/wp-json\/wp\/v2\/comments?post=6027"}],"version-history":[{"count":1,"href":"https:\/\/www.grupoxcaret.com\/es\/wp-json\/wp\/v2\/posts\/6027\/revisions"}],"predecessor-version":[{"id":6036,"href":"https:\/\/www.grupoxcaret.com\/es\/wp-json\/wp\/v2\/posts\/6027\/revisions\/6036"}],"wp:featuredmedia":[{"embeddable":true,"href":"https:\/\/www.grupoxcaret.com\/es\/wp-json\/wp\/v2\/media\/6034"}],"wp:attachment":[{"href":"https:\/\/www.grupoxcaret.com\/es\/wp-json\/wp\/v2\/media?parent=6027"}],"wp:term":[{"taxonomy":"category","embeddable":true,"href":"https:\/\/www.grupoxcaret.com\/es\/wp-json\/wp\/v2\/categories?post=6027"},{"taxonomy":"post_tag","embeddable":true,"href":"https:\/\/www.grupoxcaret.com\/es\/wp-json\/wp\/v2\/tags?post=6027"}],"curies":[{"name":"wp","href":"https:\/\/api.w.org\/{rel}","templated":true}]}}