{"id":5950,"date":"2024-09-24T22:03:29","date_gmt":"2024-09-24T22:03:29","guid":{"rendered":"https:\/\/www.grupoxcaret.com\/es\/?p=5950"},"modified":"2024-09-24T22:03:49","modified_gmt":"2024-09-24T22:03:49","slug":"grupo-xcaret-informa","status":"publish","type":"post","link":"https:\/\/www.grupoxcaret.com\/es\/grupo-xcaret-informa\/","title":{"rendered":"\u00a0GRUPO XCARET INFORMA\u00a0"},"content":{"rendered":"\n<p>&nbsp;Conforme a la informaci\u00f3n proporcionada por las autoridades actualmente nos encontramos en alerta amarilla municipio de Benito Ju\u00e1rez y Puerto Morelos y en alerta verde en el Municipio de Solidaridad,&nbsp;<\/p>\n\n\n\n<p>Asimismo, este comunicado tiene como objetivo informar sobre la situaci\u00f3n de nuestras operaciones en relaci\u00f3n con la tormenta tropical Helene, misma que se encuentra actualmente en el mar caribe entre Cuba y Guatemala y tiene una trayectoria hacia el norte, contemplando que se aproxime a Canc\u00fan en la madrugada del 25 de septiembre&nbsp;<\/p>\n\n\n\n<p>Con la finalidad de salvaguardar la integridad de nuestros visitantes, socios y colaboradores, hemos tomado las siguientes medidas en nuestros parques, tours y naviera:&nbsp;<\/p>\n\n\n\n<p>24 de septiembre:&nbsp;<\/p>\n\n\n\n<ul><li><strong>Parques: Operan normalmente <\/strong>todos los parques de Grupo Xcaret con excepci\u00f3n de <strong>Xoximilco <\/strong>que <strong>permanecer\u00e1 cerrado.&nbsp;<\/strong><\/li><li><strong>Tours: <\/strong>Por encontrarnos en alerta amarilla la transportaci\u00f3n <strong>desde Canc\u00fan <\/strong>a Xplor Fuego y Xenses Insomnia se suspende.&nbsp;<\/li><li><strong>Xailing: Operaci\u00f3n de <\/strong>Ferries, Catamaranes y Yates permanecen cerrados hasta nuevo aviso de la autoridad del puerto.&nbsp;<\/li><\/ul>\n\n\n\n<p><strong>25 de septiembre:&nbsp;<\/strong><\/p>\n\n\n\n<ul><li><strong>Parques: Operan normalmente todos los parques <\/strong>de Grupo Xcaret <strong>con excepci\u00f3n de Xavage y Xenotes <\/strong>que permanecer\u00e1 cerrado por el clima.&nbsp;<\/li><li><strong>Tours: No operar\u00e1n desde Cancun <\/strong>tours diurnos (Xcaret, Xel-H\u00e1, Xplor, Xenses, Xich\u00e9n Lujo y Cl\u00e1sico). La operaci\u00f3n con<strong>Transporte desde Canc\u00fan <\/strong>a Xplor Fuego y Xenses Insomnia, se retoma de forma regular. Los <strong>tours desde Riviera Maya estar\u00e1n operando de forma regular.&nbsp;<\/strong><\/li><li><strong>Xailing: <\/strong>Operaci\u00f3n de Ferries, Catamaranes y Yates preparados para abrir en el momento que la autoridad lo indique.&nbsp;<\/li><\/ul>\n\n\n\n<p>Para conocer actualizaciones de los servicios ofrecidos por Xcaret Xailing, los invitamos a entrar a nuestras redes sociales para que puedan ver las actualizaciones de horarios.&nbsp;<\/p>\n\n\n\n<p>Cabe se\u00f1alar que los Hoteles de Grupo Xcaret contin\u00faan operando de manera normal, manteniendo atenci\u00f3n a las instrucciones de las autoridades.&nbsp;<\/p>\n\n\n\n<p>Actualizaremos la informaci\u00f3n relacionada con nuestras operaciones de acuerdo con el avance de esta perturbaci\u00f3n y la informaci\u00f3n de las autoridades. En Grupo Xcaret, seguimos nuestro primer valor de \u00abSeguridad ante todo\u00bb y contamos con los protocolos pertinentes para enfrentar este tipo de contingencias.&nbsp;<\/p>\n\n\n\n<p>El estado de Quintana Roo, donde nos encontramos ubicados, es reconocido a nivel mundial por su sistema de protecci\u00f3n civil y sus acciones responsables ante estos eventos. Estaremos atentos a los canales oficiales y a las indicaciones de las autoridades.&nbsp;<\/p>\n\n\n\n<p><\/p>\n\n\n\n<p>Atentamente&nbsp;<\/p>\n\n\n\n<p>Grupo Xcaret&nbsp;<\/p>\n","protected":false},"excerpt":{"rendered":"<p>&nbsp;Conforme a la informaci\u00f3n proporcionada por las autoridades actualmente nos encontramos en alerta amarilla municipio de Benito Ju\u00e1rez y Puerto Morelos y en alerta verde en el Municipio de Solidaridad,&nbsp; Asimismo, este comunicado tiene como objetivo informar sobre la situaci\u00f3n de nuestras operaciones en relaci\u00f3n con la tormenta tropical Helene, misma que se encuentra actualmente [&hellip;]<\/p>\n","protected":false},"author":8,"featured_media":5189,"comment_status":"closed","ping_status":"closed","sticky":false,"template":"","format":"standard","meta":[],"categories":[4,3],"tags":[],"yoast_head":"<!-- This site is optimized with the Yoast SEO plugin v17.6 - https:\/\/yoast.com\/wordpress\/plugins\/seo\/ -->\n<meta name=\"robots\" content=\"index, follow, max-snippet:-1, max-image-preview:large, max-video-preview:-1\" \/>\n<link rel=\"canonical\" href=\"https:\/\/www.grupoxcaret.com\/es\/grupo-xcaret-informa\/\" \/>\n<meta property=\"og:locale\" content=\"es_ES\" \/>\n<meta property=\"og:type\" content=\"article\" \/>\n<meta property=\"og:title\" content=\"\u00a0GRUPO XCARET INFORMA\u00a0 - Grupo Xcaret Sitio Corporativo\" \/>\n<meta property=\"og:description\" content=\"&nbsp;Conforme a la informaci\u00f3n proporcionada por las autoridades actualmente nos encontramos en alerta amarilla municipio de Benito Ju\u00e1rez y Puerto Morelos y en alerta verde en el Municipio de Solidaridad,&nbsp; Asimismo, este comunicado tiene como objetivo informar sobre la situaci\u00f3n de nuestras operaciones en relaci\u00f3n con la tormenta tropical Helene, misma que se encuentra actualmente [&hellip;]\" \/>\n<meta property=\"og:url\" content=\"https:\/\/www.grupoxcaret.com\/es\/grupo-xcaret-informa\/\" \/>\n<meta property=\"og:site_name\" content=\"Grupo Xcaret Sitio Corporativo\" \/>\n<meta property=\"article:published_time\" content=\"2024-09-24T22:03:29+00:00\" \/>\n<meta property=\"article:modified_time\" content=\"2024-09-24T22:03:49+00:00\" \/>\n<meta property=\"og:image\" content=\"https:\/\/www.grupoxcaret.com\/es\/wp-content\/uploads\/2022\/12\/logo-grupo-xc-2.jpg\" \/>\n\t<meta property=\"og:image:width\" content=\"848\" \/>\n\t<meta property=\"og:image:height\" content=\"478\" \/>\n<meta name=\"twitter:card\" content=\"summary_large_image\" \/>\n<meta name=\"twitter:label1\" content=\"Escrito por\" \/>\n\t<meta name=\"twitter:data1\" content=\"dmendozav\" \/>\n\t<meta name=\"twitter:label2\" content=\"Tiempo de lectura\" \/>\n\t<meta name=\"twitter:data2\" content=\"2 minutos\" \/>\n<script type=\"application\/ld+json\" class=\"yoast-schema-graph\">{\"@context\":\"https:\/\/schema.org\",\"@graph\":[{\"@type\":\"Organization\",\"@id\":\"https:\/\/www.grupoxcaret.com\/es\/#organization\",\"name\":\"Grupo Xcaret\",\"url\":\"https:\/\/www.grupoxcaret.com\/es\/\",\"sameAs\":[],\"logo\":{\"@type\":\"ImageObject\",\"@id\":\"https:\/\/www.grupoxcaret.com\/es\/#logo\",\"inLanguage\":\"es\",\"url\":\"https:\/\/www.grupoxcaret.com\/es\/wp-content\/uploads\/2015\/04\/exx.png\",\"contentUrl\":\"https:\/\/www.grupoxcaret.com\/es\/wp-content\/uploads\/2015\/04\/exx.png\",\"width\":400,\"height\":136,\"caption\":\"Grupo Xcaret\"},\"image\":{\"@id\":\"https:\/\/www.grupoxcaret.com\/es\/#logo\"}},{\"@type\":\"WebSite\",\"@id\":\"https:\/\/www.grupoxcaret.com\/es\/#website\",\"url\":\"https:\/\/www.grupoxcaret.com\/es\/\",\"name\":\"Grupo Xcaret Sitio Corporativo\",\"description\":\"Conoce el sitio corporativo de Grupo Xcaret. Encuentra informaci\\u00f3n relevante acerca de nuestra historia, marcas, filosof\\u00eda empresarial, pol\\u00edtica de sostenibilidad y mucho m\\u00e1s.\",\"publisher\":{\"@id\":\"https:\/\/www.grupoxcaret.com\/es\/#organization\"},\"potentialAction\":[{\"@type\":\"SearchAction\",\"target\":{\"@type\":\"EntryPoint\",\"urlTemplate\":\"https:\/\/www.grupoxcaret.com\/es\/?s={search_term_string}\"},\"query-input\":\"required name=search_term_string\"}],\"inLanguage\":\"es\"},{\"@type\":\"ImageObject\",\"@id\":\"https:\/\/www.grupoxcaret.com\/es\/grupo-xcaret-informa\/#primaryimage\",\"inLanguage\":\"es\",\"url\":\"https:\/\/www.grupoxcaret.com\/es\/wp-content\/uploads\/2022\/12\/logo-grupo-xc-2.jpg\",\"contentUrl\":\"https:\/\/www.grupoxcaret.com\/es\/wp-content\/uploads\/2022\/12\/logo-grupo-xc-2.jpg\",\"width\":848,\"height\":478},{\"@type\":\"WebPage\",\"@id\":\"https:\/\/www.grupoxcaret.com\/es\/grupo-xcaret-informa\/#webpage\",\"url\":\"https:\/\/www.grupoxcaret.com\/es\/grupo-xcaret-informa\/\",\"name\":\"\\u00a0GRUPO XCARET INFORMA\\u00a0 - Grupo Xcaret Sitio Corporativo\",\"isPartOf\":{\"@id\":\"https:\/\/www.grupoxcaret.com\/es\/#website\"},\"primaryImageOfPage\":{\"@id\":\"https:\/\/www.grupoxcaret.com\/es\/grupo-xcaret-informa\/#primaryimage\"},\"datePublished\":\"2024-09-24T22:03:29+00:00\",\"dateModified\":\"2024-09-24T22:03:49+00:00\",\"breadcrumb\":{\"@id\":\"https:\/\/www.grupoxcaret.com\/es\/grupo-xcaret-informa\/#breadcrumb\"},\"inLanguage\":\"es\",\"potentialAction\":[{\"@type\":\"ReadAction\",\"target\":[\"https:\/\/www.grupoxcaret.com\/es\/grupo-xcaret-informa\/\"]}]},{\"@type\":\"BreadcrumbList\",\"@id\":\"https:\/\/www.grupoxcaret.com\/es\/grupo-xcaret-informa\/#breadcrumb\",\"itemListElement\":[{\"@type\":\"ListItem\",\"position\":1,\"name\":\"Inicio\",\"item\":\"https:\/\/www.grupoxcaret.com\/es\/\"},{\"@type\":\"ListItem\",\"position\":2,\"name\":\"Sala de Prensa\",\"item\":\"https:\/\/www.grupoxcaret.com\/es\/seccion\/sala-de-prensa\/\"},{\"@type\":\"ListItem\",\"position\":3,\"name\":\"\\u00a0GRUPO XCARET INFORMA\\u00a0\"}]},{\"@type\":\"Article\",\"@id\":\"https:\/\/www.grupoxcaret.com\/es\/grupo-xcaret-informa\/#article\",\"isPartOf\":{\"@id\":\"https:\/\/www.grupoxcaret.com\/es\/grupo-xcaret-informa\/#webpage\"},\"author\":{\"@id\":\"https:\/\/www.grupoxcaret.com\/es\/#\/schema\/person\/a063bfd3f2c8806ec176d4b2afba737f\"},\"headline\":\"\\u00a0GRUPO XCARET INFORMA\\u00a0\",\"datePublished\":\"2024-09-24T22:03:29+00:00\",\"dateModified\":\"2024-09-24T22:03:49+00:00\",\"mainEntityOfPage\":{\"@id\":\"https:\/\/www.grupoxcaret.com\/es\/grupo-xcaret-informa\/#webpage\"},\"wordCount\":420,\"publisher\":{\"@id\":\"https:\/\/www.grupoxcaret.com\/es\/#organization\"},\"image\":{\"@id\":\"https:\/\/www.grupoxcaret.com\/es\/grupo-xcaret-informa\/#primaryimage\"},\"thumbnailUrl\":\"https:\/\/www.grupoxcaret.com\/es\/wp-content\/uploads\/2022\/12\/logo-grupo-xc-2.jpg\",\"articleSection\":[\"Boletines de Prensa\",\"Sala de Prensa\"],\"inLanguage\":\"es\"},{\"@type\":\"Person\",\"@id\":\"https:\/\/www.grupoxcaret.com\/es\/#\/schema\/person\/a063bfd3f2c8806ec176d4b2afba737f\",\"name\":\"dmendozav\",\"image\":{\"@type\":\"ImageObject\",\"@id\":\"https:\/\/www.grupoxcaret.com\/es\/#personlogo\",\"inLanguage\":\"es\",\"url\":\"https:\/\/secure.gravatar.com\/avatar\/d0971a818d7242eb0e6a9b000cb0cb6c?s=96&d=mm&r=g\",\"contentUrl\":\"https:\/\/secure.gravatar.com\/avatar\/d0971a818d7242eb0e6a9b000cb0cb6c?s=96&d=mm&r=g\",\"caption\":\"dmendozav\"},\"url\":\"https:\/\/www.grupoxcaret.com\/es\/author\/dmendozav\/\"}]}<\/script>\n<!-- \/ Yoast SEO plugin. -->","yoast_head_json":{"robots":{"index":"index","follow":"follow","max-snippet":"max-snippet:-1","max-image-preview":"max-image-preview:large","max-video-preview":"max-video-preview:-1"},"canonical":"https:\/\/www.grupoxcaret.com\/es\/grupo-xcaret-informa\/","og_locale":"es_ES","og_type":"article","og_title":"\u00a0GRUPO XCARET INFORMA\u00a0 - Grupo Xcaret Sitio Corporativo","og_description":"&nbsp;Conforme a la informaci\u00f3n proporcionada por las autoridades actualmente nos encontramos en alerta amarilla municipio de Benito Ju\u00e1rez y Puerto Morelos y en alerta verde en el Municipio de Solidaridad,&nbsp; Asimismo, este comunicado tiene como objetivo informar sobre la situaci\u00f3n de nuestras operaciones en relaci\u00f3n con la tormenta tropical Helene, misma que se encuentra actualmente [&hellip;]","og_url":"https:\/\/www.grupoxcaret.com\/es\/grupo-xcaret-informa\/","og_site_name":"Grupo Xcaret Sitio Corporativo","article_published_time":"2024-09-24T22:03:29+00:00","article_modified_time":"2024-09-24T22:03:49+00:00","og_image":[{"width":848,"height":478,"url":"https:\/\/www.grupoxcaret.com\/es\/wp-content\/uploads\/2022\/12\/logo-grupo-xc-2.jpg","type":"image\/jpeg"}],"twitter_card":"summary_large_image","twitter_misc":{"Escrito por":"dmendozav","Tiempo de lectura":"2 minutos"},"schema":{"@context":"https:\/\/schema.org","@graph":[{"@type":"Organization","@id":"https:\/\/www.grupoxcaret.com\/es\/#organization","name":"Grupo Xcaret","url":"https:\/\/www.grupoxcaret.com\/es\/","sameAs":[],"logo":{"@type":"ImageObject","@id":"https:\/\/www.grupoxcaret.com\/es\/#logo","inLanguage":"es","url":"https:\/\/www.grupoxcaret.com\/es\/wp-content\/uploads\/2015\/04\/exx.png","contentUrl":"https:\/\/www.grupoxcaret.com\/es\/wp-content\/uploads\/2015\/04\/exx.png","width":400,"height":136,"caption":"Grupo Xcaret"},"image":{"@id":"https:\/\/www.grupoxcaret.com\/es\/#logo"}},{"@type":"WebSite","@id":"https:\/\/www.grupoxcaret.com\/es\/#website","url":"https:\/\/www.grupoxcaret.com\/es\/","name":"Grupo Xcaret Sitio Corporativo","description":"Conoce el sitio corporativo de Grupo Xcaret. Encuentra informaci\u00f3n relevante acerca de nuestra historia, marcas, filosof\u00eda empresarial, pol\u00edtica de sostenibilidad y mucho m\u00e1s.","publisher":{"@id":"https:\/\/www.grupoxcaret.com\/es\/#organization"},"potentialAction":[{"@type":"SearchAction","target":{"@type":"EntryPoint","urlTemplate":"https:\/\/www.grupoxcaret.com\/es\/?s={search_term_string}"},"query-input":"required name=search_term_string"}],"inLanguage":"es"},{"@type":"ImageObject","@id":"https:\/\/www.grupoxcaret.com\/es\/grupo-xcaret-informa\/#primaryimage","inLanguage":"es","url":"https:\/\/www.grupoxcaret.com\/es\/wp-content\/uploads\/2022\/12\/logo-grupo-xc-2.jpg","contentUrl":"https:\/\/www.grupoxcaret.com\/es\/wp-content\/uploads\/2022\/12\/logo-grupo-xc-2.jpg","width":848,"height":478},{"@type":"WebPage","@id":"https:\/\/www.grupoxcaret.com\/es\/grupo-xcaret-informa\/#webpage","url":"https:\/\/www.grupoxcaret.com\/es\/grupo-xcaret-informa\/","name":"\u00a0GRUPO XCARET INFORMA\u00a0 - Grupo Xcaret Sitio Corporativo","isPartOf":{"@id":"https:\/\/www.grupoxcaret.com\/es\/#website"},"primaryImageOfPage":{"@id":"https:\/\/www.grupoxcaret.com\/es\/grupo-xcaret-informa\/#primaryimage"},"datePublished":"2024-09-24T22:03:29+00:00","dateModified":"2024-09-24T22:03:49+00:00","breadcrumb":{"@id":"https:\/\/www.grupoxcaret.com\/es\/grupo-xcaret-informa\/#breadcrumb"},"inLanguage":"es","potentialAction":[{"@type":"ReadAction","target":["https:\/\/www.grupoxcaret.com\/es\/grupo-xcaret-informa\/"]}]},{"@type":"BreadcrumbList","@id":"https:\/\/www.grupoxcaret.com\/es\/grupo-xcaret-informa\/#breadcrumb","itemListElement":[{"@type":"ListItem","position":1,"name":"Inicio","item":"https:\/\/www.grupoxcaret.com\/es\/"},{"@type":"ListItem","position":2,"name":"Sala de Prensa","item":"https:\/\/www.grupoxcaret.com\/es\/seccion\/sala-de-prensa\/"},{"@type":"ListItem","position":3,"name":"\u00a0GRUPO XCARET INFORMA\u00a0"}]},{"@type":"Article","@id":"https:\/\/www.grupoxcaret.com\/es\/grupo-xcaret-informa\/#article","isPartOf":{"@id":"https:\/\/www.grupoxcaret.com\/es\/grupo-xcaret-informa\/#webpage"},"author":{"@id":"https:\/\/www.grupoxcaret.com\/es\/#\/schema\/person\/a063bfd3f2c8806ec176d4b2afba737f"},"headline":"\u00a0GRUPO XCARET INFORMA\u00a0","datePublished":"2024-09-24T22:03:29+00:00","dateModified":"2024-09-24T22:03:49+00:00","mainEntityOfPage":{"@id":"https:\/\/www.grupoxcaret.com\/es\/grupo-xcaret-informa\/#webpage"},"wordCount":420,"publisher":{"@id":"https:\/\/www.grupoxcaret.com\/es\/#organization"},"image":{"@id":"https:\/\/www.grupoxcaret.com\/es\/grupo-xcaret-informa\/#primaryimage"},"thumbnailUrl":"https:\/\/www.grupoxcaret.com\/es\/wp-content\/uploads\/2022\/12\/logo-grupo-xc-2.jpg","articleSection":["Boletines de Prensa","Sala de Prensa"],"inLanguage":"es"},{"@type":"Person","@id":"https:\/\/www.grupoxcaret.com\/es\/#\/schema\/person\/a063bfd3f2c8806ec176d4b2afba737f","name":"dmendozav","image":{"@type":"ImageObject","@id":"https:\/\/www.grupoxcaret.com\/es\/#personlogo","inLanguage":"es","url":"https:\/\/secure.gravatar.com\/avatar\/d0971a818d7242eb0e6a9b000cb0cb6c?s=96&d=mm&r=g","contentUrl":"https:\/\/secure.gravatar.com\/avatar\/d0971a818d7242eb0e6a9b000cb0cb6c?s=96&d=mm&r=g","caption":"dmendozav"},"url":"https:\/\/www.grupoxcaret.com\/es\/author\/dmendozav\/"}]}},"amp_enabled":true,"_links":{"self":[{"href":"https:\/\/www.grupoxcaret.com\/es\/wp-json\/wp\/v2\/posts\/5950"}],"collection":[{"href":"https:\/\/www.grupoxcaret.com\/es\/wp-json\/wp\/v2\/posts"}],"about":[{"href":"https:\/\/www.grupoxcaret.com\/es\/wp-json\/wp\/v2\/types\/post"}],"author":[{"embeddable":true,"href":"https:\/\/www.grupoxcaret.com\/es\/wp-json\/wp\/v2\/users\/8"}],"replies":[{"embeddable":true,"href":"https:\/\/www.grupoxcaret.com\/es\/wp-json\/wp\/v2\/comments?post=5950"}],"version-history":[{"count":1,"href":"https:\/\/www.grupoxcaret.com\/es\/wp-json\/wp\/v2\/posts\/5950\/revisions"}],"predecessor-version":[{"id":5951,"href":"https:\/\/www.grupoxcaret.com\/es\/wp-json\/wp\/v2\/posts\/5950\/revisions\/5951"}],"wp:featuredmedia":[{"embeddable":true,"href":"https:\/\/www.grupoxcaret.com\/es\/wp-json\/wp\/v2\/media\/5189"}],"wp:attachment":[{"href":"https:\/\/www.grupoxcaret.com\/es\/wp-json\/wp\/v2\/media?parent=5950"}],"wp:term":[{"taxonomy":"category","embeddable":true,"href":"https:\/\/www.grupoxcaret.com\/es\/wp-json\/wp\/v2\/categories?post=5950"},{"taxonomy":"post_tag","embeddable":true,"href":"https:\/\/www.grupoxcaret.com\/es\/wp-json\/wp\/v2\/tags?post=5950"}],"curies":[{"name":"wp","href":"https:\/\/api.w.org\/{rel}","templated":true}]}}