{"id":5834,"date":"2024-08-21T17:19:50","date_gmt":"2024-08-21T17:19:50","guid":{"rendered":"https:\/\/www.grupoxcaret.com\/es\/?p=5834"},"modified":"2024-08-21T17:20:03","modified_gmt":"2024-08-21T17:20:03","slug":"el-dia-de-la-sobrecapacidad-de-la-tierra-earth-overshoot-day","status":"publish","type":"post","link":"https:\/\/www.grupoxcaret.com\/es\/el-dia-de-la-sobrecapacidad-de-la-tierra-earth-overshoot-day\/","title":{"rendered":"EL D\u00cdA DE LA SOBRECAPACIDAD DE LA TIERRA"},"content":{"rendered":"\n<h2 class=\"alignwide has-text-align-center has-white-color has-text-color has-background\" style=\"background-color:#f55858\"><strong>\u00a1\u00a1LA SELVA Y EL MAR PODR\u00cdAN PERDER SUS COLORES!!<\/strong><\/h2>\n\n\n\n<p class=\"has-text-align-left\">Todos los d\u00edas <strong>sobrecargamos a nuestra Tierra<\/strong> al consumir de forma acelerada los recursos que nos provee, <strong>estamos en riesgo de que nuestras selvas verdes y mar azul caracter\u00edstico del caribe pierdan sus asombrosos colores<\/strong> por los <strong>miles de contaminante que generamos diariamente<\/strong>.<\/p>\n\n\n\n<h2 class=\"alignwide has-text-align-center has-white-color has-text-color has-background\" style=\"background-color:#ff9738;font-size:25px\">El <strong>d\u00eda de la Sobrecapacidad de la Tierra<\/strong> conmemorada este <strong>29 de agosto en M\u00e9xico<\/strong> nos invita a reflexionar sobre lo que hacemos y consumimos\u2026<\/h2>\n\n\n\n<figure class=\"wp-block-gallery has-nested-images columns-default is-cropped\">\n<figure class=\"wp-block-image size-large\"><img loading=\"lazy\" width=\"1024\" height=\"502\" data-id=\"5835\"  src=\"https:\/\/www.grupoxcaret.com\/es\/wp-content\/uploads\/2024\/08\/WhatsApp-Image-2024-07-10-at-2.22.11-PM-1-1024x502.jpeg\" alt=\"\" class=\"wp-image-5835\" srcset=\"https:\/\/www.grupoxcaret.com\/es\/wp-content\/uploads\/2024\/08\/WhatsApp-Image-2024-07-10-at-2.22.11-PM-1-1024x502.jpeg 1024w, https:\/\/www.grupoxcaret.com\/es\/wp-content\/uploads\/2024\/08\/WhatsApp-Image-2024-07-10-at-2.22.11-PM-1-300x147.jpeg 300w, https:\/\/www.grupoxcaret.com\/es\/wp-content\/uploads\/2024\/08\/WhatsApp-Image-2024-07-10-at-2.22.11-PM-1-768x376.jpeg 768w, https:\/\/www.grupoxcaret.com\/es\/wp-content\/uploads\/2024\/08\/WhatsApp-Image-2024-07-10-at-2.22.11-PM-1-1536x753.jpeg 1536w, https:\/\/www.grupoxcaret.com\/es\/wp-content\/uploads\/2024\/08\/WhatsApp-Image-2024-07-10-at-2.22.11-PM-1-324x160.jpeg 324w, https:\/\/www.grupoxcaret.com\/es\/wp-content\/uploads\/2024\/08\/WhatsApp-Image-2024-07-10-at-2.22.11-PM-1-533x261.jpeg 533w, https:\/\/www.grupoxcaret.com\/es\/wp-content\/uploads\/2024\/08\/WhatsApp-Image-2024-07-10-at-2.22.11-PM-1-696x341.jpeg 696w, https:\/\/www.grupoxcaret.com\/es\/wp-content\/uploads\/2024\/08\/WhatsApp-Image-2024-07-10-at-2.22.11-PM-1-1068x523.jpeg 1068w, https:\/\/www.grupoxcaret.com\/es\/wp-content\/uploads\/2024\/08\/WhatsApp-Image-2024-07-10-at-2.22.11-PM-1-857x420.jpeg 857w, https:\/\/www.grupoxcaret.com\/es\/wp-content\/uploads\/2024\/08\/WhatsApp-Image-2024-07-10-at-2.22.11-PM-1.jpeg 1600w\" sizes=\"(max-width: 1024px) 100vw, 1024px\" \/><\/figure>\n<\/figure>\n\n\n\n<p class=\"has-text-align-center\">Sin embargo, <strong>no debemos desanimarnos<\/strong> ya que, en <strong>este mundo de posibilidades, contamos con el tiempo para realizar acci\u00f3n<\/strong> y desde nuestra casa con una peque\u00f1a acci\u00f3n,<\/p>\n\n\n\n<h1 class=\"alignwide has-text-align-center\"><strong>\u00a1\u00a1Podemos lograrlo!!<\/strong><\/h1>\n\n\n\n<p><strong>No tenemos que sentirnos solos<\/strong> en la lucha por el cambio ya que diferentes organizaciones internacionales como <strong><a href=\"https:\/\/overshoot.footprintnetwork.org\/\">Global Footprint Network<\/a><\/strong> realiza diferentes esfuerzos y <strong>brinda una serie de herramientas<\/strong> a los diferentes <strong>l\u00edderes y tomadores de decisiones<\/strong> en el mundo para <strong>construir un cambio global<\/strong>.<\/p>\n\n\n\n<div class=\"wp-block-image\"><figure class=\"aligncenter size-large\"><img loading=\"lazy\" width=\"1024\" height=\"504\" src=\"https:\/\/www.grupoxcaret.com\/es\/wp-content\/uploads\/2024\/08\/WhatsApp-Image-2024-07-10-at-2.22.10-PM-1024x504.jpeg\" alt=\"\" class=\"wp-image-5836\" srcset=\"https:\/\/www.grupoxcaret.com\/es\/wp-content\/uploads\/2024\/08\/WhatsApp-Image-2024-07-10-at-2.22.10-PM-1024x504.jpeg 1024w, https:\/\/www.grupoxcaret.com\/es\/wp-content\/uploads\/2024\/08\/WhatsApp-Image-2024-07-10-at-2.22.10-PM-300x148.jpeg 300w, https:\/\/www.grupoxcaret.com\/es\/wp-content\/uploads\/2024\/08\/WhatsApp-Image-2024-07-10-at-2.22.10-PM-768x378.jpeg 768w, https:\/\/www.grupoxcaret.com\/es\/wp-content\/uploads\/2024\/08\/WhatsApp-Image-2024-07-10-at-2.22.10-PM-1536x756.jpeg 1536w, https:\/\/www.grupoxcaret.com\/es\/wp-content\/uploads\/2024\/08\/WhatsApp-Image-2024-07-10-at-2.22.10-PM-324x160.jpeg 324w, https:\/\/www.grupoxcaret.com\/es\/wp-content\/uploads\/2024\/08\/WhatsApp-Image-2024-07-10-at-2.22.10-PM-533x261.jpeg 533w, https:\/\/www.grupoxcaret.com\/es\/wp-content\/uploads\/2024\/08\/WhatsApp-Image-2024-07-10-at-2.22.10-PM-696x342.jpeg 696w, https:\/\/www.grupoxcaret.com\/es\/wp-content\/uploads\/2024\/08\/WhatsApp-Image-2024-07-10-at-2.22.10-PM-1068x525.jpeg 1068w, https:\/\/www.grupoxcaret.com\/es\/wp-content\/uploads\/2024\/08\/WhatsApp-Image-2024-07-10-at-2.22.10-PM-854x420.jpeg 854w, https:\/\/www.grupoxcaret.com\/es\/wp-content\/uploads\/2024\/08\/WhatsApp-Image-2024-07-10-at-2.22.10-PM.jpeg 1600w\" sizes=\"(max-width: 1024px) 100vw, 1024px\" \/><\/figure><\/div>\n\n\n\n<p>Y desde nuestra casa en <strong>Grupo Xcaret<\/strong> trabajamos todos los d\u00edas en la b\u00fasqueda de mejorar y compartir todo lo que hacemos, guiados a trav\u00e9s de nuestro <strong>Modelo de Xostenibilidad,<\/strong> el cual es un abanico de colores donde en cada uno de sus <strong>pilares y temas<\/strong> <strong>fomenta al bienestar social<\/strong> y la <strong>conservaci\u00f3n ambiental<\/strong>, tambi\u00e9n impulsa la <strong>creaci\u00f3n de valor y beneficios compartidos con nuestra comunidad y el entorno.<\/strong><\/p>\n\n\n\n<p class=\"has-text-align-center\"><strong>S\u00famate a las diferentes acciones y programas que realizamos en Grupo Xcaret,<\/strong><\/p>\n\n\n\n<figure class=\"wp-block-gallery has-nested-images columns-default is-cropped\">\n<figure class=\"wp-block-image size-large\"><img loading=\"lazy\" width=\"1257\" height=\"1280\" data-id=\"5643\"  src=\"https:\/\/www.grupoxcaret.com\/es\/wp-content\/uploads\/2024\/02\/Modelo-de-Xostenibilidad.jpeg\" alt=\"\" class=\"wp-image-5643\" srcset=\"https:\/\/www.grupoxcaret.com\/es\/wp-content\/uploads\/2024\/02\/Modelo-de-Xostenibilidad.jpeg 1257w, https:\/\/www.grupoxcaret.com\/es\/wp-content\/uploads\/2024\/02\/Modelo-de-Xostenibilidad-295x300.jpeg 295w, https:\/\/www.grupoxcaret.com\/es\/wp-content\/uploads\/2024\/02\/Modelo-de-Xostenibilidad-1006x1024.jpeg 1006w, https:\/\/www.grupoxcaret.com\/es\/wp-content\/uploads\/2024\/02\/Modelo-de-Xostenibilidad-768x782.jpeg 768w, https:\/\/www.grupoxcaret.com\/es\/wp-content\/uploads\/2024\/02\/Modelo-de-Xostenibilidad-356x364.jpeg 356w, https:\/\/www.grupoxcaret.com\/es\/wp-content\/uploads\/2024\/02\/Modelo-de-Xostenibilidad-696x709.jpeg 696w, https:\/\/www.grupoxcaret.com\/es\/wp-content\/uploads\/2024\/02\/Modelo-de-Xostenibilidad-1068x1088.jpeg 1068w, https:\/\/www.grupoxcaret.com\/es\/wp-content\/uploads\/2024\/02\/Modelo-de-Xostenibilidad-412x420.jpeg 412w\" sizes=\"(max-width: 1257px) 100vw, 1257px\" \/><\/figure>\n<\/figure>\n\n\n\n<h1 class=\"alignwide has-text-align-center has-white-color has-vivid-green-cyan-background-color has-text-color has-background\"><strong>\u00a1\u00a1Recuerda que cada peque\u00f1a acci\u00f3n suma a un gran cambio!!<\/strong><\/h1>\n\n\n\n<figure class=\"wp-block-gallery aligncenter has-nested-images columns-default is-cropped\">\n<figure class=\"wp-block-image size-large\"><img loading=\"lazy\" width=\"1024\" height=\"502\" data-id=\"5839\"  src=\"https:\/\/www.grupoxcaret.com\/es\/wp-content\/uploads\/2024\/08\/WhatsApp-Image-2024-08-07-at-11.07.28-AM-2-1024x502.jpeg\" alt=\"\" class=\"wp-image-5839\" srcset=\"https:\/\/www.grupoxcaret.com\/es\/wp-content\/uploads\/2024\/08\/WhatsApp-Image-2024-08-07-at-11.07.28-AM-2-1024x502.jpeg 1024w, https:\/\/www.grupoxcaret.com\/es\/wp-content\/uploads\/2024\/08\/WhatsApp-Image-2024-08-07-at-11.07.28-AM-2-300x147.jpeg 300w, https:\/\/www.grupoxcaret.com\/es\/wp-content\/uploads\/2024\/08\/WhatsApp-Image-2024-08-07-at-11.07.28-AM-2-768x377.jpeg 768w, https:\/\/www.grupoxcaret.com\/es\/wp-content\/uploads\/2024\/08\/WhatsApp-Image-2024-08-07-at-11.07.28-AM-2-1536x754.jpeg 1536w, https:\/\/www.grupoxcaret.com\/es\/wp-content\/uploads\/2024\/08\/WhatsApp-Image-2024-08-07-at-11.07.28-AM-2-324x160.jpeg 324w, https:\/\/www.grupoxcaret.com\/es\/wp-content\/uploads\/2024\/08\/WhatsApp-Image-2024-08-07-at-11.07.28-AM-2-533x261.jpeg 533w, https:\/\/www.grupoxcaret.com\/es\/wp-content\/uploads\/2024\/08\/WhatsApp-Image-2024-08-07-at-11.07.28-AM-2-696x341.jpeg 696w, https:\/\/www.grupoxcaret.com\/es\/wp-content\/uploads\/2024\/08\/WhatsApp-Image-2024-08-07-at-11.07.28-AM-2-1068x524.jpeg 1068w, https:\/\/www.grupoxcaret.com\/es\/wp-content\/uploads\/2024\/08\/WhatsApp-Image-2024-08-07-at-11.07.28-AM-2-856x420.jpeg 856w, https:\/\/www.grupoxcaret.com\/es\/wp-content\/uploads\/2024\/08\/WhatsApp-Image-2024-08-07-at-11.07.28-AM-2.jpeg 1600w\" sizes=\"(max-width: 1024px) 100vw, 1024px\" \/><\/figure>\n<\/figure>\n\n\n\n<h2 class=\"alignwide has-text-align-center\"><strong>Por lo que te compartimos los siguientes tips para realizar en casa.<\/strong><\/h2>\n\n\n\n<ul><li><strong>Utiliza solo las luces necesarias<\/strong> y no te olvides de desenchufar los aparatos electr\u00f3nicos que no estes utilizando antes de dormir o al salir de casa.<\/li><li><strong>Cierra bien las llaves de agua<\/strong> de la cocina y del ba\u00f1o, recuerda que cada gota de agua es importante.<\/li><li><strong>Separa tus residuos<\/strong> org\u00e1nicos e inorg\u00e1nicos en contenedores separados.<\/li><li><strong>Evita comprar pl\u00e1sticos de un solo uso<\/strong> y consulta las ecoetiquetas vigentes de los productos que adquieres.<\/li><li><strong>Hierve solo el agua necesaria<\/strong> para tomar caf\u00e9 o te, as\u00ed ahorraras gas y evitaras la emisi\u00f3n de CO<sup>2 &nbsp;<\/sup>a la atm\u00f3sfera.<\/li><\/ul>\n\n\n\n<h2 class=\"alignwide has-text-align-center has-white-color has-text-color has-background\" style=\"background-color:#2bd46c\"><strong>CALCULA TU HUELLA DE ECOL\u00d3GICA<\/strong><\/h2>\n\n\n\n<div class=\"wp-block-image\"><figure class=\"aligncenter size-full\"><a href=\"https:\/\/www.footprintcalculator.org\/home\/en\"><img loading=\"lazy\" width=\"200\" height=\"200\" src=\"https:\/\/www.grupoxcaret.com\/es\/wp-content\/uploads\/2024\/08\/global_footprint_network_logo.jpeg\" alt=\"\" class=\"wp-image-5843\"\/><\/a><\/figure><\/div>\n\n\n\n<h5 class=\"alignwide has-text-align-center\">Da clic a la imagen de Global Footprint Network \u21e7\u21e7 y conoce tu Huella Ecol\u00f3gica y los mundos que necesitas para vivir como lo haces ahora.<\/h5>\n\n\n\n<h2><strong><em>Fuentes de Informaci\u00f3n<\/em><\/strong><\/h2>\n\n\n\n<p><strong><em>Global Footprint Network (2024)<\/em><\/strong><\/p>\n\n\n\n<ul><li><a href=\"https:\/\/www.footprintnetwork.org\/\">https:\/\/www.footprintnetwork.org\/<\/a><\/li><\/ul>\n\n\n\n<h2><strong><em>Contacto<\/em><\/strong><\/h2>\n\n\n\n<p><strong>Luis Roberto P\u00e9rez Ramos<\/strong>&nbsp;\u2013&nbsp;<em>Ejecutivo de Sostenibilidad en el \u00c1rea de Cultura y Educaci\u00f3n.<\/em><\/p>\n","protected":false},"excerpt":{"rendered":"<p>\u00a1\u00a1LA SELVA Y EL MAR PODR\u00cdAN PERDER SUS COLORES!! Todos los d\u00edas sobrecargamos a nuestra Tierra al consumir de forma acelerada los recursos que nos provee, estamos en riesgo de que nuestras selvas verdes y mar azul caracter\u00edstico del caribe pierdan sus asombrosos colores por los miles de contaminante que generamos diariamente. El d\u00eda de [&hellip;]<\/p>\n","protected":false},"author":8,"featured_media":2281,"comment_status":"closed","ping_status":"closed","sticky":false,"template":"","format":"standard","meta":[],"categories":[103,128],"tags":[],"yoast_head":"<!-- This site is optimized with the Yoast SEO plugin v17.6 - https:\/\/yoast.com\/wordpress\/plugins\/seo\/ -->\n<meta name=\"robots\" content=\"index, follow, max-snippet:-1, max-image-preview:large, max-video-preview:-1\" \/>\n<link rel=\"canonical\" href=\"https:\/\/www.grupoxcaret.com\/es\/el-dia-de-la-sobrecapacidad-de-la-tierra-earth-overshoot-day\/\" \/>\n<meta property=\"og:locale\" content=\"es_ES\" \/>\n<meta property=\"og:type\" content=\"article\" \/>\n<meta property=\"og:title\" content=\"EL D\u00cdA DE LA SOBRECAPACIDAD DE LA TIERRA - Grupo Xcaret Sitio Corporativo\" \/>\n<meta property=\"og:description\" content=\"\u00a1\u00a1LA SELVA Y EL MAR PODR\u00cdAN PERDER SUS COLORES!! Todos los d\u00edas sobrecargamos a nuestra Tierra al consumir de forma acelerada los recursos que nos provee, estamos en riesgo de que nuestras selvas verdes y mar azul caracter\u00edstico del caribe pierdan sus asombrosos colores por los miles de contaminante que generamos diariamente. El d\u00eda de [&hellip;]\" \/>\n<meta property=\"og:url\" content=\"https:\/\/www.grupoxcaret.com\/es\/el-dia-de-la-sobrecapacidad-de-la-tierra-earth-overshoot-day\/\" \/>\n<meta property=\"og:site_name\" content=\"Grupo Xcaret Sitio Corporativo\" \/>\n<meta property=\"article:published_time\" content=\"2024-08-21T17:19:50+00:00\" \/>\n<meta property=\"article:modified_time\" content=\"2024-08-21T17:20:03+00:00\" \/>\n<meta property=\"og:image\" content=\"https:\/\/www.grupoxcaret.com\/es\/wp-content\/uploads\/2018\/04\/2-Inspira-Naturalista-Exploracio\u0301n-acuatica.jpg\" \/>\n\t<meta property=\"og:image:width\" content=\"800\" \/>\n\t<meta property=\"og:image:height\" content=\"600\" \/>\n<meta name=\"twitter:card\" content=\"summary_large_image\" \/>\n<meta name=\"twitter:label1\" content=\"Escrito por\" \/>\n\t<meta name=\"twitter:data1\" content=\"dmendozav\" \/>\n\t<meta name=\"twitter:label2\" content=\"Tiempo de lectura\" \/>\n\t<meta name=\"twitter:data2\" content=\"3 minutos\" \/>\n<script type=\"application\/ld+json\" class=\"yoast-schema-graph\">{\"@context\":\"https:\/\/schema.org\",\"@graph\":[{\"@type\":\"Organization\",\"@id\":\"https:\/\/www.grupoxcaret.com\/es\/#organization\",\"name\":\"Grupo Xcaret\",\"url\":\"https:\/\/www.grupoxcaret.com\/es\/\",\"sameAs\":[],\"logo\":{\"@type\":\"ImageObject\",\"@id\":\"https:\/\/www.grupoxcaret.com\/es\/#logo\",\"inLanguage\":\"es\",\"url\":\"https:\/\/www.grupoxcaret.com\/es\/wp-content\/uploads\/2015\/04\/exx.png\",\"contentUrl\":\"https:\/\/www.grupoxcaret.com\/es\/wp-content\/uploads\/2015\/04\/exx.png\",\"width\":400,\"height\":136,\"caption\":\"Grupo Xcaret\"},\"image\":{\"@id\":\"https:\/\/www.grupoxcaret.com\/es\/#logo\"}},{\"@type\":\"WebSite\",\"@id\":\"https:\/\/www.grupoxcaret.com\/es\/#website\",\"url\":\"https:\/\/www.grupoxcaret.com\/es\/\",\"name\":\"Grupo Xcaret Sitio Corporativo\",\"description\":\"Conoce el sitio corporativo de Grupo Xcaret. Encuentra informaci\\u00f3n relevante acerca de nuestra historia, marcas, filosof\\u00eda empresarial, pol\\u00edtica de sostenibilidad y mucho m\\u00e1s.\",\"publisher\":{\"@id\":\"https:\/\/www.grupoxcaret.com\/es\/#organization\"},\"potentialAction\":[{\"@type\":\"SearchAction\",\"target\":{\"@type\":\"EntryPoint\",\"urlTemplate\":\"https:\/\/www.grupoxcaret.com\/es\/?s={search_term_string}\"},\"query-input\":\"required name=search_term_string\"}],\"inLanguage\":\"es\"},{\"@type\":\"ImageObject\",\"@id\":\"https:\/\/www.grupoxcaret.com\/es\/el-dia-de-la-sobrecapacidad-de-la-tierra-earth-overshoot-day\/#primaryimage\",\"inLanguage\":\"es\",\"url\":\"https:\/\/www.grupoxcaret.com\/es\/wp-content\/uploads\/2018\/04\/2-Inspira-Naturalista-Exploracio\\u0301n-acuatica.jpg\",\"contentUrl\":\"https:\/\/www.grupoxcaret.com\/es\/wp-content\/uploads\/2018\/04\/2-Inspira-Naturalista-Exploracio\\u0301n-acuatica.jpg\",\"width\":800,\"height\":600},{\"@type\":\"WebPage\",\"@id\":\"https:\/\/www.grupoxcaret.com\/es\/el-dia-de-la-sobrecapacidad-de-la-tierra-earth-overshoot-day\/#webpage\",\"url\":\"https:\/\/www.grupoxcaret.com\/es\/el-dia-de-la-sobrecapacidad-de-la-tierra-earth-overshoot-day\/\",\"name\":\"EL D\\u00cdA DE LA SOBRECAPACIDAD DE LA TIERRA - Grupo Xcaret Sitio Corporativo\",\"isPartOf\":{\"@id\":\"https:\/\/www.grupoxcaret.com\/es\/#website\"},\"primaryImageOfPage\":{\"@id\":\"https:\/\/www.grupoxcaret.com\/es\/el-dia-de-la-sobrecapacidad-de-la-tierra-earth-overshoot-day\/#primaryimage\"},\"datePublished\":\"2024-08-21T17:19:50+00:00\",\"dateModified\":\"2024-08-21T17:20:03+00:00\",\"breadcrumb\":{\"@id\":\"https:\/\/www.grupoxcaret.com\/es\/el-dia-de-la-sobrecapacidad-de-la-tierra-earth-overshoot-day\/#breadcrumb\"},\"inLanguage\":\"es\",\"potentialAction\":[{\"@type\":\"ReadAction\",\"target\":[\"https:\/\/www.grupoxcaret.com\/es\/el-dia-de-la-sobrecapacidad-de-la-tierra-earth-overshoot-day\/\"]}]},{\"@type\":\"BreadcrumbList\",\"@id\":\"https:\/\/www.grupoxcaret.com\/es\/el-dia-de-la-sobrecapacidad-de-la-tierra-earth-overshoot-day\/#breadcrumb\",\"itemListElement\":[{\"@type\":\"ListItem\",\"position\":1,\"name\":\"Inicio\",\"item\":\"https:\/\/www.grupoxcaret.com\/es\/\"},{\"@type\":\"ListItem\",\"position\":2,\"name\":\"Educaci\\u00f3n para la Sostenibilidad\",\"item\":\"https:\/\/www.grupoxcaret.com\/es\/seccion\/educacion\/\"},{\"@type\":\"ListItem\",\"position\":3,\"name\":\"Planeta\",\"item\":\"https:\/\/www.grupoxcaret.com\/es\/seccion\/educacion\/planeta\/\"},{\"@type\":\"ListItem\",\"position\":4,\"name\":\"EL D\\u00cdA DE LA SOBRECAPACIDAD DE LA TIERRA\"}]},{\"@type\":\"Article\",\"@id\":\"https:\/\/www.grupoxcaret.com\/es\/el-dia-de-la-sobrecapacidad-de-la-tierra-earth-overshoot-day\/#article\",\"isPartOf\":{\"@id\":\"https:\/\/www.grupoxcaret.com\/es\/el-dia-de-la-sobrecapacidad-de-la-tierra-earth-overshoot-day\/#webpage\"},\"author\":{\"@id\":\"https:\/\/www.grupoxcaret.com\/es\/#\/schema\/person\/a063bfd3f2c8806ec176d4b2afba737f\"},\"headline\":\"EL D\\u00cdA DE LA SOBRECAPACIDAD DE LA TIERRA\",\"datePublished\":\"2024-08-21T17:19:50+00:00\",\"dateModified\":\"2024-08-21T17:20:03+00:00\",\"mainEntityOfPage\":{\"@id\":\"https:\/\/www.grupoxcaret.com\/es\/el-dia-de-la-sobrecapacidad-de-la-tierra-earth-overshoot-day\/#webpage\"},\"wordCount\":444,\"publisher\":{\"@id\":\"https:\/\/www.grupoxcaret.com\/es\/#organization\"},\"image\":{\"@id\":\"https:\/\/www.grupoxcaret.com\/es\/el-dia-de-la-sobrecapacidad-de-la-tierra-earth-overshoot-day\/#primaryimage\"},\"thumbnailUrl\":\"https:\/\/www.grupoxcaret.com\/es\/wp-content\/uploads\/2018\/04\/2-Inspira-Naturalista-Exploracio\\u0301n-acuatica.jpg\",\"articleSection\":[\"Educaci\\u00f3n para la Sostenibilidad\",\"Planeta\"],\"inLanguage\":\"es\"},{\"@type\":\"Person\",\"@id\":\"https:\/\/www.grupoxcaret.com\/es\/#\/schema\/person\/a063bfd3f2c8806ec176d4b2afba737f\",\"name\":\"dmendozav\",\"image\":{\"@type\":\"ImageObject\",\"@id\":\"https:\/\/www.grupoxcaret.com\/es\/#personlogo\",\"inLanguage\":\"es\",\"url\":\"https:\/\/secure.gravatar.com\/avatar\/d0971a818d7242eb0e6a9b000cb0cb6c?s=96&d=mm&r=g\",\"contentUrl\":\"https:\/\/secure.gravatar.com\/avatar\/d0971a818d7242eb0e6a9b000cb0cb6c?s=96&d=mm&r=g\",\"caption\":\"dmendozav\"},\"url\":\"https:\/\/www.grupoxcaret.com\/es\/author\/dmendozav\/\"}]}<\/script>\n<!-- \/ Yoast SEO plugin. -->","yoast_head_json":{"robots":{"index":"index","follow":"follow","max-snippet":"max-snippet:-1","max-image-preview":"max-image-preview:large","max-video-preview":"max-video-preview:-1"},"canonical":"https:\/\/www.grupoxcaret.com\/es\/el-dia-de-la-sobrecapacidad-de-la-tierra-earth-overshoot-day\/","og_locale":"es_ES","og_type":"article","og_title":"EL D\u00cdA DE LA SOBRECAPACIDAD DE LA TIERRA - Grupo Xcaret Sitio Corporativo","og_description":"\u00a1\u00a1LA SELVA Y EL MAR PODR\u00cdAN PERDER SUS COLORES!! Todos los d\u00edas sobrecargamos a nuestra Tierra al consumir de forma acelerada los recursos que nos provee, estamos en riesgo de que nuestras selvas verdes y mar azul caracter\u00edstico del caribe pierdan sus asombrosos colores por los miles de contaminante que generamos diariamente. El d\u00eda de [&hellip;]","og_url":"https:\/\/www.grupoxcaret.com\/es\/el-dia-de-la-sobrecapacidad-de-la-tierra-earth-overshoot-day\/","og_site_name":"Grupo Xcaret Sitio Corporativo","article_published_time":"2024-08-21T17:19:50+00:00","article_modified_time":"2024-08-21T17:20:03+00:00","og_image":[{"width":800,"height":600,"url":"https:\/\/www.grupoxcaret.com\/es\/wp-content\/uploads\/2018\/04\/2-Inspira-Naturalista-Exploracio\u0301n-acuatica.jpg","type":"image\/jpeg"}],"twitter_card":"summary_large_image","twitter_misc":{"Escrito por":"dmendozav","Tiempo de lectura":"3 minutos"},"schema":{"@context":"https:\/\/schema.org","@graph":[{"@type":"Organization","@id":"https:\/\/www.grupoxcaret.com\/es\/#organization","name":"Grupo Xcaret","url":"https:\/\/www.grupoxcaret.com\/es\/","sameAs":[],"logo":{"@type":"ImageObject","@id":"https:\/\/www.grupoxcaret.com\/es\/#logo","inLanguage":"es","url":"https:\/\/www.grupoxcaret.com\/es\/wp-content\/uploads\/2015\/04\/exx.png","contentUrl":"https:\/\/www.grupoxcaret.com\/es\/wp-content\/uploads\/2015\/04\/exx.png","width":400,"height":136,"caption":"Grupo Xcaret"},"image":{"@id":"https:\/\/www.grupoxcaret.com\/es\/#logo"}},{"@type":"WebSite","@id":"https:\/\/www.grupoxcaret.com\/es\/#website","url":"https:\/\/www.grupoxcaret.com\/es\/","name":"Grupo Xcaret Sitio Corporativo","description":"Conoce el sitio corporativo de Grupo Xcaret. Encuentra informaci\u00f3n relevante acerca de nuestra historia, marcas, filosof\u00eda empresarial, pol\u00edtica de sostenibilidad y mucho m\u00e1s.","publisher":{"@id":"https:\/\/www.grupoxcaret.com\/es\/#organization"},"potentialAction":[{"@type":"SearchAction","target":{"@type":"EntryPoint","urlTemplate":"https:\/\/www.grupoxcaret.com\/es\/?s={search_term_string}"},"query-input":"required name=search_term_string"}],"inLanguage":"es"},{"@type":"ImageObject","@id":"https:\/\/www.grupoxcaret.com\/es\/el-dia-de-la-sobrecapacidad-de-la-tierra-earth-overshoot-day\/#primaryimage","inLanguage":"es","url":"https:\/\/www.grupoxcaret.com\/es\/wp-content\/uploads\/2018\/04\/2-Inspira-Naturalista-Exploracio\u0301n-acuatica.jpg","contentUrl":"https:\/\/www.grupoxcaret.com\/es\/wp-content\/uploads\/2018\/04\/2-Inspira-Naturalista-Exploracio\u0301n-acuatica.jpg","width":800,"height":600},{"@type":"WebPage","@id":"https:\/\/www.grupoxcaret.com\/es\/el-dia-de-la-sobrecapacidad-de-la-tierra-earth-overshoot-day\/#webpage","url":"https:\/\/www.grupoxcaret.com\/es\/el-dia-de-la-sobrecapacidad-de-la-tierra-earth-overshoot-day\/","name":"EL D\u00cdA DE LA SOBRECAPACIDAD DE LA TIERRA - Grupo Xcaret Sitio Corporativo","isPartOf":{"@id":"https:\/\/www.grupoxcaret.com\/es\/#website"},"primaryImageOfPage":{"@id":"https:\/\/www.grupoxcaret.com\/es\/el-dia-de-la-sobrecapacidad-de-la-tierra-earth-overshoot-day\/#primaryimage"},"datePublished":"2024-08-21T17:19:50+00:00","dateModified":"2024-08-21T17:20:03+00:00","breadcrumb":{"@id":"https:\/\/www.grupoxcaret.com\/es\/el-dia-de-la-sobrecapacidad-de-la-tierra-earth-overshoot-day\/#breadcrumb"},"inLanguage":"es","potentialAction":[{"@type":"ReadAction","target":["https:\/\/www.grupoxcaret.com\/es\/el-dia-de-la-sobrecapacidad-de-la-tierra-earth-overshoot-day\/"]}]},{"@type":"BreadcrumbList","@id":"https:\/\/www.grupoxcaret.com\/es\/el-dia-de-la-sobrecapacidad-de-la-tierra-earth-overshoot-day\/#breadcrumb","itemListElement":[{"@type":"ListItem","position":1,"name":"Inicio","item":"https:\/\/www.grupoxcaret.com\/es\/"},{"@type":"ListItem","position":2,"name":"Educaci\u00f3n para la Sostenibilidad","item":"https:\/\/www.grupoxcaret.com\/es\/seccion\/educacion\/"},{"@type":"ListItem","position":3,"name":"Planeta","item":"https:\/\/www.grupoxcaret.com\/es\/seccion\/educacion\/planeta\/"},{"@type":"ListItem","position":4,"name":"EL D\u00cdA DE LA SOBRECAPACIDAD DE LA TIERRA"}]},{"@type":"Article","@id":"https:\/\/www.grupoxcaret.com\/es\/el-dia-de-la-sobrecapacidad-de-la-tierra-earth-overshoot-day\/#article","isPartOf":{"@id":"https:\/\/www.grupoxcaret.com\/es\/el-dia-de-la-sobrecapacidad-de-la-tierra-earth-overshoot-day\/#webpage"},"author":{"@id":"https:\/\/www.grupoxcaret.com\/es\/#\/schema\/person\/a063bfd3f2c8806ec176d4b2afba737f"},"headline":"EL D\u00cdA DE LA SOBRECAPACIDAD DE LA TIERRA","datePublished":"2024-08-21T17:19:50+00:00","dateModified":"2024-08-21T17:20:03+00:00","mainEntityOfPage":{"@id":"https:\/\/www.grupoxcaret.com\/es\/el-dia-de-la-sobrecapacidad-de-la-tierra-earth-overshoot-day\/#webpage"},"wordCount":444,"publisher":{"@id":"https:\/\/www.grupoxcaret.com\/es\/#organization"},"image":{"@id":"https:\/\/www.grupoxcaret.com\/es\/el-dia-de-la-sobrecapacidad-de-la-tierra-earth-overshoot-day\/#primaryimage"},"thumbnailUrl":"https:\/\/www.grupoxcaret.com\/es\/wp-content\/uploads\/2018\/04\/2-Inspira-Naturalista-Exploracio\u0301n-acuatica.jpg","articleSection":["Educaci\u00f3n para la Sostenibilidad","Planeta"],"inLanguage":"es"},{"@type":"Person","@id":"https:\/\/www.grupoxcaret.com\/es\/#\/schema\/person\/a063bfd3f2c8806ec176d4b2afba737f","name":"dmendozav","image":{"@type":"ImageObject","@id":"https:\/\/www.grupoxcaret.com\/es\/#personlogo","inLanguage":"es","url":"https:\/\/secure.gravatar.com\/avatar\/d0971a818d7242eb0e6a9b000cb0cb6c?s=96&d=mm&r=g","contentUrl":"https:\/\/secure.gravatar.com\/avatar\/d0971a818d7242eb0e6a9b000cb0cb6c?s=96&d=mm&r=g","caption":"dmendozav"},"url":"https:\/\/www.grupoxcaret.com\/es\/author\/dmendozav\/"}]}},"amp_enabled":true,"_links":{"self":[{"href":"https:\/\/www.grupoxcaret.com\/es\/wp-json\/wp\/v2\/posts\/5834"}],"collection":[{"href":"https:\/\/www.grupoxcaret.com\/es\/wp-json\/wp\/v2\/posts"}],"about":[{"href":"https:\/\/www.grupoxcaret.com\/es\/wp-json\/wp\/v2\/types\/post"}],"author":[{"embeddable":true,"href":"https:\/\/www.grupoxcaret.com\/es\/wp-json\/wp\/v2\/users\/8"}],"replies":[{"embeddable":true,"href":"https:\/\/www.grupoxcaret.com\/es\/wp-json\/wp\/v2\/comments?post=5834"}],"version-history":[{"count":15,"href":"https:\/\/www.grupoxcaret.com\/es\/wp-json\/wp\/v2\/posts\/5834\/revisions"}],"predecessor-version":[{"id":5893,"href":"https:\/\/www.grupoxcaret.com\/es\/wp-json\/wp\/v2\/posts\/5834\/revisions\/5893"}],"wp:featuredmedia":[{"embeddable":true,"href":"https:\/\/www.grupoxcaret.com\/es\/wp-json\/wp\/v2\/media\/2281"}],"wp:attachment":[{"href":"https:\/\/www.grupoxcaret.com\/es\/wp-json\/wp\/v2\/media?parent=5834"}],"wp:term":[{"taxonomy":"category","embeddable":true,"href":"https:\/\/www.grupoxcaret.com\/es\/wp-json\/wp\/v2\/categories?post=5834"},{"taxonomy":"post_tag","embeddable":true,"href":"https:\/\/www.grupoxcaret.com\/es\/wp-json\/wp\/v2\/tags?post=5834"}],"curies":[{"name":"wp","href":"https:\/\/api.w.org\/{rel}","templated":true}]}}