{"id":5734,"date":"2024-05-27T08:00:00","date_gmt":"2024-05-27T08:00:00","guid":{"rendered":"https:\/\/www.grupoxcaret.com\/es\/?p=5734"},"modified":"2024-05-27T15:12:13","modified_gmt":"2024-05-27T15:12:13","slug":"acciones-por-el-medio-ambiente","status":"publish","type":"post","link":"https:\/\/www.grupoxcaret.com\/es\/acciones-por-el-medio-ambiente\/","title":{"rendered":"ACCIONES POR EL MEDIO AMBIENTE"},"content":{"rendered":"\n<h2 class=\"alignwide has-text-align-center has-white-color has-text-color has-background\" style=\"background-color:#28cdef;font-style:normal;font-weight:700\"><em>Dirigido por el Programa de las Naciones Unidas para el Medio Ambiente (PNUMA), el D\u00eda Mundial del Medio Ambiente fue establecido por primera vez por la Asamblea General de las Naciones Unidas en 1972.<\/em><\/h2>\n\n\n\n<figure class=\"wp-block-gallery alignfull has-nested-images columns-default is-cropped\">\n<figure class=\"wp-block-image size-large\"><img loading=\"lazy\" width=\"2560\" height=\"1705\" data-id=\"5682\"  src=\"https:\/\/www.grupoxcaret.com\/es\/wp-content\/uploads\/2024\/04\/012_Caleta-scaled.jpg\" alt=\"\" class=\"wp-image-5682\" srcset=\"https:\/\/www.grupoxcaret.com\/es\/wp-content\/uploads\/2024\/04\/012_Caleta-scaled.jpg 2560w, https:\/\/www.grupoxcaret.com\/es\/wp-content\/uploads\/2024\/04\/012_Caleta-300x200.jpg 300w, https:\/\/www.grupoxcaret.com\/es\/wp-content\/uploads\/2024\/04\/012_Caleta-1024x682.jpg 1024w, https:\/\/www.grupoxcaret.com\/es\/wp-content\/uploads\/2024\/04\/012_Caleta-768x512.jpg 768w, https:\/\/www.grupoxcaret.com\/es\/wp-content\/uploads\/2024\/04\/012_Caleta-1536x1023.jpg 1536w, https:\/\/www.grupoxcaret.com\/es\/wp-content\/uploads\/2024\/04\/012_Caleta-2048x1364.jpg 2048w, https:\/\/www.grupoxcaret.com\/es\/wp-content\/uploads\/2024\/04\/012_Caleta-696x464.jpg 696w, https:\/\/www.grupoxcaret.com\/es\/wp-content\/uploads\/2024\/04\/012_Caleta-1068x711.jpg 1068w, https:\/\/www.grupoxcaret.com\/es\/wp-content\/uploads\/2024\/04\/012_Caleta-631x420.jpg 631w\" sizes=\"(max-width: 2560px) 100vw, 2560px\" \/><\/figure>\n<\/figure>\n\n\n\n<h2 class=\"alignwide has-text-align-center has-white-color has-text-color has-background\" style=\"background-color:#a5e347;font-style:normal;font-weight:500\"><em>El <strong>D\u00eda Mundial del Medio Ambiente<\/strong> es una fecha que <strong>nos invita a reflexionar<\/strong> sobre todos los problemas actuales que presenta la humanidad y tambi\u00e9n a <strong>crear soluciones<\/strong> para continuar conservando el \u00fanico lugar al que llamamos hogar, <strong>nuestra Tierra.<\/strong><\/em><\/h2>\n\n\n\n<figure class=\"wp-block-gallery alignwide has-nested-images columns-default is-cropped\">\n<figure class=\"wp-block-image size-large\"><img loading=\"lazy\" width=\"2560\" height=\"1709\" data-id=\"5684\"  src=\"https:\/\/www.grupoxcaret.com\/es\/wp-content\/uploads\/2024\/04\/017_Playa-scaled.jpg\" alt=\"\" class=\"wp-image-5684\" srcset=\"https:\/\/www.grupoxcaret.com\/es\/wp-content\/uploads\/2024\/04\/017_Playa-scaled.jpg 2560w, https:\/\/www.grupoxcaret.com\/es\/wp-content\/uploads\/2024\/04\/017_Playa-300x200.jpg 300w, https:\/\/www.grupoxcaret.com\/es\/wp-content\/uploads\/2024\/04\/017_Playa-1024x684.jpg 1024w, https:\/\/www.grupoxcaret.com\/es\/wp-content\/uploads\/2024\/04\/017_Playa-768x513.jpg 768w, https:\/\/www.grupoxcaret.com\/es\/wp-content\/uploads\/2024\/04\/017_Playa-1536x1025.jpg 1536w, https:\/\/www.grupoxcaret.com\/es\/wp-content\/uploads\/2024\/04\/017_Playa-2048x1367.jpg 2048w, https:\/\/www.grupoxcaret.com\/es\/wp-content\/uploads\/2024\/04\/017_Playa-696x465.jpg 696w, https:\/\/www.grupoxcaret.com\/es\/wp-content\/uploads\/2024\/04\/017_Playa-1068x713.jpg 1068w, https:\/\/www.grupoxcaret.com\/es\/wp-content\/uploads\/2024\/04\/017_Playa-629x420.jpg 629w\" sizes=\"(max-width: 2560px) 100vw, 2560px\" \/><\/figure>\n<\/figure>\n\n\n\n<h2 class=\"alignwide has-text-align-center has-white-color has-text-color has-background\" style=\"background-color:#fcb500;font-style:normal;font-weight:500\">En <strong>Grupo Xcaret<\/strong> realizamos diferentes <strong>acciones para la Xostenibilidad<\/strong>, donde contribuimos en el <strong>cuidado y conservaci\u00f3n<\/strong> de <strong>nuestro medio ambiente<\/strong>. Como ejemplo de este compromiso, te compartimos el siguiente video, sobre las acciones realizadas el pasado <strong>23 de marzo en Hoteles Xcaret<\/strong>, conmemorando a la Hora del Planeta.<\/h2>\n\n\n\n<p><em> Te compartimos el siguiente video conmemorativo, donde reflejamos nuestro compromiso y amor por nuestro Medio Ambiente.<\/em><\/p>\n\n\n\n<figure class=\"wp-block-embed alignwide is-type-video is-provider-vimeo wp-block-embed-vimeo wp-embed-aspect-16-9 wp-has-aspect-ratio\"><div class=\"wp-block-embed__wrapper\">\n<iframe loading=\"lazy\" title=\"LA HORA DEL PLANETA - HOTELES 2024\" src=\"https:\/\/player.vimeo.com\/video\/950324425?dnt=1&amp;app_id=122963\" width=\"696\" height=\"392\" frameborder=\"0\" allow=\"autoplay; fullscreen; picture-in-picture; clipboard-write\"><\/iframe>\n<\/div><\/figure>\n\n\n\n<p><\/p>\n\n\n\n<h2 class=\"alignwide has-text-align-center has-white-color has-text-color has-background\" style=\"background-color:#ff83e8\"><strong><em>Direcci\u00f3n Corporativa d<\/em><\/strong><em><strong>e<\/strong><\/em> <strong><em>Sostenibilidad y Di\u00e1logo Institucional<\/em><\/strong><\/h2>\n\n\n\n<h2><strong><em>Fuentes de Informaci\u00f3n<\/em><\/strong><\/h2>\n\n\n\n<p><strong><em>Naciones Unidas (2024)<\/em><\/strong><\/p>\n\n\n\n<p><a href=\"https:\/\/www.un.org\/es\/observances\/environment-day\">https:\/\/www.un.org\/es\/observances\/environment-day<\/a><\/p>\n\n\n\n<h2><strong><em>Contacto<\/em><\/strong><\/h2>\n\n\n\n<p><strong>Luis Roberto P\u00e9rez Ramos<\/strong>\u00a0\u2013\u00a0<em>Ejecutivo de Sostenibilidad en el \u00c1rea de Cultura y Educaci\u00f3n.<\/em><\/p>\n","protected":false},"excerpt":{"rendered":"<p>Dirigido por el Programa de las Naciones Unidas para el Medio Ambiente (PNUMA), el D\u00eda Mundial del Medio Ambiente fue establecido por primera vez por la Asamblea General de las Naciones Unidas en 1972. El D\u00eda Mundial del Medio Ambiente es una fecha que nos invita a reflexionar sobre todos los problemas actuales que presenta [&hellip;]<\/p>\n","protected":false},"author":8,"featured_media":2250,"comment_status":"closed","ping_status":"closed","sticky":false,"template":"","format":"standard","meta":[],"categories":[103,128],"tags":[],"yoast_head":"<!-- This site is optimized with the Yoast SEO plugin v17.6 - https:\/\/yoast.com\/wordpress\/plugins\/seo\/ -->\n<meta name=\"robots\" content=\"index, follow, max-snippet:-1, max-image-preview:large, max-video-preview:-1\" \/>\n<link rel=\"canonical\" href=\"https:\/\/www.grupoxcaret.com\/es\/acciones-por-el-medio-ambiente\/\" \/>\n<meta property=\"og:locale\" content=\"es_ES\" \/>\n<meta property=\"og:type\" content=\"article\" \/>\n<meta property=\"og:title\" content=\"ACCIONES POR EL MEDIO AMBIENTE - Grupo Xcaret Sitio Corporativo\" \/>\n<meta property=\"og:description\" content=\"Dirigido por el Programa de las Naciones Unidas para el Medio Ambiente (PNUMA), el D\u00eda Mundial del Medio Ambiente fue establecido por primera vez por la Asamblea General de las Naciones Unidas en 1972. El D\u00eda Mundial del Medio Ambiente es una fecha que nos invita a reflexionar sobre todos los problemas actuales que presenta [&hellip;]\" \/>\n<meta property=\"og:url\" content=\"https:\/\/www.grupoxcaret.com\/es\/acciones-por-el-medio-ambiente\/\" \/>\n<meta property=\"og:site_name\" content=\"Grupo Xcaret Sitio Corporativo\" \/>\n<meta property=\"article:published_time\" content=\"2024-05-27T08:00:00+00:00\" \/>\n<meta property=\"article:modified_time\" content=\"2024-05-27T15:12:13+00:00\" \/>\n<meta property=\"og:image\" content=\"https:\/\/www.grupoxcaret.com\/es\/wp-content\/uploads\/2018\/03\/VIVEROS-GEX.jpg\" \/>\n\t<meta property=\"og:image:width\" content=\"1024\" \/>\n\t<meta property=\"og:image:height\" content=\"683\" \/>\n<meta name=\"twitter:card\" content=\"summary_large_image\" \/>\n<meta name=\"twitter:label1\" content=\"Escrito por\" \/>\n\t<meta name=\"twitter:data1\" content=\"dmendozav\" \/>\n\t<meta name=\"twitter:label2\" content=\"Tiempo de lectura\" \/>\n\t<meta name=\"twitter:data2\" content=\"2 minutos\" \/>\n<script type=\"application\/ld+json\" class=\"yoast-schema-graph\">{\"@context\":\"https:\/\/schema.org\",\"@graph\":[{\"@type\":\"Organization\",\"@id\":\"https:\/\/www.grupoxcaret.com\/es\/#organization\",\"name\":\"Grupo Xcaret\",\"url\":\"https:\/\/www.grupoxcaret.com\/es\/\",\"sameAs\":[],\"logo\":{\"@type\":\"ImageObject\",\"@id\":\"https:\/\/www.grupoxcaret.com\/es\/#logo\",\"inLanguage\":\"es\",\"url\":\"https:\/\/www.grupoxcaret.com\/es\/wp-content\/uploads\/2015\/04\/exx.png\",\"contentUrl\":\"https:\/\/www.grupoxcaret.com\/es\/wp-content\/uploads\/2015\/04\/exx.png\",\"width\":400,\"height\":136,\"caption\":\"Grupo Xcaret\"},\"image\":{\"@id\":\"https:\/\/www.grupoxcaret.com\/es\/#logo\"}},{\"@type\":\"WebSite\",\"@id\":\"https:\/\/www.grupoxcaret.com\/es\/#website\",\"url\":\"https:\/\/www.grupoxcaret.com\/es\/\",\"name\":\"Grupo Xcaret Sitio Corporativo\",\"description\":\"Conoce el sitio corporativo de Grupo Xcaret. Encuentra informaci\\u00f3n relevante acerca de nuestra historia, marcas, filosof\\u00eda empresarial, pol\\u00edtica de sostenibilidad y mucho m\\u00e1s.\",\"publisher\":{\"@id\":\"https:\/\/www.grupoxcaret.com\/es\/#organization\"},\"potentialAction\":[{\"@type\":\"SearchAction\",\"target\":{\"@type\":\"EntryPoint\",\"urlTemplate\":\"https:\/\/www.grupoxcaret.com\/es\/?s={search_term_string}\"},\"query-input\":\"required name=search_term_string\"}],\"inLanguage\":\"es\"},{\"@type\":\"ImageObject\",\"@id\":\"https:\/\/www.grupoxcaret.com\/es\/acciones-por-el-medio-ambiente\/#primaryimage\",\"inLanguage\":\"es\",\"url\":\"https:\/\/www.grupoxcaret.com\/es\/wp-content\/uploads\/2018\/03\/VIVEROS-GEX.jpg\",\"contentUrl\":\"https:\/\/www.grupoxcaret.com\/es\/wp-content\/uploads\/2018\/03\/VIVEROS-GEX.jpg\",\"width\":1024,\"height\":683},{\"@type\":\"WebPage\",\"@id\":\"https:\/\/www.grupoxcaret.com\/es\/acciones-por-el-medio-ambiente\/#webpage\",\"url\":\"https:\/\/www.grupoxcaret.com\/es\/acciones-por-el-medio-ambiente\/\",\"name\":\"ACCIONES POR EL MEDIO AMBIENTE - Grupo Xcaret Sitio Corporativo\",\"isPartOf\":{\"@id\":\"https:\/\/www.grupoxcaret.com\/es\/#website\"},\"primaryImageOfPage\":{\"@id\":\"https:\/\/www.grupoxcaret.com\/es\/acciones-por-el-medio-ambiente\/#primaryimage\"},\"datePublished\":\"2024-05-27T08:00:00+00:00\",\"dateModified\":\"2024-05-27T15:12:13+00:00\",\"breadcrumb\":{\"@id\":\"https:\/\/www.grupoxcaret.com\/es\/acciones-por-el-medio-ambiente\/#breadcrumb\"},\"inLanguage\":\"es\",\"potentialAction\":[{\"@type\":\"ReadAction\",\"target\":[\"https:\/\/www.grupoxcaret.com\/es\/acciones-por-el-medio-ambiente\/\"]}]},{\"@type\":\"BreadcrumbList\",\"@id\":\"https:\/\/www.grupoxcaret.com\/es\/acciones-por-el-medio-ambiente\/#breadcrumb\",\"itemListElement\":[{\"@type\":\"ListItem\",\"position\":1,\"name\":\"Inicio\",\"item\":\"https:\/\/www.grupoxcaret.com\/es\/\"},{\"@type\":\"ListItem\",\"position\":2,\"name\":\"Educaci\\u00f3n para la Sostenibilidad\",\"item\":\"https:\/\/www.grupoxcaret.com\/es\/seccion\/educacion\/\"},{\"@type\":\"ListItem\",\"position\":3,\"name\":\"Planeta\",\"item\":\"https:\/\/www.grupoxcaret.com\/es\/seccion\/educacion\/planeta\/\"},{\"@type\":\"ListItem\",\"position\":4,\"name\":\"ACCIONES POR EL MEDIO AMBIENTE\"}]},{\"@type\":\"Article\",\"@id\":\"https:\/\/www.grupoxcaret.com\/es\/acciones-por-el-medio-ambiente\/#article\",\"isPartOf\":{\"@id\":\"https:\/\/www.grupoxcaret.com\/es\/acciones-por-el-medio-ambiente\/#webpage\"},\"author\":{\"@id\":\"https:\/\/www.grupoxcaret.com\/es\/#\/schema\/person\/a063bfd3f2c8806ec176d4b2afba737f\"},\"headline\":\"ACCIONES POR EL MEDIO AMBIENTE\",\"datePublished\":\"2024-05-27T08:00:00+00:00\",\"dateModified\":\"2024-05-27T15:12:13+00:00\",\"mainEntityOfPage\":{\"@id\":\"https:\/\/www.grupoxcaret.com\/es\/acciones-por-el-medio-ambiente\/#webpage\"},\"wordCount\":187,\"publisher\":{\"@id\":\"https:\/\/www.grupoxcaret.com\/es\/#organization\"},\"image\":{\"@id\":\"https:\/\/www.grupoxcaret.com\/es\/acciones-por-el-medio-ambiente\/#primaryimage\"},\"thumbnailUrl\":\"https:\/\/www.grupoxcaret.com\/es\/wp-content\/uploads\/2018\/03\/VIVEROS-GEX.jpg\",\"articleSection\":[\"Educaci\\u00f3n para la Sostenibilidad\",\"Planeta\"],\"inLanguage\":\"es\"},{\"@type\":\"Person\",\"@id\":\"https:\/\/www.grupoxcaret.com\/es\/#\/schema\/person\/a063bfd3f2c8806ec176d4b2afba737f\",\"name\":\"dmendozav\",\"image\":{\"@type\":\"ImageObject\",\"@id\":\"https:\/\/www.grupoxcaret.com\/es\/#personlogo\",\"inLanguage\":\"es\",\"url\":\"https:\/\/secure.gravatar.com\/avatar\/d0971a818d7242eb0e6a9b000cb0cb6c?s=96&d=mm&r=g\",\"contentUrl\":\"https:\/\/secure.gravatar.com\/avatar\/d0971a818d7242eb0e6a9b000cb0cb6c?s=96&d=mm&r=g\",\"caption\":\"dmendozav\"},\"url\":\"https:\/\/www.grupoxcaret.com\/es\/author\/dmendozav\/\"}]}<\/script>\n<!-- \/ Yoast SEO plugin. -->","yoast_head_json":{"robots":{"index":"index","follow":"follow","max-snippet":"max-snippet:-1","max-image-preview":"max-image-preview:large","max-video-preview":"max-video-preview:-1"},"canonical":"https:\/\/www.grupoxcaret.com\/es\/acciones-por-el-medio-ambiente\/","og_locale":"es_ES","og_type":"article","og_title":"ACCIONES POR EL MEDIO AMBIENTE - Grupo Xcaret Sitio Corporativo","og_description":"Dirigido por el Programa de las Naciones Unidas para el Medio Ambiente (PNUMA), el D\u00eda Mundial del Medio Ambiente fue establecido por primera vez por la Asamblea General de las Naciones Unidas en 1972. El D\u00eda Mundial del Medio Ambiente es una fecha que nos invita a reflexionar sobre todos los problemas actuales que presenta [&hellip;]","og_url":"https:\/\/www.grupoxcaret.com\/es\/acciones-por-el-medio-ambiente\/","og_site_name":"Grupo Xcaret Sitio Corporativo","article_published_time":"2024-05-27T08:00:00+00:00","article_modified_time":"2024-05-27T15:12:13+00:00","og_image":[{"width":1024,"height":683,"url":"https:\/\/www.grupoxcaret.com\/es\/wp-content\/uploads\/2018\/03\/VIVEROS-GEX.jpg","type":"image\/jpeg"}],"twitter_card":"summary_large_image","twitter_misc":{"Escrito por":"dmendozav","Tiempo de lectura":"2 minutos"},"schema":{"@context":"https:\/\/schema.org","@graph":[{"@type":"Organization","@id":"https:\/\/www.grupoxcaret.com\/es\/#organization","name":"Grupo Xcaret","url":"https:\/\/www.grupoxcaret.com\/es\/","sameAs":[],"logo":{"@type":"ImageObject","@id":"https:\/\/www.grupoxcaret.com\/es\/#logo","inLanguage":"es","url":"https:\/\/www.grupoxcaret.com\/es\/wp-content\/uploads\/2015\/04\/exx.png","contentUrl":"https:\/\/www.grupoxcaret.com\/es\/wp-content\/uploads\/2015\/04\/exx.png","width":400,"height":136,"caption":"Grupo Xcaret"},"image":{"@id":"https:\/\/www.grupoxcaret.com\/es\/#logo"}},{"@type":"WebSite","@id":"https:\/\/www.grupoxcaret.com\/es\/#website","url":"https:\/\/www.grupoxcaret.com\/es\/","name":"Grupo Xcaret Sitio Corporativo","description":"Conoce el sitio corporativo de Grupo Xcaret. Encuentra informaci\u00f3n relevante acerca de nuestra historia, marcas, filosof\u00eda empresarial, pol\u00edtica de sostenibilidad y mucho m\u00e1s.","publisher":{"@id":"https:\/\/www.grupoxcaret.com\/es\/#organization"},"potentialAction":[{"@type":"SearchAction","target":{"@type":"EntryPoint","urlTemplate":"https:\/\/www.grupoxcaret.com\/es\/?s={search_term_string}"},"query-input":"required name=search_term_string"}],"inLanguage":"es"},{"@type":"ImageObject","@id":"https:\/\/www.grupoxcaret.com\/es\/acciones-por-el-medio-ambiente\/#primaryimage","inLanguage":"es","url":"https:\/\/www.grupoxcaret.com\/es\/wp-content\/uploads\/2018\/03\/VIVEROS-GEX.jpg","contentUrl":"https:\/\/www.grupoxcaret.com\/es\/wp-content\/uploads\/2018\/03\/VIVEROS-GEX.jpg","width":1024,"height":683},{"@type":"WebPage","@id":"https:\/\/www.grupoxcaret.com\/es\/acciones-por-el-medio-ambiente\/#webpage","url":"https:\/\/www.grupoxcaret.com\/es\/acciones-por-el-medio-ambiente\/","name":"ACCIONES POR EL MEDIO AMBIENTE - Grupo Xcaret Sitio Corporativo","isPartOf":{"@id":"https:\/\/www.grupoxcaret.com\/es\/#website"},"primaryImageOfPage":{"@id":"https:\/\/www.grupoxcaret.com\/es\/acciones-por-el-medio-ambiente\/#primaryimage"},"datePublished":"2024-05-27T08:00:00+00:00","dateModified":"2024-05-27T15:12:13+00:00","breadcrumb":{"@id":"https:\/\/www.grupoxcaret.com\/es\/acciones-por-el-medio-ambiente\/#breadcrumb"},"inLanguage":"es","potentialAction":[{"@type":"ReadAction","target":["https:\/\/www.grupoxcaret.com\/es\/acciones-por-el-medio-ambiente\/"]}]},{"@type":"BreadcrumbList","@id":"https:\/\/www.grupoxcaret.com\/es\/acciones-por-el-medio-ambiente\/#breadcrumb","itemListElement":[{"@type":"ListItem","position":1,"name":"Inicio","item":"https:\/\/www.grupoxcaret.com\/es\/"},{"@type":"ListItem","position":2,"name":"Educaci\u00f3n para la Sostenibilidad","item":"https:\/\/www.grupoxcaret.com\/es\/seccion\/educacion\/"},{"@type":"ListItem","position":3,"name":"Planeta","item":"https:\/\/www.grupoxcaret.com\/es\/seccion\/educacion\/planeta\/"},{"@type":"ListItem","position":4,"name":"ACCIONES POR EL MEDIO AMBIENTE"}]},{"@type":"Article","@id":"https:\/\/www.grupoxcaret.com\/es\/acciones-por-el-medio-ambiente\/#article","isPartOf":{"@id":"https:\/\/www.grupoxcaret.com\/es\/acciones-por-el-medio-ambiente\/#webpage"},"author":{"@id":"https:\/\/www.grupoxcaret.com\/es\/#\/schema\/person\/a063bfd3f2c8806ec176d4b2afba737f"},"headline":"ACCIONES POR EL MEDIO AMBIENTE","datePublished":"2024-05-27T08:00:00+00:00","dateModified":"2024-05-27T15:12:13+00:00","mainEntityOfPage":{"@id":"https:\/\/www.grupoxcaret.com\/es\/acciones-por-el-medio-ambiente\/#webpage"},"wordCount":187,"publisher":{"@id":"https:\/\/www.grupoxcaret.com\/es\/#organization"},"image":{"@id":"https:\/\/www.grupoxcaret.com\/es\/acciones-por-el-medio-ambiente\/#primaryimage"},"thumbnailUrl":"https:\/\/www.grupoxcaret.com\/es\/wp-content\/uploads\/2018\/03\/VIVEROS-GEX.jpg","articleSection":["Educaci\u00f3n para la Sostenibilidad","Planeta"],"inLanguage":"es"},{"@type":"Person","@id":"https:\/\/www.grupoxcaret.com\/es\/#\/schema\/person\/a063bfd3f2c8806ec176d4b2afba737f","name":"dmendozav","image":{"@type":"ImageObject","@id":"https:\/\/www.grupoxcaret.com\/es\/#personlogo","inLanguage":"es","url":"https:\/\/secure.gravatar.com\/avatar\/d0971a818d7242eb0e6a9b000cb0cb6c?s=96&d=mm&r=g","contentUrl":"https:\/\/secure.gravatar.com\/avatar\/d0971a818d7242eb0e6a9b000cb0cb6c?s=96&d=mm&r=g","caption":"dmendozav"},"url":"https:\/\/www.grupoxcaret.com\/es\/author\/dmendozav\/"}]}},"amp_enabled":true,"_links":{"self":[{"href":"https:\/\/www.grupoxcaret.com\/es\/wp-json\/wp\/v2\/posts\/5734"}],"collection":[{"href":"https:\/\/www.grupoxcaret.com\/es\/wp-json\/wp\/v2\/posts"}],"about":[{"href":"https:\/\/www.grupoxcaret.com\/es\/wp-json\/wp\/v2\/types\/post"}],"author":[{"embeddable":true,"href":"https:\/\/www.grupoxcaret.com\/es\/wp-json\/wp\/v2\/users\/8"}],"replies":[{"embeddable":true,"href":"https:\/\/www.grupoxcaret.com\/es\/wp-json\/wp\/v2\/comments?post=5734"}],"version-history":[{"count":4,"href":"https:\/\/www.grupoxcaret.com\/es\/wp-json\/wp\/v2\/posts\/5734\/revisions"}],"predecessor-version":[{"id":5745,"href":"https:\/\/www.grupoxcaret.com\/es\/wp-json\/wp\/v2\/posts\/5734\/revisions\/5745"}],"wp:featuredmedia":[{"embeddable":true,"href":"https:\/\/www.grupoxcaret.com\/es\/wp-json\/wp\/v2\/media\/2250"}],"wp:attachment":[{"href":"https:\/\/www.grupoxcaret.com\/es\/wp-json\/wp\/v2\/media?parent=5734"}],"wp:term":[{"taxonomy":"category","embeddable":true,"href":"https:\/\/www.grupoxcaret.com\/es\/wp-json\/wp\/v2\/categories?post=5734"},{"taxonomy":"post_tag","embeddable":true,"href":"https:\/\/www.grupoxcaret.com\/es\/wp-json\/wp\/v2\/tags?post=5734"}],"curies":[{"name":"wp","href":"https:\/\/api.w.org\/{rel}","templated":true}]}}