{"id":5716,"date":"2024-04-29T20:43:10","date_gmt":"2024-04-29T20:43:10","guid":{"rendered":"https:\/\/www.grupoxcaret.com\/es\/?p=5716"},"modified":"2024-04-29T20:43:27","modified_gmt":"2024-04-29T20:43:27","slug":"grupo-xcaret-celebra-la-gran-apertura-de-xenses-insomnia-con-corte-de-liston-inaugural","status":"publish","type":"post","link":"https:\/\/www.grupoxcaret.com\/es\/grupo-xcaret-celebra-la-gran-apertura-de-xenses-insomnia-con-corte-de-liston-inaugural\/","title":{"rendered":"Grupo Xcaret celebra la gran apertura de Xenses Insomnia con corte de list\u00f3n inaugural"},"content":{"rendered":"\n<ul><li>Grupo Xcaret busca elevar el entretenimiento nocturno en la Riviera Maya, ofreciendo una experiencia \u00fanica que incluye m\u00e1s de 20 actividades, 50 escenarios y m\u00e1s de 135 puntos de fotograf\u00eda.\u00a0<\/li><li><strong> <\/strong>Est\u00e1 abierto para todo p\u00fablico de lunes a s\u00e1bado en un horario de 17:30 a 23:00 horas.<\/li><\/ul>\n\n\n\n<p><strong>Xcaret, Riviera Maya, 26 de abril de 2024<\/strong>. \u2013 En una noche llena de luz y entusiasmo, Grupo Xcaret inaugur\u00f3 de manera oficial su m\u00e1s reciente innovaci\u00f3n: Xenses Insomnia. El parque tem\u00e1tico, que ya ha cautivado a miles durante el d\u00eda, ahora ofrece una propuesta nocturna fuera de lo ordinario, en la que los visitantes disfrutan de escenarios y recorridos de noche, en medio de un entorno natural lleno de luces, colores y aromas.&nbsp;<\/p>\n\n\n\n<p>El corte del list\u00f3n, marcando el comienzo de esta aventura sensorial, cont\u00f3 con la participaci\u00f3n de alrededor de 100 medios de comunicaci\u00f3n y distinguidas personalidades de Grupo Xcaret que han contribuido al \u00e9xito de este proyecto visionario. Entre ellos se encontraban David Quintana, Vicepresidencia de Estrategia y Desarrollo; Elizabeth Lugo, Direcci\u00f3n Ejecutiva de Parques, Tours y Naviera; Lizeth \u00c1lvarez, Direcci\u00f3n Ejecutiva Comercial; Rodrigo Quintana, Direcci\u00f3n Corporativa de Innovaci\u00f3n Xurreal; Mariana Ruiz Direcci\u00f3n de Talento Humano, entre otros.&nbsp;<\/p>\n\n\n\n<p>\u00abXenses, el parque m\u00e1s original y creativo de Riviera Maya, donde la imaginaci\u00f3n no tiene l\u00edmites, ahora da un giro a\u00fan m\u00e1s emocionante en su versi\u00f3n nocturna, Xenses Insomnia. Este espacio transforma los sentidos a trav\u00e9s de la imaginaci\u00f3n, ofreciendo una noche inolvidable para familias o amigos\u00bb, coment\u00f3 Leticia Rodr\u00edguez del equipo de Xenses.<\/p>\n\n\n\n<p>A\u00f1adi\u00f3 que con Xenses Insomnia, Grupo Xcaret busca elevar el entretenimiento nocturno en la Riviera Maya, ofreciendo una experiencia \u00fanica que incluye m\u00e1s de 20 actividades, 50 escenarios y 135 puntos de fotograf\u00eda que desaf\u00edan la percepci\u00f3n y estimulan los sentidos al anochecer. \u00abEsta apuesta refleja nuestro compromiso de ofrecer experiencias inolvidables en un entorno m\u00e1gico\u00bb, puntualiz\u00f3.<\/p>\n\n\n\n<p>Los visitantes pudieron adentrarse en un reino donde la realidad se desvanece en un espect\u00e1culo de luces y sombras. Disfrutaron de un emocionante tobog\u00e1n que culmina en un refrescante pozo natural. Tambi\u00e9n de sumergirse en la selva bajo la noche estrellada en el Vuelo de B\u00faho, rodeados de luci\u00e9rnagas y destellos, experimentando la sensaci\u00f3n de volar.<\/p>\n\n\n\n<p>Descubrieron el Pueblo, donde todo lo que sucede es inexplicable y lo que ves no hace sentido. Finalmente experimentaron el Xensatorium, un recorrido en el que la oscuridad se convierte en una experiencia de vida que toca las m\u00e1s profundas emociones y los m\u00e1s sublimes sentimientos en un viaje \u00fanico a trav\u00e9s de los sentidos.<\/p>\n\n\n\n<p>Xenses Insomnia promete ser la opci\u00f3n nocturna para quienes buscan una noche llena de diversi\u00f3n y asombro en la Riviera Maya. Est\u00e1 abierta para todo p\u00fablico desde el viernes 29 de marzo, de lunes a s\u00e1bado en un horario de 17:30 a 23:00 horas.<\/p>\n\n\n\n<p>Para reservar entradas y conocer m\u00e1s sobre Xenses Insomnia, haz click en el siguiente <a href=\"https:\/\/tinyurl.com\/XensesInsomnia\" target=\"_blank\" rel=\"noreferrer noopener\">enlace<\/a>. **Para los hu\u00e9spedes de cualquiera de los hoteles Xcaret (Hotel Xcaret M\u00e9xico, Hotel Xcaret Arte y La Casa de la Playa), la entrada y tansportaci\u00f3n a Xenses est\u00e1 incluida como parte de su concepto \u00fanico All Fun Inclusive \u00ae.<\/p>\n","protected":false},"excerpt":{"rendered":"<p>Grupo Xcaret busca elevar el entretenimiento nocturno en la Riviera Maya, ofreciendo una experiencia \u00fanica que incluye m\u00e1s de 20 actividades, 50 escenarios y m\u00e1s de 135 puntos de fotograf\u00eda.\u00a0 Est\u00e1 abierto para todo p\u00fablico de lunes a s\u00e1bado en un horario de 17:30 a 23:00 horas. Xcaret, Riviera Maya, 26 de abril de 2024. [&hellip;]<\/p>\n","protected":false},"author":8,"featured_media":5717,"comment_status":"closed","ping_status":"closed","sticky":false,"template":"","format":"standard","meta":[],"categories":[4,72,3],"tags":[],"yoast_head":"<!-- This site is optimized with the Yoast SEO plugin v17.6 - https:\/\/yoast.com\/wordpress\/plugins\/seo\/ -->\n<meta name=\"robots\" content=\"index, follow, max-snippet:-1, max-image-preview:large, max-video-preview:-1\" \/>\n<link rel=\"canonical\" href=\"https:\/\/www.grupoxcaret.com\/es\/grupo-xcaret-celebra-la-gran-apertura-de-xenses-insomnia-con-corte-de-liston-inaugural\/\" \/>\n<meta property=\"og:locale\" content=\"es_ES\" \/>\n<meta property=\"og:type\" content=\"article\" \/>\n<meta property=\"og:title\" content=\"Grupo Xcaret celebra la gran apertura de Xenses Insomnia con corte de list\u00f3n inaugural - Grupo Xcaret Sitio Corporativo\" \/>\n<meta property=\"og:description\" content=\"Grupo Xcaret busca elevar el entretenimiento nocturno en la Riviera Maya, ofreciendo una experiencia \u00fanica que incluye m\u00e1s de 20 actividades, 50 escenarios y m\u00e1s de 135 puntos de fotograf\u00eda.\u00a0 Est\u00e1 abierto para todo p\u00fablico de lunes a s\u00e1bado en un horario de 17:30 a 23:00 horas. Xcaret, Riviera Maya, 26 de abril de 2024. [&hellip;]\" \/>\n<meta property=\"og:url\" content=\"https:\/\/www.grupoxcaret.com\/es\/grupo-xcaret-celebra-la-gran-apertura-de-xenses-insomnia-con-corte-de-liston-inaugural\/\" \/>\n<meta property=\"og:site_name\" content=\"Grupo Xcaret Sitio Corporativo\" \/>\n<meta property=\"article:published_time\" content=\"2024-04-29T20:43:10+00:00\" \/>\n<meta property=\"article:modified_time\" content=\"2024-04-29T20:43:27+00:00\" \/>\n<meta property=\"og:image\" content=\"https:\/\/www.grupoxcaret.com\/es\/wp-content\/uploads\/2024\/04\/Xenses-Insomnia_-Corte-de-listo\u0301n_-1.jpg\" \/>\n\t<meta property=\"og:image:width\" content=\"1400\" \/>\n\t<meta property=\"og:image:height\" content=\"933\" \/>\n<meta name=\"twitter:card\" content=\"summary_large_image\" \/>\n<meta name=\"twitter:label1\" content=\"Escrito por\" \/>\n\t<meta name=\"twitter:data1\" content=\"dmendozav\" \/>\n\t<meta name=\"twitter:label2\" content=\"Tiempo de lectura\" \/>\n\t<meta name=\"twitter:data2\" content=\"3 minutos\" \/>\n<script type=\"application\/ld+json\" class=\"yoast-schema-graph\">{\"@context\":\"https:\/\/schema.org\",\"@graph\":[{\"@type\":\"Organization\",\"@id\":\"https:\/\/www.grupoxcaret.com\/es\/#organization\",\"name\":\"Grupo Xcaret\",\"url\":\"https:\/\/www.grupoxcaret.com\/es\/\",\"sameAs\":[],\"logo\":{\"@type\":\"ImageObject\",\"@id\":\"https:\/\/www.grupoxcaret.com\/es\/#logo\",\"inLanguage\":\"es\",\"url\":\"https:\/\/www.grupoxcaret.com\/es\/wp-content\/uploads\/2015\/04\/exx.png\",\"contentUrl\":\"https:\/\/www.grupoxcaret.com\/es\/wp-content\/uploads\/2015\/04\/exx.png\",\"width\":400,\"height\":136,\"caption\":\"Grupo Xcaret\"},\"image\":{\"@id\":\"https:\/\/www.grupoxcaret.com\/es\/#logo\"}},{\"@type\":\"WebSite\",\"@id\":\"https:\/\/www.grupoxcaret.com\/es\/#website\",\"url\":\"https:\/\/www.grupoxcaret.com\/es\/\",\"name\":\"Grupo Xcaret Sitio Corporativo\",\"description\":\"Conoce el sitio corporativo de Grupo Xcaret. Encuentra informaci\\u00f3n relevante acerca de nuestra historia, marcas, filosof\\u00eda empresarial, pol\\u00edtica de sostenibilidad y mucho m\\u00e1s.\",\"publisher\":{\"@id\":\"https:\/\/www.grupoxcaret.com\/es\/#organization\"},\"potentialAction\":[{\"@type\":\"SearchAction\",\"target\":{\"@type\":\"EntryPoint\",\"urlTemplate\":\"https:\/\/www.grupoxcaret.com\/es\/?s={search_term_string}\"},\"query-input\":\"required name=search_term_string\"}],\"inLanguage\":\"es\"},{\"@type\":\"ImageObject\",\"@id\":\"https:\/\/www.grupoxcaret.com\/es\/grupo-xcaret-celebra-la-gran-apertura-de-xenses-insomnia-con-corte-de-liston-inaugural\/#primaryimage\",\"inLanguage\":\"es\",\"url\":\"https:\/\/www.grupoxcaret.com\/es\/wp-content\/uploads\/2024\/04\/Xenses-Insomnia_-Corte-de-listo\\u0301n_-1.jpg\",\"contentUrl\":\"https:\/\/www.grupoxcaret.com\/es\/wp-content\/uploads\/2024\/04\/Xenses-Insomnia_-Corte-de-listo\\u0301n_-1.jpg\",\"width\":1400,\"height\":933},{\"@type\":\"WebPage\",\"@id\":\"https:\/\/www.grupoxcaret.com\/es\/grupo-xcaret-celebra-la-gran-apertura-de-xenses-insomnia-con-corte-de-liston-inaugural\/#webpage\",\"url\":\"https:\/\/www.grupoxcaret.com\/es\/grupo-xcaret-celebra-la-gran-apertura-de-xenses-insomnia-con-corte-de-liston-inaugural\/\",\"name\":\"Grupo Xcaret celebra la gran apertura de Xenses Insomnia con corte de list\\u00f3n inaugural - Grupo Xcaret Sitio Corporativo\",\"isPartOf\":{\"@id\":\"https:\/\/www.grupoxcaret.com\/es\/#website\"},\"primaryImageOfPage\":{\"@id\":\"https:\/\/www.grupoxcaret.com\/es\/grupo-xcaret-celebra-la-gran-apertura-de-xenses-insomnia-con-corte-de-liston-inaugural\/#primaryimage\"},\"datePublished\":\"2024-04-29T20:43:10+00:00\",\"dateModified\":\"2024-04-29T20:43:27+00:00\",\"breadcrumb\":{\"@id\":\"https:\/\/www.grupoxcaret.com\/es\/grupo-xcaret-celebra-la-gran-apertura-de-xenses-insomnia-con-corte-de-liston-inaugural\/#breadcrumb\"},\"inLanguage\":\"es\",\"potentialAction\":[{\"@type\":\"ReadAction\",\"target\":[\"https:\/\/www.grupoxcaret.com\/es\/grupo-xcaret-celebra-la-gran-apertura-de-xenses-insomnia-con-corte-de-liston-inaugural\/\"]}]},{\"@type\":\"BreadcrumbList\",\"@id\":\"https:\/\/www.grupoxcaret.com\/es\/grupo-xcaret-celebra-la-gran-apertura-de-xenses-insomnia-con-corte-de-liston-inaugural\/#breadcrumb\",\"itemListElement\":[{\"@type\":\"ListItem\",\"position\":1,\"name\":\"Inicio\",\"item\":\"https:\/\/www.grupoxcaret.com\/es\/\"},{\"@type\":\"ListItem\",\"position\":2,\"name\":\"Sala de Prensa\",\"item\":\"https:\/\/www.grupoxcaret.com\/es\/seccion\/sala-de-prensa\/\"},{\"@type\":\"ListItem\",\"position\":3,\"name\":\"Boletines de Prensa\",\"item\":\"https:\/\/www.grupoxcaret.com\/es\/seccion\/sala-de-prensa\/boletines\/\"},{\"@type\":\"ListItem\",\"position\":4,\"name\":\"Grupo Xcaret celebra la gran apertura de Xenses Insomnia con corte de list\\u00f3n inaugural\"}]},{\"@type\":\"Article\",\"@id\":\"https:\/\/www.grupoxcaret.com\/es\/grupo-xcaret-celebra-la-gran-apertura-de-xenses-insomnia-con-corte-de-liston-inaugural\/#article\",\"isPartOf\":{\"@id\":\"https:\/\/www.grupoxcaret.com\/es\/grupo-xcaret-celebra-la-gran-apertura-de-xenses-insomnia-con-corte-de-liston-inaugural\/#webpage\"},\"author\":{\"@id\":\"https:\/\/www.grupoxcaret.com\/es\/#\/schema\/person\/a063bfd3f2c8806ec176d4b2afba737f\"},\"headline\":\"Grupo Xcaret celebra la gran apertura de Xenses Insomnia con corte de list\\u00f3n inaugural\",\"datePublished\":\"2024-04-29T20:43:10+00:00\",\"dateModified\":\"2024-04-29T20:43:27+00:00\",\"mainEntityOfPage\":{\"@id\":\"https:\/\/www.grupoxcaret.com\/es\/grupo-xcaret-celebra-la-gran-apertura-de-xenses-insomnia-con-corte-de-liston-inaugural\/#webpage\"},\"wordCount\":568,\"publisher\":{\"@id\":\"https:\/\/www.grupoxcaret.com\/es\/#organization\"},\"image\":{\"@id\":\"https:\/\/www.grupoxcaret.com\/es\/grupo-xcaret-celebra-la-gran-apertura-de-xenses-insomnia-con-corte-de-liston-inaugural\/#primaryimage\"},\"thumbnailUrl\":\"https:\/\/www.grupoxcaret.com\/es\/wp-content\/uploads\/2024\/04\/Xenses-Insomnia_-Corte-de-listo\\u0301n_-1.jpg\",\"articleSection\":[\"Boletines de Prensa\",\"Destacados\",\"Sala de Prensa\"],\"inLanguage\":\"es\"},{\"@type\":\"Person\",\"@id\":\"https:\/\/www.grupoxcaret.com\/es\/#\/schema\/person\/a063bfd3f2c8806ec176d4b2afba737f\",\"name\":\"dmendozav\",\"image\":{\"@type\":\"ImageObject\",\"@id\":\"https:\/\/www.grupoxcaret.com\/es\/#personlogo\",\"inLanguage\":\"es\",\"url\":\"https:\/\/secure.gravatar.com\/avatar\/d0971a818d7242eb0e6a9b000cb0cb6c?s=96&d=mm&r=g\",\"contentUrl\":\"https:\/\/secure.gravatar.com\/avatar\/d0971a818d7242eb0e6a9b000cb0cb6c?s=96&d=mm&r=g\",\"caption\":\"dmendozav\"},\"url\":\"https:\/\/www.grupoxcaret.com\/es\/author\/dmendozav\/\"}]}<\/script>\n<!-- \/ Yoast SEO plugin. -->","yoast_head_json":{"robots":{"index":"index","follow":"follow","max-snippet":"max-snippet:-1","max-image-preview":"max-image-preview:large","max-video-preview":"max-video-preview:-1"},"canonical":"https:\/\/www.grupoxcaret.com\/es\/grupo-xcaret-celebra-la-gran-apertura-de-xenses-insomnia-con-corte-de-liston-inaugural\/","og_locale":"es_ES","og_type":"article","og_title":"Grupo Xcaret celebra la gran apertura de Xenses Insomnia con corte de list\u00f3n inaugural - Grupo Xcaret Sitio Corporativo","og_description":"Grupo Xcaret busca elevar el entretenimiento nocturno en la Riviera Maya, ofreciendo una experiencia \u00fanica que incluye m\u00e1s de 20 actividades, 50 escenarios y m\u00e1s de 135 puntos de fotograf\u00eda.\u00a0 Est\u00e1 abierto para todo p\u00fablico de lunes a s\u00e1bado en un horario de 17:30 a 23:00 horas. Xcaret, Riviera Maya, 26 de abril de 2024. [&hellip;]","og_url":"https:\/\/www.grupoxcaret.com\/es\/grupo-xcaret-celebra-la-gran-apertura-de-xenses-insomnia-con-corte-de-liston-inaugural\/","og_site_name":"Grupo Xcaret Sitio Corporativo","article_published_time":"2024-04-29T20:43:10+00:00","article_modified_time":"2024-04-29T20:43:27+00:00","og_image":[{"width":1400,"height":933,"url":"https:\/\/www.grupoxcaret.com\/es\/wp-content\/uploads\/2024\/04\/Xenses-Insomnia_-Corte-de-listo\u0301n_-1.jpg","type":"image\/jpeg"}],"twitter_card":"summary_large_image","twitter_misc":{"Escrito por":"dmendozav","Tiempo de lectura":"3 minutos"},"schema":{"@context":"https:\/\/schema.org","@graph":[{"@type":"Organization","@id":"https:\/\/www.grupoxcaret.com\/es\/#organization","name":"Grupo Xcaret","url":"https:\/\/www.grupoxcaret.com\/es\/","sameAs":[],"logo":{"@type":"ImageObject","@id":"https:\/\/www.grupoxcaret.com\/es\/#logo","inLanguage":"es","url":"https:\/\/www.grupoxcaret.com\/es\/wp-content\/uploads\/2015\/04\/exx.png","contentUrl":"https:\/\/www.grupoxcaret.com\/es\/wp-content\/uploads\/2015\/04\/exx.png","width":400,"height":136,"caption":"Grupo Xcaret"},"image":{"@id":"https:\/\/www.grupoxcaret.com\/es\/#logo"}},{"@type":"WebSite","@id":"https:\/\/www.grupoxcaret.com\/es\/#website","url":"https:\/\/www.grupoxcaret.com\/es\/","name":"Grupo Xcaret Sitio Corporativo","description":"Conoce el sitio corporativo de Grupo Xcaret. Encuentra informaci\u00f3n relevante acerca de nuestra historia, marcas, filosof\u00eda empresarial, pol\u00edtica de sostenibilidad y mucho m\u00e1s.","publisher":{"@id":"https:\/\/www.grupoxcaret.com\/es\/#organization"},"potentialAction":[{"@type":"SearchAction","target":{"@type":"EntryPoint","urlTemplate":"https:\/\/www.grupoxcaret.com\/es\/?s={search_term_string}"},"query-input":"required name=search_term_string"}],"inLanguage":"es"},{"@type":"ImageObject","@id":"https:\/\/www.grupoxcaret.com\/es\/grupo-xcaret-celebra-la-gran-apertura-de-xenses-insomnia-con-corte-de-liston-inaugural\/#primaryimage","inLanguage":"es","url":"https:\/\/www.grupoxcaret.com\/es\/wp-content\/uploads\/2024\/04\/Xenses-Insomnia_-Corte-de-listo\u0301n_-1.jpg","contentUrl":"https:\/\/www.grupoxcaret.com\/es\/wp-content\/uploads\/2024\/04\/Xenses-Insomnia_-Corte-de-listo\u0301n_-1.jpg","width":1400,"height":933},{"@type":"WebPage","@id":"https:\/\/www.grupoxcaret.com\/es\/grupo-xcaret-celebra-la-gran-apertura-de-xenses-insomnia-con-corte-de-liston-inaugural\/#webpage","url":"https:\/\/www.grupoxcaret.com\/es\/grupo-xcaret-celebra-la-gran-apertura-de-xenses-insomnia-con-corte-de-liston-inaugural\/","name":"Grupo Xcaret celebra la gran apertura de Xenses Insomnia con corte de list\u00f3n inaugural - Grupo Xcaret Sitio Corporativo","isPartOf":{"@id":"https:\/\/www.grupoxcaret.com\/es\/#website"},"primaryImageOfPage":{"@id":"https:\/\/www.grupoxcaret.com\/es\/grupo-xcaret-celebra-la-gran-apertura-de-xenses-insomnia-con-corte-de-liston-inaugural\/#primaryimage"},"datePublished":"2024-04-29T20:43:10+00:00","dateModified":"2024-04-29T20:43:27+00:00","breadcrumb":{"@id":"https:\/\/www.grupoxcaret.com\/es\/grupo-xcaret-celebra-la-gran-apertura-de-xenses-insomnia-con-corte-de-liston-inaugural\/#breadcrumb"},"inLanguage":"es","potentialAction":[{"@type":"ReadAction","target":["https:\/\/www.grupoxcaret.com\/es\/grupo-xcaret-celebra-la-gran-apertura-de-xenses-insomnia-con-corte-de-liston-inaugural\/"]}]},{"@type":"BreadcrumbList","@id":"https:\/\/www.grupoxcaret.com\/es\/grupo-xcaret-celebra-la-gran-apertura-de-xenses-insomnia-con-corte-de-liston-inaugural\/#breadcrumb","itemListElement":[{"@type":"ListItem","position":1,"name":"Inicio","item":"https:\/\/www.grupoxcaret.com\/es\/"},{"@type":"ListItem","position":2,"name":"Sala de Prensa","item":"https:\/\/www.grupoxcaret.com\/es\/seccion\/sala-de-prensa\/"},{"@type":"ListItem","position":3,"name":"Boletines de Prensa","item":"https:\/\/www.grupoxcaret.com\/es\/seccion\/sala-de-prensa\/boletines\/"},{"@type":"ListItem","position":4,"name":"Grupo Xcaret celebra la gran apertura de Xenses Insomnia con corte de list\u00f3n inaugural"}]},{"@type":"Article","@id":"https:\/\/www.grupoxcaret.com\/es\/grupo-xcaret-celebra-la-gran-apertura-de-xenses-insomnia-con-corte-de-liston-inaugural\/#article","isPartOf":{"@id":"https:\/\/www.grupoxcaret.com\/es\/grupo-xcaret-celebra-la-gran-apertura-de-xenses-insomnia-con-corte-de-liston-inaugural\/#webpage"},"author":{"@id":"https:\/\/www.grupoxcaret.com\/es\/#\/schema\/person\/a063bfd3f2c8806ec176d4b2afba737f"},"headline":"Grupo Xcaret celebra la gran apertura de Xenses Insomnia con corte de list\u00f3n inaugural","datePublished":"2024-04-29T20:43:10+00:00","dateModified":"2024-04-29T20:43:27+00:00","mainEntityOfPage":{"@id":"https:\/\/www.grupoxcaret.com\/es\/grupo-xcaret-celebra-la-gran-apertura-de-xenses-insomnia-con-corte-de-liston-inaugural\/#webpage"},"wordCount":568,"publisher":{"@id":"https:\/\/www.grupoxcaret.com\/es\/#organization"},"image":{"@id":"https:\/\/www.grupoxcaret.com\/es\/grupo-xcaret-celebra-la-gran-apertura-de-xenses-insomnia-con-corte-de-liston-inaugural\/#primaryimage"},"thumbnailUrl":"https:\/\/www.grupoxcaret.com\/es\/wp-content\/uploads\/2024\/04\/Xenses-Insomnia_-Corte-de-listo\u0301n_-1.jpg","articleSection":["Boletines de Prensa","Destacados","Sala de Prensa"],"inLanguage":"es"},{"@type":"Person","@id":"https:\/\/www.grupoxcaret.com\/es\/#\/schema\/person\/a063bfd3f2c8806ec176d4b2afba737f","name":"dmendozav","image":{"@type":"ImageObject","@id":"https:\/\/www.grupoxcaret.com\/es\/#personlogo","inLanguage":"es","url":"https:\/\/secure.gravatar.com\/avatar\/d0971a818d7242eb0e6a9b000cb0cb6c?s=96&d=mm&r=g","contentUrl":"https:\/\/secure.gravatar.com\/avatar\/d0971a818d7242eb0e6a9b000cb0cb6c?s=96&d=mm&r=g","caption":"dmendozav"},"url":"https:\/\/www.grupoxcaret.com\/es\/author\/dmendozav\/"}]}},"amp_enabled":true,"_links":{"self":[{"href":"https:\/\/www.grupoxcaret.com\/es\/wp-json\/wp\/v2\/posts\/5716"}],"collection":[{"href":"https:\/\/www.grupoxcaret.com\/es\/wp-json\/wp\/v2\/posts"}],"about":[{"href":"https:\/\/www.grupoxcaret.com\/es\/wp-json\/wp\/v2\/types\/post"}],"author":[{"embeddable":true,"href":"https:\/\/www.grupoxcaret.com\/es\/wp-json\/wp\/v2\/users\/8"}],"replies":[{"embeddable":true,"href":"https:\/\/www.grupoxcaret.com\/es\/wp-json\/wp\/v2\/comments?post=5716"}],"version-history":[{"count":1,"href":"https:\/\/www.grupoxcaret.com\/es\/wp-json\/wp\/v2\/posts\/5716\/revisions"}],"predecessor-version":[{"id":5718,"href":"https:\/\/www.grupoxcaret.com\/es\/wp-json\/wp\/v2\/posts\/5716\/revisions\/5718"}],"wp:featuredmedia":[{"embeddable":true,"href":"https:\/\/www.grupoxcaret.com\/es\/wp-json\/wp\/v2\/media\/5717"}],"wp:attachment":[{"href":"https:\/\/www.grupoxcaret.com\/es\/wp-json\/wp\/v2\/media?parent=5716"}],"wp:term":[{"taxonomy":"category","embeddable":true,"href":"https:\/\/www.grupoxcaret.com\/es\/wp-json\/wp\/v2\/categories?post=5716"},{"taxonomy":"post_tag","embeddable":true,"href":"https:\/\/www.grupoxcaret.com\/es\/wp-json\/wp\/v2\/tags?post=5716"}],"curies":[{"name":"wp","href":"https:\/\/api.w.org\/{rel}","templated":true}]}}