{"id":5621,"date":"2024-02-26T18:32:41","date_gmt":"2024-02-26T18:32:41","guid":{"rendered":"https:\/\/www.grupoxcaret.com\/es\/?p=5621"},"modified":"2024-02-26T18:32:43","modified_gmt":"2024-02-26T18:32:43","slug":"huesera-encabeza-por-parte-de-mexico-la-lista-de-20-titulos-por-categoria-previa-a-las-finalistas-de-los-xi-premios-platino-xcaret%ef%bf%bc","status":"publish","type":"post","link":"https:\/\/www.grupoxcaret.com\/es\/huesera-encabeza-por-parte-de-mexico-la-lista-de-20-titulos-por-categoria-previa-a-las-finalistas-de-los-xi-premios-platino-xcaret%ef%bf%bc\/","title":{"rendered":"Huesera encabeza por parte de M\u00e9xico la lista de 20 t\u00edtulos por categor\u00eda previa a las finalistas de los XI Premios PLATINO XCARET\ufffc"},"content":{"rendered":"\n<p><a>Madrid, 22 de febrero de 2024. \u2013 <\/a><a>Con 6 candidaturas, <strong><em>Huesera <\/em>(Michelle Garza Cervera)<\/strong> es la producci\u00f3n mexicana que parte con m\u00e1s opciones en la lista de 20 candidaturas por categor\u00eda en la XI Edici\u00f3n de los Premios PLATINO XCARET, sucedida en n\u00famero de candidaturas por <strong><em>Radical (<\/em>Christopher Zalla), <\/strong>con 5.<\/a><\/p>\n\n\n\n<p><strong>Un total de 168 obras audiovisuales han sido seleccionadas en la lista de 20 candidaturas por categor\u00eda de la XI Edici\u00f3n de los Premios PLATINO XCARET<\/strong>. Todas ellas optar\u00e1n a la nominaci\u00f3n por el galard\u00f3n que se entregar\u00e1 en la gala del pr\u00f3ximo 20 de abril teniendo como lugar de celebraci\u00f3n el <strong>Teatro Gran Tlachco<\/strong> del mexicano parque Xcaret, en Riviera Maya.<\/p>\n\n\n\n<p>As\u00ed, producciones de hasta 23 pa\u00edses iberoamericanos han compuesto la actual lista de la cual resultar\u00e1n las nominaciones a las obras y profesionales finalistas. Tal y como se establece en las bases, <strong>estas candidaturas han sido revisadas y seleccionadas por el Comit\u00e9 Ejecutivo de los premios<\/strong>, con los miembros del jurado.<\/p>\n\n\n\n<p>Las candidaturas por categor\u00eda han sido reveladas en un multitudinario acto acogido por la Cineteca Nacional de Ciudad de M\u00e9xico en el que han estado presentes el Secretario de Turismo de Quintana Roo, Bernardo Cueto, y, coincidiendo con que ser\u00e1 M\u00e9xico el pa\u00eds anfitri\u00f3n de las ediciones de 2024 y 2026 en alternancia con Espa\u00f1a, el CMO de Grupo Xcaret, Luis Carlos Vel\u00e1zquez. La lectura ha contado con la participaci\u00f3n de los int\u00e9rpretes Ana Layevska, Blanca Guerra, Diego Calva, Er\u00e9ndira Ybarra, Erik Hayser y Sandra Echeverr\u00eda y ha puesto de relieve la notable calidad de la cosecha audiovisual iberoamericana y la consolidaci\u00f3n del sector como uno de los referentes mundiales con m\u00e1s posibilidad de crecimiento.<\/p>\n\n\n\n<p>En la categor\u00eda a <strong>Mejor Pel\u00edcula Iberoamericana de Ficci\u00f3n<\/strong>, M\u00e9xico aspirar\u00e1 a nominaci\u00f3n final con las producciones <strong><em>Perdidos en la noche <\/em>(Amat Escalante), <em>Radical <\/em>(Christopher Zalla)<em> y T\u00f3tem <\/em>(Lila Avil\u00e9s), <\/strong>mientras que las candidatas a <strong>Mejor Miniserie o Teleserie Cinematogr\u00e1fica<\/strong> son <strong><em>El ap\u00f3stol, La cabeza de Joaqu\u00edn Murrieta <\/em>(Mauricio Leiva-Cock, Diego Ram\u00edrez Schrempp),<em> Mariachis <\/em>(Antonio Mauri, To\u00f1o Mauri)<em> y Triada <\/em>(Leticia L\u00f3pez Margalli).<\/strong><\/p>\n\n\n\n<p><strong>Eugenio Derbez (<em>Radical)<\/em> y Juan Manuel Bernal (<em>Confesiones<\/em>) <\/strong>han sido los candidatos en la categor\u00eda de <strong>Mejor Interpretaci\u00f3n Masculina<\/strong>. Por su parte, <strong>Claudia Ram\u00edrez (<em>Confesiones<\/em>)<\/strong> optar\u00e1 a la nominaci\u00f3n final a <strong>Mejor Interpretaci\u00f3n Femenina.<\/strong><\/p>\n\n\n\n<p>Los actores y actrices de reparto mexicanos que optar\u00e1n a la nominaci\u00f3n ser\u00e1n <strong>Mayra Batalla (<em>Huesera<\/em>)<\/strong> en <strong>Mejor Interpretaci\u00f3n Femenina de Reparto<\/strong> y <strong>Cuauhtli Jim\u00e9nez (\u00a1<em>Que viva M\u00e9xico<\/em>!) <\/strong>en <strong>Mejor Interpretaci\u00f3n Masculina de Reparto<\/strong>.<\/p>\n\n\n\n<p><strong>Juan Manuel Bernal (<em>La cabeza de Joaqu\u00edn Murrieta<\/em>), Memo Villegas (<em>Harina T2<\/em>), Pedro Fern\u00e1ndez (<em>Mariachis<\/em>) y Sebastian Rulli (<em>M\u00e1s all\u00e1 de ti<\/em>) <\/strong>han sido candidatos en la categor\u00eda de <strong>Mejor Interpretaci\u00f3n Masculina en Miniserie o Teleserie Cinematogr\u00e1fica<\/strong>, mientras que en la categor\u00eda a la <strong>Mejor Interpretaci\u00f3n Femenina en Miniserie o Teleserie Cinematogr\u00e1fica<\/strong> las candidatas son <strong>Ariadne D\u00edaz (<em>M\u00e1s all\u00e1 de ti<\/em>), Becky Zhu Wu (<em>La cabeza de Joaqu\u00edn Murrieta<\/em>), Maite Perroni (<em>Triada<\/em>) y Paulina Gaitan <\/strong><strong>(<em>P#t@s Redes Sociales<\/em>)<\/strong><strong>.<\/strong><\/p>\n\n\n\n<p>Por su parte, a las candidaturas de <strong>Mejor Interpretaci\u00f3n de Reparto en Miniserie o Teleserie<\/strong> <strong>Ofelia Medina (<em>Triada<\/em>), Regina Orozco (<em>Mariachis<\/em>) y Sylvia Pasquel (<em>Mala fortuna)<\/em> <\/strong>son candidatasen la categor\u00eda femenina, mientras que en la contraparte masculina han sido seleccionados <strong>Alex Lago (<em>VGLY<\/em>) y Emiliano Zurita (<em>La cabeza de Joaqu\u00edn Murrieta<\/em>).<\/strong><\/p>\n\n\n\n<p>Las candidaturas a <strong>Mejor Direcci\u00f3n<\/strong> quedan repartidas entre <strong>Amat Escalante (<em>Perdidos en la noche<\/em>) y Lila Avil\u00e9s (T\u00f3tem).<\/strong><\/p>\n\n\n\n<p><strong>LOS PLATINO VUELVEN A APOSTAR POR LA DIVERSIDAD IBEROAMERICANA<\/strong><\/p>\n\n\n\n<p>La gala de la pasada edici\u00f3n de los PLATINO, presentada por Carolina Gait\u00e1n, Omar Chaparro y Paz Vega volvi\u00f3 a batir su r\u00e9cord de impacto medi\u00e1tico con <strong>una valoraci\u00f3n publicitaria equivalente de m\u00e1s de 197 millones de d\u00f3lares resultante del creciente inter\u00e9s despertado en redes y su emisi\u00f3n en <\/strong>un total de 23 cadenas de televisi\u00f3n en abierto y pago.<\/p>\n\n\n\n<p>En estas diez ediciones, <strong>los premios han celebrado la diversidad de sus culturas<\/strong> otorgando el galard\u00f3n a la Mejor Pel\u00edcula Iberoamericana a obras argentinas, chilenas, colombianas, espa\u00f1olas y mexicanas, mientras que, desde su creaci\u00f3n en su cuarta edici\u00f3n, el galard\u00f3n para las series ha ido a parar a Argentina, Cuba y Espa\u00f1a. En animaci\u00f3n, Argentina, Brasil, Chile, Espa\u00f1a y Per\u00fa han sido las reconocidas, en documental, Brasil, Chile, Cuba y Espa\u00f1a, y en el apartado de \u00f3peras primas, han destacado, junto a regiones con mayor producci\u00f3n, pa\u00edses como Guatemala, Paraguay o Venezuela.<\/p>\n\n\n\n<figure class=\"wp-block-table\"><table><tbody><tr><td><strong>CATEGORIA<\/strong><\/td><td><strong>TITULO<\/strong><\/td><td><strong>DIRECTOR PEL\u00cdCULA<\/strong><\/td><td><strong>NOMINADO<\/strong><\/td><\/tr><tr><td><strong>Mejor Pel\u00edcula Iberoamericana de Ficci\u00f3n<\/strong><\/td><td><strong>Perdidos en la noche<\/strong><\/td><td>Amat Escalante<\/td><td><\/td><\/tr><tr><td><strong>Mejor Pel\u00edcula Iberoamericana de Ficci\u00f3n<\/strong><\/td><td><strong>Radical<\/strong><\/td><td>Christopher Zalla<\/td><td><\/td><\/tr><tr><td><strong>Mejor Pel\u00edcula Iberoamericana de Ficci\u00f3n<\/strong><\/td><td><strong>T\u00f3tem<\/strong><\/td><td>Lila Avil\u00e9s<\/td><td><\/td><\/tr><tr><td><strong>Mejor Miniserie o Teleserie Cinematogr\u00e1fica<\/strong><\/td><td><strong>El ap\u00f3stol<\/strong><\/td><td><\/td><td><\/td><\/tr><tr><td><strong>Mejor Miniserie o Teleserie Cinematogr\u00e1fica<\/strong><\/td><td><strong>La cabeza de Joaqu\u00edn Murrieta<\/strong><\/td><td>Mauricio Leiva-Cock, Diego Ram\u00edrez Schrempp<\/td><td>&nbsp;<\/td><\/tr><tr><td><strong>Mejor Miniserie o Teleserie Cinematogr\u00e1fica<\/strong><\/td><td><strong>Mariachis<\/strong><\/td><td>Antonio Mauri, To\u00f1o Mauri<\/td><td><\/td><\/tr><tr><td><strong>Mejor Miniserie o Teleserie Cinematogr\u00e1fica<\/strong><\/td><td><strong>Triada<\/strong><\/td><td>Leticia L\u00f3pez Margalli<\/td><td><\/td><\/tr><tr><td><strong>Mejor direcci\u00f3n<\/strong><\/td><td><strong>Perdidos en la noche<\/strong><\/td><td>Amat Escalante<\/td><td>Amat Escalante<\/td><\/tr><tr><td><strong>Mejor direcci\u00f3n<\/strong><\/td><td><strong>T\u00f3tem<\/strong><\/td><td>Lila Avil\u00e9s<\/td><td>Lila Avil\u00e9s<\/td><\/tr><tr><td><strong>Mejor Creador de Serie<\/strong><\/td><td><strong>La cabeza de Joaqu\u00edn Murrieta<\/strong><\/td><\/tr><tr><td><strong>Mejor Creador de Serie<\/strong><\/td><td><strong>Vgly<\/strong><\/td><td>Marcos Bucay, Santiago Espejo<\/td><td>Marcos Bucay, Santiago Espejo<\/td><\/tr><tr><td><strong>Mejor Interpretaci\u00f3n Masculina<\/strong><\/td><td><strong>Confesiones<\/strong><\/td><td>Carlos Carrera<\/td><td>Juan Manuel&nbsp; Bernal<\/td><\/tr><tr><td><strong>Mejor Interpretaci\u00f3n Masculina<\/strong><\/td><td><strong>Radical<\/strong><\/td><td>Christopher Zalla<\/td><td>Eugenio Derbez<\/td><\/tr><tr><td><strong>Mejor Interpretaci\u00f3n Femenina<\/strong><\/td><td><strong>Confesiones<\/strong><\/td><td>Carlos Carrera<\/td><td>Claudia Ram\u00edrez<\/td><\/tr><tr><td><strong>Mejor Guion<\/strong><\/td><td><strong>Huesera<\/strong><\/td><td>Michelle Garza Cervera<\/td><td>Michelle Garza Cervera, Abia Castillo<\/td><\/tr><tr><td><strong>Mejor Guion<\/strong><\/td><td><strong>Radical<\/strong><\/td><td>Christopher Zalla<\/td><td>Joshua Davis, Christopher Zalla, Laura Guadalupe A.<\/td><\/tr><tr><td><strong>Mejor direcci\u00f3n de arte<\/strong><\/td><td><strong>El \u00faltimo vag\u00f3n<\/strong><\/td><td>Ernesto Contreras<\/td><td>Antonio Mu\u00f1o-Hierro<\/td><\/tr><tr><td><strong>Mejor direcci\u00f3n de fotograf\u00eda<\/strong><\/td><td><strong>Ruido<\/strong><\/td><td>Natalia Beristain<\/td><td>Dariela Ludlow Deloya<\/td><\/tr><tr><td><strong>Mejor direcci\u00f3n de sonido<\/strong><\/td><td><strong>Huesera<\/strong><\/td><td>Michelle Garza Cervera<\/td><td>Christian Giraud, Omar Pareja<\/td><\/tr><tr><td><strong>Mejor direcci\u00f3n de montaje<\/strong><\/td><td><strong>Huesera<\/strong><\/td><td>Michelle Garza Cervera<\/td><td>Adriana Mart\u00ednez<\/td><\/tr><tr><td><strong>Mejor direcci\u00f3n de montaje<\/strong><\/td><td><strong>Ruido<\/strong><\/td><td>Natalia Beristain<\/td><td>Miguel Schverdfinger<\/td><\/tr><tr><td><strong>Mejor Interpretaci\u00f3n Femenina de Reparto<\/strong><\/td><td><strong>Huesera<\/strong><\/td><td>Michelle Garza Cervera<\/td><td>Mayra Batalla<\/td><\/tr><tr><td><strong>Mejor interpretaci\u00f3n femenina en Miniserie o Teleserie<\/strong><\/td><td><strong>La cabeza de Joaqu\u00edn Murrieta<\/strong><\/td><td>Mauricio Leiva-Cock, Diego Ram\u00edrez Schrempp<\/td><td>Becky Zhu Wu<\/td><\/tr><tr><td><strong>Mejor interpretaci\u00f3n femenina en Miniserie o Teleserie<\/strong><\/td><td><strong>M\u00e1s all\u00e1 de ti<\/strong><\/td><td>Rosy Ocampo<\/td><td>Ariadne Diaz<\/td><\/tr><tr><td><strong>Mejor interpretaci\u00f3n femenina en Miniserie o Teleserie<\/strong><\/td><td><strong>P#t@s Redes Sociales<\/strong><\/td><td>Jorge Ulloa, Nataly Valencia<\/td><td>Paulina Gaitan<\/td><\/tr><tr><td><strong>Mejor interpretaci\u00f3n femenina en Miniserie o Teleserie<\/strong><\/td><td><strong>Triada<\/strong><\/td><td>Leticia L\u00f3pez Margalli<\/td><td>Maite Perroni<\/td><\/tr><tr><td><strong>Mejor interpretaci\u00f3n femenina de reparto en Miniserie o Teleserie<\/strong><\/td><td><strong>Mala fortuna<\/strong><\/td><td>Cristian Conti, Mar\u00eda Hinojos<\/td><td>Sylvia Pasquel<\/td><\/tr><tr><td><strong>Mejor interpretaci\u00f3n femenina de reparto en Miniserie o Teleserie<\/strong><\/td><td><strong>Mariachis<\/strong><\/td><td>Antonio Mauri, To\u00f1o Mauri<\/td><td>Regina Orozco<\/td><\/tr><tr><td><strong>Mejor interpretaci\u00f3n femenina de reparto en Miniserie o Teleserie<\/strong><\/td><td><strong>Triada<\/strong><\/td><td>Leticia L\u00f3pez Margalli<\/td><td>Ofelia Medina<\/td><\/tr><tr><td><strong>Mejor Interpretaci\u00f3n Masculina de Reparto<\/strong><\/td><td><strong>\u00a1Qu\u00e9 viva M\u00e9xico!<\/strong><\/td><td>Luis Estrada<\/td><td>Cuauhtli Jim\u00e9nez<\/td><\/tr><tr><td><strong>Mejor interpretaci\u00f3n masculina en Miniserie o Teleserie<\/strong><\/td><td><strong>Harina T2<\/strong><\/td><td>Carlos Reichel, Pedro Esteves<\/td><td>Memo Villegas<\/td><\/tr><tr><td><strong>Mejor interpretaci\u00f3n masculina en Miniserie o Teleserie<\/strong><\/td><td><strong>La cabeza de Joaqu\u00edn Murrieta<\/strong><\/td><td>Mauricio Leiva-Cock, Diego Ram\u00edrez Schrempp<\/td><td>Juan Manuel Bernal<\/td><\/tr><tr><td><strong>Mejor interpretaci\u00f3n masculina en Miniserie o Teleserie<\/strong><\/td><td><strong>Mariachis<\/strong><\/td><td>Antonio Mauri, To\u00f1o Mauri<\/td><td>Pedro Fern\u00e1ndez<\/td><\/tr><tr><td><strong>Mejor interpretaci\u00f3n masculina en Miniserie o Teleserie<\/strong><\/td><td><strong>M\u00e1s all\u00e1 de ti<\/strong><\/td><td>Rosy Ocampo<\/td><td>Sebastian Rulli<\/td><\/tr><tr><td><strong>Mejor interpretaci\u00f3n masculina de reparto en Miniserie o Teleserie<\/strong><\/td><td><strong>La cabeza de Joaqu\u00edn Murrieta<\/strong><\/td><td>Mauricio Leiva-Cock, Diego Ram\u00edrez Schrempp<\/td><td>Emiliano Zurita<\/td><\/tr><tr><td><strong>Mejor interpretaci\u00f3n masculina de reparto en Miniserie o Teleserie<\/strong><\/td><td><strong>Vgly<\/strong><\/td><td>Marcos Bucay, Santiago Espejo<\/td><td>Alex Lago<\/td><\/tr><tr><td><strong>Mejor M\u00fasica Original<\/strong><\/td><td><strong>Huesera<\/strong><\/td><td>Michelle Garza Cervera<\/td><td>Gibr\u00e1n Androide, Cabeza de Vaca<\/td><\/tr><tr><td><strong>Mejor M\u00fasica Original<\/strong><\/td><td><strong>Radical<\/strong><\/td><td>Christopher Zalla<\/td><td>Pascual Reyes, Juan Pablo Villa<\/td><\/tr><tr><td><strong>Mejor \u00d3pera Prima de Ficci\u00f3n Iberoamericana<\/strong><\/td><td><strong>Huesera<\/strong><\/td><td>Michelle Garza Cervera<\/td><td><\/td><\/tr><tr><td><strong>Mejor Comedia Iberoamericana de Ficci\u00f3n<\/strong><\/td><td><strong>La gran seducci\u00f3n<\/strong><\/td><td>Celso Garc\u00eda<\/td><td><\/td><\/tr><tr><td><strong>Mejor Comedia Iberoamericana de Ficci\u00f3n<\/strong><\/td><td><strong>Oliverio y la piscina<\/strong><\/td><td>Arcadi Palerm<\/td><td><\/td><\/tr><tr><td><strong>Mejor Pel\u00edcula Iberoamericana de Animaci\u00f3n<\/strong><\/td><td><strong>Home is somewhere else<\/strong><\/td><td>Carlos Hagerman, Jorge Villalobos<\/td><td><\/td><\/tr><tr><td><strong>Mejor Pel\u00edcula Iberoamericana de Animaci\u00f3n<\/strong><\/td><td><strong>La leyenda de los chaneques<\/strong><\/td><td>Marvick N\u00fa\u00f1ez<\/td><td><\/td><\/tr><tr><td><strong>Mejor Pel\u00edcula Documental<\/strong><\/td><td><strong>Una jaur\u00eda llamada Ernesto<\/strong><\/td><td>Everardo Gonz\u00e1lez<\/td><td><\/td><\/tr><tr><td><strong>Premio PLATINO al Cine y Educaci\u00f3n en Valores<\/strong><\/td><td><strong>El \u00faltimo vag\u00f3n<\/strong><\/td><td>Ernesto Contreras<\/td><td><\/td><\/tr><tr><td><strong>Premio PLATINO al Cine y Educaci\u00f3n en Valores<\/strong><\/td><td><strong>Radical<\/strong><\/td><td>Christopher Zalla<\/td><td><\/td><\/tr><\/tbody><\/table><\/figure>\n\n\n\n<p>La XI edici\u00f3n de los <strong>Premios PLATINO XCARET<\/strong> es posible gracias al apoyo y la intensa colaboraci\u00f3n con el audiovisual iberoamericano de Quintana Roo, Riviera Maya, Grupo XCARET, la Comunidad de Madrid, y el Ayuntamiento de Madrid.<\/p>\n\n\n\n<figure class=\"wp-block-image size-large\"><img loading=\"lazy\" width=\"1024\" height=\"575\" src=\"https:\/\/www.grupoxcaret.com\/es\/wp-content\/uploads\/2024\/02\/Premios-Platino-Xcaret_5-1024x575.jpg\" alt=\"\" class=\"wp-image-5624\" srcset=\"https:\/\/www.grupoxcaret.com\/es\/wp-content\/uploads\/2024\/02\/Premios-Platino-Xcaret_5-1024x575.jpg 1024w, https:\/\/www.grupoxcaret.com\/es\/wp-content\/uploads\/2024\/02\/Premios-Platino-Xcaret_5-300x169.jpg 300w, https:\/\/www.grupoxcaret.com\/es\/wp-content\/uploads\/2024\/02\/Premios-Platino-Xcaret_5-768x432.jpg 768w, https:\/\/www.grupoxcaret.com\/es\/wp-content\/uploads\/2024\/02\/Premios-Platino-Xcaret_5-1536x863.jpg 1536w, https:\/\/www.grupoxcaret.com\/es\/wp-content\/uploads\/2024\/02\/Premios-Platino-Xcaret_5-2048x1151.jpg 2048w, https:\/\/www.grupoxcaret.com\/es\/wp-content\/uploads\/2024\/02\/Premios-Platino-Xcaret_5-696x391.jpg 696w, https:\/\/www.grupoxcaret.com\/es\/wp-content\/uploads\/2024\/02\/Premios-Platino-Xcaret_5-1068x600.jpg 1068w, https:\/\/www.grupoxcaret.com\/es\/wp-content\/uploads\/2024\/02\/Premios-Platino-Xcaret_5-747x420.jpg 747w\" sizes=\"(max-width: 1024px) 100vw, 1024px\" \/><\/figure>\n\n\n\n<p>Los <strong>Premios PLATINO<\/strong> son promovidos por EGEDA (Entidad de Gesti\u00f3n de Derechos de los Productores Audiovisuales), con FIPCA (Federaci\u00f3n Iberoamericana de Productores Cinematogr\u00e1ficos y Audiovisuales. Cuentan con el apoyo de ONU Turismo, las Academias e Institutos de Cine iberoamericanos y WAWA , as\u00ed como con la colaboraci\u00f3n de patrocinadores como Amazon Prime, LaLiga, Mayakoba, Iberia, L\u2019OR\u00c9AL Professionnel, ICAA, AIE, CREA SGR, FIACINE, TNT, Movistar+, RTVE, \u00a1HOLA!, Hertz o Agencia EFE; y <strong>a\u00fanan a los grandes talentos de las industrias de los 23 pa\u00edses iberoamericanos<\/strong> para ensalzar a las producciones y a los creadores m\u00e1s destacados de cada a\u00f1o con veintitr\u00e9s galardones y un Premio PLATINO de Honor.&nbsp; &nbsp;<\/p>\n\n\n\n<p>Trabajan desde su primera edici\u00f3n en 2014 en la difusi\u00f3n del audiovisual iberoamericano, <strong>para que los \u00e9xitos que se consiguen en los festivales m\u00e1s prestigiosos se traduzcan tambi\u00e9n en excelentes resultados<\/strong> en las salas comerciales y que nuestro cine y series de ficci\u00f3n tengan la distribuci\u00f3n que se merece.<\/p>\n\n\n\n<p><\/p>\n","protected":false},"excerpt":{"rendered":"<p>Madrid, 22 de febrero de 2024. \u2013 Con 6 candidaturas, Huesera (Michelle Garza Cervera) es la producci\u00f3n mexicana que parte con m\u00e1s opciones en la lista de 20 candidaturas por categor\u00eda en la XI Edici\u00f3n de los Premios PLATINO XCARET, sucedida en n\u00famero de candidaturas por Radical (Christopher Zalla), con 5. Un total de 168 [&hellip;]<\/p>\n","protected":false},"author":8,"featured_media":5625,"comment_status":"closed","ping_status":"closed","sticky":false,"template":"","format":"standard","meta":[],"categories":[72,1,3],"tags":[],"yoast_head":"<!-- This site is optimized with the Yoast SEO plugin v17.6 - https:\/\/yoast.com\/wordpress\/plugins\/seo\/ -->\n<meta name=\"robots\" content=\"index, follow, max-snippet:-1, max-image-preview:large, max-video-preview:-1\" \/>\n<link rel=\"canonical\" href=\"https:\/\/www.grupoxcaret.com\/es\/huesera-encabeza-por-parte-de-mexico-la-lista-de-20-titulos-por-categoria-previa-a-las-finalistas-de-los-xi-premios-platino-xcaret\ufffc\/\" \/>\n<meta property=\"og:locale\" content=\"es_ES\" \/>\n<meta property=\"og:type\" content=\"article\" \/>\n<meta property=\"og:title\" content=\"Huesera encabeza por parte de M\u00e9xico la lista de 20 t\u00edtulos por categor\u00eda previa a las finalistas de los XI Premios PLATINO XCARET\ufffc - Grupo Xcaret Sitio Corporativo\" \/>\n<meta property=\"og:description\" content=\"Madrid, 22 de febrero de 2024. \u2013 Con 6 candidaturas, Huesera (Michelle Garza Cervera) es la producci\u00f3n mexicana que parte con m\u00e1s opciones en la lista de 20 candidaturas por categor\u00eda en la XI Edici\u00f3n de los Premios PLATINO XCARET, sucedida en n\u00famero de candidaturas por Radical (Christopher Zalla), con 5. Un total de 168 [&hellip;]\" \/>\n<meta property=\"og:url\" content=\"https:\/\/www.grupoxcaret.com\/es\/huesera-encabeza-por-parte-de-mexico-la-lista-de-20-titulos-por-categoria-previa-a-las-finalistas-de-los-xi-premios-platino-xcaret\ufffc\/\" \/>\n<meta property=\"og:site_name\" content=\"Grupo Xcaret Sitio Corporativo\" \/>\n<meta property=\"article:published_time\" content=\"2024-02-26T18:32:41+00:00\" \/>\n<meta property=\"article:modified_time\" content=\"2024-02-26T18:32:43+00:00\" \/>\n<meta property=\"og:image\" content=\"https:\/\/www.grupoxcaret.com\/es\/wp-content\/uploads\/2024\/02\/By-Victor-Chavez-59.jpg\" \/>\n\t<meta property=\"og:image:width\" content=\"1266\" \/>\n\t<meta property=\"og:image:height\" content=\"789\" \/>\n<meta name=\"twitter:card\" content=\"summary_large_image\" \/>\n<meta name=\"twitter:label1\" content=\"Escrito por\" \/>\n\t<meta name=\"twitter:data1\" content=\"dmendozav\" \/>\n\t<meta name=\"twitter:label2\" content=\"Tiempo de lectura\" \/>\n\t<meta name=\"twitter:data2\" content=\"7 minutos\" \/>\n<script type=\"application\/ld+json\" class=\"yoast-schema-graph\">{\"@context\":\"https:\/\/schema.org\",\"@graph\":[{\"@type\":\"Organization\",\"@id\":\"https:\/\/www.grupoxcaret.com\/es\/#organization\",\"name\":\"Grupo Xcaret\",\"url\":\"https:\/\/www.grupoxcaret.com\/es\/\",\"sameAs\":[],\"logo\":{\"@type\":\"ImageObject\",\"@id\":\"https:\/\/www.grupoxcaret.com\/es\/#logo\",\"inLanguage\":\"es\",\"url\":\"https:\/\/www.grupoxcaret.com\/es\/wp-content\/uploads\/2015\/04\/exx.png\",\"contentUrl\":\"https:\/\/www.grupoxcaret.com\/es\/wp-content\/uploads\/2015\/04\/exx.png\",\"width\":400,\"height\":136,\"caption\":\"Grupo Xcaret\"},\"image\":{\"@id\":\"https:\/\/www.grupoxcaret.com\/es\/#logo\"}},{\"@type\":\"WebSite\",\"@id\":\"https:\/\/www.grupoxcaret.com\/es\/#website\",\"url\":\"https:\/\/www.grupoxcaret.com\/es\/\",\"name\":\"Grupo Xcaret Sitio Corporativo\",\"description\":\"Conoce el sitio corporativo de Grupo Xcaret. Encuentra informaci\\u00f3n relevante acerca de nuestra historia, marcas, filosof\\u00eda empresarial, pol\\u00edtica de sostenibilidad y mucho m\\u00e1s.\",\"publisher\":{\"@id\":\"https:\/\/www.grupoxcaret.com\/es\/#organization\"},\"potentialAction\":[{\"@type\":\"SearchAction\",\"target\":{\"@type\":\"EntryPoint\",\"urlTemplate\":\"https:\/\/www.grupoxcaret.com\/es\/?s={search_term_string}\"},\"query-input\":\"required name=search_term_string\"}],\"inLanguage\":\"es\"},{\"@type\":\"ImageObject\",\"@id\":\"https:\/\/www.grupoxcaret.com\/es\/huesera-encabeza-por-parte-de-mexico-la-lista-de-20-titulos-por-categoria-previa-a-las-finalistas-de-los-xi-premios-platino-xcaret%ef%bf%bc\/#primaryimage\",\"inLanguage\":\"es\",\"url\":\"https:\/\/www.grupoxcaret.com\/es\/wp-content\/uploads\/2024\/02\/By-Victor-Chavez-59.jpg\",\"contentUrl\":\"https:\/\/www.grupoxcaret.com\/es\/wp-content\/uploads\/2024\/02\/By-Victor-Chavez-59.jpg\",\"width\":1266,\"height\":789},{\"@type\":\"WebPage\",\"@id\":\"https:\/\/www.grupoxcaret.com\/es\/huesera-encabeza-por-parte-de-mexico-la-lista-de-20-titulos-por-categoria-previa-a-las-finalistas-de-los-xi-premios-platino-xcaret%ef%bf%bc\/#webpage\",\"url\":\"https:\/\/www.grupoxcaret.com\/es\/huesera-encabeza-por-parte-de-mexico-la-lista-de-20-titulos-por-categoria-previa-a-las-finalistas-de-los-xi-premios-platino-xcaret%ef%bf%bc\/\",\"name\":\"Huesera encabeza por parte de M\\u00e9xico la lista de 20 t\\u00edtulos por categor\\u00eda previa a las finalistas de los XI Premios PLATINO XCARET\\ufffc - Grupo Xcaret Sitio Corporativo\",\"isPartOf\":{\"@id\":\"https:\/\/www.grupoxcaret.com\/es\/#website\"},\"primaryImageOfPage\":{\"@id\":\"https:\/\/www.grupoxcaret.com\/es\/huesera-encabeza-por-parte-de-mexico-la-lista-de-20-titulos-por-categoria-previa-a-las-finalistas-de-los-xi-premios-platino-xcaret%ef%bf%bc\/#primaryimage\"},\"datePublished\":\"2024-02-26T18:32:41+00:00\",\"dateModified\":\"2024-02-26T18:32:43+00:00\",\"breadcrumb\":{\"@id\":\"https:\/\/www.grupoxcaret.com\/es\/huesera-encabeza-por-parte-de-mexico-la-lista-de-20-titulos-por-categoria-previa-a-las-finalistas-de-los-xi-premios-platino-xcaret%ef%bf%bc\/#breadcrumb\"},\"inLanguage\":\"es\",\"potentialAction\":[{\"@type\":\"ReadAction\",\"target\":[\"https:\/\/www.grupoxcaret.com\/es\/huesera-encabeza-por-parte-de-mexico-la-lista-de-20-titulos-por-categoria-previa-a-las-finalistas-de-los-xi-premios-platino-xcaret%ef%bf%bc\/\"]}]},{\"@type\":\"BreadcrumbList\",\"@id\":\"https:\/\/www.grupoxcaret.com\/es\/huesera-encabeza-por-parte-de-mexico-la-lista-de-20-titulos-por-categoria-previa-a-las-finalistas-de-los-xi-premios-platino-xcaret%ef%bf%bc\/#breadcrumb\",\"itemListElement\":[{\"@type\":\"ListItem\",\"position\":1,\"name\":\"Inicio\",\"item\":\"https:\/\/www.grupoxcaret.com\/es\/\"},{\"@type\":\"ListItem\",\"position\":2,\"name\":\"Noticias\",\"item\":\"https:\/\/www.grupoxcaret.com\/es\/seccion\/noticias\/\"},{\"@type\":\"ListItem\",\"position\":3,\"name\":\"Huesera encabeza por parte de M\\u00e9xico la lista de 20 t\\u00edtulos por categor\\u00eda previa a las finalistas de los XI Premios PLATINO XCARET\\ufffc\"}]},{\"@type\":\"Article\",\"@id\":\"https:\/\/www.grupoxcaret.com\/es\/huesera-encabeza-por-parte-de-mexico-la-lista-de-20-titulos-por-categoria-previa-a-las-finalistas-de-los-xi-premios-platino-xcaret%ef%bf%bc\/#article\",\"isPartOf\":{\"@id\":\"https:\/\/www.grupoxcaret.com\/es\/huesera-encabeza-por-parte-de-mexico-la-lista-de-20-titulos-por-categoria-previa-a-las-finalistas-de-los-xi-premios-platino-xcaret%ef%bf%bc\/#webpage\"},\"author\":{\"@id\":\"https:\/\/www.grupoxcaret.com\/es\/#\/schema\/person\/a063bfd3f2c8806ec176d4b2afba737f\"},\"headline\":\"Huesera encabeza por parte de M\\u00e9xico la lista de 20 t\\u00edtulos por categor\\u00eda previa a las finalistas de los XI Premios PLATINO XCARET\\ufffc\",\"datePublished\":\"2024-02-26T18:32:41+00:00\",\"dateModified\":\"2024-02-26T18:32:43+00:00\",\"mainEntityOfPage\":{\"@id\":\"https:\/\/www.grupoxcaret.com\/es\/huesera-encabeza-por-parte-de-mexico-la-lista-de-20-titulos-por-categoria-previa-a-las-finalistas-de-los-xi-premios-platino-xcaret%ef%bf%bc\/#webpage\"},\"wordCount\":1521,\"publisher\":{\"@id\":\"https:\/\/www.grupoxcaret.com\/es\/#organization\"},\"image\":{\"@id\":\"https:\/\/www.grupoxcaret.com\/es\/huesera-encabeza-por-parte-de-mexico-la-lista-de-20-titulos-por-categoria-previa-a-las-finalistas-de-los-xi-premios-platino-xcaret%ef%bf%bc\/#primaryimage\"},\"thumbnailUrl\":\"https:\/\/www.grupoxcaret.com\/es\/wp-content\/uploads\/2024\/02\/By-Victor-Chavez-59.jpg\",\"articleSection\":[\"Destacados\",\"Noticias\",\"Sala de Prensa\"],\"inLanguage\":\"es\"},{\"@type\":\"Person\",\"@id\":\"https:\/\/www.grupoxcaret.com\/es\/#\/schema\/person\/a063bfd3f2c8806ec176d4b2afba737f\",\"name\":\"dmendozav\",\"image\":{\"@type\":\"ImageObject\",\"@id\":\"https:\/\/www.grupoxcaret.com\/es\/#personlogo\",\"inLanguage\":\"es\",\"url\":\"https:\/\/secure.gravatar.com\/avatar\/d0971a818d7242eb0e6a9b000cb0cb6c?s=96&d=mm&r=g\",\"contentUrl\":\"https:\/\/secure.gravatar.com\/avatar\/d0971a818d7242eb0e6a9b000cb0cb6c?s=96&d=mm&r=g\",\"caption\":\"dmendozav\"},\"url\":\"https:\/\/www.grupoxcaret.com\/es\/author\/dmendozav\/\"}]}<\/script>\n<!-- \/ Yoast SEO plugin. -->","yoast_head_json":{"robots":{"index":"index","follow":"follow","max-snippet":"max-snippet:-1","max-image-preview":"max-image-preview:large","max-video-preview":"max-video-preview:-1"},"canonical":"https:\/\/www.grupoxcaret.com\/es\/huesera-encabeza-por-parte-de-mexico-la-lista-de-20-titulos-por-categoria-previa-a-las-finalistas-de-los-xi-premios-platino-xcaret\ufffc\/","og_locale":"es_ES","og_type":"article","og_title":"Huesera encabeza por parte de M\u00e9xico la lista de 20 t\u00edtulos por categor\u00eda previa a las finalistas de los XI Premios PLATINO XCARET\ufffc - Grupo Xcaret Sitio Corporativo","og_description":"Madrid, 22 de febrero de 2024. \u2013 Con 6 candidaturas, Huesera (Michelle Garza Cervera) es la producci\u00f3n mexicana que parte con m\u00e1s opciones en la lista de 20 candidaturas por categor\u00eda en la XI Edici\u00f3n de los Premios PLATINO XCARET, sucedida en n\u00famero de candidaturas por Radical (Christopher Zalla), con 5. Un total de 168 [&hellip;]","og_url":"https:\/\/www.grupoxcaret.com\/es\/huesera-encabeza-por-parte-de-mexico-la-lista-de-20-titulos-por-categoria-previa-a-las-finalistas-de-los-xi-premios-platino-xcaret\ufffc\/","og_site_name":"Grupo Xcaret Sitio Corporativo","article_published_time":"2024-02-26T18:32:41+00:00","article_modified_time":"2024-02-26T18:32:43+00:00","og_image":[{"width":1266,"height":789,"url":"https:\/\/www.grupoxcaret.com\/es\/wp-content\/uploads\/2024\/02\/By-Victor-Chavez-59.jpg","type":"image\/jpeg"}],"twitter_card":"summary_large_image","twitter_misc":{"Escrito por":"dmendozav","Tiempo de lectura":"7 minutos"},"schema":{"@context":"https:\/\/schema.org","@graph":[{"@type":"Organization","@id":"https:\/\/www.grupoxcaret.com\/es\/#organization","name":"Grupo Xcaret","url":"https:\/\/www.grupoxcaret.com\/es\/","sameAs":[],"logo":{"@type":"ImageObject","@id":"https:\/\/www.grupoxcaret.com\/es\/#logo","inLanguage":"es","url":"https:\/\/www.grupoxcaret.com\/es\/wp-content\/uploads\/2015\/04\/exx.png","contentUrl":"https:\/\/www.grupoxcaret.com\/es\/wp-content\/uploads\/2015\/04\/exx.png","width":400,"height":136,"caption":"Grupo Xcaret"},"image":{"@id":"https:\/\/www.grupoxcaret.com\/es\/#logo"}},{"@type":"WebSite","@id":"https:\/\/www.grupoxcaret.com\/es\/#website","url":"https:\/\/www.grupoxcaret.com\/es\/","name":"Grupo Xcaret Sitio Corporativo","description":"Conoce el sitio corporativo de Grupo Xcaret. Encuentra informaci\u00f3n relevante acerca de nuestra historia, marcas, filosof\u00eda empresarial, pol\u00edtica de sostenibilidad y mucho m\u00e1s.","publisher":{"@id":"https:\/\/www.grupoxcaret.com\/es\/#organization"},"potentialAction":[{"@type":"SearchAction","target":{"@type":"EntryPoint","urlTemplate":"https:\/\/www.grupoxcaret.com\/es\/?s={search_term_string}"},"query-input":"required name=search_term_string"}],"inLanguage":"es"},{"@type":"ImageObject","@id":"https:\/\/www.grupoxcaret.com\/es\/huesera-encabeza-por-parte-de-mexico-la-lista-de-20-titulos-por-categoria-previa-a-las-finalistas-de-los-xi-premios-platino-xcaret%ef%bf%bc\/#primaryimage","inLanguage":"es","url":"https:\/\/www.grupoxcaret.com\/es\/wp-content\/uploads\/2024\/02\/By-Victor-Chavez-59.jpg","contentUrl":"https:\/\/www.grupoxcaret.com\/es\/wp-content\/uploads\/2024\/02\/By-Victor-Chavez-59.jpg","width":1266,"height":789},{"@type":"WebPage","@id":"https:\/\/www.grupoxcaret.com\/es\/huesera-encabeza-por-parte-de-mexico-la-lista-de-20-titulos-por-categoria-previa-a-las-finalistas-de-los-xi-premios-platino-xcaret%ef%bf%bc\/#webpage","url":"https:\/\/www.grupoxcaret.com\/es\/huesera-encabeza-por-parte-de-mexico-la-lista-de-20-titulos-por-categoria-previa-a-las-finalistas-de-los-xi-premios-platino-xcaret%ef%bf%bc\/","name":"Huesera encabeza por parte de M\u00e9xico la lista de 20 t\u00edtulos por categor\u00eda previa a las finalistas de los XI Premios PLATINO XCARET\ufffc - Grupo Xcaret Sitio Corporativo","isPartOf":{"@id":"https:\/\/www.grupoxcaret.com\/es\/#website"},"primaryImageOfPage":{"@id":"https:\/\/www.grupoxcaret.com\/es\/huesera-encabeza-por-parte-de-mexico-la-lista-de-20-titulos-por-categoria-previa-a-las-finalistas-de-los-xi-premios-platino-xcaret%ef%bf%bc\/#primaryimage"},"datePublished":"2024-02-26T18:32:41+00:00","dateModified":"2024-02-26T18:32:43+00:00","breadcrumb":{"@id":"https:\/\/www.grupoxcaret.com\/es\/huesera-encabeza-por-parte-de-mexico-la-lista-de-20-titulos-por-categoria-previa-a-las-finalistas-de-los-xi-premios-platino-xcaret%ef%bf%bc\/#breadcrumb"},"inLanguage":"es","potentialAction":[{"@type":"ReadAction","target":["https:\/\/www.grupoxcaret.com\/es\/huesera-encabeza-por-parte-de-mexico-la-lista-de-20-titulos-por-categoria-previa-a-las-finalistas-de-los-xi-premios-platino-xcaret%ef%bf%bc\/"]}]},{"@type":"BreadcrumbList","@id":"https:\/\/www.grupoxcaret.com\/es\/huesera-encabeza-por-parte-de-mexico-la-lista-de-20-titulos-por-categoria-previa-a-las-finalistas-de-los-xi-premios-platino-xcaret%ef%bf%bc\/#breadcrumb","itemListElement":[{"@type":"ListItem","position":1,"name":"Inicio","item":"https:\/\/www.grupoxcaret.com\/es\/"},{"@type":"ListItem","position":2,"name":"Noticias","item":"https:\/\/www.grupoxcaret.com\/es\/seccion\/noticias\/"},{"@type":"ListItem","position":3,"name":"Huesera encabeza por parte de M\u00e9xico la lista de 20 t\u00edtulos por categor\u00eda previa a las finalistas de los XI Premios PLATINO XCARET\ufffc"}]},{"@type":"Article","@id":"https:\/\/www.grupoxcaret.com\/es\/huesera-encabeza-por-parte-de-mexico-la-lista-de-20-titulos-por-categoria-previa-a-las-finalistas-de-los-xi-premios-platino-xcaret%ef%bf%bc\/#article","isPartOf":{"@id":"https:\/\/www.grupoxcaret.com\/es\/huesera-encabeza-por-parte-de-mexico-la-lista-de-20-titulos-por-categoria-previa-a-las-finalistas-de-los-xi-premios-platino-xcaret%ef%bf%bc\/#webpage"},"author":{"@id":"https:\/\/www.grupoxcaret.com\/es\/#\/schema\/person\/a063bfd3f2c8806ec176d4b2afba737f"},"headline":"Huesera encabeza por parte de M\u00e9xico la lista de 20 t\u00edtulos por categor\u00eda previa a las finalistas de los XI Premios PLATINO XCARET\ufffc","datePublished":"2024-02-26T18:32:41+00:00","dateModified":"2024-02-26T18:32:43+00:00","mainEntityOfPage":{"@id":"https:\/\/www.grupoxcaret.com\/es\/huesera-encabeza-por-parte-de-mexico-la-lista-de-20-titulos-por-categoria-previa-a-las-finalistas-de-los-xi-premios-platino-xcaret%ef%bf%bc\/#webpage"},"wordCount":1521,"publisher":{"@id":"https:\/\/www.grupoxcaret.com\/es\/#organization"},"image":{"@id":"https:\/\/www.grupoxcaret.com\/es\/huesera-encabeza-por-parte-de-mexico-la-lista-de-20-titulos-por-categoria-previa-a-las-finalistas-de-los-xi-premios-platino-xcaret%ef%bf%bc\/#primaryimage"},"thumbnailUrl":"https:\/\/www.grupoxcaret.com\/es\/wp-content\/uploads\/2024\/02\/By-Victor-Chavez-59.jpg","articleSection":["Destacados","Noticias","Sala de Prensa"],"inLanguage":"es"},{"@type":"Person","@id":"https:\/\/www.grupoxcaret.com\/es\/#\/schema\/person\/a063bfd3f2c8806ec176d4b2afba737f","name":"dmendozav","image":{"@type":"ImageObject","@id":"https:\/\/www.grupoxcaret.com\/es\/#personlogo","inLanguage":"es","url":"https:\/\/secure.gravatar.com\/avatar\/d0971a818d7242eb0e6a9b000cb0cb6c?s=96&d=mm&r=g","contentUrl":"https:\/\/secure.gravatar.com\/avatar\/d0971a818d7242eb0e6a9b000cb0cb6c?s=96&d=mm&r=g","caption":"dmendozav"},"url":"https:\/\/www.grupoxcaret.com\/es\/author\/dmendozav\/"}]}},"amp_enabled":true,"_links":{"self":[{"href":"https:\/\/www.grupoxcaret.com\/es\/wp-json\/wp\/v2\/posts\/5621"}],"collection":[{"href":"https:\/\/www.grupoxcaret.com\/es\/wp-json\/wp\/v2\/posts"}],"about":[{"href":"https:\/\/www.grupoxcaret.com\/es\/wp-json\/wp\/v2\/types\/post"}],"author":[{"embeddable":true,"href":"https:\/\/www.grupoxcaret.com\/es\/wp-json\/wp\/v2\/users\/8"}],"replies":[{"embeddable":true,"href":"https:\/\/www.grupoxcaret.com\/es\/wp-json\/wp\/v2\/comments?post=5621"}],"version-history":[{"count":1,"href":"https:\/\/www.grupoxcaret.com\/es\/wp-json\/wp\/v2\/posts\/5621\/revisions"}],"predecessor-version":[{"id":5626,"href":"https:\/\/www.grupoxcaret.com\/es\/wp-json\/wp\/v2\/posts\/5621\/revisions\/5626"}],"wp:featuredmedia":[{"embeddable":true,"href":"https:\/\/www.grupoxcaret.com\/es\/wp-json\/wp\/v2\/media\/5625"}],"wp:attachment":[{"href":"https:\/\/www.grupoxcaret.com\/es\/wp-json\/wp\/v2\/media?parent=5621"}],"wp:term":[{"taxonomy":"category","embeddable":true,"href":"https:\/\/www.grupoxcaret.com\/es\/wp-json\/wp\/v2\/categories?post=5621"},{"taxonomy":"post_tag","embeddable":true,"href":"https:\/\/www.grupoxcaret.com\/es\/wp-json\/wp\/v2\/tags?post=5621"}],"curies":[{"name":"wp","href":"https:\/\/api.w.org\/{rel}","templated":true}]}}