{"id":5595,"date":"2024-01-31T23:05:01","date_gmt":"2024-01-31T23:05:01","guid":{"rendered":"https:\/\/www.grupoxcaret.com\/es\/?p=5595"},"modified":"2024-01-31T23:05:04","modified_gmt":"2024-01-31T23:05:04","slug":"xcaret-se-consolida-como-plataforma-multiplicadora-de-arte-con-su-primera-feria-xcaret-de-arte-popular-mexicano","status":"publish","type":"post","link":"https:\/\/www.grupoxcaret.com\/es\/xcaret-se-consolida-como-plataforma-multiplicadora-de-arte-con-su-primera-feria-xcaret-de-arte-popular-mexicano\/","title":{"rendered":"Xcaret se consolida como plataforma multiplicadora de arte con su Primera Feria Xcaret de Arte Popular Mexicano"},"content":{"rendered":"\n<div class=\"wp-block-image\"><figure class=\"aligncenter size-large is-resized\"><img loading=\"lazy\" src=\"https:\/\/www.grupoxcaret.com\/es\/wp-content\/uploads\/2024\/01\/Logo_Feria-de-Arte_full-color-1024x943.jpg\" alt=\"\" class=\"wp-image-5606\" width=\"172\" height=\"157\" srcset=\"https:\/\/www.grupoxcaret.com\/es\/wp-content\/uploads\/2024\/01\/Logo_Feria-de-Arte_full-color-1024x943.jpg 1024w, https:\/\/www.grupoxcaret.com\/es\/wp-content\/uploads\/2024\/01\/Logo_Feria-de-Arte_full-color-300x276.jpg 300w, https:\/\/www.grupoxcaret.com\/es\/wp-content\/uploads\/2024\/01\/Logo_Feria-de-Arte_full-color-768x707.jpg 768w, https:\/\/www.grupoxcaret.com\/es\/wp-content\/uploads\/2024\/01\/Logo_Feria-de-Arte_full-color-696x641.jpg 696w, https:\/\/www.grupoxcaret.com\/es\/wp-content\/uploads\/2024\/01\/Logo_Feria-de-Arte_full-color-1068x983.jpg 1068w, https:\/\/www.grupoxcaret.com\/es\/wp-content\/uploads\/2024\/01\/Logo_Feria-de-Arte_full-color-456x420.jpg 456w, https:\/\/www.grupoxcaret.com\/es\/wp-content\/uploads\/2024\/01\/Logo_Feria-de-Arte_full-color.jpg 1466w\" sizes=\"(max-width: 172px) 100vw, 172px\" \/><\/figure><\/div>\n\n\n\n<ul><li>Xcaret anuncia la Feria Xcaret de Arte Popular Mexicano, un evento que enaltece el patrimonio cultural de M\u00e9xico.&nbsp;<\/li><li>Del 19 al 22 de septiembre de 2024 lo mejor del talento artesanal mexicano se reunir\u00e1 en Parque Xcaret para exhibir y vender sus inigualables creaciones; adem\u00e1s, recibir\u00e1n capacitaci\u00f3n legal, financiera y de manejo de redes sociales para amplificar sus ventas.<\/li><li>Los asistentes a esta importante Feria podr\u00e1n disfrutar del talento artesanal del pa\u00eds y de diversas actividades art\u00edsticas, demostraciones de t\u00e9cnicas, ponencias, presentaciones musicales y pasarelas.<\/li><\/ul>\n\n\n\n<p><strong>Xcaret, Riviera Maya, 31 de enero de 2024.-<\/strong>\u00a0Xcaret celebra y promueve la riqueza art\u00edstica de M\u00e9xico con el lanzamiento de la Feria Xcaret de Arte Popular Mexicano, un evento que busca convertirse en referente de la promoci\u00f3n y salvaguardia del patrimonio cultural de nuestro pa\u00eds, atrayendo al mejor talento artesanal mexicano a la Riviera Maya.<\/p>\n\n\n\n<p>La primera edici\u00f3n de esta Feria ser\u00e1 del 19 al 22 de septiembre de 2024 en la Hacienda Henequenera del Parque Xcaret, de 10:30 a 19:30 horas, donde alrededor de 140 maestros artesanos y artesanas de M\u00e9xico, tanto altamente reconocidos y como emergentes, se reunir\u00e1n para exhibir y colocar en manos de coleccionistas, decoradores de interiores y amantes del arte mexicano sus creaciones.<\/p>\n\n\n\n<p>Desde su origen, Xcaret ha sido un lugar donde se comparte con personas de todo el mundo el gran amor por M\u00e9xico, buscando cumplir con el principio de sus fundadores en la creaci\u00f3n prosperidad compartida con las comunidades de m\u00faltiples regiones de nuestro Pa\u00eds, privilegiando los derechos humanos y con absoluto apego a la \u00e9tica, de esta forma propiciamos espacios adecuados para que los portadores, compartan con dignidad las manifestaciones de su cultura, principios que cimientan la Feria Xcaret de Arte Popular con la visi\u00f3n de prosperidad y valor compartido.<\/p>\n\n\n\n<p>Por m\u00e1s de 30 a\u00f1os Xcaret ha tomado acciones de salvaguardia del patrimonio cultural de M\u00e9xico, como son: Investigaci\u00f3n, Preservaci\u00f3n, Protecci\u00f3n, Visibilizaci\u00f3n, Valoraci\u00f3n, Revitalizaci\u00f3n, Difusi\u00f3n y Transmisi\u00f3n.<\/p>\n\n\n\n<figure class=\"wp-block-image size-large\"><img loading=\"lazy\" width=\"1024\" height=\"683\" src=\"https:\/\/www.grupoxcaret.com\/es\/wp-content\/uploads\/2024\/01\/FXAP_3-1-1024x683.jpg\" alt=\"\" class=\"wp-image-5604\" srcset=\"https:\/\/www.grupoxcaret.com\/es\/wp-content\/uploads\/2024\/01\/FXAP_3-1-1024x683.jpg 1024w, https:\/\/www.grupoxcaret.com\/es\/wp-content\/uploads\/2024\/01\/FXAP_3-1-300x200.jpg 300w, https:\/\/www.grupoxcaret.com\/es\/wp-content\/uploads\/2024\/01\/FXAP_3-1-768x512.jpg 768w, https:\/\/www.grupoxcaret.com\/es\/wp-content\/uploads\/2024\/01\/FXAP_3-1-696x464.jpg 696w, https:\/\/www.grupoxcaret.com\/es\/wp-content\/uploads\/2024\/01\/FXAP_3-1-1068x712.jpg 1068w, https:\/\/www.grupoxcaret.com\/es\/wp-content\/uploads\/2024\/01\/FXAP_3-1-630x420.jpg 630w, https:\/\/www.grupoxcaret.com\/es\/wp-content\/uploads\/2024\/01\/FXAP_3-1.jpg 1200w\" sizes=\"(max-width: 1024px) 100vw, 1024px\" \/><\/figure>\n\n\n\n<p>\u201cNuestro principal objetivo es promover y salvaguardar la cultura, al mismo tiempo que impulsamos la econom\u00eda de m\u00faltiples comunidades en el pa\u00eds, para generar un impacto positivo en las personas y en el planeta\u201d, destac\u00f3, Leticia Aguerrebere, Direcci\u00f3n Corporativa de Arte, Cultura, Producci\u00f3n y Festivales de Xcaret. Comparti\u00f3 que, \u201cla visi\u00f3n para crear este evento nace del deseo de ser una ventana para los artesanos y que puedan continuar con la elaboraci\u00f3n de obras de calidad, que se distingan por sus aportaciones culturales, art\u00edsticas, t\u00e9cnicas y est\u00e9ticas, contribuyendo de esta manera a promover su arte como Patrimonio Cultural Material e Inmaterial de nuestro pa\u00eds y de la humanidad\u201d.<\/p>\n\n\n\n<p>Las artesan\u00edas son un importante motor econ\u00f3mico en el \u00e1mbito cultural del pa\u00eds. De acuerdo con las cifras m\u00e1s recientes del INEGI, las artesan\u00edas es la categor\u00eda cultural con mayor contribuci\u00f3n al PIB, con 19.3 %; adem\u00e1s, en 2022 las actividades econ\u00f3micas del sector Cultura generaron 1 mill\u00f3n 494 mil 745 puestos de trabajo, de los cuales 31.4 % son aportados por artesanos, de ah\u00ed la relevancia de apoyar este sector.<\/p>\n\n\n\n<p>Pero la importancia del arte popular mexicano no solo se refleja en los n\u00fameros. Si bien las artesan\u00edas mexicanas son altamente valoradas a nivel internacional y M\u00e9xico exporta una gran variedad de productos artesanales, \u00e9stas se consideran parte fundamental del patrimonio cultural del pa\u00eds. La diversidad y la riqueza de las t\u00e9cnicas y estilos artesanales reflejan la historia, tradiciones y la identidad cultural de diferentes regiones de M\u00e9xico, por lo que se retoman tradiciones ancestrales, haciendo de cada uno de los participantes, portadores del patrimonio material e inmaterial de nuestro Pa\u00eds.<\/p>\n\n\n\n<p>Por ello, el objetivo de la Feria Xcaret de Arte Popular es consolidarse como el espacio donde artesanas y artesanos de todo M\u00e9xico generen un v\u00ednculo con coleccionistas, empresarios y con consumidores amantes del arte mexicano, nacionales e internacionales, generando as\u00ed no solo un beneficio econ\u00f3mico por sus inigualables creaciones, sino llevando su talento a todos los rincones del planeta.<\/p>\n\n\n\n<p>Los maestros artesanos y artesanas, ya reconocidos y otros con gran talento emergente que dar\u00e1n vida a la Feria, surgen de una convocatoria dirigida a lo mejor del talento artesanal de M\u00e9xico. Para participar en la Feria los participantes no cubren ning\u00fan tipo de cuota de inscripci\u00f3n y se llevar\u00e1n el 100% de las ventas generadas por su obra. Adem\u00e1s, se les dar\u00e1 capacitaci\u00f3n&nbsp;legal, financiera y sobre el manejo de redes sociales para empoderarlos y amplificar sus ventas.<\/p>\n\n\n\n<p>Asimismo, la Feria celebrar\u00e1 un concurso para premiar a lo mejor del talento artesanal reunido en Parque Xcaret. Se premiar\u00e1n 4 categor\u00edas: cer\u00e1mica, textil, madera y otras t\u00e9cnicas. El primer lugar de cada categor\u00eda recibir\u00e1 $100,000.00 pesos, el segundo $80,000.00 y el tercero con $60,000.00. Tambi\u00e9n habr\u00e1 menciones honor\u00edficas por $20,000.00.<\/p>\n\n\n\n<figure class=\"wp-block-image size-large\"><img loading=\"lazy\" width=\"683\" height=\"1024\" src=\"https:\/\/www.grupoxcaret.com\/es\/wp-content\/uploads\/2024\/01\/FXAP_2-1-683x1024.jpg\" alt=\"\" class=\"wp-image-5605\" srcset=\"https:\/\/www.grupoxcaret.com\/es\/wp-content\/uploads\/2024\/01\/FXAP_2-1-683x1024.jpg 683w, https:\/\/www.grupoxcaret.com\/es\/wp-content\/uploads\/2024\/01\/FXAP_2-1-200x300.jpg 200w, https:\/\/www.grupoxcaret.com\/es\/wp-content\/uploads\/2024\/01\/FXAP_2-1-768x1151.jpg 768w, https:\/\/www.grupoxcaret.com\/es\/wp-content\/uploads\/2024\/01\/FXAP_2-1-1025x1536.jpg 1025w, https:\/\/www.grupoxcaret.com\/es\/wp-content\/uploads\/2024\/01\/FXAP_2-1-696x1043.jpg 696w, https:\/\/www.grupoxcaret.com\/es\/wp-content\/uploads\/2024\/01\/FXAP_2-1-1068x1601.jpg 1068w, https:\/\/www.grupoxcaret.com\/es\/wp-content\/uploads\/2024\/01\/FXAP_2-1-280x420.jpg 280w, https:\/\/www.grupoxcaret.com\/es\/wp-content\/uploads\/2024\/01\/FXAP_2-1.jpg 1200w\" sizes=\"(max-width: 683px) 100vw, 683px\" \/><\/figure>\n\n\n\n<p>Durante los cuatro d\u00edas de esta celebraci\u00f3n, los asistentes podr\u00e1n disfrutar de lo mejor del talento artesanal del pa\u00eds, as\u00ed como tambi\u00e9n de diversas actividades art\u00edsticas, demostraciones de t\u00e9cnicas, muestras gastron\u00f3micas, ponencias, presentaciones musicales y pasarelas.<\/p>\n\n\n\n<p>El acceso a la Feria estar\u00e1 incluido en la compra de la entrada para Parque Xcaret, o bien, si deseas \u00fanicamente asistir al evento, podr\u00e1s adquirir boletos en la taquilla del parque, por un costo de $200 MXN.&nbsp;<\/p>\n","protected":false},"excerpt":{"rendered":"<p>Xcaret anuncia la Feria Xcaret de Arte Popular Mexicano, un evento que enaltece el patrimonio cultural de M\u00e9xico.&nbsp; Del 19 al 22 de septiembre de 2024 lo mejor del talento artesanal mexicano se reunir\u00e1 en Parque Xcaret para exhibir y vender sus inigualables creaciones; adem\u00e1s, recibir\u00e1n capacitaci\u00f3n legal, financiera y de manejo de redes sociales [&hellip;]<\/p>\n","protected":false},"author":8,"featured_media":5597,"comment_status":"closed","ping_status":"closed","sticky":false,"template":"","format":"standard","meta":[],"categories":[4,72,3],"tags":[140,141,17],"yoast_head":"<!-- This site is optimized with the Yoast SEO plugin v17.6 - https:\/\/yoast.com\/wordpress\/plugins\/seo\/ -->\n<meta name=\"robots\" content=\"index, follow, max-snippet:-1, max-image-preview:large, max-video-preview:-1\" \/>\n<link rel=\"canonical\" href=\"https:\/\/www.grupoxcaret.com\/es\/xcaret-se-consolida-como-plataforma-multiplicadora-de-arte-con-su-primera-feria-xcaret-de-arte-popular-mexicano\/\" \/>\n<meta property=\"og:locale\" content=\"es_ES\" \/>\n<meta property=\"og:type\" content=\"article\" \/>\n<meta property=\"og:title\" content=\"Xcaret se consolida como plataforma multiplicadora de arte con su Primera Feria Xcaret de Arte Popular Mexicano - Grupo Xcaret Sitio Corporativo\" \/>\n<meta property=\"og:description\" content=\"Xcaret anuncia la Feria Xcaret de Arte Popular Mexicano, un evento que enaltece el patrimonio cultural de M\u00e9xico.&nbsp; Del 19 al 22 de septiembre de 2024 lo mejor del talento artesanal mexicano se reunir\u00e1 en Parque Xcaret para exhibir y vender sus inigualables creaciones; adem\u00e1s, recibir\u00e1n capacitaci\u00f3n legal, financiera y de manejo de redes sociales [&hellip;]\" \/>\n<meta property=\"og:url\" content=\"https:\/\/www.grupoxcaret.com\/es\/xcaret-se-consolida-como-plataforma-multiplicadora-de-arte-con-su-primera-feria-xcaret-de-arte-popular-mexicano\/\" \/>\n<meta property=\"og:site_name\" content=\"Grupo Xcaret Sitio Corporativo\" \/>\n<meta property=\"article:published_time\" content=\"2024-01-31T23:05:01+00:00\" \/>\n<meta property=\"article:modified_time\" content=\"2024-01-31T23:05:04+00:00\" \/>\n<meta property=\"og:image\" content=\"https:\/\/www.grupoxcaret.com\/es\/wp-content\/uploads\/2024\/01\/FXAP_5.jpg\" \/>\n\t<meta property=\"og:image:width\" content=\"1200\" \/>\n\t<meta property=\"og:image:height\" content=\"800\" \/>\n<meta name=\"twitter:card\" content=\"summary_large_image\" \/>\n<meta name=\"twitter:label1\" content=\"Escrito por\" \/>\n\t<meta name=\"twitter:data1\" content=\"dmendozav\" \/>\n\t<meta name=\"twitter:label2\" content=\"Tiempo de lectura\" \/>\n\t<meta name=\"twitter:data2\" content=\"5 minutos\" \/>\n<script type=\"application\/ld+json\" class=\"yoast-schema-graph\">{\"@context\":\"https:\/\/schema.org\",\"@graph\":[{\"@type\":\"Organization\",\"@id\":\"https:\/\/www.grupoxcaret.com\/es\/#organization\",\"name\":\"Grupo Xcaret\",\"url\":\"https:\/\/www.grupoxcaret.com\/es\/\",\"sameAs\":[],\"logo\":{\"@type\":\"ImageObject\",\"@id\":\"https:\/\/www.grupoxcaret.com\/es\/#logo\",\"inLanguage\":\"es\",\"url\":\"https:\/\/www.grupoxcaret.com\/es\/wp-content\/uploads\/2015\/04\/exx.png\",\"contentUrl\":\"https:\/\/www.grupoxcaret.com\/es\/wp-content\/uploads\/2015\/04\/exx.png\",\"width\":400,\"height\":136,\"caption\":\"Grupo Xcaret\"},\"image\":{\"@id\":\"https:\/\/www.grupoxcaret.com\/es\/#logo\"}},{\"@type\":\"WebSite\",\"@id\":\"https:\/\/www.grupoxcaret.com\/es\/#website\",\"url\":\"https:\/\/www.grupoxcaret.com\/es\/\",\"name\":\"Grupo Xcaret Sitio Corporativo\",\"description\":\"Conoce el sitio corporativo de Grupo Xcaret. Encuentra informaci\\u00f3n relevante acerca de nuestra historia, marcas, filosof\\u00eda empresarial, pol\\u00edtica de sostenibilidad y mucho m\\u00e1s.\",\"publisher\":{\"@id\":\"https:\/\/www.grupoxcaret.com\/es\/#organization\"},\"potentialAction\":[{\"@type\":\"SearchAction\",\"target\":{\"@type\":\"EntryPoint\",\"urlTemplate\":\"https:\/\/www.grupoxcaret.com\/es\/?s={search_term_string}\"},\"query-input\":\"required name=search_term_string\"}],\"inLanguage\":\"es\"},{\"@type\":\"ImageObject\",\"@id\":\"https:\/\/www.grupoxcaret.com\/es\/xcaret-se-consolida-como-plataforma-multiplicadora-de-arte-con-su-primera-feria-xcaret-de-arte-popular-mexicano\/#primaryimage\",\"inLanguage\":\"es\",\"url\":\"https:\/\/www.grupoxcaret.com\/es\/wp-content\/uploads\/2024\/01\/FXAP_5.jpg\",\"contentUrl\":\"https:\/\/www.grupoxcaret.com\/es\/wp-content\/uploads\/2024\/01\/FXAP_5.jpg\",\"width\":1200,\"height\":800},{\"@type\":\"WebPage\",\"@id\":\"https:\/\/www.grupoxcaret.com\/es\/xcaret-se-consolida-como-plataforma-multiplicadora-de-arte-con-su-primera-feria-xcaret-de-arte-popular-mexicano\/#webpage\",\"url\":\"https:\/\/www.grupoxcaret.com\/es\/xcaret-se-consolida-como-plataforma-multiplicadora-de-arte-con-su-primera-feria-xcaret-de-arte-popular-mexicano\/\",\"name\":\"Xcaret se consolida como plataforma multiplicadora de arte con su Primera Feria Xcaret de Arte Popular Mexicano - Grupo Xcaret Sitio Corporativo\",\"isPartOf\":{\"@id\":\"https:\/\/www.grupoxcaret.com\/es\/#website\"},\"primaryImageOfPage\":{\"@id\":\"https:\/\/www.grupoxcaret.com\/es\/xcaret-se-consolida-como-plataforma-multiplicadora-de-arte-con-su-primera-feria-xcaret-de-arte-popular-mexicano\/#primaryimage\"},\"datePublished\":\"2024-01-31T23:05:01+00:00\",\"dateModified\":\"2024-01-31T23:05:04+00:00\",\"breadcrumb\":{\"@id\":\"https:\/\/www.grupoxcaret.com\/es\/xcaret-se-consolida-como-plataforma-multiplicadora-de-arte-con-su-primera-feria-xcaret-de-arte-popular-mexicano\/#breadcrumb\"},\"inLanguage\":\"es\",\"potentialAction\":[{\"@type\":\"ReadAction\",\"target\":[\"https:\/\/www.grupoxcaret.com\/es\/xcaret-se-consolida-como-plataforma-multiplicadora-de-arte-con-su-primera-feria-xcaret-de-arte-popular-mexicano\/\"]}]},{\"@type\":\"BreadcrumbList\",\"@id\":\"https:\/\/www.grupoxcaret.com\/es\/xcaret-se-consolida-como-plataforma-multiplicadora-de-arte-con-su-primera-feria-xcaret-de-arte-popular-mexicano\/#breadcrumb\",\"itemListElement\":[{\"@type\":\"ListItem\",\"position\":1,\"name\":\"Inicio\",\"item\":\"https:\/\/www.grupoxcaret.com\/es\/\"},{\"@type\":\"ListItem\",\"position\":2,\"name\":\"Sala de Prensa\",\"item\":\"https:\/\/www.grupoxcaret.com\/es\/seccion\/sala-de-prensa\/\"},{\"@type\":\"ListItem\",\"position\":3,\"name\":\"Xcaret se consolida como plataforma multiplicadora de arte con su Primera Feria Xcaret de Arte Popular Mexicano\"}]},{\"@type\":\"Article\",\"@id\":\"https:\/\/www.grupoxcaret.com\/es\/xcaret-se-consolida-como-plataforma-multiplicadora-de-arte-con-su-primera-feria-xcaret-de-arte-popular-mexicano\/#article\",\"isPartOf\":{\"@id\":\"https:\/\/www.grupoxcaret.com\/es\/xcaret-se-consolida-como-plataforma-multiplicadora-de-arte-con-su-primera-feria-xcaret-de-arte-popular-mexicano\/#webpage\"},\"author\":{\"@id\":\"https:\/\/www.grupoxcaret.com\/es\/#\/schema\/person\/a063bfd3f2c8806ec176d4b2afba737f\"},\"headline\":\"Xcaret se consolida como plataforma multiplicadora de arte con su Primera Feria Xcaret de Arte Popular Mexicano\",\"datePublished\":\"2024-01-31T23:05:01+00:00\",\"dateModified\":\"2024-01-31T23:05:04+00:00\",\"mainEntityOfPage\":{\"@id\":\"https:\/\/www.grupoxcaret.com\/es\/xcaret-se-consolida-como-plataforma-multiplicadora-de-arte-con-su-primera-feria-xcaret-de-arte-popular-mexicano\/#webpage\"},\"wordCount\":934,\"publisher\":{\"@id\":\"https:\/\/www.grupoxcaret.com\/es\/#organization\"},\"image\":{\"@id\":\"https:\/\/www.grupoxcaret.com\/es\/xcaret-se-consolida-como-plataforma-multiplicadora-de-arte-con-su-primera-feria-xcaret-de-arte-popular-mexicano\/#primaryimage\"},\"thumbnailUrl\":\"https:\/\/www.grupoxcaret.com\/es\/wp-content\/uploads\/2024\/01\/FXAP_5.jpg\",\"keywords\":[\"Arte\",\"Patrimonio\",\"Xcaret\"],\"articleSection\":[\"Boletines de Prensa\",\"Destacados\",\"Sala de Prensa\"],\"inLanguage\":\"es\"},{\"@type\":\"Person\",\"@id\":\"https:\/\/www.grupoxcaret.com\/es\/#\/schema\/person\/a063bfd3f2c8806ec176d4b2afba737f\",\"name\":\"dmendozav\",\"image\":{\"@type\":\"ImageObject\",\"@id\":\"https:\/\/www.grupoxcaret.com\/es\/#personlogo\",\"inLanguage\":\"es\",\"url\":\"https:\/\/secure.gravatar.com\/avatar\/d0971a818d7242eb0e6a9b000cb0cb6c?s=96&d=mm&r=g\",\"contentUrl\":\"https:\/\/secure.gravatar.com\/avatar\/d0971a818d7242eb0e6a9b000cb0cb6c?s=96&d=mm&r=g\",\"caption\":\"dmendozav\"},\"url\":\"https:\/\/www.grupoxcaret.com\/es\/author\/dmendozav\/\"}]}<\/script>\n<!-- \/ Yoast SEO plugin. -->","yoast_head_json":{"robots":{"index":"index","follow":"follow","max-snippet":"max-snippet:-1","max-image-preview":"max-image-preview:large","max-video-preview":"max-video-preview:-1"},"canonical":"https:\/\/www.grupoxcaret.com\/es\/xcaret-se-consolida-como-plataforma-multiplicadora-de-arte-con-su-primera-feria-xcaret-de-arte-popular-mexicano\/","og_locale":"es_ES","og_type":"article","og_title":"Xcaret se consolida como plataforma multiplicadora de arte con su Primera Feria Xcaret de Arte Popular Mexicano - Grupo Xcaret Sitio Corporativo","og_description":"Xcaret anuncia la Feria Xcaret de Arte Popular Mexicano, un evento que enaltece el patrimonio cultural de M\u00e9xico.&nbsp; Del 19 al 22 de septiembre de 2024 lo mejor del talento artesanal mexicano se reunir\u00e1 en Parque Xcaret para exhibir y vender sus inigualables creaciones; adem\u00e1s, recibir\u00e1n capacitaci\u00f3n legal, financiera y de manejo de redes sociales [&hellip;]","og_url":"https:\/\/www.grupoxcaret.com\/es\/xcaret-se-consolida-como-plataforma-multiplicadora-de-arte-con-su-primera-feria-xcaret-de-arte-popular-mexicano\/","og_site_name":"Grupo Xcaret Sitio Corporativo","article_published_time":"2024-01-31T23:05:01+00:00","article_modified_time":"2024-01-31T23:05:04+00:00","og_image":[{"width":1200,"height":800,"url":"https:\/\/www.grupoxcaret.com\/es\/wp-content\/uploads\/2024\/01\/FXAP_5.jpg","type":"image\/jpeg"}],"twitter_card":"summary_large_image","twitter_misc":{"Escrito por":"dmendozav","Tiempo de lectura":"5 minutos"},"schema":{"@context":"https:\/\/schema.org","@graph":[{"@type":"Organization","@id":"https:\/\/www.grupoxcaret.com\/es\/#organization","name":"Grupo Xcaret","url":"https:\/\/www.grupoxcaret.com\/es\/","sameAs":[],"logo":{"@type":"ImageObject","@id":"https:\/\/www.grupoxcaret.com\/es\/#logo","inLanguage":"es","url":"https:\/\/www.grupoxcaret.com\/es\/wp-content\/uploads\/2015\/04\/exx.png","contentUrl":"https:\/\/www.grupoxcaret.com\/es\/wp-content\/uploads\/2015\/04\/exx.png","width":400,"height":136,"caption":"Grupo Xcaret"},"image":{"@id":"https:\/\/www.grupoxcaret.com\/es\/#logo"}},{"@type":"WebSite","@id":"https:\/\/www.grupoxcaret.com\/es\/#website","url":"https:\/\/www.grupoxcaret.com\/es\/","name":"Grupo Xcaret Sitio Corporativo","description":"Conoce el sitio corporativo de Grupo Xcaret. Encuentra informaci\u00f3n relevante acerca de nuestra historia, marcas, filosof\u00eda empresarial, pol\u00edtica de sostenibilidad y mucho m\u00e1s.","publisher":{"@id":"https:\/\/www.grupoxcaret.com\/es\/#organization"},"potentialAction":[{"@type":"SearchAction","target":{"@type":"EntryPoint","urlTemplate":"https:\/\/www.grupoxcaret.com\/es\/?s={search_term_string}"},"query-input":"required name=search_term_string"}],"inLanguage":"es"},{"@type":"ImageObject","@id":"https:\/\/www.grupoxcaret.com\/es\/xcaret-se-consolida-como-plataforma-multiplicadora-de-arte-con-su-primera-feria-xcaret-de-arte-popular-mexicano\/#primaryimage","inLanguage":"es","url":"https:\/\/www.grupoxcaret.com\/es\/wp-content\/uploads\/2024\/01\/FXAP_5.jpg","contentUrl":"https:\/\/www.grupoxcaret.com\/es\/wp-content\/uploads\/2024\/01\/FXAP_5.jpg","width":1200,"height":800},{"@type":"WebPage","@id":"https:\/\/www.grupoxcaret.com\/es\/xcaret-se-consolida-como-plataforma-multiplicadora-de-arte-con-su-primera-feria-xcaret-de-arte-popular-mexicano\/#webpage","url":"https:\/\/www.grupoxcaret.com\/es\/xcaret-se-consolida-como-plataforma-multiplicadora-de-arte-con-su-primera-feria-xcaret-de-arte-popular-mexicano\/","name":"Xcaret se consolida como plataforma multiplicadora de arte con su Primera Feria Xcaret de Arte Popular Mexicano - Grupo Xcaret Sitio Corporativo","isPartOf":{"@id":"https:\/\/www.grupoxcaret.com\/es\/#website"},"primaryImageOfPage":{"@id":"https:\/\/www.grupoxcaret.com\/es\/xcaret-se-consolida-como-plataforma-multiplicadora-de-arte-con-su-primera-feria-xcaret-de-arte-popular-mexicano\/#primaryimage"},"datePublished":"2024-01-31T23:05:01+00:00","dateModified":"2024-01-31T23:05:04+00:00","breadcrumb":{"@id":"https:\/\/www.grupoxcaret.com\/es\/xcaret-se-consolida-como-plataforma-multiplicadora-de-arte-con-su-primera-feria-xcaret-de-arte-popular-mexicano\/#breadcrumb"},"inLanguage":"es","potentialAction":[{"@type":"ReadAction","target":["https:\/\/www.grupoxcaret.com\/es\/xcaret-se-consolida-como-plataforma-multiplicadora-de-arte-con-su-primera-feria-xcaret-de-arte-popular-mexicano\/"]}]},{"@type":"BreadcrumbList","@id":"https:\/\/www.grupoxcaret.com\/es\/xcaret-se-consolida-como-plataforma-multiplicadora-de-arte-con-su-primera-feria-xcaret-de-arte-popular-mexicano\/#breadcrumb","itemListElement":[{"@type":"ListItem","position":1,"name":"Inicio","item":"https:\/\/www.grupoxcaret.com\/es\/"},{"@type":"ListItem","position":2,"name":"Sala de Prensa","item":"https:\/\/www.grupoxcaret.com\/es\/seccion\/sala-de-prensa\/"},{"@type":"ListItem","position":3,"name":"Xcaret se consolida como plataforma multiplicadora de arte con su Primera Feria Xcaret de Arte Popular Mexicano"}]},{"@type":"Article","@id":"https:\/\/www.grupoxcaret.com\/es\/xcaret-se-consolida-como-plataforma-multiplicadora-de-arte-con-su-primera-feria-xcaret-de-arte-popular-mexicano\/#article","isPartOf":{"@id":"https:\/\/www.grupoxcaret.com\/es\/xcaret-se-consolida-como-plataforma-multiplicadora-de-arte-con-su-primera-feria-xcaret-de-arte-popular-mexicano\/#webpage"},"author":{"@id":"https:\/\/www.grupoxcaret.com\/es\/#\/schema\/person\/a063bfd3f2c8806ec176d4b2afba737f"},"headline":"Xcaret se consolida como plataforma multiplicadora de arte con su Primera Feria Xcaret de Arte Popular Mexicano","datePublished":"2024-01-31T23:05:01+00:00","dateModified":"2024-01-31T23:05:04+00:00","mainEntityOfPage":{"@id":"https:\/\/www.grupoxcaret.com\/es\/xcaret-se-consolida-como-plataforma-multiplicadora-de-arte-con-su-primera-feria-xcaret-de-arte-popular-mexicano\/#webpage"},"wordCount":934,"publisher":{"@id":"https:\/\/www.grupoxcaret.com\/es\/#organization"},"image":{"@id":"https:\/\/www.grupoxcaret.com\/es\/xcaret-se-consolida-como-plataforma-multiplicadora-de-arte-con-su-primera-feria-xcaret-de-arte-popular-mexicano\/#primaryimage"},"thumbnailUrl":"https:\/\/www.grupoxcaret.com\/es\/wp-content\/uploads\/2024\/01\/FXAP_5.jpg","keywords":["Arte","Patrimonio","Xcaret"],"articleSection":["Boletines de Prensa","Destacados","Sala de Prensa"],"inLanguage":"es"},{"@type":"Person","@id":"https:\/\/www.grupoxcaret.com\/es\/#\/schema\/person\/a063bfd3f2c8806ec176d4b2afba737f","name":"dmendozav","image":{"@type":"ImageObject","@id":"https:\/\/www.grupoxcaret.com\/es\/#personlogo","inLanguage":"es","url":"https:\/\/secure.gravatar.com\/avatar\/d0971a818d7242eb0e6a9b000cb0cb6c?s=96&d=mm&r=g","contentUrl":"https:\/\/secure.gravatar.com\/avatar\/d0971a818d7242eb0e6a9b000cb0cb6c?s=96&d=mm&r=g","caption":"dmendozav"},"url":"https:\/\/www.grupoxcaret.com\/es\/author\/dmendozav\/"}]}},"amp_enabled":true,"_links":{"self":[{"href":"https:\/\/www.grupoxcaret.com\/es\/wp-json\/wp\/v2\/posts\/5595"}],"collection":[{"href":"https:\/\/www.grupoxcaret.com\/es\/wp-json\/wp\/v2\/posts"}],"about":[{"href":"https:\/\/www.grupoxcaret.com\/es\/wp-json\/wp\/v2\/types\/post"}],"author":[{"embeddable":true,"href":"https:\/\/www.grupoxcaret.com\/es\/wp-json\/wp\/v2\/users\/8"}],"replies":[{"embeddable":true,"href":"https:\/\/www.grupoxcaret.com\/es\/wp-json\/wp\/v2\/comments?post=5595"}],"version-history":[{"count":2,"href":"https:\/\/www.grupoxcaret.com\/es\/wp-json\/wp\/v2\/posts\/5595\/revisions"}],"predecessor-version":[{"id":5608,"href":"https:\/\/www.grupoxcaret.com\/es\/wp-json\/wp\/v2\/posts\/5595\/revisions\/5608"}],"wp:featuredmedia":[{"embeddable":true,"href":"https:\/\/www.grupoxcaret.com\/es\/wp-json\/wp\/v2\/media\/5597"}],"wp:attachment":[{"href":"https:\/\/www.grupoxcaret.com\/es\/wp-json\/wp\/v2\/media?parent=5595"}],"wp:term":[{"taxonomy":"category","embeddable":true,"href":"https:\/\/www.grupoxcaret.com\/es\/wp-json\/wp\/v2\/categories?post=5595"},{"taxonomy":"post_tag","embeddable":true,"href":"https:\/\/www.grupoxcaret.com\/es\/wp-json\/wp\/v2\/tags?post=5595"}],"curies":[{"name":"wp","href":"https:\/\/api.w.org\/{rel}","templated":true}]}}