{"id":5571,"date":"2023-12-11T13:47:20","date_gmt":"2023-12-11T13:47:20","guid":{"rendered":"https:\/\/www.grupoxcaret.com\/es\/?p=5571"},"modified":"2023-12-11T13:50:07","modified_gmt":"2023-12-11T13:50:07","slug":"grupo-xcaret-da-un-paso-firme-en-pro-de-la-inclusion-y-accesibilidad","status":"publish","type":"post","link":"https:\/\/www.grupoxcaret.com\/es\/grupo-xcaret-da-un-paso-firme-en-pro-de-la-inclusion-y-accesibilidad\/","title":{"rendered":"Grupo Xcaret da un paso firme en pro de la inclusio\u0301n y accesibilidad."},"content":{"rendered":"\n<p><em>A partir de este 10 de diciembre, \u201cXcaret M\u00e9xico Espectacular\u201d se hace m\u00e1s <\/em><em>inclusivo, incorporando a <\/em><em>artistas sordos que interpretar\u00e1n el n\u00famero \u201cM\u00e9xico en la Piel\u201d <\/em><em>en Lengua de Se\u00f1as Mexicana. Adicionalmente, se integran colaboradores capacitados en Lengua de Se\u00f1as Mexicana para asistir al p\u00fablico, con el objetivo de mejorar la experiencia de personas con discapacidad auditiva que acuden al espect\u00e1culo.<\/em><\/p>\n\n\n\n<p>Xcaret, Quintana Roo, 11 de diciembre de 2023<em>.- <\/em>Como parte de las acciones que Grupo Xcaret realiza para impulsar la inclusi\u00f3n y accesibilidad, a partir de este 10 de diciembre se incorporar\u00e1n acciones para hacer m\u00e1s grata la experiencia a personas con discapacidad auditiva mediante el programa\u201cManos Xuaves\u201d en \u201cXcaret M\u00e9xico Espectacular\u201d, el cual se lleva a cabo los 365 d\u00edas del a\u00f1o en el Gran Tlachco de Parque Xcaret.<\/p>\n\n\n\n<p>Se trata de la incorporaci\u00f3n de colaboradores que asistan al p\u00fablico con discapacidad auditiva, as\u00ed como la participaci\u00f3n de talento art\u00edstico con sordera en su espect\u00e1culo \u201cXcaret M\u00e9xico Espectacular\u201d. Para hacerlo posible, se convoc\u00f3 a expertos y miembros de la comunidad de Quintana Roo a fin de escuchar sus necesidades y mejores pr\u00e1cticas.<\/p>\n\n\n\n<figure class=\"wp-block-image size-large\"><img loading=\"lazy\" width=\"1024\" height=\"576\" src=\"https:\/\/www.grupoxcaret.com\/es\/wp-content\/uploads\/2023\/12\/231203_MEXICO_ESPECTACULAR_INCLUSIVO_013-1024x576.webp\" alt=\"\" class=\"wp-image-5573\" srcset=\"https:\/\/www.grupoxcaret.com\/es\/wp-content\/uploads\/2023\/12\/231203_MEXICO_ESPECTACULAR_INCLUSIVO_013-1024x576.webp 1024w, https:\/\/www.grupoxcaret.com\/es\/wp-content\/uploads\/2023\/12\/231203_MEXICO_ESPECTACULAR_INCLUSIVO_013-300x169.webp 300w, https:\/\/www.grupoxcaret.com\/es\/wp-content\/uploads\/2023\/12\/231203_MEXICO_ESPECTACULAR_INCLUSIVO_013-768x432.webp 768w, https:\/\/www.grupoxcaret.com\/es\/wp-content\/uploads\/2023\/12\/231203_MEXICO_ESPECTACULAR_INCLUSIVO_013-1536x864.webp 1536w, https:\/\/www.grupoxcaret.com\/es\/wp-content\/uploads\/2023\/12\/231203_MEXICO_ESPECTACULAR_INCLUSIVO_013-696x392.webp 696w, https:\/\/www.grupoxcaret.com\/es\/wp-content\/uploads\/2023\/12\/231203_MEXICO_ESPECTACULAR_INCLUSIVO_013-1068x601.webp 1068w, https:\/\/www.grupoxcaret.com\/es\/wp-content\/uploads\/2023\/12\/231203_MEXICO_ESPECTACULAR_INCLUSIVO_013-747x420.webp 747w, https:\/\/www.grupoxcaret.com\/es\/wp-content\/uploads\/2023\/12\/231203_MEXICO_ESPECTACULAR_INCLUSIVO_013.webp 1600w\" sizes=\"(max-width: 1024px) 100vw, 1024px\" \/><\/figure>\n\n\n\n<p>\u201cDesde hace muchos a\u00f1os, nuestra plantilla de colaboradores se ha fortalecido con personas con distintas discapacidades en diferentes puntos de nuestra operaci\u00f3n. Manos Xuaves es un paso m\u00e1s para hacer nuestros espacios m\u00e1s inclusivos, tanto para los colaboradores como para los visitantes\u201d, destac\u00f3 Elizabeth Lugo, Direcci\u00f3n Ejecutiva de Parques, Tours y Naviera de Grupo Xcaret. A\u00f1adi\u00f3 que \u201cnos llena de orgullo contar con nuevos integrantes en el elenco de \u2018Xcaret M\u00e9xico Espectacular\u2019, quienes desde ahora interpretan en Lengua de Se\u00f1as Mexicana el tema \u2018M\u00e9xico en la Piel\u2019. Tambi\u00e9n hemos sumado a int\u00e9rpretes para que asistan a los espectadores con discapacidad auditiva, en beneficio de todas las personas sordas que visiten el espect\u00e1culo en Xcaret\u201d.<\/p>\n\n\n\n<p>\u201cXcaret M\u00e9xico Espectacular\u201d fue galardonado en 2021 como la mejor producci\u00f3n teatral de la industria de atracciones a nivel mundial, por la Asociaci\u00f3n Internacional de Atracciones y Parques de Diversiones (IAAPA por sus siglas en ingl\u00e9s), entregando el Brass Ring Award a \u201cXcaret M\u00e9xico Espectacular\u201d como la mejor producci\u00f3n teatral dentro de la categor\u00eda de entretenimiento en vivo.<\/p>\n\n\n\n<p>Este espect\u00e1culo ha cautivado a visitantes de M\u00e9xico y el mundo desde su puesta en escena, al enaltecer la cultura de nuestro pa\u00eds y mostrar de una forma art\u00edstica la historia de M\u00e9xico, al tiempo que genera un viaje musical por diversas regiones que fortalecen la identidad cultural de los mexicanos.<\/p>\n\n\n\n<p>Incluir en \u201cXcaret M\u00e9xico Espectacular\u201d a personas con discapacidad auditiva, permite ampliar el horizonte de representatividad, mostrando la diversidad poblacional de nuestro pa\u00eds desde un \u00e1ngulo m\u00e1s inclusivo, visibilizando a sectores que requieren ser tomados en cuenta por igual y, con ello, que formen parte cada vez m\u00e1s de una forma natural de nuestra vida.<\/p>\n\n\n\n<figure class=\"wp-block-image size-large\"><img loading=\"lazy\" width=\"1024\" height=\"576\" src=\"https:\/\/www.grupoxcaret.com\/es\/wp-content\/uploads\/2023\/12\/231203_MEXICO_ESPECTACULAR_INCLUSIVO_011-1024x576.webp\" alt=\"\" class=\"wp-image-5574\" srcset=\"https:\/\/www.grupoxcaret.com\/es\/wp-content\/uploads\/2023\/12\/231203_MEXICO_ESPECTACULAR_INCLUSIVO_011-1024x576.webp 1024w, https:\/\/www.grupoxcaret.com\/es\/wp-content\/uploads\/2023\/12\/231203_MEXICO_ESPECTACULAR_INCLUSIVO_011-300x169.webp 300w, https:\/\/www.grupoxcaret.com\/es\/wp-content\/uploads\/2023\/12\/231203_MEXICO_ESPECTACULAR_INCLUSIVO_011-768x432.webp 768w, https:\/\/www.grupoxcaret.com\/es\/wp-content\/uploads\/2023\/12\/231203_MEXICO_ESPECTACULAR_INCLUSIVO_011-1536x864.webp 1536w, https:\/\/www.grupoxcaret.com\/es\/wp-content\/uploads\/2023\/12\/231203_MEXICO_ESPECTACULAR_INCLUSIVO_011-696x392.webp 696w, https:\/\/www.grupoxcaret.com\/es\/wp-content\/uploads\/2023\/12\/231203_MEXICO_ESPECTACULAR_INCLUSIVO_011-1068x601.webp 1068w, https:\/\/www.grupoxcaret.com\/es\/wp-content\/uploads\/2023\/12\/231203_MEXICO_ESPECTACULAR_INCLUSIVO_011-747x420.webp 747w, https:\/\/www.grupoxcaret.com\/es\/wp-content\/uploads\/2023\/12\/231203_MEXICO_ESPECTACULAR_INCLUSIVO_011.webp 1600w\" sizes=\"(max-width: 1024px) 100vw, 1024px\" \/><\/figure>\n\n\n\n<p>\u201cXcaret M\u00e9xico Espectacular\u201d ha registrado la asistencia de m\u00e1s de 26 millones de personas al cierre de junio de 2023, por lo que quienes tengan la posibilidad de ver este espect\u00e1culo a partir de este 10 de diciembre podr\u00e1n disfrutar de este nuevo elenco inclusivo, que generar\u00e1 resonancia internacional.<\/p>\n\n\n\n<p>Es as\u00ed como Grupo Xcaret refuerza su compromiso para impulsar un turismo inclusivo, con acciones integrales de largo plazo que cada d\u00eda sumaran m\u00e1s iniciativas e infraestructura para sus colaboradores y viajeros, con la intenci\u00f3n de que todos y cada uno de los que disfruten de visitar o colaborar en cualquiera de las operaciones del Grupo Xcaret formen parte de una experiencia m\u00e1s accesible e inclusiva.<\/p>\n\n\n\n<p>ooo<\/p>\n\n\n\n<p><strong>Acerca de Grupo Xcaret<\/strong><\/p>\n\n\n\n<p>Grupo Xcaret es una empresa mexicana, con m\u00e1s de 30 a\u00f1os de experiencia en ofrecer experiencias \u00fanicas e inolvidables a sus visitantes, inspiradas en el respeto por la naturaleza, la cultura y la vida. Su trayectoria en la recreaci\u00f3n tur\u00edstica sostenible inici\u00f3 en 1990, posicion\u00e1ndose, hoy en d\u00eda, como los l\u00edderes en esta industria. Cuenta con tres unidades de negocio divididas en: 1) parques, bajo la que opera los parques m\u00e1s emblem\u00e1ticos de Canc\u00fan y la Riviera Maya &#8211; Xcaret, Xel-H\u00e1, Xplor, Xplor Fuego, Xoximilco, Xenses y Xavage-; 2) hoteles, unidad de negocio que inici\u00f3 operaciones con la apertura en 2017 de Hotel Xcaret M\u00e9xico, Hotel Xcaret Arte, y el recientemente inaugurado La Casa de la Playa, y 3) tours, en los que se ofrecen recorridos \u00fanicos por Xich\u00e9n, Cob\u00e1, Tulum, su tour Xenotes y su reciente incursi\u00f3n en la industria naviera con Xcaret Xailing. Uno de sus grandes logros alcanzados para los visitantes, es la garant\u00eda de experiencias y entornos seguros, integrada en su Modelo Xeguridad 360o.<\/p>\n","protected":false},"excerpt":{"rendered":"<p>A partir de este 10 de diciembre, \u201cXcaret M\u00e9xico Espectacular\u201d se hace m\u00e1s inclusivo, incorporando a artistas sordos que interpretar\u00e1n el n\u00famero \u201cM\u00e9xico en la Piel\u201d en Lengua de Se\u00f1as Mexicana. Adicionalmente, se integran colaboradores capacitados en Lengua de Se\u00f1as Mexicana para asistir al p\u00fablico, con el objetivo de mejorar la experiencia de personas con [&hellip;]<\/p>\n","protected":false},"author":8,"featured_media":5572,"comment_status":"closed","ping_status":"closed","sticky":false,"template":"","format":"standard","meta":[],"categories":[4,72,1,3],"tags":[],"yoast_head":"<!-- This site is optimized with the Yoast SEO plugin v17.6 - https:\/\/yoast.com\/wordpress\/plugins\/seo\/ -->\n<meta name=\"robots\" content=\"index, follow, max-snippet:-1, max-image-preview:large, max-video-preview:-1\" \/>\n<link rel=\"canonical\" href=\"https:\/\/www.grupoxcaret.com\/es\/grupo-xcaret-da-un-paso-firme-en-pro-de-la-inclusion-y-accesibilidad\/\" \/>\n<meta property=\"og:locale\" content=\"es_ES\" \/>\n<meta property=\"og:type\" content=\"article\" \/>\n<meta property=\"og:title\" content=\"Grupo Xcaret da un paso firme en pro de la inclusio\u0301n y accesibilidad. - Grupo Xcaret Sitio Corporativo\" \/>\n<meta property=\"og:description\" content=\"A partir de este 10 de diciembre, \u201cXcaret M\u00e9xico Espectacular\u201d se hace m\u00e1s inclusivo, incorporando a artistas sordos que interpretar\u00e1n el n\u00famero \u201cM\u00e9xico en la Piel\u201d en Lengua de Se\u00f1as Mexicana. Adicionalmente, se integran colaboradores capacitados en Lengua de Se\u00f1as Mexicana para asistir al p\u00fablico, con el objetivo de mejorar la experiencia de personas con [&hellip;]\" \/>\n<meta property=\"og:url\" content=\"https:\/\/www.grupoxcaret.com\/es\/grupo-xcaret-da-un-paso-firme-en-pro-de-la-inclusion-y-accesibilidad\/\" \/>\n<meta property=\"og:site_name\" content=\"Grupo Xcaret Sitio Corporativo\" \/>\n<meta property=\"article:published_time\" content=\"2023-12-11T13:47:20+00:00\" \/>\n<meta property=\"article:modified_time\" content=\"2023-12-11T13:50:07+00:00\" \/>\n<meta name=\"twitter:card\" content=\"summary_large_image\" \/>\n<meta name=\"twitter:image\" content=\"https:\/\/www.grupoxcaret.com\/es\/wp-content\/uploads\/2023\/12\/231203_MEXICO_ESPECTACULAR_INCLUSIVO_019.webp\" \/>\n<meta name=\"twitter:label1\" content=\"Escrito por\" \/>\n\t<meta name=\"twitter:data1\" content=\"dmendozav\" \/>\n\t<meta name=\"twitter:label2\" content=\"Tiempo de lectura\" \/>\n\t<meta name=\"twitter:data2\" content=\"4 minutos\" \/>\n<script type=\"application\/ld+json\" class=\"yoast-schema-graph\">{\"@context\":\"https:\/\/schema.org\",\"@graph\":[{\"@type\":\"Organization\",\"@id\":\"https:\/\/www.grupoxcaret.com\/es\/#organization\",\"name\":\"Grupo Xcaret\",\"url\":\"https:\/\/www.grupoxcaret.com\/es\/\",\"sameAs\":[],\"logo\":{\"@type\":\"ImageObject\",\"@id\":\"https:\/\/www.grupoxcaret.com\/es\/#logo\",\"inLanguage\":\"es\",\"url\":\"https:\/\/www.grupoxcaret.com\/es\/wp-content\/uploads\/2015\/04\/exx.png\",\"contentUrl\":\"https:\/\/www.grupoxcaret.com\/es\/wp-content\/uploads\/2015\/04\/exx.png\",\"width\":400,\"height\":136,\"caption\":\"Grupo Xcaret\"},\"image\":{\"@id\":\"https:\/\/www.grupoxcaret.com\/es\/#logo\"}},{\"@type\":\"WebSite\",\"@id\":\"https:\/\/www.grupoxcaret.com\/es\/#website\",\"url\":\"https:\/\/www.grupoxcaret.com\/es\/\",\"name\":\"Grupo Xcaret Sitio Corporativo\",\"description\":\"Conoce el sitio corporativo de Grupo Xcaret. Encuentra informaci\\u00f3n relevante acerca de nuestra historia, marcas, filosof\\u00eda empresarial, pol\\u00edtica de sostenibilidad y mucho m\\u00e1s.\",\"publisher\":{\"@id\":\"https:\/\/www.grupoxcaret.com\/es\/#organization\"},\"potentialAction\":[{\"@type\":\"SearchAction\",\"target\":{\"@type\":\"EntryPoint\",\"urlTemplate\":\"https:\/\/www.grupoxcaret.com\/es\/?s={search_term_string}\"},\"query-input\":\"required name=search_term_string\"}],\"inLanguage\":\"es\"},{\"@type\":\"ImageObject\",\"@id\":\"https:\/\/www.grupoxcaret.com\/es\/grupo-xcaret-da-un-paso-firme-en-pro-de-la-inclusion-y-accesibilidad\/#primaryimage\",\"inLanguage\":\"es\",\"url\":\"https:\/\/www.grupoxcaret.com\/es\/wp-content\/uploads\/2023\/12\/231203_MEXICO_ESPECTACULAR_INCLUSIVO_019.webp\",\"contentUrl\":\"https:\/\/www.grupoxcaret.com\/es\/wp-content\/uploads\/2023\/12\/231203_MEXICO_ESPECTACULAR_INCLUSIVO_019.webp\",\"width\":1600,\"height\":900},{\"@type\":\"WebPage\",\"@id\":\"https:\/\/www.grupoxcaret.com\/es\/grupo-xcaret-da-un-paso-firme-en-pro-de-la-inclusion-y-accesibilidad\/#webpage\",\"url\":\"https:\/\/www.grupoxcaret.com\/es\/grupo-xcaret-da-un-paso-firme-en-pro-de-la-inclusion-y-accesibilidad\/\",\"name\":\"Grupo Xcaret da un paso firme en pro de la inclusio\\u0301n y accesibilidad. - Grupo Xcaret Sitio Corporativo\",\"isPartOf\":{\"@id\":\"https:\/\/www.grupoxcaret.com\/es\/#website\"},\"primaryImageOfPage\":{\"@id\":\"https:\/\/www.grupoxcaret.com\/es\/grupo-xcaret-da-un-paso-firme-en-pro-de-la-inclusion-y-accesibilidad\/#primaryimage\"},\"datePublished\":\"2023-12-11T13:47:20+00:00\",\"dateModified\":\"2023-12-11T13:50:07+00:00\",\"breadcrumb\":{\"@id\":\"https:\/\/www.grupoxcaret.com\/es\/grupo-xcaret-da-un-paso-firme-en-pro-de-la-inclusion-y-accesibilidad\/#breadcrumb\"},\"inLanguage\":\"es\",\"potentialAction\":[{\"@type\":\"ReadAction\",\"target\":[\"https:\/\/www.grupoxcaret.com\/es\/grupo-xcaret-da-un-paso-firme-en-pro-de-la-inclusion-y-accesibilidad\/\"]}]},{\"@type\":\"BreadcrumbList\",\"@id\":\"https:\/\/www.grupoxcaret.com\/es\/grupo-xcaret-da-un-paso-firme-en-pro-de-la-inclusion-y-accesibilidad\/#breadcrumb\",\"itemListElement\":[{\"@type\":\"ListItem\",\"position\":1,\"name\":\"Inicio\",\"item\":\"https:\/\/www.grupoxcaret.com\/es\/\"},{\"@type\":\"ListItem\",\"position\":2,\"name\":\"Noticias\",\"item\":\"https:\/\/www.grupoxcaret.com\/es\/seccion\/noticias\/\"},{\"@type\":\"ListItem\",\"position\":3,\"name\":\"Grupo Xcaret da un paso firme en pro de la inclusio\\u0301n y accesibilidad.\"}]},{\"@type\":\"Article\",\"@id\":\"https:\/\/www.grupoxcaret.com\/es\/grupo-xcaret-da-un-paso-firme-en-pro-de-la-inclusion-y-accesibilidad\/#article\",\"isPartOf\":{\"@id\":\"https:\/\/www.grupoxcaret.com\/es\/grupo-xcaret-da-un-paso-firme-en-pro-de-la-inclusion-y-accesibilidad\/#webpage\"},\"author\":{\"@id\":\"https:\/\/www.grupoxcaret.com\/es\/#\/schema\/person\/a063bfd3f2c8806ec176d4b2afba737f\"},\"headline\":\"Grupo Xcaret da un paso firme en pro de la inclusio\\u0301n y accesibilidad.\",\"datePublished\":\"2023-12-11T13:47:20+00:00\",\"dateModified\":\"2023-12-11T13:50:07+00:00\",\"mainEntityOfPage\":{\"@id\":\"https:\/\/www.grupoxcaret.com\/es\/grupo-xcaret-da-un-paso-firme-en-pro-de-la-inclusion-y-accesibilidad\/#webpage\"},\"wordCount\":823,\"publisher\":{\"@id\":\"https:\/\/www.grupoxcaret.com\/es\/#organization\"},\"image\":{\"@id\":\"https:\/\/www.grupoxcaret.com\/es\/grupo-xcaret-da-un-paso-firme-en-pro-de-la-inclusion-y-accesibilidad\/#primaryimage\"},\"thumbnailUrl\":\"https:\/\/www.grupoxcaret.com\/es\/wp-content\/uploads\/2023\/12\/231203_MEXICO_ESPECTACULAR_INCLUSIVO_019.webp\",\"articleSection\":[\"Boletines de Prensa\",\"Destacados\",\"Noticias\",\"Sala de Prensa\"],\"inLanguage\":\"es\"},{\"@type\":\"Person\",\"@id\":\"https:\/\/www.grupoxcaret.com\/es\/#\/schema\/person\/a063bfd3f2c8806ec176d4b2afba737f\",\"name\":\"dmendozav\",\"image\":{\"@type\":\"ImageObject\",\"@id\":\"https:\/\/www.grupoxcaret.com\/es\/#personlogo\",\"inLanguage\":\"es\",\"url\":\"https:\/\/secure.gravatar.com\/avatar\/d0971a818d7242eb0e6a9b000cb0cb6c?s=96&d=mm&r=g\",\"contentUrl\":\"https:\/\/secure.gravatar.com\/avatar\/d0971a818d7242eb0e6a9b000cb0cb6c?s=96&d=mm&r=g\",\"caption\":\"dmendozav\"},\"url\":\"https:\/\/www.grupoxcaret.com\/es\/author\/dmendozav\/\"}]}<\/script>\n<!-- \/ Yoast SEO plugin. -->","yoast_head_json":{"robots":{"index":"index","follow":"follow","max-snippet":"max-snippet:-1","max-image-preview":"max-image-preview:large","max-video-preview":"max-video-preview:-1"},"canonical":"https:\/\/www.grupoxcaret.com\/es\/grupo-xcaret-da-un-paso-firme-en-pro-de-la-inclusion-y-accesibilidad\/","og_locale":"es_ES","og_type":"article","og_title":"Grupo Xcaret da un paso firme en pro de la inclusio\u0301n y accesibilidad. - Grupo Xcaret Sitio Corporativo","og_description":"A partir de este 10 de diciembre, \u201cXcaret M\u00e9xico Espectacular\u201d se hace m\u00e1s inclusivo, incorporando a artistas sordos que interpretar\u00e1n el n\u00famero \u201cM\u00e9xico en la Piel\u201d en Lengua de Se\u00f1as Mexicana. Adicionalmente, se integran colaboradores capacitados en Lengua de Se\u00f1as Mexicana para asistir al p\u00fablico, con el objetivo de mejorar la experiencia de personas con [&hellip;]","og_url":"https:\/\/www.grupoxcaret.com\/es\/grupo-xcaret-da-un-paso-firme-en-pro-de-la-inclusion-y-accesibilidad\/","og_site_name":"Grupo Xcaret Sitio Corporativo","article_published_time":"2023-12-11T13:47:20+00:00","article_modified_time":"2023-12-11T13:50:07+00:00","twitter_card":"summary_large_image","twitter_image":"https:\/\/www.grupoxcaret.com\/es\/wp-content\/uploads\/2023\/12\/231203_MEXICO_ESPECTACULAR_INCLUSIVO_019.webp","twitter_misc":{"Escrito por":"dmendozav","Tiempo de lectura":"4 minutos"},"schema":{"@context":"https:\/\/schema.org","@graph":[{"@type":"Organization","@id":"https:\/\/www.grupoxcaret.com\/es\/#organization","name":"Grupo Xcaret","url":"https:\/\/www.grupoxcaret.com\/es\/","sameAs":[],"logo":{"@type":"ImageObject","@id":"https:\/\/www.grupoxcaret.com\/es\/#logo","inLanguage":"es","url":"https:\/\/www.grupoxcaret.com\/es\/wp-content\/uploads\/2015\/04\/exx.png","contentUrl":"https:\/\/www.grupoxcaret.com\/es\/wp-content\/uploads\/2015\/04\/exx.png","width":400,"height":136,"caption":"Grupo Xcaret"},"image":{"@id":"https:\/\/www.grupoxcaret.com\/es\/#logo"}},{"@type":"WebSite","@id":"https:\/\/www.grupoxcaret.com\/es\/#website","url":"https:\/\/www.grupoxcaret.com\/es\/","name":"Grupo Xcaret Sitio Corporativo","description":"Conoce el sitio corporativo de Grupo Xcaret. Encuentra informaci\u00f3n relevante acerca de nuestra historia, marcas, filosof\u00eda empresarial, pol\u00edtica de sostenibilidad y mucho m\u00e1s.","publisher":{"@id":"https:\/\/www.grupoxcaret.com\/es\/#organization"},"potentialAction":[{"@type":"SearchAction","target":{"@type":"EntryPoint","urlTemplate":"https:\/\/www.grupoxcaret.com\/es\/?s={search_term_string}"},"query-input":"required name=search_term_string"}],"inLanguage":"es"},{"@type":"ImageObject","@id":"https:\/\/www.grupoxcaret.com\/es\/grupo-xcaret-da-un-paso-firme-en-pro-de-la-inclusion-y-accesibilidad\/#primaryimage","inLanguage":"es","url":"https:\/\/www.grupoxcaret.com\/es\/wp-content\/uploads\/2023\/12\/231203_MEXICO_ESPECTACULAR_INCLUSIVO_019.webp","contentUrl":"https:\/\/www.grupoxcaret.com\/es\/wp-content\/uploads\/2023\/12\/231203_MEXICO_ESPECTACULAR_INCLUSIVO_019.webp","width":1600,"height":900},{"@type":"WebPage","@id":"https:\/\/www.grupoxcaret.com\/es\/grupo-xcaret-da-un-paso-firme-en-pro-de-la-inclusion-y-accesibilidad\/#webpage","url":"https:\/\/www.grupoxcaret.com\/es\/grupo-xcaret-da-un-paso-firme-en-pro-de-la-inclusion-y-accesibilidad\/","name":"Grupo Xcaret da un paso firme en pro de la inclusio\u0301n y accesibilidad. - Grupo Xcaret Sitio Corporativo","isPartOf":{"@id":"https:\/\/www.grupoxcaret.com\/es\/#website"},"primaryImageOfPage":{"@id":"https:\/\/www.grupoxcaret.com\/es\/grupo-xcaret-da-un-paso-firme-en-pro-de-la-inclusion-y-accesibilidad\/#primaryimage"},"datePublished":"2023-12-11T13:47:20+00:00","dateModified":"2023-12-11T13:50:07+00:00","breadcrumb":{"@id":"https:\/\/www.grupoxcaret.com\/es\/grupo-xcaret-da-un-paso-firme-en-pro-de-la-inclusion-y-accesibilidad\/#breadcrumb"},"inLanguage":"es","potentialAction":[{"@type":"ReadAction","target":["https:\/\/www.grupoxcaret.com\/es\/grupo-xcaret-da-un-paso-firme-en-pro-de-la-inclusion-y-accesibilidad\/"]}]},{"@type":"BreadcrumbList","@id":"https:\/\/www.grupoxcaret.com\/es\/grupo-xcaret-da-un-paso-firme-en-pro-de-la-inclusion-y-accesibilidad\/#breadcrumb","itemListElement":[{"@type":"ListItem","position":1,"name":"Inicio","item":"https:\/\/www.grupoxcaret.com\/es\/"},{"@type":"ListItem","position":2,"name":"Noticias","item":"https:\/\/www.grupoxcaret.com\/es\/seccion\/noticias\/"},{"@type":"ListItem","position":3,"name":"Grupo Xcaret da un paso firme en pro de la inclusio\u0301n y accesibilidad."}]},{"@type":"Article","@id":"https:\/\/www.grupoxcaret.com\/es\/grupo-xcaret-da-un-paso-firme-en-pro-de-la-inclusion-y-accesibilidad\/#article","isPartOf":{"@id":"https:\/\/www.grupoxcaret.com\/es\/grupo-xcaret-da-un-paso-firme-en-pro-de-la-inclusion-y-accesibilidad\/#webpage"},"author":{"@id":"https:\/\/www.grupoxcaret.com\/es\/#\/schema\/person\/a063bfd3f2c8806ec176d4b2afba737f"},"headline":"Grupo Xcaret da un paso firme en pro de la inclusio\u0301n y accesibilidad.","datePublished":"2023-12-11T13:47:20+00:00","dateModified":"2023-12-11T13:50:07+00:00","mainEntityOfPage":{"@id":"https:\/\/www.grupoxcaret.com\/es\/grupo-xcaret-da-un-paso-firme-en-pro-de-la-inclusion-y-accesibilidad\/#webpage"},"wordCount":823,"publisher":{"@id":"https:\/\/www.grupoxcaret.com\/es\/#organization"},"image":{"@id":"https:\/\/www.grupoxcaret.com\/es\/grupo-xcaret-da-un-paso-firme-en-pro-de-la-inclusion-y-accesibilidad\/#primaryimage"},"thumbnailUrl":"https:\/\/www.grupoxcaret.com\/es\/wp-content\/uploads\/2023\/12\/231203_MEXICO_ESPECTACULAR_INCLUSIVO_019.webp","articleSection":["Boletines de Prensa","Destacados","Noticias","Sala de Prensa"],"inLanguage":"es"},{"@type":"Person","@id":"https:\/\/www.grupoxcaret.com\/es\/#\/schema\/person\/a063bfd3f2c8806ec176d4b2afba737f","name":"dmendozav","image":{"@type":"ImageObject","@id":"https:\/\/www.grupoxcaret.com\/es\/#personlogo","inLanguage":"es","url":"https:\/\/secure.gravatar.com\/avatar\/d0971a818d7242eb0e6a9b000cb0cb6c?s=96&d=mm&r=g","contentUrl":"https:\/\/secure.gravatar.com\/avatar\/d0971a818d7242eb0e6a9b000cb0cb6c?s=96&d=mm&r=g","caption":"dmendozav"},"url":"https:\/\/www.grupoxcaret.com\/es\/author\/dmendozav\/"}]}},"amp_enabled":true,"_links":{"self":[{"href":"https:\/\/www.grupoxcaret.com\/es\/wp-json\/wp\/v2\/posts\/5571"}],"collection":[{"href":"https:\/\/www.grupoxcaret.com\/es\/wp-json\/wp\/v2\/posts"}],"about":[{"href":"https:\/\/www.grupoxcaret.com\/es\/wp-json\/wp\/v2\/types\/post"}],"author":[{"embeddable":true,"href":"https:\/\/www.grupoxcaret.com\/es\/wp-json\/wp\/v2\/users\/8"}],"replies":[{"embeddable":true,"href":"https:\/\/www.grupoxcaret.com\/es\/wp-json\/wp\/v2\/comments?post=5571"}],"version-history":[{"count":1,"href":"https:\/\/www.grupoxcaret.com\/es\/wp-json\/wp\/v2\/posts\/5571\/revisions"}],"predecessor-version":[{"id":5575,"href":"https:\/\/www.grupoxcaret.com\/es\/wp-json\/wp\/v2\/posts\/5571\/revisions\/5575"}],"wp:featuredmedia":[{"embeddable":true,"href":"https:\/\/www.grupoxcaret.com\/es\/wp-json\/wp\/v2\/media\/5572"}],"wp:attachment":[{"href":"https:\/\/www.grupoxcaret.com\/es\/wp-json\/wp\/v2\/media?parent=5571"}],"wp:term":[{"taxonomy":"category","embeddable":true,"href":"https:\/\/www.grupoxcaret.com\/es\/wp-json\/wp\/v2\/categories?post=5571"},{"taxonomy":"post_tag","embeddable":true,"href":"https:\/\/www.grupoxcaret.com\/es\/wp-json\/wp\/v2\/tags?post=5571"}],"curies":[{"name":"wp","href":"https:\/\/api.w.org\/{rel}","templated":true}]}}