{"id":5529,"date":"2023-10-24T08:00:00","date_gmt":"2023-10-24T08:00:00","guid":{"rendered":"https:\/\/www.grupoxcaret.com\/es\/?p=5529"},"modified":"2023-11-06T18:43:10","modified_gmt":"2023-11-06T18:43:10","slug":"24-de-octubre-dia-de-las-naciones-unidas","status":"publish","type":"post","link":"https:\/\/www.grupoxcaret.com\/es\/24-de-octubre-dia-de-las-naciones-unidas\/","title":{"rendered":"24 DE OCTUBRE &#8211; D\u00cdA DE LAS NACIONES UNIDAS"},"content":{"rendered":"\n<p><strong>\u00bfSab\u00edas que Grupo Xcaret colabora con las Naciones Unidas?<\/strong><\/p>\n\n\n\n<p>En Grupo Xcaret colaboramos con dos importantes agencias de Naciones Unidas: la Organizaci\u00f3n Mundial del Turismo (OMT) y el Pacto Mundial.<\/p>\n\n\n\n<p>La OMT se dedica a promover el turismo sostenible, es decir, que promueve el respeto y valoraci\u00f3n de las culturas locales y que contribuye al desarrollo y bienestar de las comunidades y su entorno. Al unirnos al Pacto Mundial, estamos comprometidos con valores fundamentales como el respeto a los derechos humanos, el cuidado del medio ambiente y y la lucha contra la corrupci\u00f3n. Estas alianzas refuerzan nuestro compromiso y visi\u00f3n de ser \u00fanicos en recreaci\u00f3n tur\u00edstica sostenible.<\/p>\n\n\n\n<figure class=\"wp-block-image size-large\"><img loading=\"lazy\" width=\"1024\" height=\"768\" src=\"https:\/\/www.grupoxcaret.com\/es\/wp-content\/uploads\/2022\/09\/mundo-ninos-4-1024x768.jpg\" alt=\"\" class=\"wp-image-5108\" srcset=\"https:\/\/www.grupoxcaret.com\/es\/wp-content\/uploads\/2022\/09\/mundo-ninos-4-1024x768.jpg 1024w, https:\/\/www.grupoxcaret.com\/es\/wp-content\/uploads\/2022\/09\/mundo-ninos-4-300x225.jpg 300w, https:\/\/www.grupoxcaret.com\/es\/wp-content\/uploads\/2022\/09\/mundo-ninos-4-768x576.jpg 768w, https:\/\/www.grupoxcaret.com\/es\/wp-content\/uploads\/2022\/09\/mundo-ninos-4-1536x1152.jpg 1536w, https:\/\/www.grupoxcaret.com\/es\/wp-content\/uploads\/2022\/09\/mundo-ninos-4-2048x1536.jpg 2048w, https:\/\/www.grupoxcaret.com\/es\/wp-content\/uploads\/2022\/09\/mundo-ninos-4-80x60.jpg 80w, https:\/\/www.grupoxcaret.com\/es\/wp-content\/uploads\/2022\/09\/mundo-ninos-4-265x198.jpg 265w, https:\/\/www.grupoxcaret.com\/es\/wp-content\/uploads\/2022\/09\/mundo-ninos-4-696x522.jpg 696w, https:\/\/www.grupoxcaret.com\/es\/wp-content\/uploads\/2022\/09\/mundo-ninos-4-1068x801.jpg 1068w, https:\/\/www.grupoxcaret.com\/es\/wp-content\/uploads\/2022\/09\/mundo-ninos-4-560x420.jpg 560w\" sizes=\"(max-width: 1024px) 100vw, 1024px\" \/><\/figure>\n\n\n\n<p><strong>\u00a1Somos ejemplares para las Naciones Unidas!<\/strong><\/p>\n\n\n\n<p>En 2012, fuimos reconocidos con el Premio Ulises a la Excelencia y la Innovaci\u00f3n en el Turismo que otorga la OMT, por nuestro compromiso de hacer compatible el aprovechamiento tur\u00edstico con el cuidado de los recursos naturales. A finales de 2020, tambi\u00e9n la OMT nos reconoci\u00f3 por contribuir a la creaci\u00f3n de protocolos de reapertura para parques de atracciones para prevenir la propagaci\u00f3n del<strong> Covid-19<\/strong>, los cuales estaban basados en nuestro <strong>Modelo de Xeguridad 360\u00b0.<\/strong><\/p>\n\n\n\n<figure class=\"wp-block-image size-large\"><img loading=\"lazy\" width=\"1024\" height=\"683\" src=\"https:\/\/www.grupoxcaret.com\/es\/wp-content\/uploads\/2020\/07\/XPLOR-2-1024x683.jpg\" alt=\"\" class=\"wp-image-3558\" srcset=\"https:\/\/www.grupoxcaret.com\/es\/wp-content\/uploads\/2020\/07\/XPLOR-2-1024x683.jpg 1024w, https:\/\/www.grupoxcaret.com\/es\/wp-content\/uploads\/2020\/07\/XPLOR-2-300x200.jpg 300w, https:\/\/www.grupoxcaret.com\/es\/wp-content\/uploads\/2020\/07\/XPLOR-2-768x512.jpg 768w, https:\/\/www.grupoxcaret.com\/es\/wp-content\/uploads\/2020\/07\/XPLOR-2-1536x1024.jpg 1536w, https:\/\/www.grupoxcaret.com\/es\/wp-content\/uploads\/2020\/07\/XPLOR-2-2048x1365.jpg 2048w, https:\/\/www.grupoxcaret.com\/es\/wp-content\/uploads\/2020\/07\/XPLOR-2-696x464.jpg 696w, https:\/\/www.grupoxcaret.com\/es\/wp-content\/uploads\/2020\/07\/XPLOR-2-1068x712.jpg 1068w, https:\/\/www.grupoxcaret.com\/es\/wp-content\/uploads\/2020\/07\/XPLOR-2-630x420.jpg 630w\" sizes=\"(max-width: 1024px) 100vw, 1024px\" \/><\/figure>\n\n\n\n<p>As\u00ed que este 24 de octubre, en Grupo Xcaret celebramos el <strong>D\u00eda de las Naciones Unidas<\/strong> con un compromiso apasionado de hacer que nuestro planeta sea un lugar m\u00e1s feliz. Este compromiso se concreta cuando recibimos y tenemos contacto con personas de todo el mundo en nuestros hoteles, parques y tours. Porque el turismo no solo es un motor econ\u00f3mico, sino tambi\u00e9n un puente que conecta culturas y un veh\u00edculo para la comprensi\u00f3n mutua. A trav\u00e9s de nuestra actividad tur\u00edstica, contribuimos a la comunidad global que trabaja por la paz, la justicia y el desarrollo sostenible, inspirados por el legado y la visi\u00f3n de las Naciones Unidas.<\/p>\n\n\n\n<figure class=\"wp-block-image size-large\"><img loading=\"lazy\" width=\"1024\" height=\"683\" src=\"https:\/\/www.grupoxcaret.com\/es\/wp-content\/uploads\/2021\/05\/patrick-fore-UFqV-RqPm8w-unsplash-1024x683.jpg\" alt=\"\" class=\"wp-image-4248\" srcset=\"https:\/\/www.grupoxcaret.com\/es\/wp-content\/uploads\/2021\/05\/patrick-fore-UFqV-RqPm8w-unsplash-1024x683.jpg 1024w, https:\/\/www.grupoxcaret.com\/es\/wp-content\/uploads\/2021\/05\/patrick-fore-UFqV-RqPm8w-unsplash-300x200.jpg 300w, https:\/\/www.grupoxcaret.com\/es\/wp-content\/uploads\/2021\/05\/patrick-fore-UFqV-RqPm8w-unsplash-768x512.jpg 768w, https:\/\/www.grupoxcaret.com\/es\/wp-content\/uploads\/2021\/05\/patrick-fore-UFqV-RqPm8w-unsplash-1536x1024.jpg 1536w, https:\/\/www.grupoxcaret.com\/es\/wp-content\/uploads\/2021\/05\/patrick-fore-UFqV-RqPm8w-unsplash-696x464.jpg 696w, https:\/\/www.grupoxcaret.com\/es\/wp-content\/uploads\/2021\/05\/patrick-fore-UFqV-RqPm8w-unsplash-1068x712.jpg 1068w, https:\/\/www.grupoxcaret.com\/es\/wp-content\/uploads\/2021\/05\/patrick-fore-UFqV-RqPm8w-unsplash-630x420.jpg 630w, https:\/\/www.grupoxcaret.com\/es\/wp-content\/uploads\/2021\/05\/patrick-fore-UFqV-RqPm8w-unsplash.jpg 1920w\" sizes=\"(max-width: 1024px) 100vw, 1024px\" \/><\/figure>\n\n\n\n<p><strong>Autora: <\/strong><em>Miriam Alonso Pacheco<\/em> <em>&#8211; Subdirecci\u00f3n de Sostenibilidad Institucional.<\/em><\/p>\n\n\n\n<p><strong><em>Direcci\u00f3n Corporativa de Sostenibilidad y Relaciones Institucionales.<\/em><\/strong><\/p>\n","protected":false},"excerpt":{"rendered":"<p>A trav\u00e9s de nuestra actividad tur\u00edstica, contribuimos a la comunidad global que trabaja por la paz, la justicia y el desarrollo sostenible, inspirados por el legado y la visi\u00f3n de las Naciones Unidas.<\/p>\n","protected":false},"author":8,"featured_media":2348,"comment_status":"closed","ping_status":"","sticky":true,"template":"","format":"standard","meta":[],"categories":[103,129],"tags":[],"yoast_head":"<!-- This site is optimized with the Yoast SEO plugin v17.6 - https:\/\/yoast.com\/wordpress\/plugins\/seo\/ -->\n<meta name=\"robots\" content=\"index, follow, max-snippet:-1, max-image-preview:large, max-video-preview:-1\" \/>\n<link rel=\"canonical\" href=\"https:\/\/www.grupoxcaret.com\/es\/24-de-octubre-dia-de-las-naciones-unidas\/\" \/>\n<meta property=\"og:locale\" content=\"es_ES\" \/>\n<meta property=\"og:type\" content=\"article\" \/>\n<meta property=\"og:title\" content=\"24 DE OCTUBRE - D\u00cdA DE LAS NACIONES UNIDAS - Grupo Xcaret Sitio Corporativo\" \/>\n<meta property=\"og:description\" content=\"A trav\u00e9s de nuestra actividad tur\u00edstica, contribuimos a la comunidad global que trabaja por la paz, la justicia y el desarrollo sostenible, inspirados por el legado y la visi\u00f3n de las Naciones Unidas.\" \/>\n<meta property=\"og:url\" content=\"https:\/\/www.grupoxcaret.com\/es\/24-de-octubre-dia-de-las-naciones-unidas\/\" \/>\n<meta property=\"og:site_name\" content=\"Grupo Xcaret Sitio Corporativo\" \/>\n<meta property=\"article:published_time\" content=\"2023-10-24T08:00:00+00:00\" \/>\n<meta property=\"article:modified_time\" content=\"2023-11-06T18:43:10+00:00\" \/>\n<meta property=\"og:image\" content=\"https:\/\/www.grupoxcaret.com\/es\/wp-content\/uploads\/2018\/07\/espectaculo-ecuestre.jpg\" \/>\n\t<meta property=\"og:image:width\" content=\"1280\" \/>\n\t<meta property=\"og:image:height\" content=\"960\" \/>\n<meta name=\"twitter:card\" content=\"summary_large_image\" \/>\n<meta name=\"twitter:label1\" content=\"Escrito por\" \/>\n\t<meta name=\"twitter:data1\" content=\"dmendozav\" \/>\n\t<meta name=\"twitter:label2\" content=\"Tiempo de lectura\" \/>\n\t<meta name=\"twitter:data2\" content=\"2 minutos\" \/>\n<script type=\"application\/ld+json\" class=\"yoast-schema-graph\">{\"@context\":\"https:\/\/schema.org\",\"@graph\":[{\"@type\":\"Organization\",\"@id\":\"https:\/\/www.grupoxcaret.com\/es\/#organization\",\"name\":\"Grupo Xcaret\",\"url\":\"https:\/\/www.grupoxcaret.com\/es\/\",\"sameAs\":[],\"logo\":{\"@type\":\"ImageObject\",\"@id\":\"https:\/\/www.grupoxcaret.com\/es\/#logo\",\"inLanguage\":\"es\",\"url\":\"https:\/\/www.grupoxcaret.com\/es\/wp-content\/uploads\/2015\/04\/exx.png\",\"contentUrl\":\"https:\/\/www.grupoxcaret.com\/es\/wp-content\/uploads\/2015\/04\/exx.png\",\"width\":400,\"height\":136,\"caption\":\"Grupo Xcaret\"},\"image\":{\"@id\":\"https:\/\/www.grupoxcaret.com\/es\/#logo\"}},{\"@type\":\"WebSite\",\"@id\":\"https:\/\/www.grupoxcaret.com\/es\/#website\",\"url\":\"https:\/\/www.grupoxcaret.com\/es\/\",\"name\":\"Grupo Xcaret Sitio Corporativo\",\"description\":\"Conoce el sitio corporativo de Grupo Xcaret. Encuentra informaci\\u00f3n relevante acerca de nuestra historia, marcas, filosof\\u00eda empresarial, pol\\u00edtica de sostenibilidad y mucho m\\u00e1s.\",\"publisher\":{\"@id\":\"https:\/\/www.grupoxcaret.com\/es\/#organization\"},\"potentialAction\":[{\"@type\":\"SearchAction\",\"target\":{\"@type\":\"EntryPoint\",\"urlTemplate\":\"https:\/\/www.grupoxcaret.com\/es\/?s={search_term_string}\"},\"query-input\":\"required name=search_term_string\"}],\"inLanguage\":\"es\"},{\"@type\":\"ImageObject\",\"@id\":\"https:\/\/www.grupoxcaret.com\/es\/24-de-octubre-dia-de-las-naciones-unidas\/#primaryimage\",\"inLanguage\":\"es\",\"url\":\"https:\/\/www.grupoxcaret.com\/es\/wp-content\/uploads\/2018\/07\/espectaculo-ecuestre.jpg\",\"contentUrl\":\"https:\/\/www.grupoxcaret.com\/es\/wp-content\/uploads\/2018\/07\/espectaculo-ecuestre.jpg\",\"width\":1280,\"height\":960},{\"@type\":\"WebPage\",\"@id\":\"https:\/\/www.grupoxcaret.com\/es\/24-de-octubre-dia-de-las-naciones-unidas\/#webpage\",\"url\":\"https:\/\/www.grupoxcaret.com\/es\/24-de-octubre-dia-de-las-naciones-unidas\/\",\"name\":\"24 DE OCTUBRE - D\\u00cdA DE LAS NACIONES UNIDAS - Grupo Xcaret Sitio Corporativo\",\"isPartOf\":{\"@id\":\"https:\/\/www.grupoxcaret.com\/es\/#website\"},\"primaryImageOfPage\":{\"@id\":\"https:\/\/www.grupoxcaret.com\/es\/24-de-octubre-dia-de-las-naciones-unidas\/#primaryimage\"},\"datePublished\":\"2023-10-24T08:00:00+00:00\",\"dateModified\":\"2023-11-06T18:43:10+00:00\",\"breadcrumb\":{\"@id\":\"https:\/\/www.grupoxcaret.com\/es\/24-de-octubre-dia-de-las-naciones-unidas\/#breadcrumb\"},\"inLanguage\":\"es\",\"potentialAction\":[{\"@type\":\"ReadAction\",\"target\":[\"https:\/\/www.grupoxcaret.com\/es\/24-de-octubre-dia-de-las-naciones-unidas\/\"]}]},{\"@type\":\"BreadcrumbList\",\"@id\":\"https:\/\/www.grupoxcaret.com\/es\/24-de-octubre-dia-de-las-naciones-unidas\/#breadcrumb\",\"itemListElement\":[{\"@type\":\"ListItem\",\"position\":1,\"name\":\"Inicio\",\"item\":\"https:\/\/www.grupoxcaret.com\/es\/\"},{\"@type\":\"ListItem\",\"position\":2,\"name\":\"Educaci\\u00f3n para la Sostenibilidad\",\"item\":\"https:\/\/www.grupoxcaret.com\/es\/seccion\/educacion\/\"},{\"@type\":\"ListItem\",\"position\":3,\"name\":\"Prosperidad\",\"item\":\"https:\/\/www.grupoxcaret.com\/es\/seccion\/educacion\/prosperidad\/\"},{\"@type\":\"ListItem\",\"position\":4,\"name\":\"24 DE OCTUBRE &#8211; D\\u00cdA DE LAS NACIONES UNIDAS\"}]},{\"@type\":\"Article\",\"@id\":\"https:\/\/www.grupoxcaret.com\/es\/24-de-octubre-dia-de-las-naciones-unidas\/#article\",\"isPartOf\":{\"@id\":\"https:\/\/www.grupoxcaret.com\/es\/24-de-octubre-dia-de-las-naciones-unidas\/#webpage\"},\"author\":{\"@id\":\"https:\/\/www.grupoxcaret.com\/es\/#\/schema\/person\/a063bfd3f2c8806ec176d4b2afba737f\"},\"headline\":\"24 DE OCTUBRE &#8211; D\\u00cdA DE LAS NACIONES UNIDAS\",\"datePublished\":\"2023-10-24T08:00:00+00:00\",\"dateModified\":\"2023-11-06T18:43:10+00:00\",\"mainEntityOfPage\":{\"@id\":\"https:\/\/www.grupoxcaret.com\/es\/24-de-octubre-dia-de-las-naciones-unidas\/#webpage\"},\"wordCount\":339,\"publisher\":{\"@id\":\"https:\/\/www.grupoxcaret.com\/es\/#organization\"},\"image\":{\"@id\":\"https:\/\/www.grupoxcaret.com\/es\/24-de-octubre-dia-de-las-naciones-unidas\/#primaryimage\"},\"thumbnailUrl\":\"https:\/\/www.grupoxcaret.com\/es\/wp-content\/uploads\/2018\/07\/espectaculo-ecuestre.jpg\",\"articleSection\":[\"Educaci\\u00f3n para la Sostenibilidad\",\"Prosperidad\"],\"inLanguage\":\"es\"},{\"@type\":\"Person\",\"@id\":\"https:\/\/www.grupoxcaret.com\/es\/#\/schema\/person\/a063bfd3f2c8806ec176d4b2afba737f\",\"name\":\"dmendozav\",\"image\":{\"@type\":\"ImageObject\",\"@id\":\"https:\/\/www.grupoxcaret.com\/es\/#personlogo\",\"inLanguage\":\"es\",\"url\":\"https:\/\/secure.gravatar.com\/avatar\/d0971a818d7242eb0e6a9b000cb0cb6c?s=96&d=mm&r=g\",\"contentUrl\":\"https:\/\/secure.gravatar.com\/avatar\/d0971a818d7242eb0e6a9b000cb0cb6c?s=96&d=mm&r=g\",\"caption\":\"dmendozav\"},\"url\":\"https:\/\/www.grupoxcaret.com\/es\/author\/dmendozav\/\"}]}<\/script>\n<!-- \/ Yoast SEO plugin. -->","yoast_head_json":{"robots":{"index":"index","follow":"follow","max-snippet":"max-snippet:-1","max-image-preview":"max-image-preview:large","max-video-preview":"max-video-preview:-1"},"canonical":"https:\/\/www.grupoxcaret.com\/es\/24-de-octubre-dia-de-las-naciones-unidas\/","og_locale":"es_ES","og_type":"article","og_title":"24 DE OCTUBRE - D\u00cdA DE LAS NACIONES UNIDAS - Grupo Xcaret Sitio Corporativo","og_description":"A trav\u00e9s de nuestra actividad tur\u00edstica, contribuimos a la comunidad global que trabaja por la paz, la justicia y el desarrollo sostenible, inspirados por el legado y la visi\u00f3n de las Naciones Unidas.","og_url":"https:\/\/www.grupoxcaret.com\/es\/24-de-octubre-dia-de-las-naciones-unidas\/","og_site_name":"Grupo Xcaret Sitio Corporativo","article_published_time":"2023-10-24T08:00:00+00:00","article_modified_time":"2023-11-06T18:43:10+00:00","og_image":[{"width":1280,"height":960,"url":"https:\/\/www.grupoxcaret.com\/es\/wp-content\/uploads\/2018\/07\/espectaculo-ecuestre.jpg","type":"image\/jpeg"}],"twitter_card":"summary_large_image","twitter_misc":{"Escrito por":"dmendozav","Tiempo de lectura":"2 minutos"},"schema":{"@context":"https:\/\/schema.org","@graph":[{"@type":"Organization","@id":"https:\/\/www.grupoxcaret.com\/es\/#organization","name":"Grupo Xcaret","url":"https:\/\/www.grupoxcaret.com\/es\/","sameAs":[],"logo":{"@type":"ImageObject","@id":"https:\/\/www.grupoxcaret.com\/es\/#logo","inLanguage":"es","url":"https:\/\/www.grupoxcaret.com\/es\/wp-content\/uploads\/2015\/04\/exx.png","contentUrl":"https:\/\/www.grupoxcaret.com\/es\/wp-content\/uploads\/2015\/04\/exx.png","width":400,"height":136,"caption":"Grupo Xcaret"},"image":{"@id":"https:\/\/www.grupoxcaret.com\/es\/#logo"}},{"@type":"WebSite","@id":"https:\/\/www.grupoxcaret.com\/es\/#website","url":"https:\/\/www.grupoxcaret.com\/es\/","name":"Grupo Xcaret Sitio Corporativo","description":"Conoce el sitio corporativo de Grupo Xcaret. Encuentra informaci\u00f3n relevante acerca de nuestra historia, marcas, filosof\u00eda empresarial, pol\u00edtica de sostenibilidad y mucho m\u00e1s.","publisher":{"@id":"https:\/\/www.grupoxcaret.com\/es\/#organization"},"potentialAction":[{"@type":"SearchAction","target":{"@type":"EntryPoint","urlTemplate":"https:\/\/www.grupoxcaret.com\/es\/?s={search_term_string}"},"query-input":"required name=search_term_string"}],"inLanguage":"es"},{"@type":"ImageObject","@id":"https:\/\/www.grupoxcaret.com\/es\/24-de-octubre-dia-de-las-naciones-unidas\/#primaryimage","inLanguage":"es","url":"https:\/\/www.grupoxcaret.com\/es\/wp-content\/uploads\/2018\/07\/espectaculo-ecuestre.jpg","contentUrl":"https:\/\/www.grupoxcaret.com\/es\/wp-content\/uploads\/2018\/07\/espectaculo-ecuestre.jpg","width":1280,"height":960},{"@type":"WebPage","@id":"https:\/\/www.grupoxcaret.com\/es\/24-de-octubre-dia-de-las-naciones-unidas\/#webpage","url":"https:\/\/www.grupoxcaret.com\/es\/24-de-octubre-dia-de-las-naciones-unidas\/","name":"24 DE OCTUBRE - D\u00cdA DE LAS NACIONES UNIDAS - Grupo Xcaret Sitio Corporativo","isPartOf":{"@id":"https:\/\/www.grupoxcaret.com\/es\/#website"},"primaryImageOfPage":{"@id":"https:\/\/www.grupoxcaret.com\/es\/24-de-octubre-dia-de-las-naciones-unidas\/#primaryimage"},"datePublished":"2023-10-24T08:00:00+00:00","dateModified":"2023-11-06T18:43:10+00:00","breadcrumb":{"@id":"https:\/\/www.grupoxcaret.com\/es\/24-de-octubre-dia-de-las-naciones-unidas\/#breadcrumb"},"inLanguage":"es","potentialAction":[{"@type":"ReadAction","target":["https:\/\/www.grupoxcaret.com\/es\/24-de-octubre-dia-de-las-naciones-unidas\/"]}]},{"@type":"BreadcrumbList","@id":"https:\/\/www.grupoxcaret.com\/es\/24-de-octubre-dia-de-las-naciones-unidas\/#breadcrumb","itemListElement":[{"@type":"ListItem","position":1,"name":"Inicio","item":"https:\/\/www.grupoxcaret.com\/es\/"},{"@type":"ListItem","position":2,"name":"Educaci\u00f3n para la Sostenibilidad","item":"https:\/\/www.grupoxcaret.com\/es\/seccion\/educacion\/"},{"@type":"ListItem","position":3,"name":"Prosperidad","item":"https:\/\/www.grupoxcaret.com\/es\/seccion\/educacion\/prosperidad\/"},{"@type":"ListItem","position":4,"name":"24 DE OCTUBRE &#8211; D\u00cdA DE LAS NACIONES UNIDAS"}]},{"@type":"Article","@id":"https:\/\/www.grupoxcaret.com\/es\/24-de-octubre-dia-de-las-naciones-unidas\/#article","isPartOf":{"@id":"https:\/\/www.grupoxcaret.com\/es\/24-de-octubre-dia-de-las-naciones-unidas\/#webpage"},"author":{"@id":"https:\/\/www.grupoxcaret.com\/es\/#\/schema\/person\/a063bfd3f2c8806ec176d4b2afba737f"},"headline":"24 DE OCTUBRE &#8211; D\u00cdA DE LAS NACIONES UNIDAS","datePublished":"2023-10-24T08:00:00+00:00","dateModified":"2023-11-06T18:43:10+00:00","mainEntityOfPage":{"@id":"https:\/\/www.grupoxcaret.com\/es\/24-de-octubre-dia-de-las-naciones-unidas\/#webpage"},"wordCount":339,"publisher":{"@id":"https:\/\/www.grupoxcaret.com\/es\/#organization"},"image":{"@id":"https:\/\/www.grupoxcaret.com\/es\/24-de-octubre-dia-de-las-naciones-unidas\/#primaryimage"},"thumbnailUrl":"https:\/\/www.grupoxcaret.com\/es\/wp-content\/uploads\/2018\/07\/espectaculo-ecuestre.jpg","articleSection":["Educaci\u00f3n para la Sostenibilidad","Prosperidad"],"inLanguage":"es"},{"@type":"Person","@id":"https:\/\/www.grupoxcaret.com\/es\/#\/schema\/person\/a063bfd3f2c8806ec176d4b2afba737f","name":"dmendozav","image":{"@type":"ImageObject","@id":"https:\/\/www.grupoxcaret.com\/es\/#personlogo","inLanguage":"es","url":"https:\/\/secure.gravatar.com\/avatar\/d0971a818d7242eb0e6a9b000cb0cb6c?s=96&d=mm&r=g","contentUrl":"https:\/\/secure.gravatar.com\/avatar\/d0971a818d7242eb0e6a9b000cb0cb6c?s=96&d=mm&r=g","caption":"dmendozav"},"url":"https:\/\/www.grupoxcaret.com\/es\/author\/dmendozav\/"}]}},"amp_enabled":true,"_links":{"self":[{"href":"https:\/\/www.grupoxcaret.com\/es\/wp-json\/wp\/v2\/posts\/5529"}],"collection":[{"href":"https:\/\/www.grupoxcaret.com\/es\/wp-json\/wp\/v2\/posts"}],"about":[{"href":"https:\/\/www.grupoxcaret.com\/es\/wp-json\/wp\/v2\/types\/post"}],"author":[{"embeddable":true,"href":"https:\/\/www.grupoxcaret.com\/es\/wp-json\/wp\/v2\/users\/8"}],"replies":[{"embeddable":true,"href":"https:\/\/www.grupoxcaret.com\/es\/wp-json\/wp\/v2\/comments?post=5529"}],"version-history":[{"count":7,"href":"https:\/\/www.grupoxcaret.com\/es\/wp-json\/wp\/v2\/posts\/5529\/revisions"}],"predecessor-version":[{"id":5538,"href":"https:\/\/www.grupoxcaret.com\/es\/wp-json\/wp\/v2\/posts\/5529\/revisions\/5538"}],"wp:featuredmedia":[{"embeddable":true,"href":"https:\/\/www.grupoxcaret.com\/es\/wp-json\/wp\/v2\/media\/2348"}],"wp:attachment":[{"href":"https:\/\/www.grupoxcaret.com\/es\/wp-json\/wp\/v2\/media?parent=5529"}],"wp:term":[{"taxonomy":"category","embeddable":true,"href":"https:\/\/www.grupoxcaret.com\/es\/wp-json\/wp\/v2\/categories?post=5529"},{"taxonomy":"post_tag","embeddable":true,"href":"https:\/\/www.grupoxcaret.com\/es\/wp-json\/wp\/v2\/tags?post=5529"}],"curies":[{"name":"wp","href":"https:\/\/api.w.org\/{rel}","templated":true}]}}