{"id":5502,"date":"2023-09-27T08:30:00","date_gmt":"2023-09-27T08:30:00","guid":{"rendered":"https:\/\/www.grupoxcaret.com\/es\/?p=5502"},"modified":"2024-02-28T20:35:23","modified_gmt":"2024-02-28T20:35:23","slug":"27-de-septiembre-dia-mundial-del-turismo-turismo-e-inversiones-verdes","status":"publish","type":"post","link":"https:\/\/www.grupoxcaret.com\/es\/27-de-septiembre-dia-mundial-del-turismo-turismo-e-inversiones-verdes\/","title":{"rendered":"27 DE SEPTIEMBRE: D\u00cdA MUNDIAL DEL TURISMO &#8211; TURISMO E INVERSIONES VERDES"},"content":{"rendered":"\n<p> <\/p>\n\n\n\n<p>Esta celebraci\u00f3n<strong> se origin\u00f3 en la tercera reuni\u00f3n de la Asamblea General de la Organizaci\u00f3n Mundial del Turismo<\/strong> (OMT), llevada a cabo en Torremolinos, Espa\u00f1a en septiembre del a\u00f1o 1979 y <strong>comenz\u00f3 a celebrarse a partir del a\u00f1o 1980,<\/strong> seleccionando esa fecha al ser <strong>el aniversario de la adopci\u00f3n de los&nbsp;Estatutos de la Organizaci\u00f3n Mundial de Turismo en el a\u00f1o 1970.<\/strong><\/p>\n\n\n\n<p>A\u00f1o con a\u00f1o, la OMT dest\u00e1ca un tema relevante para el sector, <strong>en este a\u00f1o 2023, el tema se refiere a: \u201cTurismo e inversiones verdes\u201d,<\/strong> ya que <strong>resalta la necesidad de realizar m\u00e1s inversiones y mejor orientadas a las personas, al planeta y a la prosperidad por medio de respuestas innovadoras.<\/strong><\/p>\n\n\n\n<p><\/p>\n\n\n\n<figure class=\"wp-block-image size-large\"><img src=\"https:\/\/www.grupoxcaret.com\/es\/wp-content\/uploads\/2023\/09\/IMG_T1-1024x590.png\" alt=\"\" class=\"wp-image-5504\"\/><\/figure>\n\n\n\n<p><\/p>\n\n\n\n<p>Con esta estrategia de innovaci\u00f3n, educaci\u00f3n, transformaci\u00f3n digital e inversiones <strong>la Organizaci\u00f3n Mundial de Turismo busca el impulso de la digitalizaci\u00f3n del turismo, la creaci\u00f3n de un sistema de innovaci\u00f3n y el emprendimiento para potenciar el crecimiento econ\u00f3mico, el empleo y el desarrollo sostenible.<\/strong><\/p>\n\n\n\n<p>A saber, la <strong>OMT establece tres l\u00edneas de acci\u00f3n y proyectos estrat\u00e9gicos <\/strong>con los siguientes objetivos:<\/p>\n\n\n\n<p><\/p>\n\n\n\n<figure class=\"wp-block-image size-large is-resized\"><img loading=\"lazy\" src=\"https:\/\/www.grupoxcaret.com\/es\/wp-content\/uploads\/2023\/09\/IMG_T2-1024x684.png\" alt=\"\" class=\"wp-image-5505\" width=\"727\" height=\"485\"\/><\/figure>\n\n\n\n<p>El utilizar la tecnolog\u00eda en el turismo<strong> brinda oportunidades en busca de mejoras con respecto a la inclusi\u00f3n, el empoderamiento de las comunidades, adem\u00e1s del uso eficiente y responsable de los recursos<\/strong>, todo esto enmarcado en el cumplimiento de los Objetivos de Desarrollo Sostenible, sin importar el tipo de turismo o el espacio en donde se desarrolle la actividad, pero siempre manteniendo el equilibrio.<\/p>\n\n\n\n<p>La transici\u00f3n en las inversiones en inminente, ya que esta visi\u00f3n \u201cverde\u201d <strong>permitir\u00e1 transformar la estrategia de inversiones en el turismo fuera de modelos tradicionales, en busca de alternativas sostenibles con una visi\u00f3n global.<\/strong><\/p>\n\n\n\n<figure class=\"wp-block-image size-large\"><img loading=\"lazy\" width=\"1024\" height=\"683\" src=\"https:\/\/www.grupoxcaret.com\/es\/wp-content\/uploads\/2023\/09\/EXPERIENCIAS_HXMX-05-1024x683.jpg\" alt=\"\" class=\"wp-image-5507\" srcset=\"https:\/\/www.grupoxcaret.com\/es\/wp-content\/uploads\/2023\/09\/EXPERIENCIAS_HXMX-05-1024x683.jpg 1024w, https:\/\/www.grupoxcaret.com\/es\/wp-content\/uploads\/2023\/09\/EXPERIENCIAS_HXMX-05-300x200.jpg 300w, https:\/\/www.grupoxcaret.com\/es\/wp-content\/uploads\/2023\/09\/EXPERIENCIAS_HXMX-05-768x512.jpg 768w, https:\/\/www.grupoxcaret.com\/es\/wp-content\/uploads\/2023\/09\/EXPERIENCIAS_HXMX-05-1536x1024.jpg 1536w, https:\/\/www.grupoxcaret.com\/es\/wp-content\/uploads\/2023\/09\/EXPERIENCIAS_HXMX-05-2048x1365.jpg 2048w, https:\/\/www.grupoxcaret.com\/es\/wp-content\/uploads\/2023\/09\/EXPERIENCIAS_HXMX-05-696x464.jpg 696w, https:\/\/www.grupoxcaret.com\/es\/wp-content\/uploads\/2023\/09\/EXPERIENCIAS_HXMX-05-1068x712.jpg 1068w, https:\/\/www.grupoxcaret.com\/es\/wp-content\/uploads\/2023\/09\/EXPERIENCIAS_HXMX-05-630x420.jpg 630w\" sizes=\"(max-width: 1024px) 100vw, 1024px\" \/><\/figure>\n\n\n\n<p><\/p>\n\n\n\n<p><strong>Autora:<\/strong>  Stephanie Bolan Sorchini &#8211; Ejecutiva de Sostenibilidad en el \u00c1rea de Aseguramiento de Sostenibilidad.<\/p>\n\n\n\n<p>Direcci\u00f3n Corporativa de Sostenibilidad y Relaciones Institucionales.<\/p>\n\n\n\n<p><\/p>\n\n\n\n<p><strong>Fuentes de informaci\u00f3n<\/strong><\/p>\n\n\n\n<p><em>Organizaci\u00f3n Mundial del Turismo (2023). D\u00eda Mundial del Turismo. <a href=\"https:\/\/www.unwto.org\/es\/world-tourism-day-2023\">https:\/\/www.unwto.org\/es\/world-tourism-day-2023<\/a><\/em><\/p>\n\n\n\n<p><em>Organizaci\u00f3n Mundial del Turismo (2023). Nota conceptual. \u201cInvertir en las personas, el planeta y la prosperidad\u201d.<a href=\"https:\/\/webunwto.s3.eu-west-1.amazonaws.com\/s3fs-public\/2023-03\/concept-note-wtd23-es.pdf?VersionId=PsHXqYWVO0OBRpZWAndb9bOWqn5Ko.5N\">https:\/\/webunwto.s3.eu-west-1.amazonaws.com\/s3fs-public\/2023-03\/concept-note-wtd23-es.pdf?VersionId=PsHXqYWVO0OBRpZWAndb9bOWqn5Ko.5N<\/a><\/em><em><\/em><\/p>\n\n\n\n<p><em>Organizaci\u00f3n Mundial del Turismo (2023). Turismo sostenible.<\/em> <em><a href=\"https:\/\/webunwto.s3.eu-west-1.amazonaws.com\/s3fs-public\/2023-03\/concept-note-wtd23-es.pdf?VersionId=PsHXqYWVO0OBRpZWAndb9bOWqn5Ko.5N\">concept-note-wtd23-es.pdf (amazonaws.com)<\/a><\/em><\/p>\n\n\n\n<p><em>Organizaci\u00f3n Mundial del Turismo (2023). Innovaci\u00f3n, Educaci\u00f3n e Inversiones. 2023. <a href=\"https:\/\/www.unwto.org\/innovation-investment-and-digital-transformation\">Innovation, Education and Investments | UNWTO<\/a><\/em><em><\/em><\/p>\n","protected":false},"excerpt":{"rendered":"<p>Esta celebraci\u00f3n se origin\u00f3 en la tercera reuni\u00f3n de la Asamblea General de la Organizaci\u00f3n Mundial del Turismo (OMT), llevada a cabo en Torremolinos, Espa\u00f1a en septiembre del a\u00f1o 1979 y comenz\u00f3 a celebrarse a partir del a\u00f1o 1980, seleccionando esa fecha al ser el aniversario de la adopci\u00f3n de los&nbsp;Estatutos de la Organizaci\u00f3n Mundial [&hellip;]<\/p>\n","protected":false},"author":8,"featured_media":5506,"comment_status":"closed","ping_status":"closed","sticky":true,"template":"","format":"standard","meta":[],"categories":[103,127],"tags":[],"yoast_head":"<!-- This site is optimized with the Yoast SEO plugin v17.6 - https:\/\/yoast.com\/wordpress\/plugins\/seo\/ -->\n<meta name=\"description\" content=\"La mejor forma de realizar un cambio, es a trav\u00e9s del Turismo e Inversiones Verdes, el cual permite transformar nuestra visi\u00f3n fuera de los modelos tradicionales de turismo.\" \/>\n<meta name=\"robots\" content=\"index, follow, max-snippet:-1, max-image-preview:large, max-video-preview:-1\" \/>\n<link rel=\"canonical\" href=\"https:\/\/www.grupoxcaret.com\/es\/27-de-septiembre-dia-mundial-del-turismo-turismo-e-inversiones-verdes\/\" \/>\n<meta property=\"og:locale\" content=\"es_ES\" \/>\n<meta property=\"og:type\" content=\"article\" \/>\n<meta property=\"og:title\" content=\"27 DE SEPTIEMBRE: D\u00cdA MUNDIAL DEL TURISMO - TURISMO E INVERSIONES VERDES - Grupo Xcaret Sitio Corporativo\" \/>\n<meta property=\"og:description\" content=\"La mejor forma de realizar un cambio, es a trav\u00e9s del Turismo e Inversiones Verdes, el cual permite transformar nuestra visi\u00f3n fuera de los modelos tradicionales de turismo.\" \/>\n<meta property=\"og:url\" content=\"https:\/\/www.grupoxcaret.com\/es\/27-de-septiembre-dia-mundial-del-turismo-turismo-e-inversiones-verdes\/\" \/>\n<meta property=\"og:site_name\" content=\"Grupo Xcaret Sitio Corporativo\" \/>\n<meta property=\"article:published_time\" content=\"2023-09-27T08:30:00+00:00\" \/>\n<meta property=\"article:modified_time\" content=\"2024-02-28T20:35:23+00:00\" \/>\n<meta property=\"og:image\" content=\"https:\/\/www.grupoxcaret.com\/es\/wp-content\/uploads\/2023\/09\/mariposario-xcaret-01-1024x768.jpg\" \/>\n\t<meta property=\"og:image:width\" content=\"1024\" \/>\n\t<meta property=\"og:image:height\" content=\"768\" \/>\n<meta name=\"twitter:card\" content=\"summary_large_image\" \/>\n<meta name=\"twitter:label1\" content=\"Escrito por\" \/>\n\t<meta name=\"twitter:data1\" content=\"dmendozav\" \/>\n\t<meta name=\"twitter:label2\" content=\"Tiempo de lectura\" \/>\n\t<meta name=\"twitter:data2\" content=\"3 minutos\" \/>\n<script type=\"application\/ld+json\" class=\"yoast-schema-graph\">{\"@context\":\"https:\/\/schema.org\",\"@graph\":[{\"@type\":\"Organization\",\"@id\":\"https:\/\/www.grupoxcaret.com\/es\/#organization\",\"name\":\"Grupo Xcaret\",\"url\":\"https:\/\/www.grupoxcaret.com\/es\/\",\"sameAs\":[],\"logo\":{\"@type\":\"ImageObject\",\"@id\":\"https:\/\/www.grupoxcaret.com\/es\/#logo\",\"inLanguage\":\"es\",\"url\":\"https:\/\/www.grupoxcaret.com\/es\/wp-content\/uploads\/2015\/04\/exx.png\",\"contentUrl\":\"https:\/\/www.grupoxcaret.com\/es\/wp-content\/uploads\/2015\/04\/exx.png\",\"width\":400,\"height\":136,\"caption\":\"Grupo Xcaret\"},\"image\":{\"@id\":\"https:\/\/www.grupoxcaret.com\/es\/#logo\"}},{\"@type\":\"WebSite\",\"@id\":\"https:\/\/www.grupoxcaret.com\/es\/#website\",\"url\":\"https:\/\/www.grupoxcaret.com\/es\/\",\"name\":\"Grupo Xcaret Sitio Corporativo\",\"description\":\"Conoce el sitio corporativo de Grupo Xcaret. Encuentra informaci\\u00f3n relevante acerca de nuestra historia, marcas, filosof\\u00eda empresarial, pol\\u00edtica de sostenibilidad y mucho m\\u00e1s.\",\"publisher\":{\"@id\":\"https:\/\/www.grupoxcaret.com\/es\/#organization\"},\"potentialAction\":[{\"@type\":\"SearchAction\",\"target\":{\"@type\":\"EntryPoint\",\"urlTemplate\":\"https:\/\/www.grupoxcaret.com\/es\/?s={search_term_string}\"},\"query-input\":\"required name=search_term_string\"}],\"inLanguage\":\"es\"},{\"@type\":\"ImageObject\",\"@id\":\"https:\/\/www.grupoxcaret.com\/es\/27-de-septiembre-dia-mundial-del-turismo-turismo-e-inversiones-verdes\/#primaryimage\",\"inLanguage\":\"es\",\"url\":\"https:\/\/www.grupoxcaret.com\/es\/wp-content\/uploads\/2023\/09\/mariposario-xcaret-01.jpg\",\"contentUrl\":\"https:\/\/www.grupoxcaret.com\/es\/wp-content\/uploads\/2023\/09\/mariposario-xcaret-01.jpg\",\"width\":2560,\"height\":1920},{\"@type\":\"WebPage\",\"@id\":\"https:\/\/www.grupoxcaret.com\/es\/27-de-septiembre-dia-mundial-del-turismo-turismo-e-inversiones-verdes\/#webpage\",\"url\":\"https:\/\/www.grupoxcaret.com\/es\/27-de-septiembre-dia-mundial-del-turismo-turismo-e-inversiones-verdes\/\",\"name\":\"27 DE SEPTIEMBRE: D\\u00cdA MUNDIAL DEL TURISMO - TURISMO E INVERSIONES VERDES - Grupo Xcaret Sitio Corporativo\",\"isPartOf\":{\"@id\":\"https:\/\/www.grupoxcaret.com\/es\/#website\"},\"primaryImageOfPage\":{\"@id\":\"https:\/\/www.grupoxcaret.com\/es\/27-de-septiembre-dia-mundial-del-turismo-turismo-e-inversiones-verdes\/#primaryimage\"},\"datePublished\":\"2023-09-27T08:30:00+00:00\",\"dateModified\":\"2024-02-28T20:35:23+00:00\",\"description\":\"La mejor forma de realizar un cambio, es a trav\\u00e9s del Turismo e Inversiones Verdes, el cual permite transformar nuestra visi\\u00f3n fuera de los modelos tradicionales de turismo.\",\"breadcrumb\":{\"@id\":\"https:\/\/www.grupoxcaret.com\/es\/27-de-septiembre-dia-mundial-del-turismo-turismo-e-inversiones-verdes\/#breadcrumb\"},\"inLanguage\":\"es\",\"potentialAction\":[{\"@type\":\"ReadAction\",\"target\":[\"https:\/\/www.grupoxcaret.com\/es\/27-de-septiembre-dia-mundial-del-turismo-turismo-e-inversiones-verdes\/\"]}]},{\"@type\":\"BreadcrumbList\",\"@id\":\"https:\/\/www.grupoxcaret.com\/es\/27-de-septiembre-dia-mundial-del-turismo-turismo-e-inversiones-verdes\/#breadcrumb\",\"itemListElement\":[{\"@type\":\"ListItem\",\"position\":1,\"name\":\"Inicio\",\"item\":\"https:\/\/www.grupoxcaret.com\/es\/\"},{\"@type\":\"ListItem\",\"position\":2,\"name\":\"Educaci\\u00f3n para la Sostenibilidad\",\"item\":\"https:\/\/www.grupoxcaret.com\/es\/seccion\/educacion\/\"},{\"@type\":\"ListItem\",\"position\":3,\"name\":\"Personas\",\"item\":\"https:\/\/www.grupoxcaret.com\/es\/seccion\/educacion\/personas\/\"},{\"@type\":\"ListItem\",\"position\":4,\"name\":\"27 DE SEPTIEMBRE: D\\u00cdA MUNDIAL DEL TURISMO &#8211; TURISMO E INVERSIONES VERDES\"}]},{\"@type\":\"Article\",\"@id\":\"https:\/\/www.grupoxcaret.com\/es\/27-de-septiembre-dia-mundial-del-turismo-turismo-e-inversiones-verdes\/#article\",\"isPartOf\":{\"@id\":\"https:\/\/www.grupoxcaret.com\/es\/27-de-septiembre-dia-mundial-del-turismo-turismo-e-inversiones-verdes\/#webpage\"},\"author\":{\"@id\":\"https:\/\/www.grupoxcaret.com\/es\/#\/schema\/person\/a063bfd3f2c8806ec176d4b2afba737f\"},\"headline\":\"27 DE SEPTIEMBRE: D\\u00cdA MUNDIAL DEL TURISMO &#8211; TURISMO E INVERSIONES VERDES\",\"datePublished\":\"2023-09-27T08:30:00+00:00\",\"dateModified\":\"2024-02-28T20:35:23+00:00\",\"mainEntityOfPage\":{\"@id\":\"https:\/\/www.grupoxcaret.com\/es\/27-de-septiembre-dia-mundial-del-turismo-turismo-e-inversiones-verdes\/#webpage\"},\"wordCount\":416,\"publisher\":{\"@id\":\"https:\/\/www.grupoxcaret.com\/es\/#organization\"},\"image\":{\"@id\":\"https:\/\/www.grupoxcaret.com\/es\/27-de-septiembre-dia-mundial-del-turismo-turismo-e-inversiones-verdes\/#primaryimage\"},\"thumbnailUrl\":\"https:\/\/www.grupoxcaret.com\/es\/wp-content\/uploads\/2023\/09\/mariposario-xcaret-01.jpg\",\"articleSection\":[\"Educaci\\u00f3n para la Sostenibilidad\",\"Personas\"],\"inLanguage\":\"es\"},{\"@type\":\"Person\",\"@id\":\"https:\/\/www.grupoxcaret.com\/es\/#\/schema\/person\/a063bfd3f2c8806ec176d4b2afba737f\",\"name\":\"dmendozav\",\"image\":{\"@type\":\"ImageObject\",\"@id\":\"https:\/\/www.grupoxcaret.com\/es\/#personlogo\",\"inLanguage\":\"es\",\"url\":\"https:\/\/secure.gravatar.com\/avatar\/d0971a818d7242eb0e6a9b000cb0cb6c?s=96&d=mm&r=g\",\"contentUrl\":\"https:\/\/secure.gravatar.com\/avatar\/d0971a818d7242eb0e6a9b000cb0cb6c?s=96&d=mm&r=g\",\"caption\":\"dmendozav\"},\"url\":\"https:\/\/www.grupoxcaret.com\/es\/author\/dmendozav\/\"}]}<\/script>\n<!-- \/ Yoast SEO plugin. -->","yoast_head_json":{"description":"La mejor forma de realizar un cambio, es a trav\u00e9s del Turismo e Inversiones Verdes, el cual permite transformar nuestra visi\u00f3n fuera de los modelos tradicionales de turismo.","robots":{"index":"index","follow":"follow","max-snippet":"max-snippet:-1","max-image-preview":"max-image-preview:large","max-video-preview":"max-video-preview:-1"},"canonical":"https:\/\/www.grupoxcaret.com\/es\/27-de-septiembre-dia-mundial-del-turismo-turismo-e-inversiones-verdes\/","og_locale":"es_ES","og_type":"article","og_title":"27 DE SEPTIEMBRE: D\u00cdA MUNDIAL DEL TURISMO - TURISMO E INVERSIONES VERDES - Grupo Xcaret Sitio Corporativo","og_description":"La mejor forma de realizar un cambio, es a trav\u00e9s del Turismo e Inversiones Verdes, el cual permite transformar nuestra visi\u00f3n fuera de los modelos tradicionales de turismo.","og_url":"https:\/\/www.grupoxcaret.com\/es\/27-de-septiembre-dia-mundial-del-turismo-turismo-e-inversiones-verdes\/","og_site_name":"Grupo Xcaret Sitio Corporativo","article_published_time":"2023-09-27T08:30:00+00:00","article_modified_time":"2024-02-28T20:35:23+00:00","og_image":[{"width":1024,"height":768,"url":"https:\/\/www.grupoxcaret.com\/es\/wp-content\/uploads\/2023\/09\/mariposario-xcaret-01-1024x768.jpg","type":"image\/jpeg"}],"twitter_card":"summary_large_image","twitter_misc":{"Escrito por":"dmendozav","Tiempo de lectura":"3 minutos"},"schema":{"@context":"https:\/\/schema.org","@graph":[{"@type":"Organization","@id":"https:\/\/www.grupoxcaret.com\/es\/#organization","name":"Grupo Xcaret","url":"https:\/\/www.grupoxcaret.com\/es\/","sameAs":[],"logo":{"@type":"ImageObject","@id":"https:\/\/www.grupoxcaret.com\/es\/#logo","inLanguage":"es","url":"https:\/\/www.grupoxcaret.com\/es\/wp-content\/uploads\/2015\/04\/exx.png","contentUrl":"https:\/\/www.grupoxcaret.com\/es\/wp-content\/uploads\/2015\/04\/exx.png","width":400,"height":136,"caption":"Grupo Xcaret"},"image":{"@id":"https:\/\/www.grupoxcaret.com\/es\/#logo"}},{"@type":"WebSite","@id":"https:\/\/www.grupoxcaret.com\/es\/#website","url":"https:\/\/www.grupoxcaret.com\/es\/","name":"Grupo Xcaret Sitio Corporativo","description":"Conoce el sitio corporativo de Grupo Xcaret. Encuentra informaci\u00f3n relevante acerca de nuestra historia, marcas, filosof\u00eda empresarial, pol\u00edtica de sostenibilidad y mucho m\u00e1s.","publisher":{"@id":"https:\/\/www.grupoxcaret.com\/es\/#organization"},"potentialAction":[{"@type":"SearchAction","target":{"@type":"EntryPoint","urlTemplate":"https:\/\/www.grupoxcaret.com\/es\/?s={search_term_string}"},"query-input":"required name=search_term_string"}],"inLanguage":"es"},{"@type":"ImageObject","@id":"https:\/\/www.grupoxcaret.com\/es\/27-de-septiembre-dia-mundial-del-turismo-turismo-e-inversiones-verdes\/#primaryimage","inLanguage":"es","url":"https:\/\/www.grupoxcaret.com\/es\/wp-content\/uploads\/2023\/09\/mariposario-xcaret-01.jpg","contentUrl":"https:\/\/www.grupoxcaret.com\/es\/wp-content\/uploads\/2023\/09\/mariposario-xcaret-01.jpg","width":2560,"height":1920},{"@type":"WebPage","@id":"https:\/\/www.grupoxcaret.com\/es\/27-de-septiembre-dia-mundial-del-turismo-turismo-e-inversiones-verdes\/#webpage","url":"https:\/\/www.grupoxcaret.com\/es\/27-de-septiembre-dia-mundial-del-turismo-turismo-e-inversiones-verdes\/","name":"27 DE SEPTIEMBRE: D\u00cdA MUNDIAL DEL TURISMO - TURISMO E INVERSIONES VERDES - Grupo Xcaret Sitio Corporativo","isPartOf":{"@id":"https:\/\/www.grupoxcaret.com\/es\/#website"},"primaryImageOfPage":{"@id":"https:\/\/www.grupoxcaret.com\/es\/27-de-septiembre-dia-mundial-del-turismo-turismo-e-inversiones-verdes\/#primaryimage"},"datePublished":"2023-09-27T08:30:00+00:00","dateModified":"2024-02-28T20:35:23+00:00","description":"La mejor forma de realizar un cambio, es a trav\u00e9s del Turismo e Inversiones Verdes, el cual permite transformar nuestra visi\u00f3n fuera de los modelos tradicionales de turismo.","breadcrumb":{"@id":"https:\/\/www.grupoxcaret.com\/es\/27-de-septiembre-dia-mundial-del-turismo-turismo-e-inversiones-verdes\/#breadcrumb"},"inLanguage":"es","potentialAction":[{"@type":"ReadAction","target":["https:\/\/www.grupoxcaret.com\/es\/27-de-septiembre-dia-mundial-del-turismo-turismo-e-inversiones-verdes\/"]}]},{"@type":"BreadcrumbList","@id":"https:\/\/www.grupoxcaret.com\/es\/27-de-septiembre-dia-mundial-del-turismo-turismo-e-inversiones-verdes\/#breadcrumb","itemListElement":[{"@type":"ListItem","position":1,"name":"Inicio","item":"https:\/\/www.grupoxcaret.com\/es\/"},{"@type":"ListItem","position":2,"name":"Educaci\u00f3n para la Sostenibilidad","item":"https:\/\/www.grupoxcaret.com\/es\/seccion\/educacion\/"},{"@type":"ListItem","position":3,"name":"Personas","item":"https:\/\/www.grupoxcaret.com\/es\/seccion\/educacion\/personas\/"},{"@type":"ListItem","position":4,"name":"27 DE SEPTIEMBRE: D\u00cdA MUNDIAL DEL TURISMO &#8211; TURISMO E INVERSIONES VERDES"}]},{"@type":"Article","@id":"https:\/\/www.grupoxcaret.com\/es\/27-de-septiembre-dia-mundial-del-turismo-turismo-e-inversiones-verdes\/#article","isPartOf":{"@id":"https:\/\/www.grupoxcaret.com\/es\/27-de-septiembre-dia-mundial-del-turismo-turismo-e-inversiones-verdes\/#webpage"},"author":{"@id":"https:\/\/www.grupoxcaret.com\/es\/#\/schema\/person\/a063bfd3f2c8806ec176d4b2afba737f"},"headline":"27 DE SEPTIEMBRE: D\u00cdA MUNDIAL DEL TURISMO &#8211; TURISMO E INVERSIONES VERDES","datePublished":"2023-09-27T08:30:00+00:00","dateModified":"2024-02-28T20:35:23+00:00","mainEntityOfPage":{"@id":"https:\/\/www.grupoxcaret.com\/es\/27-de-septiembre-dia-mundial-del-turismo-turismo-e-inversiones-verdes\/#webpage"},"wordCount":416,"publisher":{"@id":"https:\/\/www.grupoxcaret.com\/es\/#organization"},"image":{"@id":"https:\/\/www.grupoxcaret.com\/es\/27-de-septiembre-dia-mundial-del-turismo-turismo-e-inversiones-verdes\/#primaryimage"},"thumbnailUrl":"https:\/\/www.grupoxcaret.com\/es\/wp-content\/uploads\/2023\/09\/mariposario-xcaret-01.jpg","articleSection":["Educaci\u00f3n para la Sostenibilidad","Personas"],"inLanguage":"es"},{"@type":"Person","@id":"https:\/\/www.grupoxcaret.com\/es\/#\/schema\/person\/a063bfd3f2c8806ec176d4b2afba737f","name":"dmendozav","image":{"@type":"ImageObject","@id":"https:\/\/www.grupoxcaret.com\/es\/#personlogo","inLanguage":"es","url":"https:\/\/secure.gravatar.com\/avatar\/d0971a818d7242eb0e6a9b000cb0cb6c?s=96&d=mm&r=g","contentUrl":"https:\/\/secure.gravatar.com\/avatar\/d0971a818d7242eb0e6a9b000cb0cb6c?s=96&d=mm&r=g","caption":"dmendozav"},"url":"https:\/\/www.grupoxcaret.com\/es\/author\/dmendozav\/"}]}},"amp_enabled":true,"_links":{"self":[{"href":"https:\/\/www.grupoxcaret.com\/es\/wp-json\/wp\/v2\/posts\/5502"}],"collection":[{"href":"https:\/\/www.grupoxcaret.com\/es\/wp-json\/wp\/v2\/posts"}],"about":[{"href":"https:\/\/www.grupoxcaret.com\/es\/wp-json\/wp\/v2\/types\/post"}],"author":[{"embeddable":true,"href":"https:\/\/www.grupoxcaret.com\/es\/wp-json\/wp\/v2\/users\/8"}],"replies":[{"embeddable":true,"href":"https:\/\/www.grupoxcaret.com\/es\/wp-json\/wp\/v2\/comments?post=5502"}],"version-history":[{"count":3,"href":"https:\/\/www.grupoxcaret.com\/es\/wp-json\/wp\/v2\/posts\/5502\/revisions"}],"predecessor-version":[{"id":5515,"href":"https:\/\/www.grupoxcaret.com\/es\/wp-json\/wp\/v2\/posts\/5502\/revisions\/5515"}],"wp:featuredmedia":[{"embeddable":true,"href":"https:\/\/www.grupoxcaret.com\/es\/wp-json\/wp\/v2\/media\/5506"}],"wp:attachment":[{"href":"https:\/\/www.grupoxcaret.com\/es\/wp-json\/wp\/v2\/media?parent=5502"}],"wp:term":[{"taxonomy":"category","embeddable":true,"href":"https:\/\/www.grupoxcaret.com\/es\/wp-json\/wp\/v2\/categories?post=5502"},{"taxonomy":"post_tag","embeddable":true,"href":"https:\/\/www.grupoxcaret.com\/es\/wp-json\/wp\/v2\/tags?post=5502"}],"curies":[{"name":"wp","href":"https:\/\/api.w.org\/{rel}","templated":true}]}}