{"id":5175,"date":"2022-12-01T08:00:00","date_gmt":"2022-12-01T08:00:00","guid":{"rendered":"https:\/\/www.grupoxcaret.com\/es\/?p=5175"},"modified":"2022-12-01T13:35:45","modified_gmt":"2022-12-01T13:35:45","slug":"grupo-xcaret-lanza-campana-de-concientizacion-de-compra-segura","status":"publish","type":"post","link":"https:\/\/www.grupoxcaret.com\/es\/grupo-xcaret-lanza-campana-de-concientizacion-de-compra-segura\/","title":{"rendered":"Grupo Xcaret lanza campa\u00f1a de concientizaci\u00f3n de compra segura"},"content":{"rendered":"\n<figure class=\"wp-block-image size-full\"><img loading=\"lazy\" width=\"848\" height=\"478\" src=\"https:\/\/www.grupoxcaret.com\/es\/wp-content\/uploads\/2022\/12\/logo-grupo-xc-2.jpg\" alt=\"\" class=\"wp-image-5189\" srcset=\"https:\/\/www.grupoxcaret.com\/es\/wp-content\/uploads\/2022\/12\/logo-grupo-xc-2.jpg 848w, https:\/\/www.grupoxcaret.com\/es\/wp-content\/uploads\/2022\/12\/logo-grupo-xc-2-300x169.jpg 300w, https:\/\/www.grupoxcaret.com\/es\/wp-content\/uploads\/2022\/12\/logo-grupo-xc-2-768x433.jpg 768w, https:\/\/www.grupoxcaret.com\/es\/wp-content\/uploads\/2022\/12\/logo-grupo-xc-2-696x392.jpg 696w, https:\/\/www.grupoxcaret.com\/es\/wp-content\/uploads\/2022\/12\/logo-grupo-xc-2-745x420.jpg 745w\" sizes=\"(max-width: 848px) 100vw, 848px\" \/><\/figure>\n\n\n\n<p><strong>Xcaret, Quintana Roo, 01 de diciembre 2022. <\/strong>Comprometido con sus valores principales, como son la seguridad ante todo y la integridad absoluta, Grupo Xcaret lanza una campa\u00f1a de compra y reserva segura con el prop\u00f3sito de informar y concientizar sobre las mejores pr\u00e1cticas para adquirir todos sus productos en Canc\u00fan y Riviera Maya. Esta campa\u00f1a invita a los consumidores a realizar compras a trav\u00e9s de canales digitales oficiales y aliados estrat\u00e9gicos, as\u00ed como a identificar los sitios ap\u00f3crifos que indebidamente ofrecen tarifas y promociones falsas.<\/p>\n\n\n\n<p>Los puntos m\u00e1s importantes a considerar para una compra segura son:<\/p>\n\n\n\n<p>&#8211; Revisar las promociones en los sitios oficiales.<\/p>\n\n\n\n<p>&#8211; Reservar con agencias de viaje oficiales y de confianza.<\/p>\n\n\n\n<p>&#8211; Visitar p\u00e1ginas con el protocolo <strong>\u201chttps\u201d<\/strong>; lo cual indica que es una p\u00e1gina segura.<\/p>\n\n\n\n<p>&#8211; No compartir datos personales si no se tiene la certeza absoluta de estar tratando con un proveedor oficial o con el prestador aut\u00e9ntico.<\/p>\n\n\n\n<p>Ante el crecimiento de sitios web que operan en perjuicio de los consumidores simulando que ofrecen productos y servicios de prestigiados parques y hoteles a trav\u00e9s del phishing y el robo de identidad, esta iniciativa cuenta con diferentes contenidos multiplataforma que gu\u00edan a los usuarios a trav\u00e9s de infograf\u00edas, videos y otros materiales en las cuentas verificadas de Facebook e Instagram del grupo. La campa\u00f1a muestra recomendaciones para identificar agencias y sitios sospechosos o falsos; buscar rese\u00f1as en redes sociales o plataformas de viaje; verificar la reputaci\u00f3n de esas empresas; y, muy importante, revisar si estos operadores est\u00e1n inscritos en el Registro Nacional de Turismo. Reportar este tipo de sitios, operadores y pr\u00e1cticas sospechosas ante PROFECO es fundamental.<\/p>\n\n\n\n<p>\u201c<em>Con esta iniciativa, compartimos informaci\u00f3n de gran relevancia a los visitantes resaltando la importancia de cuidar sus datos personales al momento de efectuar una compra para que \u00e9sta sea segura. Para nosotros es muy importante que la experiencia de los viajeros en el destino sea plena enfoc\u00e1ndose en la recreaci\u00f3n tur\u00edstica sostenible que ofrecen de manera \u00fanica los Hoteles, Parques y Tours de Grupo Xcaret\u201d,<\/em> coment\u00f3 Omar Cuevas S\u00e1nchez, Director de Compliance de Grupo Xcaret. <\/p>\n\n\n\n<p>Los sitios seguros y oficiales de grupo Xcaret son los cinco siguientes: <a href=\"https:\/\/www.xcaret.com\">https:\/\/www.xcaret.com<\/a> \/\/ <a href=\"https:\/\/www.hotelxcaret.com\">https:\/\/www.hotelxcaret.com<\/a> \/\/ <a href=\"https:\/\/www.hotelxcaretmexico.com\">https:\/\/www.hotelxcaretmexico.com<\/a> \/\/ <a href=\"https:\/\/www.hotelxcaretarte.com https:\">https:\/\/www.hotelxcaretarte.com https:<\/a>\/\/<a href=\"https:\/\/www.lacasadelaplaya.com\/es\/\">www.lacasadelaplaya.com. <\/a>Es importante que se revise en cada sitio web que letra por letra sea id\u00e9ntico a los antes descritos para asegurar que no se trata de un sitio falso, tambi\u00e9n pueden contactarnos en los tel\u00e9fonos: M\u00e9xico: <strong>998-883-3143<\/strong> USA-CAN: <strong>1-855-326-0682<\/strong>.<\/p>\n","protected":false},"excerpt":{"rendered":"<p>Xcaret, Quintana Roo, 01 de diciembre 2022. Comprometido con sus valores principales, como son la seguridad ante todo y la integridad absoluta, Grupo Xcaret lanza una campa\u00f1a de compra y reserva segura con el prop\u00f3sito de informar y concientizar sobre las mejores pr\u00e1cticas para adquirir todos sus productos en Canc\u00fan y Riviera Maya. Esta campa\u00f1a [&hellip;]<\/p>\n","protected":false},"author":23,"featured_media":0,"comment_status":"closed","ping_status":"closed","sticky":false,"template":"","format":"standard","meta":[],"categories":[1],"tags":[],"yoast_head":"<!-- This site is optimized with the Yoast SEO plugin v17.6 - https:\/\/yoast.com\/wordpress\/plugins\/seo\/ -->\n<meta name=\"description\" content=\"GRUPO XCARET LANZA CAMPA\u00d1A DE CONCIENTIZACI\u00d3N DE COMPRA SEGURA CON EL PROP\u00d3SITO DE INFORMAR Y CONCIENTIZAR A SUS CLIENTES Y VISITANTES.\" \/>\n<meta name=\"robots\" content=\"index, follow, max-snippet:-1, max-image-preview:large, max-video-preview:-1\" \/>\n<link rel=\"canonical\" href=\"https:\/\/www.grupoxcaret.com\/es\/grupo-xcaret-lanza-campana-de-concientizacion-de-compra-segura\/\" \/>\n<meta property=\"og:locale\" content=\"es_ES\" \/>\n<meta property=\"og:type\" content=\"article\" \/>\n<meta property=\"og:title\" content=\"Grupo Xcaret lanza campa\u00f1a de concientizaci\u00f3n de compra segura - Grupo Xcaret Sitio Corporativo\" \/>\n<meta property=\"og:description\" content=\"GRUPO XCARET LANZA CAMPA\u00d1A DE CONCIENTIZACI\u00d3N DE COMPRA SEGURA CON EL PROP\u00d3SITO DE INFORMAR Y CONCIENTIZAR A SUS CLIENTES Y VISITANTES.\" \/>\n<meta property=\"og:url\" content=\"https:\/\/www.grupoxcaret.com\/es\/grupo-xcaret-lanza-campana-de-concientizacion-de-compra-segura\/\" \/>\n<meta property=\"og:site_name\" content=\"Grupo Xcaret Sitio Corporativo\" \/>\n<meta property=\"article:published_time\" content=\"2022-12-01T08:00:00+00:00\" \/>\n<meta property=\"article:modified_time\" content=\"2022-12-01T13:35:45+00:00\" \/>\n<meta property=\"og:image\" content=\"https:\/\/www.grupoxcaret.com\/es\/wp-content\/uploads\/2022\/12\/logo-grupo-xc-2.jpg\" \/>\n<meta name=\"twitter:card\" content=\"summary_large_image\" \/>\n<meta name=\"twitter:label1\" content=\"Escrito por\" \/>\n\t<meta name=\"twitter:data1\" content=\"Reyna Irasema Belmont\" \/>\n\t<meta name=\"twitter:label2\" content=\"Tiempo de lectura\" \/>\n\t<meta name=\"twitter:data2\" content=\"2 minutos\" \/>\n<script type=\"application\/ld+json\" class=\"yoast-schema-graph\">{\"@context\":\"https:\/\/schema.org\",\"@graph\":[{\"@type\":\"Organization\",\"@id\":\"https:\/\/www.grupoxcaret.com\/es\/#organization\",\"name\":\"Grupo Xcaret\",\"url\":\"https:\/\/www.grupoxcaret.com\/es\/\",\"sameAs\":[],\"logo\":{\"@type\":\"ImageObject\",\"@id\":\"https:\/\/www.grupoxcaret.com\/es\/#logo\",\"inLanguage\":\"es\",\"url\":\"https:\/\/www.grupoxcaret.com\/es\/wp-content\/uploads\/2015\/04\/exx.png\",\"contentUrl\":\"https:\/\/www.grupoxcaret.com\/es\/wp-content\/uploads\/2015\/04\/exx.png\",\"width\":400,\"height\":136,\"caption\":\"Grupo Xcaret\"},\"image\":{\"@id\":\"https:\/\/www.grupoxcaret.com\/es\/#logo\"}},{\"@type\":\"WebSite\",\"@id\":\"https:\/\/www.grupoxcaret.com\/es\/#website\",\"url\":\"https:\/\/www.grupoxcaret.com\/es\/\",\"name\":\"Grupo Xcaret Sitio Corporativo\",\"description\":\"Conoce el sitio corporativo de Grupo Xcaret. Encuentra informaci\\u00f3n relevante acerca de nuestra historia, marcas, filosof\\u00eda empresarial, pol\\u00edtica de sostenibilidad y mucho m\\u00e1s.\",\"publisher\":{\"@id\":\"https:\/\/www.grupoxcaret.com\/es\/#organization\"},\"potentialAction\":[{\"@type\":\"SearchAction\",\"target\":{\"@type\":\"EntryPoint\",\"urlTemplate\":\"https:\/\/www.grupoxcaret.com\/es\/?s={search_term_string}\"},\"query-input\":\"required name=search_term_string\"}],\"inLanguage\":\"es\"},{\"@type\":\"ImageObject\",\"@id\":\"https:\/\/www.grupoxcaret.com\/es\/grupo-xcaret-lanza-campana-de-concientizacion-de-compra-segura\/#primaryimage\",\"inLanguage\":\"es\",\"url\":\"https:\/\/www.grupoxcaret.com\/es\/wp-content\/uploads\/2022\/12\/logo-grupo-xc-2.jpg\",\"contentUrl\":\"https:\/\/www.grupoxcaret.com\/es\/wp-content\/uploads\/2022\/12\/logo-grupo-xc-2.jpg\",\"width\":848,\"height\":478},{\"@type\":\"WebPage\",\"@id\":\"https:\/\/www.grupoxcaret.com\/es\/grupo-xcaret-lanza-campana-de-concientizacion-de-compra-segura\/#webpage\",\"url\":\"https:\/\/www.grupoxcaret.com\/es\/grupo-xcaret-lanza-campana-de-concientizacion-de-compra-segura\/\",\"name\":\"Grupo Xcaret lanza campa\\u00f1a de concientizaci\\u00f3n de compra segura - Grupo Xcaret Sitio Corporativo\",\"isPartOf\":{\"@id\":\"https:\/\/www.grupoxcaret.com\/es\/#website\"},\"primaryImageOfPage\":{\"@id\":\"https:\/\/www.grupoxcaret.com\/es\/grupo-xcaret-lanza-campana-de-concientizacion-de-compra-segura\/#primaryimage\"},\"datePublished\":\"2022-12-01T08:00:00+00:00\",\"dateModified\":\"2022-12-01T13:35:45+00:00\",\"description\":\"GRUPO XCARET LANZA CAMPA\\u00d1A DE CONCIENTIZACI\\u00d3N DE COMPRA SEGURA CON EL PROP\\u00d3SITO DE INFORMAR Y CONCIENTIZAR A SUS CLIENTES Y VISITANTES.\",\"breadcrumb\":{\"@id\":\"https:\/\/www.grupoxcaret.com\/es\/grupo-xcaret-lanza-campana-de-concientizacion-de-compra-segura\/#breadcrumb\"},\"inLanguage\":\"es\",\"potentialAction\":[{\"@type\":\"ReadAction\",\"target\":[\"https:\/\/www.grupoxcaret.com\/es\/grupo-xcaret-lanza-campana-de-concientizacion-de-compra-segura\/\"]}]},{\"@type\":\"BreadcrumbList\",\"@id\":\"https:\/\/www.grupoxcaret.com\/es\/grupo-xcaret-lanza-campana-de-concientizacion-de-compra-segura\/#breadcrumb\",\"itemListElement\":[{\"@type\":\"ListItem\",\"position\":1,\"name\":\"Inicio\",\"item\":\"https:\/\/www.grupoxcaret.com\/es\/\"},{\"@type\":\"ListItem\",\"position\":2,\"name\":\"Noticias\",\"item\":\"https:\/\/www.grupoxcaret.com\/es\/seccion\/noticias\/\"},{\"@type\":\"ListItem\",\"position\":3,\"name\":\"Grupo Xcaret lanza campa\\u00f1a de concientizaci\\u00f3n de compra segura\"}]},{\"@type\":\"Article\",\"@id\":\"https:\/\/www.grupoxcaret.com\/es\/grupo-xcaret-lanza-campana-de-concientizacion-de-compra-segura\/#article\",\"isPartOf\":{\"@id\":\"https:\/\/www.grupoxcaret.com\/es\/grupo-xcaret-lanza-campana-de-concientizacion-de-compra-segura\/#webpage\"},\"author\":{\"@id\":\"https:\/\/www.grupoxcaret.com\/es\/#\/schema\/person\/ab672ffae4578284a3537f94723d3752\"},\"headline\":\"Grupo Xcaret lanza campa\\u00f1a de concientizaci\\u00f3n de compra segura\",\"datePublished\":\"2022-12-01T08:00:00+00:00\",\"dateModified\":\"2022-12-01T13:35:45+00:00\",\"mainEntityOfPage\":{\"@id\":\"https:\/\/www.grupoxcaret.com\/es\/grupo-xcaret-lanza-campana-de-concientizacion-de-compra-segura\/#webpage\"},\"wordCount\":459,\"publisher\":{\"@id\":\"https:\/\/www.grupoxcaret.com\/es\/#organization\"},\"image\":{\"@id\":\"https:\/\/www.grupoxcaret.com\/es\/grupo-xcaret-lanza-campana-de-concientizacion-de-compra-segura\/#primaryimage\"},\"thumbnailUrl\":\"https:\/\/www.grupoxcaret.com\/es\/wp-content\/uploads\/2022\/12\/logo-grupo-xc-2.jpg\",\"articleSection\":[\"Noticias\"],\"inLanguage\":\"es\"},{\"@type\":\"Person\",\"@id\":\"https:\/\/www.grupoxcaret.com\/es\/#\/schema\/person\/ab672ffae4578284a3537f94723d3752\",\"name\":\"Reyna Irasema Belmont\",\"image\":{\"@type\":\"ImageObject\",\"@id\":\"https:\/\/www.grupoxcaret.com\/es\/#personlogo\",\"inLanguage\":\"es\",\"url\":\"https:\/\/secure.gravatar.com\/avatar\/1633fc5d037b61325381949cab28bd1d?s=96&d=mm&r=g\",\"contentUrl\":\"https:\/\/secure.gravatar.com\/avatar\/1633fc5d037b61325381949cab28bd1d?s=96&d=mm&r=g\",\"caption\":\"Reyna Irasema Belmont\"},\"url\":\"https:\/\/www.grupoxcaret.com\/es\/author\/ibelmont\/\"}]}<\/script>\n<!-- \/ Yoast SEO plugin. -->","yoast_head_json":{"description":"GRUPO XCARET LANZA CAMPA\u00d1A DE CONCIENTIZACI\u00d3N DE COMPRA SEGURA CON EL PROP\u00d3SITO DE INFORMAR Y CONCIENTIZAR A SUS CLIENTES Y VISITANTES.","robots":{"index":"index","follow":"follow","max-snippet":"max-snippet:-1","max-image-preview":"max-image-preview:large","max-video-preview":"max-video-preview:-1"},"canonical":"https:\/\/www.grupoxcaret.com\/es\/grupo-xcaret-lanza-campana-de-concientizacion-de-compra-segura\/","og_locale":"es_ES","og_type":"article","og_title":"Grupo Xcaret lanza campa\u00f1a de concientizaci\u00f3n de compra segura - Grupo Xcaret Sitio Corporativo","og_description":"GRUPO XCARET LANZA CAMPA\u00d1A DE CONCIENTIZACI\u00d3N DE COMPRA SEGURA CON EL PROP\u00d3SITO DE INFORMAR Y CONCIENTIZAR A SUS CLIENTES Y VISITANTES.","og_url":"https:\/\/www.grupoxcaret.com\/es\/grupo-xcaret-lanza-campana-de-concientizacion-de-compra-segura\/","og_site_name":"Grupo Xcaret Sitio Corporativo","article_published_time":"2022-12-01T08:00:00+00:00","article_modified_time":"2022-12-01T13:35:45+00:00","og_image":[{"url":"https:\/\/www.grupoxcaret.com\/es\/wp-content\/uploads\/2022\/12\/logo-grupo-xc-2.jpg"}],"twitter_card":"summary_large_image","twitter_misc":{"Escrito por":"Reyna Irasema Belmont","Tiempo de lectura":"2 minutos"},"schema":{"@context":"https:\/\/schema.org","@graph":[{"@type":"Organization","@id":"https:\/\/www.grupoxcaret.com\/es\/#organization","name":"Grupo Xcaret","url":"https:\/\/www.grupoxcaret.com\/es\/","sameAs":[],"logo":{"@type":"ImageObject","@id":"https:\/\/www.grupoxcaret.com\/es\/#logo","inLanguage":"es","url":"https:\/\/www.grupoxcaret.com\/es\/wp-content\/uploads\/2015\/04\/exx.png","contentUrl":"https:\/\/www.grupoxcaret.com\/es\/wp-content\/uploads\/2015\/04\/exx.png","width":400,"height":136,"caption":"Grupo Xcaret"},"image":{"@id":"https:\/\/www.grupoxcaret.com\/es\/#logo"}},{"@type":"WebSite","@id":"https:\/\/www.grupoxcaret.com\/es\/#website","url":"https:\/\/www.grupoxcaret.com\/es\/","name":"Grupo Xcaret Sitio Corporativo","description":"Conoce el sitio corporativo de Grupo Xcaret. Encuentra informaci\u00f3n relevante acerca de nuestra historia, marcas, filosof\u00eda empresarial, pol\u00edtica de sostenibilidad y mucho m\u00e1s.","publisher":{"@id":"https:\/\/www.grupoxcaret.com\/es\/#organization"},"potentialAction":[{"@type":"SearchAction","target":{"@type":"EntryPoint","urlTemplate":"https:\/\/www.grupoxcaret.com\/es\/?s={search_term_string}"},"query-input":"required name=search_term_string"}],"inLanguage":"es"},{"@type":"ImageObject","@id":"https:\/\/www.grupoxcaret.com\/es\/grupo-xcaret-lanza-campana-de-concientizacion-de-compra-segura\/#primaryimage","inLanguage":"es","url":"https:\/\/www.grupoxcaret.com\/es\/wp-content\/uploads\/2022\/12\/logo-grupo-xc-2.jpg","contentUrl":"https:\/\/www.grupoxcaret.com\/es\/wp-content\/uploads\/2022\/12\/logo-grupo-xc-2.jpg","width":848,"height":478},{"@type":"WebPage","@id":"https:\/\/www.grupoxcaret.com\/es\/grupo-xcaret-lanza-campana-de-concientizacion-de-compra-segura\/#webpage","url":"https:\/\/www.grupoxcaret.com\/es\/grupo-xcaret-lanza-campana-de-concientizacion-de-compra-segura\/","name":"Grupo Xcaret lanza campa\u00f1a de concientizaci\u00f3n de compra segura - Grupo Xcaret Sitio Corporativo","isPartOf":{"@id":"https:\/\/www.grupoxcaret.com\/es\/#website"},"primaryImageOfPage":{"@id":"https:\/\/www.grupoxcaret.com\/es\/grupo-xcaret-lanza-campana-de-concientizacion-de-compra-segura\/#primaryimage"},"datePublished":"2022-12-01T08:00:00+00:00","dateModified":"2022-12-01T13:35:45+00:00","description":"GRUPO XCARET LANZA CAMPA\u00d1A DE CONCIENTIZACI\u00d3N DE COMPRA SEGURA CON EL PROP\u00d3SITO DE INFORMAR Y CONCIENTIZAR A SUS CLIENTES Y VISITANTES.","breadcrumb":{"@id":"https:\/\/www.grupoxcaret.com\/es\/grupo-xcaret-lanza-campana-de-concientizacion-de-compra-segura\/#breadcrumb"},"inLanguage":"es","potentialAction":[{"@type":"ReadAction","target":["https:\/\/www.grupoxcaret.com\/es\/grupo-xcaret-lanza-campana-de-concientizacion-de-compra-segura\/"]}]},{"@type":"BreadcrumbList","@id":"https:\/\/www.grupoxcaret.com\/es\/grupo-xcaret-lanza-campana-de-concientizacion-de-compra-segura\/#breadcrumb","itemListElement":[{"@type":"ListItem","position":1,"name":"Inicio","item":"https:\/\/www.grupoxcaret.com\/es\/"},{"@type":"ListItem","position":2,"name":"Noticias","item":"https:\/\/www.grupoxcaret.com\/es\/seccion\/noticias\/"},{"@type":"ListItem","position":3,"name":"Grupo Xcaret lanza campa\u00f1a de concientizaci\u00f3n de compra segura"}]},{"@type":"Article","@id":"https:\/\/www.grupoxcaret.com\/es\/grupo-xcaret-lanza-campana-de-concientizacion-de-compra-segura\/#article","isPartOf":{"@id":"https:\/\/www.grupoxcaret.com\/es\/grupo-xcaret-lanza-campana-de-concientizacion-de-compra-segura\/#webpage"},"author":{"@id":"https:\/\/www.grupoxcaret.com\/es\/#\/schema\/person\/ab672ffae4578284a3537f94723d3752"},"headline":"Grupo Xcaret lanza campa\u00f1a de concientizaci\u00f3n de compra segura","datePublished":"2022-12-01T08:00:00+00:00","dateModified":"2022-12-01T13:35:45+00:00","mainEntityOfPage":{"@id":"https:\/\/www.grupoxcaret.com\/es\/grupo-xcaret-lanza-campana-de-concientizacion-de-compra-segura\/#webpage"},"wordCount":459,"publisher":{"@id":"https:\/\/www.grupoxcaret.com\/es\/#organization"},"image":{"@id":"https:\/\/www.grupoxcaret.com\/es\/grupo-xcaret-lanza-campana-de-concientizacion-de-compra-segura\/#primaryimage"},"thumbnailUrl":"https:\/\/www.grupoxcaret.com\/es\/wp-content\/uploads\/2022\/12\/logo-grupo-xc-2.jpg","articleSection":["Noticias"],"inLanguage":"es"},{"@type":"Person","@id":"https:\/\/www.grupoxcaret.com\/es\/#\/schema\/person\/ab672ffae4578284a3537f94723d3752","name":"Reyna Irasema Belmont","image":{"@type":"ImageObject","@id":"https:\/\/www.grupoxcaret.com\/es\/#personlogo","inLanguage":"es","url":"https:\/\/secure.gravatar.com\/avatar\/1633fc5d037b61325381949cab28bd1d?s=96&d=mm&r=g","contentUrl":"https:\/\/secure.gravatar.com\/avatar\/1633fc5d037b61325381949cab28bd1d?s=96&d=mm&r=g","caption":"Reyna Irasema Belmont"},"url":"https:\/\/www.grupoxcaret.com\/es\/author\/ibelmont\/"}]}},"amp_enabled":true,"_links":{"self":[{"href":"https:\/\/www.grupoxcaret.com\/es\/wp-json\/wp\/v2\/posts\/5175"}],"collection":[{"href":"https:\/\/www.grupoxcaret.com\/es\/wp-json\/wp\/v2\/posts"}],"about":[{"href":"https:\/\/www.grupoxcaret.com\/es\/wp-json\/wp\/v2\/types\/post"}],"author":[{"embeddable":true,"href":"https:\/\/www.grupoxcaret.com\/es\/wp-json\/wp\/v2\/users\/23"}],"replies":[{"embeddable":true,"href":"https:\/\/www.grupoxcaret.com\/es\/wp-json\/wp\/v2\/comments?post=5175"}],"version-history":[{"count":9,"href":"https:\/\/www.grupoxcaret.com\/es\/wp-json\/wp\/v2\/posts\/5175\/revisions"}],"predecessor-version":[{"id":5191,"href":"https:\/\/www.grupoxcaret.com\/es\/wp-json\/wp\/v2\/posts\/5175\/revisions\/5191"}],"wp:attachment":[{"href":"https:\/\/www.grupoxcaret.com\/es\/wp-json\/wp\/v2\/media?parent=5175"}],"wp:term":[{"taxonomy":"category","embeddable":true,"href":"https:\/\/www.grupoxcaret.com\/es\/wp-json\/wp\/v2\/categories?post=5175"},{"taxonomy":"post_tag","embeddable":true,"href":"https:\/\/www.grupoxcaret.com\/es\/wp-json\/wp\/v2\/tags?post=5175"}],"curies":[{"name":"wp","href":"https:\/\/api.w.org\/{rel}","templated":true}]}}