{"id":4944,"date":"2022-06-30T05:09:00","date_gmt":"2022-06-30T05:09:00","guid":{"rendered":"https:\/\/www.grupoxcaret.com\/es\/?p=4944"},"modified":"2023-01-21T18:34:19","modified_gmt":"2023-01-21T18:34:19","slug":"reconocen-al-arq-miguel-quintana-pali-por-su-trayectoria-turistica","status":"publish","type":"post","link":"https:\/\/www.grupoxcaret.com\/es\/reconocen-al-arq-miguel-quintana-pali-por-su-trayectoria-turistica\/","title":{"rendered":"Reconocen al Arq. Miguel Quintana Pali por su trayectoria tur\u00edstica"},"content":{"rendered":"\n<p><em>El empresario creador de conceptos tur\u00edsticos \u00fanicos, recibi\u00f3 el reconocimiento en la edici\u00f3n 2022 de los Food and Travel Hospitality Awards por enaltecer la cultura mexicana e impulsar el turismo de M\u00e9xico.<\/em><\/p>\n\n\n\n<p><strong><em>Canc\u00fan, Quintana Roo, 30 de junio de 2022.-<\/em><\/strong>La edici\u00f3n 2022 de los <em>Food and Travel Hospitality Awards<\/em> estuvo dedicada a homenajear el talento empresarial en M\u00e9xico y distinguir a los protagonistas de la industria hotelera y gastron\u00f3mica que han destacado en el arte de la hospitalidad durante esta \u00e9poca hist\u00f3rica, llena de retos y resiliencia.<\/p>\n\n\n\n<p>El Premio a la Trayectoria Tur\u00edstica, reconoci\u00f3 al Arq. Miguel Quintana Pali, Fundador y CEO de Grupo Xcaret, por poner en alto la cultura mexicana e impulsar el turismo de M\u00e9xico, con m\u00e1s de 30 a\u00f1os en la industria. &nbsp; &nbsp; &nbsp;<\/p>\n\n\n\n<p>Miguel Quintana Pali es ejemplo de creatividad e innovaci\u00f3n, fortalezas que lo han convertido en un empresario visionario, creador de conceptos tur\u00edsticos \u00fanicos como el \u201c<em>All Fun Inclusive\u201d<\/em>, y reconocido como uno de los m\u00e1s importantes emprendedores de esta industria en M\u00e9xico. Miguel ha logrado plasmar en cada espacio de los hoteles y parques que conforman Grupo Xcaret, una arquitectura eco-integradora que fusiona dise\u00f1o y naturaleza de manera armoniosa y responsable, con un balance entre la \u00e9tica y la est\u00e9tica, una mezcla entre la naturaleza y el confort.<\/p>\n\n\n\n<p>El Arq. Quintana materializ\u00f3 el concepto de recreaci\u00f3n tur\u00edstica sostenible de manera tan fiel, que los parques del grupo son un ejemplo a nivel internacional en esta materia. Xcaret&nbsp;ha sido reconocido con el Liseberg Applause Awards como El Mejor&nbsp; Parque&nbsp;del Mundo. La trayectoria empresarial de Miguel Quintana no se limita al desarrollo de parques, ya que siempre ha sido un empresario preocupado por la promoci\u00f3n de la cultura de M\u00e9xico, con la creaci\u00f3n de foros y espacios dedicados a la expresi\u00f3n de las tradiciones mexicanas.<\/p>\n\n\n\n<p>Quintana Pali ha centrado su estrategia de negocios en la recreaci\u00f3n tur\u00edstica sostenible, teniendo como principios b\u00e1sicos el respeto a la dignidad humana, el cuidado de los recursos naturales, la preservaci\u00f3n de costumbres y tradiciones, el apego a la identidad y los valores m\u00e1s importantes de nuestra cultura y el impulso al desarrollo econ\u00f3mico local y nacional, promoviendo incansablemente a M\u00e9xico y generando un impacto econ\u00f3mico importante en el pa\u00eds.&nbsp;<\/p>\n\n\n\n<p>Emprendedor desde muy joven, a lo largo de 35 a\u00f1os ha consolidado a Grupo Xcaret como la organizaci\u00f3n l\u00edder en recreaci\u00f3n tur\u00edstica sostenible cuyas inversiones en Canc\u00fan y Yucat\u00e1n han constitu\u00eddo una proyecci\u00f3n de crecimiento a mediano y largo plazo, con la incorporaci\u00f3n de nuevos productos que fortalecen la oferta tur\u00edstica de los destinos y contribuyen en una buena medida a la econom\u00eda del pa\u00eds.<\/p>\n\n\n\n<p>Desde la apertura del parque Xcaret a finales de 1990, el Arq. Quintana Pali ha dejado su legado con los parques m\u00e1s emblem\u00e1ticos y representativos de Canc\u00fan: Xcaret, Xel-H\u00e1, Xplor, Xplor Fuego, Xoximilco, Xenses y Xavage, todos con certificaciones de las mejores pr\u00e1cticas a nivel nacional e internacional. En 2017 incursiona en la industria de la hospitalidad con la apertura del Hotel Xcaret M\u00e9xico, el primero en el mundo en ofrecer el concepto <em>All Fun Inclusive<\/em><strong>, <\/strong>y durante 2021 Grupo Xcaret inaugur\u00f3 sus m\u00e1s recientes ofertas hoteleras: Hotel Xcaret Arte en el segmento de adultos; y en diciembre 2021 el primer hotel boutique de ultra lujo del grupo, La Casa de la Playa.La visi\u00f3n del arquitecto ha llevado a Grupo Xcaret a ofrecer recorridos \u00fanicos por Xich\u00e9n, Cob\u00e1, Tulum, su tour Xenotes, y su reciente incursi\u00f3n en la industria naviera con Xcaret Xailing. <strong>\u00a0<\/strong><\/p>\n\n\n\n<p>Miguel Quintana Pali ha estado siempre enamorado de M\u00e9xico y asegura que seguir\u00e1 trabajando hasta su \u00faltimo d\u00eda creando proyectos que le permitan comunicar a todo el mundo su profundo amor por este pa\u00eds y su ilimitada riqueza natural y cultural.<\/p>\n","protected":false},"excerpt":{"rendered":"<p>El empresario creador de conceptos tur\u00edsticos \u00fanicos, recibi\u00f3 el reconocimiento en la edici\u00f3n 2022 de los Food and Travel Hospitality Awards por enaltecer la cultura mexicana e impulsar el turismo de M\u00e9xico. Canc\u00fan, Quintana Roo, 30 de junio de 2022.-La edici\u00f3n 2022 de los Food and Travel Hospitality Awards estuvo dedicada a homenajear el talento [&hellip;]<\/p>\n","protected":false},"author":23,"featured_media":4945,"comment_status":"closed","ping_status":"closed","sticky":false,"template":"","format":"standard","meta":[],"categories":[97,4,72,105,3],"tags":[],"yoast_head":"<!-- This site is optimized with the Yoast SEO plugin v17.6 - https:\/\/yoast.com\/wordpress\/plugins\/seo\/ -->\n<meta name=\"robots\" content=\"index, follow, max-snippet:-1, max-image-preview:large, max-video-preview:-1\" \/>\n<link rel=\"canonical\" href=\"https:\/\/www.grupoxcaret.com\/es\/reconocen-al-arq-miguel-quintana-pali-por-su-trayectoria-turistica\/\" \/>\n<meta property=\"og:locale\" content=\"es_ES\" \/>\n<meta property=\"og:type\" content=\"article\" \/>\n<meta property=\"og:title\" content=\"Reconocen al Arq. Miguel Quintana Pali por su trayectoria tur\u00edstica - Grupo Xcaret Sitio Corporativo\" \/>\n<meta property=\"og:description\" content=\"El empresario creador de conceptos tur\u00edsticos \u00fanicos, recibi\u00f3 el reconocimiento en la edici\u00f3n 2022 de los Food and Travel Hospitality Awards por enaltecer la cultura mexicana e impulsar el turismo de M\u00e9xico. Canc\u00fan, Quintana Roo, 30 de junio de 2022.-La edici\u00f3n 2022 de los Food and Travel Hospitality Awards estuvo dedicada a homenajear el talento [&hellip;]\" \/>\n<meta property=\"og:url\" content=\"https:\/\/www.grupoxcaret.com\/es\/reconocen-al-arq-miguel-quintana-pali-por-su-trayectoria-turistica\/\" \/>\n<meta property=\"og:site_name\" content=\"Grupo Xcaret Sitio Corporativo\" \/>\n<meta property=\"article:published_time\" content=\"2022-06-30T05:09:00+00:00\" \/>\n<meta property=\"article:modified_time\" content=\"2023-01-21T18:34:19+00:00\" \/>\n<meta property=\"og:image\" content=\"https:\/\/www.grupoxcaret.com\/es\/wp-content\/uploads\/2022\/07\/47851336351_5954cafc93_o1-scaled.jpg\" \/>\n\t<meta property=\"og:image:width\" content=\"2560\" \/>\n\t<meta property=\"og:image:height\" content=\"2048\" \/>\n<meta name=\"twitter:card\" content=\"summary_large_image\" \/>\n<meta name=\"twitter:label1\" content=\"Escrito por\" \/>\n\t<meta name=\"twitter:data1\" content=\"Reyna Irasema Belmont\" \/>\n\t<meta name=\"twitter:label2\" content=\"Tiempo de lectura\" \/>\n\t<meta name=\"twitter:data2\" content=\"3 minutos\" \/>\n<script type=\"application\/ld+json\" class=\"yoast-schema-graph\">{\"@context\":\"https:\/\/schema.org\",\"@graph\":[{\"@type\":\"Organization\",\"@id\":\"https:\/\/www.grupoxcaret.com\/es\/#organization\",\"name\":\"Grupo Xcaret\",\"url\":\"https:\/\/www.grupoxcaret.com\/es\/\",\"sameAs\":[],\"logo\":{\"@type\":\"ImageObject\",\"@id\":\"https:\/\/www.grupoxcaret.com\/es\/#logo\",\"inLanguage\":\"es\",\"url\":\"https:\/\/www.grupoxcaret.com\/es\/wp-content\/uploads\/2015\/04\/exx.png\",\"contentUrl\":\"https:\/\/www.grupoxcaret.com\/es\/wp-content\/uploads\/2015\/04\/exx.png\",\"width\":400,\"height\":136,\"caption\":\"Grupo Xcaret\"},\"image\":{\"@id\":\"https:\/\/www.grupoxcaret.com\/es\/#logo\"}},{\"@type\":\"WebSite\",\"@id\":\"https:\/\/www.grupoxcaret.com\/es\/#website\",\"url\":\"https:\/\/www.grupoxcaret.com\/es\/\",\"name\":\"Grupo Xcaret Sitio Corporativo\",\"description\":\"Conoce el sitio corporativo de Grupo Xcaret. Encuentra informaci\\u00f3n relevante acerca de nuestra historia, marcas, filosof\\u00eda empresarial, pol\\u00edtica de sostenibilidad y mucho m\\u00e1s.\",\"publisher\":{\"@id\":\"https:\/\/www.grupoxcaret.com\/es\/#organization\"},\"potentialAction\":[{\"@type\":\"SearchAction\",\"target\":{\"@type\":\"EntryPoint\",\"urlTemplate\":\"https:\/\/www.grupoxcaret.com\/es\/?s={search_term_string}\"},\"query-input\":\"required name=search_term_string\"}],\"inLanguage\":\"es\"},{\"@type\":\"ImageObject\",\"@id\":\"https:\/\/www.grupoxcaret.com\/es\/reconocen-al-arq-miguel-quintana-pali-por-su-trayectoria-turistica\/#primaryimage\",\"inLanguage\":\"es\",\"url\":\"https:\/\/www.grupoxcaret.com\/es\/wp-content\/uploads\/2022\/07\/47851336351_5954cafc93_o1-scaled.jpg\",\"contentUrl\":\"https:\/\/www.grupoxcaret.com\/es\/wp-content\/uploads\/2022\/07\/47851336351_5954cafc93_o1-scaled.jpg\",\"width\":2560,\"height\":2048},{\"@type\":\"WebPage\",\"@id\":\"https:\/\/www.grupoxcaret.com\/es\/reconocen-al-arq-miguel-quintana-pali-por-su-trayectoria-turistica\/#webpage\",\"url\":\"https:\/\/www.grupoxcaret.com\/es\/reconocen-al-arq-miguel-quintana-pali-por-su-trayectoria-turistica\/\",\"name\":\"Reconocen al Arq. Miguel Quintana Pali por su trayectoria tur\\u00edstica - Grupo Xcaret Sitio Corporativo\",\"isPartOf\":{\"@id\":\"https:\/\/www.grupoxcaret.com\/es\/#website\"},\"primaryImageOfPage\":{\"@id\":\"https:\/\/www.grupoxcaret.com\/es\/reconocen-al-arq-miguel-quintana-pali-por-su-trayectoria-turistica\/#primaryimage\"},\"datePublished\":\"2022-06-30T05:09:00+00:00\",\"dateModified\":\"2023-01-21T18:34:19+00:00\",\"breadcrumb\":{\"@id\":\"https:\/\/www.grupoxcaret.com\/es\/reconocen-al-arq-miguel-quintana-pali-por-su-trayectoria-turistica\/#breadcrumb\"},\"inLanguage\":\"es\",\"potentialAction\":[{\"@type\":\"ReadAction\",\"target\":[\"https:\/\/www.grupoxcaret.com\/es\/reconocen-al-arq-miguel-quintana-pali-por-su-trayectoria-turistica\/\"]}]},{\"@type\":\"BreadcrumbList\",\"@id\":\"https:\/\/www.grupoxcaret.com\/es\/reconocen-al-arq-miguel-quintana-pali-por-su-trayectoria-turistica\/#breadcrumb\",\"itemListElement\":[{\"@type\":\"ListItem\",\"position\":1,\"name\":\"Inicio\",\"item\":\"https:\/\/www.grupoxcaret.com\/es\/\"},{\"@type\":\"ListItem\",\"position\":2,\"name\":\"Reconocimientos\",\"item\":\"https:\/\/www.grupoxcaret.com\/es\/seccion\/reconocimientos\/\"},{\"@type\":\"ListItem\",\"position\":3,\"name\":\"Reconocen al Arq. Miguel Quintana Pali por su trayectoria tur\\u00edstica\"}]},{\"@type\":\"Article\",\"@id\":\"https:\/\/www.grupoxcaret.com\/es\/reconocen-al-arq-miguel-quintana-pali-por-su-trayectoria-turistica\/#article\",\"isPartOf\":{\"@id\":\"https:\/\/www.grupoxcaret.com\/es\/reconocen-al-arq-miguel-quintana-pali-por-su-trayectoria-turistica\/#webpage\"},\"author\":{\"@id\":\"https:\/\/www.grupoxcaret.com\/es\/#\/schema\/person\/ab672ffae4578284a3537f94723d3752\"},\"headline\":\"Reconocen al Arq. Miguel Quintana Pali por su trayectoria tur\\u00edstica\",\"datePublished\":\"2022-06-30T05:09:00+00:00\",\"dateModified\":\"2023-01-21T18:34:19+00:00\",\"mainEntityOfPage\":{\"@id\":\"https:\/\/www.grupoxcaret.com\/es\/reconocen-al-arq-miguel-quintana-pali-por-su-trayectoria-turistica\/#webpage\"},\"wordCount\":688,\"publisher\":{\"@id\":\"https:\/\/www.grupoxcaret.com\/es\/#organization\"},\"image\":{\"@id\":\"https:\/\/www.grupoxcaret.com\/es\/reconocen-al-arq-miguel-quintana-pali-por-su-trayectoria-turistica\/#primaryimage\"},\"thumbnailUrl\":\"https:\/\/www.grupoxcaret.com\/es\/wp-content\/uploads\/2022\/07\/47851336351_5954cafc93_o1-scaled.jpg\",\"articleSection\":[\"Acerca de\",\"Boletines de Prensa\",\"Destacados\",\"Reconocimientos\",\"Sala de Prensa\"],\"inLanguage\":\"es\"},{\"@type\":\"Person\",\"@id\":\"https:\/\/www.grupoxcaret.com\/es\/#\/schema\/person\/ab672ffae4578284a3537f94723d3752\",\"name\":\"Reyna Irasema Belmont\",\"image\":{\"@type\":\"ImageObject\",\"@id\":\"https:\/\/www.grupoxcaret.com\/es\/#personlogo\",\"inLanguage\":\"es\",\"url\":\"https:\/\/secure.gravatar.com\/avatar\/1633fc5d037b61325381949cab28bd1d?s=96&d=mm&r=g\",\"contentUrl\":\"https:\/\/secure.gravatar.com\/avatar\/1633fc5d037b61325381949cab28bd1d?s=96&d=mm&r=g\",\"caption\":\"Reyna Irasema Belmont\"},\"url\":\"https:\/\/www.grupoxcaret.com\/es\/author\/ibelmont\/\"}]}<\/script>\n<!-- \/ Yoast SEO plugin. -->","yoast_head_json":{"robots":{"index":"index","follow":"follow","max-snippet":"max-snippet:-1","max-image-preview":"max-image-preview:large","max-video-preview":"max-video-preview:-1"},"canonical":"https:\/\/www.grupoxcaret.com\/es\/reconocen-al-arq-miguel-quintana-pali-por-su-trayectoria-turistica\/","og_locale":"es_ES","og_type":"article","og_title":"Reconocen al Arq. Miguel Quintana Pali por su trayectoria tur\u00edstica - Grupo Xcaret Sitio Corporativo","og_description":"El empresario creador de conceptos tur\u00edsticos \u00fanicos, recibi\u00f3 el reconocimiento en la edici\u00f3n 2022 de los Food and Travel Hospitality Awards por enaltecer la cultura mexicana e impulsar el turismo de M\u00e9xico. Canc\u00fan, Quintana Roo, 30 de junio de 2022.-La edici\u00f3n 2022 de los Food and Travel Hospitality Awards estuvo dedicada a homenajear el talento [&hellip;]","og_url":"https:\/\/www.grupoxcaret.com\/es\/reconocen-al-arq-miguel-quintana-pali-por-su-trayectoria-turistica\/","og_site_name":"Grupo Xcaret Sitio Corporativo","article_published_time":"2022-06-30T05:09:00+00:00","article_modified_time":"2023-01-21T18:34:19+00:00","og_image":[{"width":2560,"height":2048,"url":"https:\/\/www.grupoxcaret.com\/es\/wp-content\/uploads\/2022\/07\/47851336351_5954cafc93_o1-scaled.jpg","type":"image\/jpeg"}],"twitter_card":"summary_large_image","twitter_misc":{"Escrito por":"Reyna Irasema Belmont","Tiempo de lectura":"3 minutos"},"schema":{"@context":"https:\/\/schema.org","@graph":[{"@type":"Organization","@id":"https:\/\/www.grupoxcaret.com\/es\/#organization","name":"Grupo Xcaret","url":"https:\/\/www.grupoxcaret.com\/es\/","sameAs":[],"logo":{"@type":"ImageObject","@id":"https:\/\/www.grupoxcaret.com\/es\/#logo","inLanguage":"es","url":"https:\/\/www.grupoxcaret.com\/es\/wp-content\/uploads\/2015\/04\/exx.png","contentUrl":"https:\/\/www.grupoxcaret.com\/es\/wp-content\/uploads\/2015\/04\/exx.png","width":400,"height":136,"caption":"Grupo Xcaret"},"image":{"@id":"https:\/\/www.grupoxcaret.com\/es\/#logo"}},{"@type":"WebSite","@id":"https:\/\/www.grupoxcaret.com\/es\/#website","url":"https:\/\/www.grupoxcaret.com\/es\/","name":"Grupo Xcaret Sitio Corporativo","description":"Conoce el sitio corporativo de Grupo Xcaret. Encuentra informaci\u00f3n relevante acerca de nuestra historia, marcas, filosof\u00eda empresarial, pol\u00edtica de sostenibilidad y mucho m\u00e1s.","publisher":{"@id":"https:\/\/www.grupoxcaret.com\/es\/#organization"},"potentialAction":[{"@type":"SearchAction","target":{"@type":"EntryPoint","urlTemplate":"https:\/\/www.grupoxcaret.com\/es\/?s={search_term_string}"},"query-input":"required name=search_term_string"}],"inLanguage":"es"},{"@type":"ImageObject","@id":"https:\/\/www.grupoxcaret.com\/es\/reconocen-al-arq-miguel-quintana-pali-por-su-trayectoria-turistica\/#primaryimage","inLanguage":"es","url":"https:\/\/www.grupoxcaret.com\/es\/wp-content\/uploads\/2022\/07\/47851336351_5954cafc93_o1-scaled.jpg","contentUrl":"https:\/\/www.grupoxcaret.com\/es\/wp-content\/uploads\/2022\/07\/47851336351_5954cafc93_o1-scaled.jpg","width":2560,"height":2048},{"@type":"WebPage","@id":"https:\/\/www.grupoxcaret.com\/es\/reconocen-al-arq-miguel-quintana-pali-por-su-trayectoria-turistica\/#webpage","url":"https:\/\/www.grupoxcaret.com\/es\/reconocen-al-arq-miguel-quintana-pali-por-su-trayectoria-turistica\/","name":"Reconocen al Arq. Miguel Quintana Pali por su trayectoria tur\u00edstica - Grupo Xcaret Sitio Corporativo","isPartOf":{"@id":"https:\/\/www.grupoxcaret.com\/es\/#website"},"primaryImageOfPage":{"@id":"https:\/\/www.grupoxcaret.com\/es\/reconocen-al-arq-miguel-quintana-pali-por-su-trayectoria-turistica\/#primaryimage"},"datePublished":"2022-06-30T05:09:00+00:00","dateModified":"2023-01-21T18:34:19+00:00","breadcrumb":{"@id":"https:\/\/www.grupoxcaret.com\/es\/reconocen-al-arq-miguel-quintana-pali-por-su-trayectoria-turistica\/#breadcrumb"},"inLanguage":"es","potentialAction":[{"@type":"ReadAction","target":["https:\/\/www.grupoxcaret.com\/es\/reconocen-al-arq-miguel-quintana-pali-por-su-trayectoria-turistica\/"]}]},{"@type":"BreadcrumbList","@id":"https:\/\/www.grupoxcaret.com\/es\/reconocen-al-arq-miguel-quintana-pali-por-su-trayectoria-turistica\/#breadcrumb","itemListElement":[{"@type":"ListItem","position":1,"name":"Inicio","item":"https:\/\/www.grupoxcaret.com\/es\/"},{"@type":"ListItem","position":2,"name":"Reconocimientos","item":"https:\/\/www.grupoxcaret.com\/es\/seccion\/reconocimientos\/"},{"@type":"ListItem","position":3,"name":"Reconocen al Arq. Miguel Quintana Pali por su trayectoria tur\u00edstica"}]},{"@type":"Article","@id":"https:\/\/www.grupoxcaret.com\/es\/reconocen-al-arq-miguel-quintana-pali-por-su-trayectoria-turistica\/#article","isPartOf":{"@id":"https:\/\/www.grupoxcaret.com\/es\/reconocen-al-arq-miguel-quintana-pali-por-su-trayectoria-turistica\/#webpage"},"author":{"@id":"https:\/\/www.grupoxcaret.com\/es\/#\/schema\/person\/ab672ffae4578284a3537f94723d3752"},"headline":"Reconocen al Arq. Miguel Quintana Pali por su trayectoria tur\u00edstica","datePublished":"2022-06-30T05:09:00+00:00","dateModified":"2023-01-21T18:34:19+00:00","mainEntityOfPage":{"@id":"https:\/\/www.grupoxcaret.com\/es\/reconocen-al-arq-miguel-quintana-pali-por-su-trayectoria-turistica\/#webpage"},"wordCount":688,"publisher":{"@id":"https:\/\/www.grupoxcaret.com\/es\/#organization"},"image":{"@id":"https:\/\/www.grupoxcaret.com\/es\/reconocen-al-arq-miguel-quintana-pali-por-su-trayectoria-turistica\/#primaryimage"},"thumbnailUrl":"https:\/\/www.grupoxcaret.com\/es\/wp-content\/uploads\/2022\/07\/47851336351_5954cafc93_o1-scaled.jpg","articleSection":["Acerca de","Boletines de Prensa","Destacados","Reconocimientos","Sala de Prensa"],"inLanguage":"es"},{"@type":"Person","@id":"https:\/\/www.grupoxcaret.com\/es\/#\/schema\/person\/ab672ffae4578284a3537f94723d3752","name":"Reyna Irasema Belmont","image":{"@type":"ImageObject","@id":"https:\/\/www.grupoxcaret.com\/es\/#personlogo","inLanguage":"es","url":"https:\/\/secure.gravatar.com\/avatar\/1633fc5d037b61325381949cab28bd1d?s=96&d=mm&r=g","contentUrl":"https:\/\/secure.gravatar.com\/avatar\/1633fc5d037b61325381949cab28bd1d?s=96&d=mm&r=g","caption":"Reyna Irasema Belmont"},"url":"https:\/\/www.grupoxcaret.com\/es\/author\/ibelmont\/"}]}},"amp_enabled":true,"_links":{"self":[{"href":"https:\/\/www.grupoxcaret.com\/es\/wp-json\/wp\/v2\/posts\/4944"}],"collection":[{"href":"https:\/\/www.grupoxcaret.com\/es\/wp-json\/wp\/v2\/posts"}],"about":[{"href":"https:\/\/www.grupoxcaret.com\/es\/wp-json\/wp\/v2\/types\/post"}],"author":[{"embeddable":true,"href":"https:\/\/www.grupoxcaret.com\/es\/wp-json\/wp\/v2\/users\/23"}],"replies":[{"embeddable":true,"href":"https:\/\/www.grupoxcaret.com\/es\/wp-json\/wp\/v2\/comments?post=4944"}],"version-history":[{"count":5,"href":"https:\/\/www.grupoxcaret.com\/es\/wp-json\/wp\/v2\/posts\/4944\/revisions"}],"predecessor-version":[{"id":5340,"href":"https:\/\/www.grupoxcaret.com\/es\/wp-json\/wp\/v2\/posts\/4944\/revisions\/5340"}],"wp:featuredmedia":[{"embeddable":true,"href":"https:\/\/www.grupoxcaret.com\/es\/wp-json\/wp\/v2\/media\/4945"}],"wp:attachment":[{"href":"https:\/\/www.grupoxcaret.com\/es\/wp-json\/wp\/v2\/media?parent=4944"}],"wp:term":[{"taxonomy":"category","embeddable":true,"href":"https:\/\/www.grupoxcaret.com\/es\/wp-json\/wp\/v2\/categories?post=4944"},{"taxonomy":"post_tag","embeddable":true,"href":"https:\/\/www.grupoxcaret.com\/es\/wp-json\/wp\/v2\/tags?post=4944"}],"curies":[{"name":"wp","href":"https:\/\/api.w.org\/{rel}","templated":true}]}}