{"id":4916,"date":"2022-06-20T12:30:08","date_gmt":"2022-06-20T12:30:08","guid":{"rendered":"https:\/\/www.grupoxcaret.com\/es\/?p=4916"},"modified":"2022-06-20T17:21:52","modified_gmt":"2022-06-20T17:21:52","slug":"por-que-es-tan-importante-la-reciente-reintroduccion-de-16-guacamayas-del-parque-xcaret-en-aluxes-ecoparque","status":"publish","type":"post","link":"https:\/\/www.grupoxcaret.com\/es\/por-que-es-tan-importante-la-reciente-reintroduccion-de-16-guacamayas-del-parque-xcaret-en-aluxes-ecoparque\/","title":{"rendered":"\u00a0\u00bfPor qu\u00e9 es tan importante la reciente reintroducci\u00f3n de 16 guacamayas del parque Xcaret en \u201cAluxes Ecoparque\u201d?"},"content":{"rendered":"\n<figure class=\"wp-block-gallery has-nested-images columns-default is-cropped\"><\/figure>\n\n\n\n<p><strong>Xcaret, Quintana Roo, 20 de junio, 2022.<\/strong> El pasado 28 de mayo de 2022 se trasladaron 16 guacamayas rojas <em>(Ara macao cyanoptera) <\/em>hacia <strong>\u201cAluxes Ecoparque\u201d<\/strong>, una Asociaci\u00f3n Civil, sin fines de lucro con sede en Palenque, Chiapas. Los ejemplares ser\u00e1n ubicados en un resguardo temporal para su adaptaci\u00f3n y familiarizaci\u00f3n de manera paulatina con su nuevo hogar, pues el siguiente paso dentro de algunos meses, ser\u00e1 reintroducirlas a su h\u00e1bitat natural, en selvas cercanas a Palenque.<\/p>\n\n\n\n<p>Lo anterior es resultado del programa de reproducci\u00f3n de guacamayas, que inici\u00f3 en 1993 en parque Xcaret; continu\u00f3 en 2012 con acciones de reintroducci\u00f3n, y a la fecha ha logrado reintroducir 197 ejemplares en la \u201cReserva Ecol\u00f3gica de\u202fNanciyaga\u201d y otros sitios en el estado de Veracruz; m\u00e1s 120 (considerando estas \u00faltimas 16) en Aluxes Ecoparque. Es decir, un total de 317 guacamayas, con una sobrevivencia calculada del 77%.<\/p>\n\n\n\n<figure class=\"wp-block-gallery has-nested-images columns-default is-cropped\">\n<figure class=\"wp-block-image size-large\"><img data-id=\"4881\"  src=\"https:\/\/www.grupoxcaret.com\/es\/wp-content\/uploads\/2022\/06\/028_Guacamayas-scaled.jpg\" alt=\"\" class=\"wp-image-4881\"\/><\/figure>\n<\/figure>\n\n\n\n<p>Para lograr cumplir el objetivo de reintroducci\u00f3n de la especie a la vida silvestre en selvas mexicanas y contribuir a la protecci\u00f3n y recuperaci\u00f3n de sus poblaciones, parque Xcaret implementa acciones desde 6 ejes fundamentales:<\/p>\n\n\n\n<ol><li><strong>An\u00e1lisis de sitios para reintroducci\u00f3n<\/strong><strong>.<\/strong> Se monitorean sitios viables para reintroducci\u00f3n y se analizan las caracter\u00edsticas de dicha zona como: tipo de especies que viven en el ecosistema, posibles depredadores, disponibilidad de alimento y agua. Esto les permite evaluar que el sitio de reintroducci\u00f3n, ser\u00e1 el adecuado para las especies.<\/li><li><strong>An\u00e1lisis de variabilidad gen\u00e9tica<\/strong><strong>.<\/strong> Se ha colaborado con diversas instituciones como el Instituto de Biolog\u00eda de la UNAM para realizar un mapeo gen\u00e9tico y detectar si los ejemplares trasladados de parque Xcaret son viables para su reintroducci\u00f3n en selvas mexicanas.<\/li><li><strong>An\u00e1lisis de comportamiento y adaptabilidad<\/strong><strong>.<\/strong> Para que un ejemplar pueda sobrevivir en vida silvestre, debe ser criado por sus padres o bajo cuidado humano, de manera no invasiva, para asegurar que dichos ejemplares podr\u00e1n desarrollar comportamientos naturales de su especie y sobre todo, sobrevivir sin ayuda humana.&nbsp;<\/li><li><strong>An\u00e1lisis de estado de salud<\/strong><strong>.<\/strong> Parque Xcaret cuenta con un programa de medicina preventiva que garantiza la salud de los ejemplares, a trav\u00e9s de revisiones m\u00e9dicas, desparasitaci\u00f3n interna y externa, revisi\u00f3n de peso y talla y la evaluaci\u00f3n del estado general de nutrici\u00f3n. Revisar constantemente su estado de salud, permite asegurar que los ejemplares cuentan con las condiciones necesarias para sobrevivir. Previo al traslado de ejemplares se lleva a cabo un examen m\u00e9dico exhaustivo.<\/li><li><strong>Traslado a sitios de reintroducci\u00f3n<\/strong><strong>.<\/strong> Una vez que dichos ejemplares son aptos para reintroducci\u00f3n, son trasladados al sitio y tras varios meses de adaptaci\u00f3n, son incorporados a su h\u00e1bitat en vida silvestre.<\/li><li><strong>Monitoreo<\/strong><strong>.<\/strong> Parte fundamental de este proyecto requiere monitorear la ubicaci\u00f3n y vuelo de los ejemplares con el fin de, evaluar de manera indirecta, su estado de salud y a su vez, identificar si se han formado nuevas parejas y detectar nacimientos en vida silvestre.&nbsp;<\/li><\/ol>\n\n\n\n<figure class=\"wp-block-gallery has-nested-images columns-default is-cropped\">\n<figure class=\"wp-block-image size-large\"><img loading=\"lazy\" width=\"1884\" height=\"2560\" data-id=\"4878\"  src=\"https:\/\/www.grupoxcaret.com\/es\/wp-content\/uploads\/2022\/06\/004_Guacamayas-scaled.jpg\" alt=\"\" class=\"wp-image-4878\" srcset=\"https:\/\/www.grupoxcaret.com\/es\/wp-content\/uploads\/2022\/06\/004_Guacamayas-scaled.jpg 1884w, https:\/\/www.grupoxcaret.com\/es\/wp-content\/uploads\/2022\/06\/004_Guacamayas-221x300.jpg 221w, https:\/\/www.grupoxcaret.com\/es\/wp-content\/uploads\/2022\/06\/004_Guacamayas-754x1024.jpg 754w, https:\/\/www.grupoxcaret.com\/es\/wp-content\/uploads\/2022\/06\/004_Guacamayas-768x1044.jpg 768w, https:\/\/www.grupoxcaret.com\/es\/wp-content\/uploads\/2022\/06\/004_Guacamayas-1130x1536.jpg 1130w, https:\/\/www.grupoxcaret.com\/es\/wp-content\/uploads\/2022\/06\/004_Guacamayas-1507x2048.jpg 1507w, https:\/\/www.grupoxcaret.com\/es\/wp-content\/uploads\/2022\/06\/004_Guacamayas-696x946.jpg 696w, https:\/\/www.grupoxcaret.com\/es\/wp-content\/uploads\/2022\/06\/004_Guacamayas-1068x1451.jpg 1068w, https:\/\/www.grupoxcaret.com\/es\/wp-content\/uploads\/2022\/06\/004_Guacamayas-309x420.jpg 309w\" sizes=\"(max-width: 1884px) 100vw, 1884px\" \/><\/figure>\n<\/figure>\n\n\n\n<p><em>\u201cCuando iniciamos nuestro programa de reintroducci\u00f3n, hab\u00eda en M\u00e9xico solo 240 guacamayas en vida silvestre y muy probablemente iban a desaparecer. Gracias a esta iniciativa, que ha sido posible gracias a la Direcci\u00f3n Corporativa de Conservaci\u00f3n a cargo de Rodolfo Raigoza, hemos duplicado la poblaci\u00f3n en vida silvestre de guacamayas en dos zonas de reserva, como Chiapas y Veracruz, donde cabe se\u00f1alar, ya estaban extintas por m\u00e1s de 70 a\u00f1os. Hoy nos enorgullece ver reflejado en cientos de vidas, los m\u00e1s de 30 a\u00f1os de investigaci\u00f3n y trabajo para conservar esta bella especie\u201d<\/em>, coment\u00f3 Iliana Rodr\u00edguez, Directora Corporativa de Xostenibilidad y Relaciones Institucionales de Grupo Xcaret. &nbsp;<\/p>\n","protected":false},"excerpt":{"rendered":"<p>Xcaret, Quintana Roo, 20 de junio, 2022. El pasado 28 de mayo de 2022 se trasladaron 16 guacamayas rojas (Ara macao cyanoptera) hacia \u201cAluxes Ecoparque\u201d, una Asociaci\u00f3n Civil, sin fines de lucro con sede en Palenque, Chiapas. Los ejemplares ser\u00e1n ubicados en un resguardo temporal para su adaptaci\u00f3n y familiarizaci\u00f3n de manera paulatina con su [&hellip;]<\/p>\n","protected":false},"author":23,"featured_media":4877,"comment_status":"closed","ping_status":"closed","sticky":false,"template":"","format":"standard","meta":[],"categories":[97,4,120,72,1,3],"tags":[],"yoast_head":"<!-- This site is optimized with the Yoast SEO plugin v17.6 - https:\/\/yoast.com\/wordpress\/plugins\/seo\/ -->\n<meta name=\"description\" content=\"\u00bfPor qu\u00e9 es tan importante la reciente reintroducci\u00f3n de 16 guacamayas del parque Xcaret en \u201cAluxes Ecoparque\u201d?\" \/>\n<meta name=\"robots\" content=\"index, follow, max-snippet:-1, max-image-preview:large, max-video-preview:-1\" \/>\n<link rel=\"canonical\" href=\"https:\/\/www.grupoxcaret.com\/es\/por-que-es-tan-importante-la-reciente-reintroduccion-de-16-guacamayas-del-parque-xcaret-en-aluxes-ecoparque\/\" \/>\n<meta property=\"og:locale\" content=\"es_ES\" \/>\n<meta property=\"og:type\" content=\"article\" \/>\n<meta property=\"og:title\" content=\"\u00a0\u00bfPor qu\u00e9 es tan importante la reciente reintroducci\u00f3n de 16 guacamayas del parque Xcaret en \u201cAluxes Ecoparque\u201d? - Grupo Xcaret Sitio Corporativo\" \/>\n<meta property=\"og:description\" content=\"\u00bfPor qu\u00e9 es tan importante la reciente reintroducci\u00f3n de 16 guacamayas del parque Xcaret en \u201cAluxes Ecoparque\u201d?\" \/>\n<meta property=\"og:url\" content=\"https:\/\/www.grupoxcaret.com\/es\/por-que-es-tan-importante-la-reciente-reintroduccion-de-16-guacamayas-del-parque-xcaret-en-aluxes-ecoparque\/\" \/>\n<meta property=\"og:site_name\" content=\"Grupo Xcaret Sitio Corporativo\" \/>\n<meta property=\"article:published_time\" content=\"2022-06-20T12:30:08+00:00\" \/>\n<meta property=\"article:modified_time\" content=\"2022-06-20T17:21:52+00:00\" \/>\n<meta property=\"og:image\" content=\"https:\/\/www.grupoxcaret.com\/es\/wp-content\/uploads\/2022\/06\/001_Guacamayas-scaled.jpg\" \/>\n\t<meta property=\"og:image:width\" content=\"2560\" \/>\n\t<meta property=\"og:image:height\" content=\"1701\" \/>\n<meta name=\"twitter:card\" content=\"summary_large_image\" \/>\n<meta name=\"twitter:label1\" content=\"Escrito por\" \/>\n\t<meta name=\"twitter:data1\" content=\"Reyna Irasema Belmont\" \/>\n\t<meta name=\"twitter:label2\" content=\"Tiempo de lectura\" \/>\n\t<meta name=\"twitter:data2\" content=\"3 minutos\" \/>\n<script type=\"application\/ld+json\" class=\"yoast-schema-graph\">{\"@context\":\"https:\/\/schema.org\",\"@graph\":[{\"@type\":\"Organization\",\"@id\":\"https:\/\/www.grupoxcaret.com\/es\/#organization\",\"name\":\"Grupo Xcaret\",\"url\":\"https:\/\/www.grupoxcaret.com\/es\/\",\"sameAs\":[],\"logo\":{\"@type\":\"ImageObject\",\"@id\":\"https:\/\/www.grupoxcaret.com\/es\/#logo\",\"inLanguage\":\"es\",\"url\":\"https:\/\/www.grupoxcaret.com\/es\/wp-content\/uploads\/2015\/04\/exx.png\",\"contentUrl\":\"https:\/\/www.grupoxcaret.com\/es\/wp-content\/uploads\/2015\/04\/exx.png\",\"width\":400,\"height\":136,\"caption\":\"Grupo Xcaret\"},\"image\":{\"@id\":\"https:\/\/www.grupoxcaret.com\/es\/#logo\"}},{\"@type\":\"WebSite\",\"@id\":\"https:\/\/www.grupoxcaret.com\/es\/#website\",\"url\":\"https:\/\/www.grupoxcaret.com\/es\/\",\"name\":\"Grupo Xcaret Sitio Corporativo\",\"description\":\"Conoce el sitio corporativo de Grupo Xcaret. Encuentra informaci\\u00f3n relevante acerca de nuestra historia, marcas, filosof\\u00eda empresarial, pol\\u00edtica de sostenibilidad y mucho m\\u00e1s.\",\"publisher\":{\"@id\":\"https:\/\/www.grupoxcaret.com\/es\/#organization\"},\"potentialAction\":[{\"@type\":\"SearchAction\",\"target\":{\"@type\":\"EntryPoint\",\"urlTemplate\":\"https:\/\/www.grupoxcaret.com\/es\/?s={search_term_string}\"},\"query-input\":\"required name=search_term_string\"}],\"inLanguage\":\"es\"},{\"@type\":\"ImageObject\",\"@id\":\"https:\/\/www.grupoxcaret.com\/es\/por-que-es-tan-importante-la-reciente-reintroduccion-de-16-guacamayas-del-parque-xcaret-en-aluxes-ecoparque\/#primaryimage\",\"inLanguage\":\"es\",\"url\":\"https:\/\/www.grupoxcaret.com\/es\/wp-content\/uploads\/2022\/06\/001_Guacamayas-scaled.jpg\",\"contentUrl\":\"https:\/\/www.grupoxcaret.com\/es\/wp-content\/uploads\/2022\/06\/001_Guacamayas-scaled.jpg\",\"width\":2560,\"height\":1701},{\"@type\":\"WebPage\",\"@id\":\"https:\/\/www.grupoxcaret.com\/es\/por-que-es-tan-importante-la-reciente-reintroduccion-de-16-guacamayas-del-parque-xcaret-en-aluxes-ecoparque\/#webpage\",\"url\":\"https:\/\/www.grupoxcaret.com\/es\/por-que-es-tan-importante-la-reciente-reintroduccion-de-16-guacamayas-del-parque-xcaret-en-aluxes-ecoparque\/\",\"name\":\"\\u00a0\\u00bfPor qu\\u00e9 es tan importante la reciente reintroducci\\u00f3n de 16 guacamayas del parque Xcaret en \\u201cAluxes Ecoparque\\u201d? - Grupo Xcaret Sitio Corporativo\",\"isPartOf\":{\"@id\":\"https:\/\/www.grupoxcaret.com\/es\/#website\"},\"primaryImageOfPage\":{\"@id\":\"https:\/\/www.grupoxcaret.com\/es\/por-que-es-tan-importante-la-reciente-reintroduccion-de-16-guacamayas-del-parque-xcaret-en-aluxes-ecoparque\/#primaryimage\"},\"datePublished\":\"2022-06-20T12:30:08+00:00\",\"dateModified\":\"2022-06-20T17:21:52+00:00\",\"description\":\"\\u00bfPor qu\\u00e9 es tan importante la reciente reintroducci\\u00f3n de 16 guacamayas del parque Xcaret en \\u201cAluxes Ecoparque\\u201d?\",\"breadcrumb\":{\"@id\":\"https:\/\/www.grupoxcaret.com\/es\/por-que-es-tan-importante-la-reciente-reintroduccion-de-16-guacamayas-del-parque-xcaret-en-aluxes-ecoparque\/#breadcrumb\"},\"inLanguage\":\"es\",\"potentialAction\":[{\"@type\":\"ReadAction\",\"target\":[\"https:\/\/www.grupoxcaret.com\/es\/por-que-es-tan-importante-la-reciente-reintroduccion-de-16-guacamayas-del-parque-xcaret-en-aluxes-ecoparque\/\"]}]},{\"@type\":\"BreadcrumbList\",\"@id\":\"https:\/\/www.grupoxcaret.com\/es\/por-que-es-tan-importante-la-reciente-reintroduccion-de-16-guacamayas-del-parque-xcaret-en-aluxes-ecoparque\/#breadcrumb\",\"itemListElement\":[{\"@type\":\"ListItem\",\"position\":1,\"name\":\"Inicio\",\"item\":\"https:\/\/www.grupoxcaret.com\/es\/\"},{\"@type\":\"ListItem\",\"position\":2,\"name\":\"Sala de Prensa\",\"item\":\"https:\/\/www.grupoxcaret.com\/es\/seccion\/sala-de-prensa\/\"},{\"@type\":\"ListItem\",\"position\":3,\"name\":\"\\u00a0\\u00bfPor qu\\u00e9 es tan importante la reciente reintroducci\\u00f3n de 16 guacamayas del parque Xcaret en \\u201cAluxes Ecoparque\\u201d?\"}]},{\"@type\":\"Article\",\"@id\":\"https:\/\/www.grupoxcaret.com\/es\/por-que-es-tan-importante-la-reciente-reintroduccion-de-16-guacamayas-del-parque-xcaret-en-aluxes-ecoparque\/#article\",\"isPartOf\":{\"@id\":\"https:\/\/www.grupoxcaret.com\/es\/por-que-es-tan-importante-la-reciente-reintroduccion-de-16-guacamayas-del-parque-xcaret-en-aluxes-ecoparque\/#webpage\"},\"author\":{\"@id\":\"https:\/\/www.grupoxcaret.com\/es\/#\/schema\/person\/ab672ffae4578284a3537f94723d3752\"},\"headline\":\"\\u00a0\\u00bfPor qu\\u00e9 es tan importante la reciente reintroducci\\u00f3n de 16 guacamayas del parque Xcaret en \\u201cAluxes Ecoparque\\u201d?\",\"datePublished\":\"2022-06-20T12:30:08+00:00\",\"dateModified\":\"2022-06-20T17:21:52+00:00\",\"mainEntityOfPage\":{\"@id\":\"https:\/\/www.grupoxcaret.com\/es\/por-que-es-tan-importante-la-reciente-reintroduccion-de-16-guacamayas-del-parque-xcaret-en-aluxes-ecoparque\/#webpage\"},\"wordCount\":627,\"publisher\":{\"@id\":\"https:\/\/www.grupoxcaret.com\/es\/#organization\"},\"image\":{\"@id\":\"https:\/\/www.grupoxcaret.com\/es\/por-que-es-tan-importante-la-reciente-reintroduccion-de-16-guacamayas-del-parque-xcaret-en-aluxes-ecoparque\/#primaryimage\"},\"thumbnailUrl\":\"https:\/\/www.grupoxcaret.com\/es\/wp-content\/uploads\/2022\/06\/001_Guacamayas-scaled.jpg\",\"articleSection\":[\"Acerca de\",\"Boletines de Prensa\",\"Conservaci\\u00f3n\",\"Destacados\",\"Noticias\",\"Sala de Prensa\"],\"inLanguage\":\"es\"},{\"@type\":\"Person\",\"@id\":\"https:\/\/www.grupoxcaret.com\/es\/#\/schema\/person\/ab672ffae4578284a3537f94723d3752\",\"name\":\"Reyna Irasema Belmont\",\"image\":{\"@type\":\"ImageObject\",\"@id\":\"https:\/\/www.grupoxcaret.com\/es\/#personlogo\",\"inLanguage\":\"es\",\"url\":\"https:\/\/secure.gravatar.com\/avatar\/1633fc5d037b61325381949cab28bd1d?s=96&d=mm&r=g\",\"contentUrl\":\"https:\/\/secure.gravatar.com\/avatar\/1633fc5d037b61325381949cab28bd1d?s=96&d=mm&r=g\",\"caption\":\"Reyna Irasema Belmont\"},\"url\":\"https:\/\/www.grupoxcaret.com\/es\/author\/ibelmont\/\"}]}<\/script>\n<!-- \/ Yoast SEO plugin. -->","yoast_head_json":{"description":"\u00bfPor qu\u00e9 es tan importante la reciente reintroducci\u00f3n de 16 guacamayas del parque Xcaret en \u201cAluxes Ecoparque\u201d?","robots":{"index":"index","follow":"follow","max-snippet":"max-snippet:-1","max-image-preview":"max-image-preview:large","max-video-preview":"max-video-preview:-1"},"canonical":"https:\/\/www.grupoxcaret.com\/es\/por-que-es-tan-importante-la-reciente-reintroduccion-de-16-guacamayas-del-parque-xcaret-en-aluxes-ecoparque\/","og_locale":"es_ES","og_type":"article","og_title":"\u00a0\u00bfPor qu\u00e9 es tan importante la reciente reintroducci\u00f3n de 16 guacamayas del parque Xcaret en \u201cAluxes Ecoparque\u201d? - Grupo Xcaret Sitio Corporativo","og_description":"\u00bfPor qu\u00e9 es tan importante la reciente reintroducci\u00f3n de 16 guacamayas del parque Xcaret en \u201cAluxes Ecoparque\u201d?","og_url":"https:\/\/www.grupoxcaret.com\/es\/por-que-es-tan-importante-la-reciente-reintroduccion-de-16-guacamayas-del-parque-xcaret-en-aluxes-ecoparque\/","og_site_name":"Grupo Xcaret Sitio Corporativo","article_published_time":"2022-06-20T12:30:08+00:00","article_modified_time":"2022-06-20T17:21:52+00:00","og_image":[{"width":2560,"height":1701,"url":"https:\/\/www.grupoxcaret.com\/es\/wp-content\/uploads\/2022\/06\/001_Guacamayas-scaled.jpg","type":"image\/jpeg"}],"twitter_card":"summary_large_image","twitter_misc":{"Escrito por":"Reyna Irasema Belmont","Tiempo de lectura":"3 minutos"},"schema":{"@context":"https:\/\/schema.org","@graph":[{"@type":"Organization","@id":"https:\/\/www.grupoxcaret.com\/es\/#organization","name":"Grupo Xcaret","url":"https:\/\/www.grupoxcaret.com\/es\/","sameAs":[],"logo":{"@type":"ImageObject","@id":"https:\/\/www.grupoxcaret.com\/es\/#logo","inLanguage":"es","url":"https:\/\/www.grupoxcaret.com\/es\/wp-content\/uploads\/2015\/04\/exx.png","contentUrl":"https:\/\/www.grupoxcaret.com\/es\/wp-content\/uploads\/2015\/04\/exx.png","width":400,"height":136,"caption":"Grupo Xcaret"},"image":{"@id":"https:\/\/www.grupoxcaret.com\/es\/#logo"}},{"@type":"WebSite","@id":"https:\/\/www.grupoxcaret.com\/es\/#website","url":"https:\/\/www.grupoxcaret.com\/es\/","name":"Grupo Xcaret Sitio Corporativo","description":"Conoce el sitio corporativo de Grupo Xcaret. Encuentra informaci\u00f3n relevante acerca de nuestra historia, marcas, filosof\u00eda empresarial, pol\u00edtica de sostenibilidad y mucho m\u00e1s.","publisher":{"@id":"https:\/\/www.grupoxcaret.com\/es\/#organization"},"potentialAction":[{"@type":"SearchAction","target":{"@type":"EntryPoint","urlTemplate":"https:\/\/www.grupoxcaret.com\/es\/?s={search_term_string}"},"query-input":"required name=search_term_string"}],"inLanguage":"es"},{"@type":"ImageObject","@id":"https:\/\/www.grupoxcaret.com\/es\/por-que-es-tan-importante-la-reciente-reintroduccion-de-16-guacamayas-del-parque-xcaret-en-aluxes-ecoparque\/#primaryimage","inLanguage":"es","url":"https:\/\/www.grupoxcaret.com\/es\/wp-content\/uploads\/2022\/06\/001_Guacamayas-scaled.jpg","contentUrl":"https:\/\/www.grupoxcaret.com\/es\/wp-content\/uploads\/2022\/06\/001_Guacamayas-scaled.jpg","width":2560,"height":1701},{"@type":"WebPage","@id":"https:\/\/www.grupoxcaret.com\/es\/por-que-es-tan-importante-la-reciente-reintroduccion-de-16-guacamayas-del-parque-xcaret-en-aluxes-ecoparque\/#webpage","url":"https:\/\/www.grupoxcaret.com\/es\/por-que-es-tan-importante-la-reciente-reintroduccion-de-16-guacamayas-del-parque-xcaret-en-aluxes-ecoparque\/","name":"\u00a0\u00bfPor qu\u00e9 es tan importante la reciente reintroducci\u00f3n de 16 guacamayas del parque Xcaret en \u201cAluxes Ecoparque\u201d? - Grupo Xcaret Sitio Corporativo","isPartOf":{"@id":"https:\/\/www.grupoxcaret.com\/es\/#website"},"primaryImageOfPage":{"@id":"https:\/\/www.grupoxcaret.com\/es\/por-que-es-tan-importante-la-reciente-reintroduccion-de-16-guacamayas-del-parque-xcaret-en-aluxes-ecoparque\/#primaryimage"},"datePublished":"2022-06-20T12:30:08+00:00","dateModified":"2022-06-20T17:21:52+00:00","description":"\u00bfPor qu\u00e9 es tan importante la reciente reintroducci\u00f3n de 16 guacamayas del parque Xcaret en \u201cAluxes Ecoparque\u201d?","breadcrumb":{"@id":"https:\/\/www.grupoxcaret.com\/es\/por-que-es-tan-importante-la-reciente-reintroduccion-de-16-guacamayas-del-parque-xcaret-en-aluxes-ecoparque\/#breadcrumb"},"inLanguage":"es","potentialAction":[{"@type":"ReadAction","target":["https:\/\/www.grupoxcaret.com\/es\/por-que-es-tan-importante-la-reciente-reintroduccion-de-16-guacamayas-del-parque-xcaret-en-aluxes-ecoparque\/"]}]},{"@type":"BreadcrumbList","@id":"https:\/\/www.grupoxcaret.com\/es\/por-que-es-tan-importante-la-reciente-reintroduccion-de-16-guacamayas-del-parque-xcaret-en-aluxes-ecoparque\/#breadcrumb","itemListElement":[{"@type":"ListItem","position":1,"name":"Inicio","item":"https:\/\/www.grupoxcaret.com\/es\/"},{"@type":"ListItem","position":2,"name":"Sala de Prensa","item":"https:\/\/www.grupoxcaret.com\/es\/seccion\/sala-de-prensa\/"},{"@type":"ListItem","position":3,"name":"\u00a0\u00bfPor qu\u00e9 es tan importante la reciente reintroducci\u00f3n de 16 guacamayas del parque Xcaret en \u201cAluxes Ecoparque\u201d?"}]},{"@type":"Article","@id":"https:\/\/www.grupoxcaret.com\/es\/por-que-es-tan-importante-la-reciente-reintroduccion-de-16-guacamayas-del-parque-xcaret-en-aluxes-ecoparque\/#article","isPartOf":{"@id":"https:\/\/www.grupoxcaret.com\/es\/por-que-es-tan-importante-la-reciente-reintroduccion-de-16-guacamayas-del-parque-xcaret-en-aluxes-ecoparque\/#webpage"},"author":{"@id":"https:\/\/www.grupoxcaret.com\/es\/#\/schema\/person\/ab672ffae4578284a3537f94723d3752"},"headline":"\u00a0\u00bfPor qu\u00e9 es tan importante la reciente reintroducci\u00f3n de 16 guacamayas del parque Xcaret en \u201cAluxes Ecoparque\u201d?","datePublished":"2022-06-20T12:30:08+00:00","dateModified":"2022-06-20T17:21:52+00:00","mainEntityOfPage":{"@id":"https:\/\/www.grupoxcaret.com\/es\/por-que-es-tan-importante-la-reciente-reintroduccion-de-16-guacamayas-del-parque-xcaret-en-aluxes-ecoparque\/#webpage"},"wordCount":627,"publisher":{"@id":"https:\/\/www.grupoxcaret.com\/es\/#organization"},"image":{"@id":"https:\/\/www.grupoxcaret.com\/es\/por-que-es-tan-importante-la-reciente-reintroduccion-de-16-guacamayas-del-parque-xcaret-en-aluxes-ecoparque\/#primaryimage"},"thumbnailUrl":"https:\/\/www.grupoxcaret.com\/es\/wp-content\/uploads\/2022\/06\/001_Guacamayas-scaled.jpg","articleSection":["Acerca de","Boletines de Prensa","Conservaci\u00f3n","Destacados","Noticias","Sala de Prensa"],"inLanguage":"es"},{"@type":"Person","@id":"https:\/\/www.grupoxcaret.com\/es\/#\/schema\/person\/ab672ffae4578284a3537f94723d3752","name":"Reyna Irasema Belmont","image":{"@type":"ImageObject","@id":"https:\/\/www.grupoxcaret.com\/es\/#personlogo","inLanguage":"es","url":"https:\/\/secure.gravatar.com\/avatar\/1633fc5d037b61325381949cab28bd1d?s=96&d=mm&r=g","contentUrl":"https:\/\/secure.gravatar.com\/avatar\/1633fc5d037b61325381949cab28bd1d?s=96&d=mm&r=g","caption":"Reyna Irasema Belmont"},"url":"https:\/\/www.grupoxcaret.com\/es\/author\/ibelmont\/"}]}},"amp_enabled":true,"_links":{"self":[{"href":"https:\/\/www.grupoxcaret.com\/es\/wp-json\/wp\/v2\/posts\/4916"}],"collection":[{"href":"https:\/\/www.grupoxcaret.com\/es\/wp-json\/wp\/v2\/posts"}],"about":[{"href":"https:\/\/www.grupoxcaret.com\/es\/wp-json\/wp\/v2\/types\/post"}],"author":[{"embeddable":true,"href":"https:\/\/www.grupoxcaret.com\/es\/wp-json\/wp\/v2\/users\/23"}],"replies":[{"embeddable":true,"href":"https:\/\/www.grupoxcaret.com\/es\/wp-json\/wp\/v2\/comments?post=4916"}],"version-history":[{"count":4,"href":"https:\/\/www.grupoxcaret.com\/es\/wp-json\/wp\/v2\/posts\/4916\/revisions"}],"predecessor-version":[{"id":4921,"href":"https:\/\/www.grupoxcaret.com\/es\/wp-json\/wp\/v2\/posts\/4916\/revisions\/4921"}],"wp:featuredmedia":[{"embeddable":true,"href":"https:\/\/www.grupoxcaret.com\/es\/wp-json\/wp\/v2\/media\/4877"}],"wp:attachment":[{"href":"https:\/\/www.grupoxcaret.com\/es\/wp-json\/wp\/v2\/media?parent=4916"}],"wp:term":[{"taxonomy":"category","embeddable":true,"href":"https:\/\/www.grupoxcaret.com\/es\/wp-json\/wp\/v2\/categories?post=4916"},{"taxonomy":"post_tag","embeddable":true,"href":"https:\/\/www.grupoxcaret.com\/es\/wp-json\/wp\/v2\/tags?post=4916"}],"curies":[{"name":"wp","href":"https:\/\/api.w.org\/{rel}","templated":true}]}}