{"id":4566,"date":"2021-10-01T08:00:00","date_gmt":"2021-10-01T08:00:00","guid":{"rendered":"https:\/\/www.grupoxcaret.com\/es\/?p=4566"},"modified":"2021-10-07T16:46:57","modified_gmt":"2021-10-07T16:46:57","slug":"instauran-sectur-y-xcaret-la-catedra-de-sostenibilidad-turistica-arquitecto-miguel-quintana-pali","status":"publish","type":"post","link":"https:\/\/www.grupoxcaret.com\/es\/instauran-sectur-y-xcaret-la-catedra-de-sostenibilidad-turistica-arquitecto-miguel-quintana-pali\/","title":{"rendered":"Instauran Sectur y Xcaret la C\u00e1tedra de Sostenibilidad Tur\u00edstica: \u201cArquitecto Miguel Quintana Pali\u201d"},"content":{"rendered":"\n<p><\/p>\n\n\n\n<p>\u00b7 <em>El secretario de Turismo del Gobierno de M\u00e9xico, Miguel Torruco Marqu\u00e9s, afirm\u00f3 que es un merecido reconocimiento al fundador de Grupo Xcaret, un hombre visionario y emprendedor, que ha sabido entender la realidad de un nuevo turismo.<\/em><\/p>\n\n\n\n<p>\u00b7 <em>Podr\u00e1n participar estudiantes, acad\u00e9micos, empresarios, miembros de c\u00e1maras y asociaciones, as\u00ed como funcionarios de gobierno<\/em>.<\/p>\n\n\n\n<p>\u00b7 <em>Ser\u00e1 un espacio acad\u00e9mico de discusi\u00f3n e intercambio de mejores pr\u00e1cticas y modelos de sostenibilidad.<\/em><\/p>\n\n\n\n<p><strong>Xcaret, Quintana Roo, 1\u00b0 de octubre de 2021<\/strong>.- Ayer por la tarde, se dio a conocer la instauraci\u00f3n de la C\u00e1tedra de Sostenibilidad Tur\u00edstica: \u201cArquitecto Miguel Quintana Pali\u201d, que tiene por objetivo crear un espacio para el aprendizaje, la reflexi\u00f3n y el di\u00e1logo sobre la cultura de la conservaci\u00f3n y el desarrollo de M\u00e9xico; adem\u00e1s de ser un reconocimiento al fundador y director general del Grupo Xcaret, y sus esfuerzos por fortalecer el turismo sustentable.<\/p>\n\n\n\n<p>Al respecto, el secretario de Turismo del Gobierno de M\u00e9xico, Miguel Torruco Marqu\u00e9s, asegur\u00f3 que a lo largo de los a\u00f1os, la actividad humana ha provocado impactos negativos en el medio ambiente por una inadecuada explotaci\u00f3n de los recursos naturales, como contaminaci\u00f3n de mares, litorales, lagunas y r\u00edos; extinci\u00f3n de algunas especies de flora y fauna, y calentamiento global, entre muchos otros.<\/p>\n\n\n\n<p>Indic\u00f3 que el turismo, dada su creciente y r\u00e1pida expansi\u00f3n, tambi\u00e9n ha contribuido a este deterioro, lo que conlleva en la actualidad a realizar acciones e implementar programas que favorezcan su crecimiento sin menoscabo del entorno natural y cultural.<\/p>\n\n\n\n<p>Por ello, destac\u00f3 la imperiosa necesidad de un turismo sostenible, que sea autofinanciable, preserve el medio ambiente, beneficie a la poblaci\u00f3n local y, como un nuevo precepto, aplique las medidas biosanitarias, brindando seguridad y confianza tanto a los visitantes como a los prestadores de servicios. Esta debe ser la actual realidad de la industria tur\u00edstica y de todas las actividades del quehacer humano.<\/p>\n\n\n\n<p>\u201cLa instauraci\u00f3n de la C\u00e1tedra de Sostenibilidad Tur\u00edstica \u201cArquitecto Miguel Quintana Pali\u201d<em> <\/em>viene a refrendar el compromiso que hemos asumido en M\u00e9xico de cuidar y proteger a nuestro entorno natural y preservar nuestra identidad hist\u00f3rica y cultural\u201d, afirm\u00f3.<\/p>\n\n\n\n<p>Destac\u00f3 que Xcaret ha sido reconocido en los #TravvyAwards por cuatro a\u00f1os consecutivos como el mejor parque acu\u00e1tico del mundo y aprovech\u00f3 para felicitar a Miguel Quintana Pali por su labor realizada en Grupo Xcaret, que a la fecha cuenta con ocho parques tem\u00e1ticos en Quintana Roo y Yucat\u00e1n, as\u00ed como con diversos recorridos y circuitos tur\u00edsticos.<\/p>\n\n\n\n<p>Tambi\u00e9n record\u00f3 que, seg\u00fan palabras del propio Quintana Pali, \u201cla sostenibilidad hay que hacerla en 360 grados y en tercera dimensi\u00f3n: en todos los sentidos\u201d, y Grupo Xcaret responde plenamente a esta gran visi\u00f3n, que todos debemos compartir y actuar en consecuencia.<\/p>\n\n\n\n<p>Extern\u00f3 que prueba de lo anterior son el aviario de inmersi\u00f3n, en el que se han criado m\u00e1s de mil 500 aves mexicanas; 15 millones de tortugas marinas reintroducidas desde 1993; la reforestaci\u00f3n de 3 millones de \u00e1rboles y plantas en 20 a\u00f1os; as\u00ed como la reproducci\u00f3n y reintroducci\u00f3n a su entorno natural de guacamayas rojas, especie en peligro de extinci\u00f3n.<\/p>\n\n\n\n<p>Agreg\u00f3 que Grupo Xcaret ofrece espect\u00e1culos en los que se muestra la historia, cultura y tradiciones de M\u00e9xico, como ritos, leyendas, folclor, m\u00fasica y danza regional, entre otras manifestaciones culturales.<\/p>\n\n\n\n<p>El titular de la Secretar\u00eda de Turismo (Sectur) explic\u00f3 que, aunado a esto, se ha destacado en el \u00e1mbito nacional por ser una empresa socialmente responsable y una de las mejores para trabajar, ya que de manera permanente genera oportunidades de crecimiento y bienestar para sus colaboradores y sus familias; apoya a la ludoteca de la colonia Colosio en Playa del Carmen; otorga cortes\u00edas a grupos vulnerables para el ingreso a las instalaciones de cualquiera de sus parques; organiza jornadas de educaci\u00f3n ambiental para estudiantes; y desarrolla programas de conservaci\u00f3n de fauna de la regi\u00f3n.<\/p>\n\n\n\n<p>Indic\u00f3 que Grupo Xcaret, empresa orgullosamente mexicana, ha recibido m\u00e1s de 50 millones de visitantes en toda su historia, atra\u00eddos por un modelo innovador de parques tem\u00e1ticos que ha traspasado fronteras.<\/p>\n\n\n\n<p>\u201cPor todo esto, la \u201cC\u00e1tedra de Sostenibilidad Tur\u00edstica\u201d lleva el nombre del arquitecto Miguel Quintana Pali, y es un merecido reconocimiento al fundador de Grupo Xcaret: un hombre visionario y emprendedor, que ha sabido entender la realidad de un nuevo turismo, dijo.<\/p>\n\n\n\n<p>A\u00f1adi\u00f3 que la instauraci\u00f3n de esta c\u00e1tedra, que se realizar\u00e1 de manera itinerante, permitir\u00e1 reforzar la labor que en la materia se viene desarrollando en la Secretar\u00eda de Turismo.<\/p>\n\n\n\n<p>Destac\u00f3 que esta c\u00e1tedra representa un espacio para que estudiantes, acad\u00e9micos, empresarios, miembros de c\u00e1maras y asociaciones, as\u00ed como funcionarios de gobierno, discutan e intercambien mejores pr\u00e1cticas y modelos de sostenibilidad.<\/p>\n\n\n\n<p>Al concluir su participaci\u00f3n, el secretario Torruco Marqu\u00e9s felicit\u00f3 a Quintana Pali por sus esfuerzos realizados para la pr\u00e1ctica de un turismo m\u00e1s sustentable y asever\u00f3 estar convencido de que seguir\u00e1 impulsando nuevos productos que fortalezcan la gran oferta tur\u00edstica de M\u00e9xico.<\/p>\n\n\n\n<p>Autor: Secretar\u00eda de Turismo<\/p>\n","protected":false},"excerpt":{"rendered":"<p>\u00b7 El secretario de Turismo del Gobierno de M\u00e9xico, Miguel Torruco Marqu\u00e9s, afirm\u00f3 que es un merecido reconocimiento al fundador de Grupo Xcaret, un hombre visionario y emprendedor, que ha sabido entender la realidad de un nuevo turismo. \u00b7 Podr\u00e1n participar estudiantes, acad\u00e9micos, empresarios, miembros de c\u00e1maras y asociaciones, as\u00ed como funcionarios de gobierno. \u00b7 [&hellip;]<\/p>\n","protected":false},"author":23,"featured_media":3298,"comment_status":"closed","ping_status":"closed","sticky":false,"template":"","format":"standard","meta":[],"categories":[97,4,72,1,105,3],"tags":[],"yoast_head":"<!-- This site is optimized with the Yoast SEO plugin v17.6 - https:\/\/yoast.com\/wordpress\/plugins\/seo\/ -->\n<meta name=\"description\" content=\"Instauran Sectur y Xcaret la C\u00e1tedra de Sostenibilidad Tur\u00edstica: \u201cArquitecto Miguel Quintana Pali\u201d ayer por la tarde.\" \/>\n<meta name=\"robots\" content=\"index, follow, max-snippet:-1, max-image-preview:large, max-video-preview:-1\" \/>\n<link rel=\"canonical\" href=\"https:\/\/www.grupoxcaret.com\/es\/instauran-sectur-y-xcaret-la-catedra-de-sostenibilidad-turistica-arquitecto-miguel-quintana-pali\/\" \/>\n<meta property=\"og:locale\" content=\"es_ES\" \/>\n<meta property=\"og:type\" content=\"article\" \/>\n<meta property=\"og:title\" content=\"Instauran Sectur y Xcaret la C\u00e1tedra de Sostenibilidad Tur\u00edstica: \u201cArquitecto Miguel Quintana Pali\u201d - Grupo Xcaret Sitio Corporativo\" \/>\n<meta property=\"og:description\" content=\"Instauran Sectur y Xcaret la C\u00e1tedra de Sostenibilidad Tur\u00edstica: \u201cArquitecto Miguel Quintana Pali\u201d ayer por la tarde.\" \/>\n<meta property=\"og:url\" content=\"https:\/\/www.grupoxcaret.com\/es\/instauran-sectur-y-xcaret-la-catedra-de-sostenibilidad-turistica-arquitecto-miguel-quintana-pali\/\" \/>\n<meta property=\"og:site_name\" content=\"Grupo Xcaret Sitio Corporativo\" \/>\n<meta property=\"article:published_time\" content=\"2021-10-01T08:00:00+00:00\" \/>\n<meta property=\"article:modified_time\" content=\"2021-10-07T16:46:57+00:00\" \/>\n<meta property=\"og:image\" content=\"https:\/\/www.grupoxcaret.com\/es\/wp-content\/uploads\/2020\/03\/LOGOTIPO-1.jpg\" \/>\n\t<meta property=\"og:image:width\" content=\"850\" \/>\n\t<meta property=\"og:image:height\" content=\"480\" \/>\n<meta name=\"twitter:card\" content=\"summary_large_image\" \/>\n<meta name=\"twitter:label1\" content=\"Escrito por\" \/>\n\t<meta name=\"twitter:data1\" content=\"Reyna Irasema Belmont\" \/>\n\t<meta name=\"twitter:label2\" content=\"Tiempo de lectura\" \/>\n\t<meta name=\"twitter:data2\" content=\"4 minutos\" \/>\n<script type=\"application\/ld+json\" class=\"yoast-schema-graph\">{\"@context\":\"https:\/\/schema.org\",\"@graph\":[{\"@type\":\"Organization\",\"@id\":\"https:\/\/www.grupoxcaret.com\/es\/#organization\",\"name\":\"Grupo Xcaret\",\"url\":\"https:\/\/www.grupoxcaret.com\/es\/\",\"sameAs\":[],\"logo\":{\"@type\":\"ImageObject\",\"@id\":\"https:\/\/www.grupoxcaret.com\/es\/#logo\",\"inLanguage\":\"es\",\"url\":\"https:\/\/www.grupoxcaret.com\/es\/wp-content\/uploads\/2015\/04\/exx.png\",\"contentUrl\":\"https:\/\/www.grupoxcaret.com\/es\/wp-content\/uploads\/2015\/04\/exx.png\",\"width\":400,\"height\":136,\"caption\":\"Grupo Xcaret\"},\"image\":{\"@id\":\"https:\/\/www.grupoxcaret.com\/es\/#logo\"}},{\"@type\":\"WebSite\",\"@id\":\"https:\/\/www.grupoxcaret.com\/es\/#website\",\"url\":\"https:\/\/www.grupoxcaret.com\/es\/\",\"name\":\"Grupo Xcaret Sitio Corporativo\",\"description\":\"Conoce el sitio corporativo de Grupo Xcaret. Encuentra informaci\\u00f3n relevante acerca de nuestra historia, marcas, filosof\\u00eda empresarial, pol\\u00edtica de sostenibilidad y mucho m\\u00e1s.\",\"publisher\":{\"@id\":\"https:\/\/www.grupoxcaret.com\/es\/#organization\"},\"potentialAction\":[{\"@type\":\"SearchAction\",\"target\":{\"@type\":\"EntryPoint\",\"urlTemplate\":\"https:\/\/www.grupoxcaret.com\/es\/?s={search_term_string}\"},\"query-input\":\"required name=search_term_string\"}],\"inLanguage\":\"es\"},{\"@type\":\"ImageObject\",\"@id\":\"https:\/\/www.grupoxcaret.com\/es\/instauran-sectur-y-xcaret-la-catedra-de-sostenibilidad-turistica-arquitecto-miguel-quintana-pali\/#primaryimage\",\"inLanguage\":\"es\",\"url\":\"https:\/\/www.grupoxcaret.com\/es\/wp-content\/uploads\/2020\/03\/LOGOTIPO-1.jpg\",\"contentUrl\":\"https:\/\/www.grupoxcaret.com\/es\/wp-content\/uploads\/2020\/03\/LOGOTIPO-1.jpg\",\"width\":850,\"height\":480},{\"@type\":\"WebPage\",\"@id\":\"https:\/\/www.grupoxcaret.com\/es\/instauran-sectur-y-xcaret-la-catedra-de-sostenibilidad-turistica-arquitecto-miguel-quintana-pali\/#webpage\",\"url\":\"https:\/\/www.grupoxcaret.com\/es\/instauran-sectur-y-xcaret-la-catedra-de-sostenibilidad-turistica-arquitecto-miguel-quintana-pali\/\",\"name\":\"Instauran Sectur y Xcaret la C\\u00e1tedra de Sostenibilidad Tur\\u00edstica: \\u201cArquitecto Miguel Quintana Pali\\u201d - Grupo Xcaret Sitio Corporativo\",\"isPartOf\":{\"@id\":\"https:\/\/www.grupoxcaret.com\/es\/#website\"},\"primaryImageOfPage\":{\"@id\":\"https:\/\/www.grupoxcaret.com\/es\/instauran-sectur-y-xcaret-la-catedra-de-sostenibilidad-turistica-arquitecto-miguel-quintana-pali\/#primaryimage\"},\"datePublished\":\"2021-10-01T08:00:00+00:00\",\"dateModified\":\"2021-10-07T16:46:57+00:00\",\"description\":\"Instauran Sectur y Xcaret la C\\u00e1tedra de Sostenibilidad Tur\\u00edstica: \\u201cArquitecto Miguel Quintana Pali\\u201d ayer por la tarde.\",\"breadcrumb\":{\"@id\":\"https:\/\/www.grupoxcaret.com\/es\/instauran-sectur-y-xcaret-la-catedra-de-sostenibilidad-turistica-arquitecto-miguel-quintana-pali\/#breadcrumb\"},\"inLanguage\":\"es\",\"potentialAction\":[{\"@type\":\"ReadAction\",\"target\":[\"https:\/\/www.grupoxcaret.com\/es\/instauran-sectur-y-xcaret-la-catedra-de-sostenibilidad-turistica-arquitecto-miguel-quintana-pali\/\"]}]},{\"@type\":\"BreadcrumbList\",\"@id\":\"https:\/\/www.grupoxcaret.com\/es\/instauran-sectur-y-xcaret-la-catedra-de-sostenibilidad-turistica-arquitecto-miguel-quintana-pali\/#breadcrumb\",\"itemListElement\":[{\"@type\":\"ListItem\",\"position\":1,\"name\":\"Inicio\",\"item\":\"https:\/\/www.grupoxcaret.com\/es\/\"},{\"@type\":\"ListItem\",\"position\":2,\"name\":\"Destacados\",\"item\":\"https:\/\/www.grupoxcaret.com\/es\/seccion\/destacados\/\"},{\"@type\":\"ListItem\",\"position\":3,\"name\":\"Instauran Sectur y Xcaret la C\\u00e1tedra de Sostenibilidad Tur\\u00edstica: \\u201cArquitecto Miguel Quintana Pali\\u201d\"}]},{\"@type\":\"Article\",\"@id\":\"https:\/\/www.grupoxcaret.com\/es\/instauran-sectur-y-xcaret-la-catedra-de-sostenibilidad-turistica-arquitecto-miguel-quintana-pali\/#article\",\"isPartOf\":{\"@id\":\"https:\/\/www.grupoxcaret.com\/es\/instauran-sectur-y-xcaret-la-catedra-de-sostenibilidad-turistica-arquitecto-miguel-quintana-pali\/#webpage\"},\"author\":{\"@id\":\"https:\/\/www.grupoxcaret.com\/es\/#\/schema\/person\/ab672ffae4578284a3537f94723d3752\"},\"headline\":\"Instauran Sectur y Xcaret la C\\u00e1tedra de Sostenibilidad Tur\\u00edstica: \\u201cArquitecto Miguel Quintana Pali\\u201d\",\"datePublished\":\"2021-10-01T08:00:00+00:00\",\"dateModified\":\"2021-10-07T16:46:57+00:00\",\"mainEntityOfPage\":{\"@id\":\"https:\/\/www.grupoxcaret.com\/es\/instauran-sectur-y-xcaret-la-catedra-de-sostenibilidad-turistica-arquitecto-miguel-quintana-pali\/#webpage\"},\"wordCount\":892,\"publisher\":{\"@id\":\"https:\/\/www.grupoxcaret.com\/es\/#organization\"},\"image\":{\"@id\":\"https:\/\/www.grupoxcaret.com\/es\/instauran-sectur-y-xcaret-la-catedra-de-sostenibilidad-turistica-arquitecto-miguel-quintana-pali\/#primaryimage\"},\"thumbnailUrl\":\"https:\/\/www.grupoxcaret.com\/es\/wp-content\/uploads\/2020\/03\/LOGOTIPO-1.jpg\",\"articleSection\":[\"Acerca de\",\"Boletines de Prensa\",\"Destacados\",\"Noticias\",\"Reconocimientos\",\"Sala de Prensa\"],\"inLanguage\":\"es\"},{\"@type\":\"Person\",\"@id\":\"https:\/\/www.grupoxcaret.com\/es\/#\/schema\/person\/ab672ffae4578284a3537f94723d3752\",\"name\":\"Reyna Irasema Belmont\",\"image\":{\"@type\":\"ImageObject\",\"@id\":\"https:\/\/www.grupoxcaret.com\/es\/#personlogo\",\"inLanguage\":\"es\",\"url\":\"https:\/\/secure.gravatar.com\/avatar\/1633fc5d037b61325381949cab28bd1d?s=96&d=mm&r=g\",\"contentUrl\":\"https:\/\/secure.gravatar.com\/avatar\/1633fc5d037b61325381949cab28bd1d?s=96&d=mm&r=g\",\"caption\":\"Reyna Irasema Belmont\"},\"url\":\"https:\/\/www.grupoxcaret.com\/es\/author\/ibelmont\/\"}]}<\/script>\n<!-- \/ Yoast SEO plugin. -->","yoast_head_json":{"description":"Instauran Sectur y Xcaret la C\u00e1tedra de Sostenibilidad Tur\u00edstica: \u201cArquitecto Miguel Quintana Pali\u201d ayer por la tarde.","robots":{"index":"index","follow":"follow","max-snippet":"max-snippet:-1","max-image-preview":"max-image-preview:large","max-video-preview":"max-video-preview:-1"},"canonical":"https:\/\/www.grupoxcaret.com\/es\/instauran-sectur-y-xcaret-la-catedra-de-sostenibilidad-turistica-arquitecto-miguel-quintana-pali\/","og_locale":"es_ES","og_type":"article","og_title":"Instauran Sectur y Xcaret la C\u00e1tedra de Sostenibilidad Tur\u00edstica: \u201cArquitecto Miguel Quintana Pali\u201d - Grupo Xcaret Sitio Corporativo","og_description":"Instauran Sectur y Xcaret la C\u00e1tedra de Sostenibilidad Tur\u00edstica: \u201cArquitecto Miguel Quintana Pali\u201d ayer por la tarde.","og_url":"https:\/\/www.grupoxcaret.com\/es\/instauran-sectur-y-xcaret-la-catedra-de-sostenibilidad-turistica-arquitecto-miguel-quintana-pali\/","og_site_name":"Grupo Xcaret Sitio Corporativo","article_published_time":"2021-10-01T08:00:00+00:00","article_modified_time":"2021-10-07T16:46:57+00:00","og_image":[{"width":850,"height":480,"url":"https:\/\/www.grupoxcaret.com\/es\/wp-content\/uploads\/2020\/03\/LOGOTIPO-1.jpg","type":"image\/jpeg"}],"twitter_card":"summary_large_image","twitter_misc":{"Escrito por":"Reyna Irasema Belmont","Tiempo de lectura":"4 minutos"},"schema":{"@context":"https:\/\/schema.org","@graph":[{"@type":"Organization","@id":"https:\/\/www.grupoxcaret.com\/es\/#organization","name":"Grupo Xcaret","url":"https:\/\/www.grupoxcaret.com\/es\/","sameAs":[],"logo":{"@type":"ImageObject","@id":"https:\/\/www.grupoxcaret.com\/es\/#logo","inLanguage":"es","url":"https:\/\/www.grupoxcaret.com\/es\/wp-content\/uploads\/2015\/04\/exx.png","contentUrl":"https:\/\/www.grupoxcaret.com\/es\/wp-content\/uploads\/2015\/04\/exx.png","width":400,"height":136,"caption":"Grupo Xcaret"},"image":{"@id":"https:\/\/www.grupoxcaret.com\/es\/#logo"}},{"@type":"WebSite","@id":"https:\/\/www.grupoxcaret.com\/es\/#website","url":"https:\/\/www.grupoxcaret.com\/es\/","name":"Grupo Xcaret Sitio Corporativo","description":"Conoce el sitio corporativo de Grupo Xcaret. Encuentra informaci\u00f3n relevante acerca de nuestra historia, marcas, filosof\u00eda empresarial, pol\u00edtica de sostenibilidad y mucho m\u00e1s.","publisher":{"@id":"https:\/\/www.grupoxcaret.com\/es\/#organization"},"potentialAction":[{"@type":"SearchAction","target":{"@type":"EntryPoint","urlTemplate":"https:\/\/www.grupoxcaret.com\/es\/?s={search_term_string}"},"query-input":"required name=search_term_string"}],"inLanguage":"es"},{"@type":"ImageObject","@id":"https:\/\/www.grupoxcaret.com\/es\/instauran-sectur-y-xcaret-la-catedra-de-sostenibilidad-turistica-arquitecto-miguel-quintana-pali\/#primaryimage","inLanguage":"es","url":"https:\/\/www.grupoxcaret.com\/es\/wp-content\/uploads\/2020\/03\/LOGOTIPO-1.jpg","contentUrl":"https:\/\/www.grupoxcaret.com\/es\/wp-content\/uploads\/2020\/03\/LOGOTIPO-1.jpg","width":850,"height":480},{"@type":"WebPage","@id":"https:\/\/www.grupoxcaret.com\/es\/instauran-sectur-y-xcaret-la-catedra-de-sostenibilidad-turistica-arquitecto-miguel-quintana-pali\/#webpage","url":"https:\/\/www.grupoxcaret.com\/es\/instauran-sectur-y-xcaret-la-catedra-de-sostenibilidad-turistica-arquitecto-miguel-quintana-pali\/","name":"Instauran Sectur y Xcaret la C\u00e1tedra de Sostenibilidad Tur\u00edstica: \u201cArquitecto Miguel Quintana Pali\u201d - Grupo Xcaret Sitio Corporativo","isPartOf":{"@id":"https:\/\/www.grupoxcaret.com\/es\/#website"},"primaryImageOfPage":{"@id":"https:\/\/www.grupoxcaret.com\/es\/instauran-sectur-y-xcaret-la-catedra-de-sostenibilidad-turistica-arquitecto-miguel-quintana-pali\/#primaryimage"},"datePublished":"2021-10-01T08:00:00+00:00","dateModified":"2021-10-07T16:46:57+00:00","description":"Instauran Sectur y Xcaret la C\u00e1tedra de Sostenibilidad Tur\u00edstica: \u201cArquitecto Miguel Quintana Pali\u201d ayer por la tarde.","breadcrumb":{"@id":"https:\/\/www.grupoxcaret.com\/es\/instauran-sectur-y-xcaret-la-catedra-de-sostenibilidad-turistica-arquitecto-miguel-quintana-pali\/#breadcrumb"},"inLanguage":"es","potentialAction":[{"@type":"ReadAction","target":["https:\/\/www.grupoxcaret.com\/es\/instauran-sectur-y-xcaret-la-catedra-de-sostenibilidad-turistica-arquitecto-miguel-quintana-pali\/"]}]},{"@type":"BreadcrumbList","@id":"https:\/\/www.grupoxcaret.com\/es\/instauran-sectur-y-xcaret-la-catedra-de-sostenibilidad-turistica-arquitecto-miguel-quintana-pali\/#breadcrumb","itemListElement":[{"@type":"ListItem","position":1,"name":"Inicio","item":"https:\/\/www.grupoxcaret.com\/es\/"},{"@type":"ListItem","position":2,"name":"Destacados","item":"https:\/\/www.grupoxcaret.com\/es\/seccion\/destacados\/"},{"@type":"ListItem","position":3,"name":"Instauran Sectur y Xcaret la C\u00e1tedra de Sostenibilidad Tur\u00edstica: \u201cArquitecto Miguel Quintana Pali\u201d"}]},{"@type":"Article","@id":"https:\/\/www.grupoxcaret.com\/es\/instauran-sectur-y-xcaret-la-catedra-de-sostenibilidad-turistica-arquitecto-miguel-quintana-pali\/#article","isPartOf":{"@id":"https:\/\/www.grupoxcaret.com\/es\/instauran-sectur-y-xcaret-la-catedra-de-sostenibilidad-turistica-arquitecto-miguel-quintana-pali\/#webpage"},"author":{"@id":"https:\/\/www.grupoxcaret.com\/es\/#\/schema\/person\/ab672ffae4578284a3537f94723d3752"},"headline":"Instauran Sectur y Xcaret la C\u00e1tedra de Sostenibilidad Tur\u00edstica: \u201cArquitecto Miguel Quintana Pali\u201d","datePublished":"2021-10-01T08:00:00+00:00","dateModified":"2021-10-07T16:46:57+00:00","mainEntityOfPage":{"@id":"https:\/\/www.grupoxcaret.com\/es\/instauran-sectur-y-xcaret-la-catedra-de-sostenibilidad-turistica-arquitecto-miguel-quintana-pali\/#webpage"},"wordCount":892,"publisher":{"@id":"https:\/\/www.grupoxcaret.com\/es\/#organization"},"image":{"@id":"https:\/\/www.grupoxcaret.com\/es\/instauran-sectur-y-xcaret-la-catedra-de-sostenibilidad-turistica-arquitecto-miguel-quintana-pali\/#primaryimage"},"thumbnailUrl":"https:\/\/www.grupoxcaret.com\/es\/wp-content\/uploads\/2020\/03\/LOGOTIPO-1.jpg","articleSection":["Acerca de","Boletines de Prensa","Destacados","Noticias","Reconocimientos","Sala de Prensa"],"inLanguage":"es"},{"@type":"Person","@id":"https:\/\/www.grupoxcaret.com\/es\/#\/schema\/person\/ab672ffae4578284a3537f94723d3752","name":"Reyna Irasema Belmont","image":{"@type":"ImageObject","@id":"https:\/\/www.grupoxcaret.com\/es\/#personlogo","inLanguage":"es","url":"https:\/\/secure.gravatar.com\/avatar\/1633fc5d037b61325381949cab28bd1d?s=96&d=mm&r=g","contentUrl":"https:\/\/secure.gravatar.com\/avatar\/1633fc5d037b61325381949cab28bd1d?s=96&d=mm&r=g","caption":"Reyna Irasema Belmont"},"url":"https:\/\/www.grupoxcaret.com\/es\/author\/ibelmont\/"}]}},"amp_enabled":true,"_links":{"self":[{"href":"https:\/\/www.grupoxcaret.com\/es\/wp-json\/wp\/v2\/posts\/4566"}],"collection":[{"href":"https:\/\/www.grupoxcaret.com\/es\/wp-json\/wp\/v2\/posts"}],"about":[{"href":"https:\/\/www.grupoxcaret.com\/es\/wp-json\/wp\/v2\/types\/post"}],"author":[{"embeddable":true,"href":"https:\/\/www.grupoxcaret.com\/es\/wp-json\/wp\/v2\/users\/23"}],"replies":[{"embeddable":true,"href":"https:\/\/www.grupoxcaret.com\/es\/wp-json\/wp\/v2\/comments?post=4566"}],"version-history":[{"count":4,"href":"https:\/\/www.grupoxcaret.com\/es\/wp-json\/wp\/v2\/posts\/4566\/revisions"}],"predecessor-version":[{"id":4571,"href":"https:\/\/www.grupoxcaret.com\/es\/wp-json\/wp\/v2\/posts\/4566\/revisions\/4571"}],"wp:featuredmedia":[{"embeddable":true,"href":"https:\/\/www.grupoxcaret.com\/es\/wp-json\/wp\/v2\/media\/3298"}],"wp:attachment":[{"href":"https:\/\/www.grupoxcaret.com\/es\/wp-json\/wp\/v2\/media?parent=4566"}],"wp:term":[{"taxonomy":"category","embeddable":true,"href":"https:\/\/www.grupoxcaret.com\/es\/wp-json\/wp\/v2\/categories?post=4566"},{"taxonomy":"post_tag","embeddable":true,"href":"https:\/\/www.grupoxcaret.com\/es\/wp-json\/wp\/v2\/tags?post=4566"}],"curies":[{"name":"wp","href":"https:\/\/api.w.org\/{rel}","templated":true}]}}