{"id":4494,"date":"2021-08-19T16:00:21","date_gmt":"2021-08-19T16:00:21","guid":{"rendered":"https:\/\/www.grupoxcaret.com\/es\/?p=4494"},"modified":"2021-08-21T00:37:21","modified_gmt":"2021-08-21T00:37:21","slug":"sin-afectaciones-tras-huracan-grace-grupo-xcaret-confirma-la-reapertura-de-parques-y-tours","status":"publish","type":"post","link":"https:\/\/www.grupoxcaret.com\/es\/sin-afectaciones-tras-huracan-grace-grupo-xcaret-confirma-la-reapertura-de-parques-y-tours\/","title":{"rendered":"Sin afectaciones tras hurac\u00e1n Grace, Grupo Xcaret confirma la reapertura de parques y tours"},"content":{"rendered":"\n<p><\/p>\n\n\n\n<p><strong>Xcaret, Quintana Roo, 19 de agosto de 2021<\/strong>.- El hurac\u00e1n Grace dej\u00f3 un saldo blanco en nuestros hoteles, parques y tours, permiti\u00e9ndonos retomar la operaci\u00f3n de los parques a la brevedad, comenzando esta misma noche, 19 de agosto, con <strong>Xoximilco <\/strong>y<strong> Xplor Fuego<\/strong>; a partir de ma\u00f1ana, 20 de agosto, con el resto de las experiencias: <strong>Xcaret<\/strong>, <strong>Xel-H\u00e1<\/strong>, <strong>Xplor<\/strong>, <strong>Xenses<\/strong>, <strong>Xenotes<\/strong> y el<strong> tour Cob\u00e1<\/strong>; mientras que el <strong>tour Xich\u00e9n<\/strong>   se reanudar\u00e1n el s\u00e1bado 21 de agosto y el <strong>tour Tulum<\/strong> domingo 22 de agosto.<\/p>\n\n\n\n<p>En cuanto al <strong>Hotel Xcaret M\u00e9xico<\/strong> y<strong> Hotel Xcaret Arte<\/strong>, las instalaciones no registran ninguna afectaci\u00f3n, por lo que a lo largo del d\u00eda reabrieron sus centros de consumo siguiendo los protocolos de seguridad de cada uno, con el objetivo de continuar brindando a los hu\u00e9spedes la mejor experiencia.<\/p>\n\n\n\n<p>Nuestro Modelo de Xeguridad 360\u00b0 contin\u00faa vigente con los m\u00e1s altos est\u00e1ndares de higiene, basados en cuatro firmes pilares: procesos de salud, prevenci\u00f3n y desinfecci\u00f3n; capacidad, aforo y distanciamiento; medidas de control enfocadas en las personas; y procesos de calidad e higiene de los alimentos y bebidas.<\/p>\n\n\n\n<p>Grupo Xcaret desea que todos se encuentren bien y agradece a sus visitantes, hu\u00e9spedes, socios y colaboradores el apoyo brindado para respetar el cumplimiento de los protocolos de seguridad ante los huracanes; as\u00ed como a las autoridades por las medidas tomadas previamente, durante y posterior al paso del hurac\u00e1n. Recordemos que en ocasiones anteriores hemos salido adelante y \u00e9sta no ser\u00e1 la excepci\u00f3n.<\/p>\n","protected":false},"excerpt":{"rendered":"<p>Xcaret, Quintana Roo, 19 de agosto de 2021.- El hurac\u00e1n Grace dej\u00f3 un saldo blanco en nuestros hoteles, parques y tours, permiti\u00e9ndonos retomar la operaci\u00f3n de los parques a la brevedad, comenzando esta misma noche, 19 de agosto, con Xoximilco y Xplor Fuego; a partir de ma\u00f1ana, 20 de agosto, con el resto de las [&hellip;]<\/p>\n","protected":false},"author":23,"featured_media":3298,"comment_status":"closed","ping_status":"closed","sticky":false,"template":"","format":"standard","meta":[],"categories":[97,4,72,1,3],"tags":[],"yoast_head":"<!-- This site is optimized with the Yoast SEO plugin v17.6 - https:\/\/yoast.com\/wordpress\/plugins\/seo\/ -->\n<meta name=\"description\" content=\"Sin afectaciones tras hurac\u00e1n Grace, Grupo Xcaret confirma la reapertura de parques y tours, permitiendo retomar actividades a la brevedad\" \/>\n<meta name=\"robots\" content=\"index, follow, max-snippet:-1, max-image-preview:large, max-video-preview:-1\" \/>\n<link rel=\"canonical\" href=\"https:\/\/www.grupoxcaret.com\/es\/sin-afectaciones-tras-huracan-grace-grupo-xcaret-confirma-la-reapertura-de-parques-y-tours\/\" \/>\n<meta property=\"og:locale\" content=\"es_ES\" \/>\n<meta property=\"og:type\" content=\"article\" \/>\n<meta property=\"og:title\" content=\"Sin afectaciones tras hurac\u00e1n Grace, Grupo Xcaret confirma la reapertura de parques y tours - Grupo Xcaret Sitio Corporativo\" \/>\n<meta property=\"og:description\" content=\"Sin afectaciones tras hurac\u00e1n Grace, Grupo Xcaret confirma la reapertura de parques y tours, permitiendo retomar actividades a la brevedad\" \/>\n<meta property=\"og:url\" content=\"https:\/\/www.grupoxcaret.com\/es\/sin-afectaciones-tras-huracan-grace-grupo-xcaret-confirma-la-reapertura-de-parques-y-tours\/\" \/>\n<meta property=\"og:site_name\" content=\"Grupo Xcaret Sitio Corporativo\" \/>\n<meta property=\"article:published_time\" content=\"2021-08-19T16:00:21+00:00\" \/>\n<meta property=\"article:modified_time\" content=\"2021-08-21T00:37:21+00:00\" \/>\n<meta property=\"og:image\" content=\"https:\/\/www.grupoxcaret.com\/es\/wp-content\/uploads\/2020\/03\/LOGOTIPO-1.jpg\" \/>\n\t<meta property=\"og:image:width\" content=\"850\" \/>\n\t<meta property=\"og:image:height\" content=\"480\" \/>\n<meta name=\"twitter:card\" content=\"summary_large_image\" \/>\n<meta name=\"twitter:label1\" content=\"Escrito por\" \/>\n\t<meta name=\"twitter:data1\" content=\"Reyna Irasema Belmont\" \/>\n\t<meta name=\"twitter:label2\" content=\"Tiempo de lectura\" \/>\n\t<meta name=\"twitter:data2\" content=\"1 minuto\" \/>\n<script type=\"application\/ld+json\" class=\"yoast-schema-graph\">{\"@context\":\"https:\/\/schema.org\",\"@graph\":[{\"@type\":\"Organization\",\"@id\":\"https:\/\/www.grupoxcaret.com\/es\/#organization\",\"name\":\"Grupo Xcaret\",\"url\":\"https:\/\/www.grupoxcaret.com\/es\/\",\"sameAs\":[],\"logo\":{\"@type\":\"ImageObject\",\"@id\":\"https:\/\/www.grupoxcaret.com\/es\/#logo\",\"inLanguage\":\"es\",\"url\":\"https:\/\/www.grupoxcaret.com\/es\/wp-content\/uploads\/2015\/04\/exx.png\",\"contentUrl\":\"https:\/\/www.grupoxcaret.com\/es\/wp-content\/uploads\/2015\/04\/exx.png\",\"width\":400,\"height\":136,\"caption\":\"Grupo Xcaret\"},\"image\":{\"@id\":\"https:\/\/www.grupoxcaret.com\/es\/#logo\"}},{\"@type\":\"WebSite\",\"@id\":\"https:\/\/www.grupoxcaret.com\/es\/#website\",\"url\":\"https:\/\/www.grupoxcaret.com\/es\/\",\"name\":\"Grupo Xcaret Sitio Corporativo\",\"description\":\"Conoce el sitio corporativo de Grupo Xcaret. Encuentra informaci\\u00f3n relevante acerca de nuestra historia, marcas, filosof\\u00eda empresarial, pol\\u00edtica de sostenibilidad y mucho m\\u00e1s.\",\"publisher\":{\"@id\":\"https:\/\/www.grupoxcaret.com\/es\/#organization\"},\"potentialAction\":[{\"@type\":\"SearchAction\",\"target\":{\"@type\":\"EntryPoint\",\"urlTemplate\":\"https:\/\/www.grupoxcaret.com\/es\/?s={search_term_string}\"},\"query-input\":\"required name=search_term_string\"}],\"inLanguage\":\"es\"},{\"@type\":\"ImageObject\",\"@id\":\"https:\/\/www.grupoxcaret.com\/es\/sin-afectaciones-tras-huracan-grace-grupo-xcaret-confirma-la-reapertura-de-parques-y-tours\/#primaryimage\",\"inLanguage\":\"es\",\"url\":\"https:\/\/www.grupoxcaret.com\/es\/wp-content\/uploads\/2020\/03\/LOGOTIPO-1.jpg\",\"contentUrl\":\"https:\/\/www.grupoxcaret.com\/es\/wp-content\/uploads\/2020\/03\/LOGOTIPO-1.jpg\",\"width\":850,\"height\":480},{\"@type\":\"WebPage\",\"@id\":\"https:\/\/www.grupoxcaret.com\/es\/sin-afectaciones-tras-huracan-grace-grupo-xcaret-confirma-la-reapertura-de-parques-y-tours\/#webpage\",\"url\":\"https:\/\/www.grupoxcaret.com\/es\/sin-afectaciones-tras-huracan-grace-grupo-xcaret-confirma-la-reapertura-de-parques-y-tours\/\",\"name\":\"Sin afectaciones tras hurac\\u00e1n Grace, Grupo Xcaret confirma la reapertura de parques y tours - Grupo Xcaret Sitio Corporativo\",\"isPartOf\":{\"@id\":\"https:\/\/www.grupoxcaret.com\/es\/#website\"},\"primaryImageOfPage\":{\"@id\":\"https:\/\/www.grupoxcaret.com\/es\/sin-afectaciones-tras-huracan-grace-grupo-xcaret-confirma-la-reapertura-de-parques-y-tours\/#primaryimage\"},\"datePublished\":\"2021-08-19T16:00:21+00:00\",\"dateModified\":\"2021-08-21T00:37:21+00:00\",\"description\":\"Sin afectaciones tras hurac\\u00e1n Grace, Grupo Xcaret confirma la reapertura de parques y tours, permitiendo retomar actividades a la brevedad\",\"breadcrumb\":{\"@id\":\"https:\/\/www.grupoxcaret.com\/es\/sin-afectaciones-tras-huracan-grace-grupo-xcaret-confirma-la-reapertura-de-parques-y-tours\/#breadcrumb\"},\"inLanguage\":\"es\",\"potentialAction\":[{\"@type\":\"ReadAction\",\"target\":[\"https:\/\/www.grupoxcaret.com\/es\/sin-afectaciones-tras-huracan-grace-grupo-xcaret-confirma-la-reapertura-de-parques-y-tours\/\"]}]},{\"@type\":\"BreadcrumbList\",\"@id\":\"https:\/\/www.grupoxcaret.com\/es\/sin-afectaciones-tras-huracan-grace-grupo-xcaret-confirma-la-reapertura-de-parques-y-tours\/#breadcrumb\",\"itemListElement\":[{\"@type\":\"ListItem\",\"position\":1,\"name\":\"Inicio\",\"item\":\"https:\/\/www.grupoxcaret.com\/es\/\"},{\"@type\":\"ListItem\",\"position\":2,\"name\":\"Noticias\",\"item\":\"https:\/\/www.grupoxcaret.com\/es\/seccion\/noticias\/\"},{\"@type\":\"ListItem\",\"position\":3,\"name\":\"Sin afectaciones tras hurac\\u00e1n Grace, Grupo Xcaret confirma la reapertura de parques y tours\"}]},{\"@type\":\"Article\",\"@id\":\"https:\/\/www.grupoxcaret.com\/es\/sin-afectaciones-tras-huracan-grace-grupo-xcaret-confirma-la-reapertura-de-parques-y-tours\/#article\",\"isPartOf\":{\"@id\":\"https:\/\/www.grupoxcaret.com\/es\/sin-afectaciones-tras-huracan-grace-grupo-xcaret-confirma-la-reapertura-de-parques-y-tours\/#webpage\"},\"author\":{\"@id\":\"https:\/\/www.grupoxcaret.com\/es\/#\/schema\/person\/ab672ffae4578284a3537f94723d3752\"},\"headline\":\"Sin afectaciones tras hurac\\u00e1n Grace, Grupo Xcaret confirma la reapertura de parques y tours\",\"datePublished\":\"2021-08-19T16:00:21+00:00\",\"dateModified\":\"2021-08-21T00:37:21+00:00\",\"mainEntityOfPage\":{\"@id\":\"https:\/\/www.grupoxcaret.com\/es\/sin-afectaciones-tras-huracan-grace-grupo-xcaret-confirma-la-reapertura-de-parques-y-tours\/#webpage\"},\"wordCount\":272,\"publisher\":{\"@id\":\"https:\/\/www.grupoxcaret.com\/es\/#organization\"},\"image\":{\"@id\":\"https:\/\/www.grupoxcaret.com\/es\/sin-afectaciones-tras-huracan-grace-grupo-xcaret-confirma-la-reapertura-de-parques-y-tours\/#primaryimage\"},\"thumbnailUrl\":\"https:\/\/www.grupoxcaret.com\/es\/wp-content\/uploads\/2020\/03\/LOGOTIPO-1.jpg\",\"articleSection\":[\"Acerca de\",\"Boletines de Prensa\",\"Destacados\",\"Noticias\",\"Sala de Prensa\"],\"inLanguage\":\"es\"},{\"@type\":\"Person\",\"@id\":\"https:\/\/www.grupoxcaret.com\/es\/#\/schema\/person\/ab672ffae4578284a3537f94723d3752\",\"name\":\"Reyna Irasema Belmont\",\"image\":{\"@type\":\"ImageObject\",\"@id\":\"https:\/\/www.grupoxcaret.com\/es\/#personlogo\",\"inLanguage\":\"es\",\"url\":\"https:\/\/secure.gravatar.com\/avatar\/1633fc5d037b61325381949cab28bd1d?s=96&d=mm&r=g\",\"contentUrl\":\"https:\/\/secure.gravatar.com\/avatar\/1633fc5d037b61325381949cab28bd1d?s=96&d=mm&r=g\",\"caption\":\"Reyna Irasema Belmont\"},\"url\":\"https:\/\/www.grupoxcaret.com\/es\/author\/ibelmont\/\"}]}<\/script>\n<!-- \/ Yoast SEO plugin. -->","yoast_head_json":{"description":"Sin afectaciones tras hurac\u00e1n Grace, Grupo Xcaret confirma la reapertura de parques y tours, permitiendo retomar actividades a la brevedad","robots":{"index":"index","follow":"follow","max-snippet":"max-snippet:-1","max-image-preview":"max-image-preview:large","max-video-preview":"max-video-preview:-1"},"canonical":"https:\/\/www.grupoxcaret.com\/es\/sin-afectaciones-tras-huracan-grace-grupo-xcaret-confirma-la-reapertura-de-parques-y-tours\/","og_locale":"es_ES","og_type":"article","og_title":"Sin afectaciones tras hurac\u00e1n Grace, Grupo Xcaret confirma la reapertura de parques y tours - Grupo Xcaret Sitio Corporativo","og_description":"Sin afectaciones tras hurac\u00e1n Grace, Grupo Xcaret confirma la reapertura de parques y tours, permitiendo retomar actividades a la brevedad","og_url":"https:\/\/www.grupoxcaret.com\/es\/sin-afectaciones-tras-huracan-grace-grupo-xcaret-confirma-la-reapertura-de-parques-y-tours\/","og_site_name":"Grupo Xcaret Sitio Corporativo","article_published_time":"2021-08-19T16:00:21+00:00","article_modified_time":"2021-08-21T00:37:21+00:00","og_image":[{"width":850,"height":480,"url":"https:\/\/www.grupoxcaret.com\/es\/wp-content\/uploads\/2020\/03\/LOGOTIPO-1.jpg","type":"image\/jpeg"}],"twitter_card":"summary_large_image","twitter_misc":{"Escrito por":"Reyna Irasema Belmont","Tiempo de lectura":"1 minuto"},"schema":{"@context":"https:\/\/schema.org","@graph":[{"@type":"Organization","@id":"https:\/\/www.grupoxcaret.com\/es\/#organization","name":"Grupo Xcaret","url":"https:\/\/www.grupoxcaret.com\/es\/","sameAs":[],"logo":{"@type":"ImageObject","@id":"https:\/\/www.grupoxcaret.com\/es\/#logo","inLanguage":"es","url":"https:\/\/www.grupoxcaret.com\/es\/wp-content\/uploads\/2015\/04\/exx.png","contentUrl":"https:\/\/www.grupoxcaret.com\/es\/wp-content\/uploads\/2015\/04\/exx.png","width":400,"height":136,"caption":"Grupo Xcaret"},"image":{"@id":"https:\/\/www.grupoxcaret.com\/es\/#logo"}},{"@type":"WebSite","@id":"https:\/\/www.grupoxcaret.com\/es\/#website","url":"https:\/\/www.grupoxcaret.com\/es\/","name":"Grupo Xcaret Sitio Corporativo","description":"Conoce el sitio corporativo de Grupo Xcaret. Encuentra informaci\u00f3n relevante acerca de nuestra historia, marcas, filosof\u00eda empresarial, pol\u00edtica de sostenibilidad y mucho m\u00e1s.","publisher":{"@id":"https:\/\/www.grupoxcaret.com\/es\/#organization"},"potentialAction":[{"@type":"SearchAction","target":{"@type":"EntryPoint","urlTemplate":"https:\/\/www.grupoxcaret.com\/es\/?s={search_term_string}"},"query-input":"required name=search_term_string"}],"inLanguage":"es"},{"@type":"ImageObject","@id":"https:\/\/www.grupoxcaret.com\/es\/sin-afectaciones-tras-huracan-grace-grupo-xcaret-confirma-la-reapertura-de-parques-y-tours\/#primaryimage","inLanguage":"es","url":"https:\/\/www.grupoxcaret.com\/es\/wp-content\/uploads\/2020\/03\/LOGOTIPO-1.jpg","contentUrl":"https:\/\/www.grupoxcaret.com\/es\/wp-content\/uploads\/2020\/03\/LOGOTIPO-1.jpg","width":850,"height":480},{"@type":"WebPage","@id":"https:\/\/www.grupoxcaret.com\/es\/sin-afectaciones-tras-huracan-grace-grupo-xcaret-confirma-la-reapertura-de-parques-y-tours\/#webpage","url":"https:\/\/www.grupoxcaret.com\/es\/sin-afectaciones-tras-huracan-grace-grupo-xcaret-confirma-la-reapertura-de-parques-y-tours\/","name":"Sin afectaciones tras hurac\u00e1n Grace, Grupo Xcaret confirma la reapertura de parques y tours - Grupo Xcaret Sitio Corporativo","isPartOf":{"@id":"https:\/\/www.grupoxcaret.com\/es\/#website"},"primaryImageOfPage":{"@id":"https:\/\/www.grupoxcaret.com\/es\/sin-afectaciones-tras-huracan-grace-grupo-xcaret-confirma-la-reapertura-de-parques-y-tours\/#primaryimage"},"datePublished":"2021-08-19T16:00:21+00:00","dateModified":"2021-08-21T00:37:21+00:00","description":"Sin afectaciones tras hurac\u00e1n Grace, Grupo Xcaret confirma la reapertura de parques y tours, permitiendo retomar actividades a la brevedad","breadcrumb":{"@id":"https:\/\/www.grupoxcaret.com\/es\/sin-afectaciones-tras-huracan-grace-grupo-xcaret-confirma-la-reapertura-de-parques-y-tours\/#breadcrumb"},"inLanguage":"es","potentialAction":[{"@type":"ReadAction","target":["https:\/\/www.grupoxcaret.com\/es\/sin-afectaciones-tras-huracan-grace-grupo-xcaret-confirma-la-reapertura-de-parques-y-tours\/"]}]},{"@type":"BreadcrumbList","@id":"https:\/\/www.grupoxcaret.com\/es\/sin-afectaciones-tras-huracan-grace-grupo-xcaret-confirma-la-reapertura-de-parques-y-tours\/#breadcrumb","itemListElement":[{"@type":"ListItem","position":1,"name":"Inicio","item":"https:\/\/www.grupoxcaret.com\/es\/"},{"@type":"ListItem","position":2,"name":"Noticias","item":"https:\/\/www.grupoxcaret.com\/es\/seccion\/noticias\/"},{"@type":"ListItem","position":3,"name":"Sin afectaciones tras hurac\u00e1n Grace, Grupo Xcaret confirma la reapertura de parques y tours"}]},{"@type":"Article","@id":"https:\/\/www.grupoxcaret.com\/es\/sin-afectaciones-tras-huracan-grace-grupo-xcaret-confirma-la-reapertura-de-parques-y-tours\/#article","isPartOf":{"@id":"https:\/\/www.grupoxcaret.com\/es\/sin-afectaciones-tras-huracan-grace-grupo-xcaret-confirma-la-reapertura-de-parques-y-tours\/#webpage"},"author":{"@id":"https:\/\/www.grupoxcaret.com\/es\/#\/schema\/person\/ab672ffae4578284a3537f94723d3752"},"headline":"Sin afectaciones tras hurac\u00e1n Grace, Grupo Xcaret confirma la reapertura de parques y tours","datePublished":"2021-08-19T16:00:21+00:00","dateModified":"2021-08-21T00:37:21+00:00","mainEntityOfPage":{"@id":"https:\/\/www.grupoxcaret.com\/es\/sin-afectaciones-tras-huracan-grace-grupo-xcaret-confirma-la-reapertura-de-parques-y-tours\/#webpage"},"wordCount":272,"publisher":{"@id":"https:\/\/www.grupoxcaret.com\/es\/#organization"},"image":{"@id":"https:\/\/www.grupoxcaret.com\/es\/sin-afectaciones-tras-huracan-grace-grupo-xcaret-confirma-la-reapertura-de-parques-y-tours\/#primaryimage"},"thumbnailUrl":"https:\/\/www.grupoxcaret.com\/es\/wp-content\/uploads\/2020\/03\/LOGOTIPO-1.jpg","articleSection":["Acerca de","Boletines de Prensa","Destacados","Noticias","Sala de Prensa"],"inLanguage":"es"},{"@type":"Person","@id":"https:\/\/www.grupoxcaret.com\/es\/#\/schema\/person\/ab672ffae4578284a3537f94723d3752","name":"Reyna Irasema Belmont","image":{"@type":"ImageObject","@id":"https:\/\/www.grupoxcaret.com\/es\/#personlogo","inLanguage":"es","url":"https:\/\/secure.gravatar.com\/avatar\/1633fc5d037b61325381949cab28bd1d?s=96&d=mm&r=g","contentUrl":"https:\/\/secure.gravatar.com\/avatar\/1633fc5d037b61325381949cab28bd1d?s=96&d=mm&r=g","caption":"Reyna Irasema Belmont"},"url":"https:\/\/www.grupoxcaret.com\/es\/author\/ibelmont\/"}]}},"amp_enabled":true,"_links":{"self":[{"href":"https:\/\/www.grupoxcaret.com\/es\/wp-json\/wp\/v2\/posts\/4494"}],"collection":[{"href":"https:\/\/www.grupoxcaret.com\/es\/wp-json\/wp\/v2\/posts"}],"about":[{"href":"https:\/\/www.grupoxcaret.com\/es\/wp-json\/wp\/v2\/types\/post"}],"author":[{"embeddable":true,"href":"https:\/\/www.grupoxcaret.com\/es\/wp-json\/wp\/v2\/users\/23"}],"replies":[{"embeddable":true,"href":"https:\/\/www.grupoxcaret.com\/es\/wp-json\/wp\/v2\/comments?post=4494"}],"version-history":[{"count":4,"href":"https:\/\/www.grupoxcaret.com\/es\/wp-json\/wp\/v2\/posts\/4494\/revisions"}],"predecessor-version":[{"id":4499,"href":"https:\/\/www.grupoxcaret.com\/es\/wp-json\/wp\/v2\/posts\/4494\/revisions\/4499"}],"wp:featuredmedia":[{"embeddable":true,"href":"https:\/\/www.grupoxcaret.com\/es\/wp-json\/wp\/v2\/media\/3298"}],"wp:attachment":[{"href":"https:\/\/www.grupoxcaret.com\/es\/wp-json\/wp\/v2\/media?parent=4494"}],"wp:term":[{"taxonomy":"category","embeddable":true,"href":"https:\/\/www.grupoxcaret.com\/es\/wp-json\/wp\/v2\/categories?post=4494"},{"taxonomy":"post_tag","embeddable":true,"href":"https:\/\/www.grupoxcaret.com\/es\/wp-json\/wp\/v2\/tags?post=4494"}],"curies":[{"name":"wp","href":"https:\/\/api.w.org\/{rel}","templated":true}]}}