{"id":4467,"date":"2021-08-18T11:00:18","date_gmt":"2021-08-18T11:00:18","guid":{"rendered":"https:\/\/www.grupoxcaret.com\/es\/?p=4467"},"modified":"2021-08-21T00:42:26","modified_gmt":"2021-08-21T00:42:26","slug":"grupo-xcaret-da-a-conocer-medidas-preventivas-ante-el-huracan-grace","status":"publish","type":"post","link":"https:\/\/www.grupoxcaret.com\/es\/grupo-xcaret-da-a-conocer-medidas-preventivas-ante-el-huracan-grace\/","title":{"rendered":"Grupo Xcaret da a conocer medidas preventivas ante el hurac\u00e1n \u201cGrace\u201d"},"content":{"rendered":"\n<p><em>\u00b7 Algunos parques y tours modificar\u00e1n su operaci\u00f3n los d\u00edas 18 y 19 de agosto<\/em><\/p>\n\n\n\n<p><em>\u00b7 Hotel Xcaret M\u00e9xico y Hotel Xcaret Arte<strong> <\/strong>continuar\u00e1n operando bajo estrictos<\/em><\/p>\n\n\n\n<p><em>protocolos de seguridad<\/em><\/p>\n\n\n\n<p><strong>Xcaret, Quintana Roo, 18 de agosto de 2021<\/strong>.- Con el objetivo de salvaguardar el bienestar de sus visitantes, hu\u00e9spedes, socios y colaboradores, Grupo Xcaret, empresa l\u00edder en recreaci\u00f3n tur\u00edstica sostenible, modificar\u00e1 algunos de los horarios de operaci\u00f3n de sus parque y tours los d\u00edas mi\u00e9rcoles 18 y jueves 19 de agosto, ante el impacto del hurac\u00e1n \u201cGrace\u201d.<\/p>\n\n\n\n<p><strong>\u00b7 Xcaret: <\/strong>permanecer\u00e1 cerrado el 19 de agosto<\/p>\n\n\n\n<p><strong>\u00b7 Xoximilco y Xplor Fuego:<\/strong>&nbsp;suspender\u00e1n actividades el mi\u00e9rcoles 18, reanudando operaciones el 19 de agosto<\/p>\n\n\n\n<p><strong>\u00b7 Xel-H\u00e1 y Xplor:<\/strong>&nbsp;cerrar\u00e1n a las 4:00 p.m. del 18 de agosto, reanudando actividades el 20 de agosto<\/p>\n\n\n\n<p><strong>\u00b7 Xenses:<\/strong> cerrar\u00e1 a las 2:00 p.m. del 18 de agosto, reanudando actividades el 20 de agosto<\/p>\n\n\n\n<p><strong>\u00b7 <strong><strong>Los tours Xich\u00e9n y Tulum: <\/strong><\/strong><\/strong>reanudar\u00e1n sus operaciones el 21 y 22 de agosto respectivamente.<\/p>\n\n\n\n<p><strong>\u00b7<strong> El tour de Cob\u00e1:<\/strong> <\/strong>suspender\u00e1 operaciones el 19 de agosto<\/p>\n\n\n\n<p><strong>\u00b7 Xenotes:<\/strong> suspender\u00e1 operaciones el 19 de agosto<\/p>\n\n\n\n<p>Respecto al <strong>Hotel Xcaret M\u00e9xico y el Hotel Xcaret Arte<\/strong>, el Grupo inform\u00f3 que ambas propiedades tienen la capacidad de continuar operando bajo estrictos protocolos y medidas para garantizar la seguridad de las personas dentro de las mismas instalaciones, como son: recorridos de aseguramiento de \u00e1reas limpias y libres de elementos vulnerables e inflamables, brigadas del personal para asegurar servicio pre y post contingencia y revisi\u00f3n de plantas con carga suficiente de luz, di\u00e9sel y alimentos. Al mismo tiempo, se han preparado los centros de convenciones de ambos hoteles que est\u00e1n certificados por Protecci\u00f3n Civil como refugios, lo que permite garantizar el bienestar de hu\u00e9spedes, socios de M\u00e9xico Destination Club y colaboradores;&nbsp;adem\u00e1s de mantenerlos informados constantemente sobre el estado de las condiciones meteorol\u00f3gicas.  <\/p>\n\n\n\n<p>Aunado a dicha prioridad, nuestro Modelo de Xeguridad 360\u00b0 contin\u00faa vigente con los m\u00e1s altos est\u00e1ndares de higiene, basados en cuatro firmes pilares: procesos de salud, prevenci\u00f3n y desinfecci\u00f3n; capacidad, aforo y distanciamiento; medidas de control enfocadas en las personas; y procesos de calidad e higiene de los alimentos y bebidas.<\/p>\n\n\n\n<p>Asimismo, Grupo Xcaret implementar\u00e1 pol\u00edticas especiales para aquellas personas con afectaciones en sus reservas de hotel o entradas a parques, debido al hurac\u00e1n \u201cGrace\u201d.<\/p>\n\n\n\n<p>Para mayor informaci\u00f3n, favor de contactar al Centro de Atenci\u00f3n: \u2063<br>\u2063<br><strong>\u00b7<\/strong> Canc\u00fan, M\u00e9xico: +52 998 883 3143 \u2063<br><strong>\u00b7<\/strong> USA\/Canad\u00e1: 1-855-326-0682\u2063<br><strong>\u00b7<\/strong> Brasil: 0800 892 3371\u2063<br><strong>\u00b7<\/strong> Colombia: 01 800 952 0705\u2063<br><strong>\u00b7<\/strong> Argentina: 0800 122 0384\u2063<br><strong>\u00b7<\/strong> Chile: 0 800 835 016\u2063<br><strong>\u00b7<\/strong> Venezuela: 0 800 162 7384\u2063<br><strong>\u00b7<\/strong> Espa\u00f1a: 900 965 224\u2063<br><strong>\u00b7<\/strong> Ecuador: 800-5-931-0227\u2063<br><strong>\u00b7<\/strong> Per\u00fa: 800-000-642\u2063<br><strong>\u00b7<\/strong> UK: 800-04-89-203\u2063<\/p>\n","protected":false},"excerpt":{"rendered":"<p>\u00b7 Algunos parques y tours modificar\u00e1n su operaci\u00f3n los d\u00edas 18 y 19 de agosto \u00b7 Hotel Xcaret M\u00e9xico y Hotel Xcaret Arte continuar\u00e1n operando bajo estrictos protocolos de seguridad Xcaret, Quintana Roo, 18 de agosto de 2021.- Con el objetivo de salvaguardar el bienestar de sus visitantes, hu\u00e9spedes, socios y colaboradores, Grupo Xcaret, empresa [&hellip;]<\/p>\n","protected":false},"author":23,"featured_media":3298,"comment_status":"closed","ping_status":"closed","sticky":false,"template":"","format":"standard","meta":[],"categories":[97,4,72,6,1,3],"tags":[],"yoast_head":"<!-- This site is optimized with the Yoast SEO plugin v17.6 - https:\/\/yoast.com\/wordpress\/plugins\/seo\/ -->\n<meta name=\"description\" content=\"Grupo Xcaret da a conocer medidas preventivas ante el hurac\u00e1n \u201cGrace\u201d\" \/>\n<meta name=\"robots\" content=\"index, follow, max-snippet:-1, max-image-preview:large, max-video-preview:-1\" \/>\n<link rel=\"canonical\" href=\"https:\/\/www.grupoxcaret.com\/es\/grupo-xcaret-da-a-conocer-medidas-preventivas-ante-el-huracan-grace\/\" \/>\n<meta property=\"og:locale\" content=\"es_ES\" \/>\n<meta property=\"og:type\" content=\"article\" \/>\n<meta property=\"og:title\" content=\"Grupo Xcaret da a conocer medidas preventivas ante el hurac\u00e1n \u201cGrace\u201d - Grupo Xcaret Sitio Corporativo\" \/>\n<meta property=\"og:description\" content=\"Grupo Xcaret da a conocer medidas preventivas ante el hurac\u00e1n \u201cGrace\u201d\" \/>\n<meta property=\"og:url\" content=\"https:\/\/www.grupoxcaret.com\/es\/grupo-xcaret-da-a-conocer-medidas-preventivas-ante-el-huracan-grace\/\" \/>\n<meta property=\"og:site_name\" content=\"Grupo Xcaret Sitio Corporativo\" \/>\n<meta property=\"article:published_time\" content=\"2021-08-18T11:00:18+00:00\" \/>\n<meta property=\"article:modified_time\" content=\"2021-08-21T00:42:26+00:00\" \/>\n<meta property=\"og:image\" content=\"https:\/\/www.grupoxcaret.com\/es\/wp-content\/uploads\/2020\/03\/LOGOTIPO-1.jpg\" \/>\n\t<meta property=\"og:image:width\" content=\"850\" \/>\n\t<meta property=\"og:image:height\" content=\"480\" \/>\n<meta name=\"twitter:card\" content=\"summary_large_image\" \/>\n<meta name=\"twitter:label1\" content=\"Escrito por\" \/>\n\t<meta name=\"twitter:data1\" content=\"Reyna Irasema Belmont\" \/>\n\t<meta name=\"twitter:label2\" content=\"Tiempo de lectura\" \/>\n\t<meta name=\"twitter:data2\" content=\"2 minutos\" \/>\n<script type=\"application\/ld+json\" class=\"yoast-schema-graph\">{\"@context\":\"https:\/\/schema.org\",\"@graph\":[{\"@type\":\"Organization\",\"@id\":\"https:\/\/www.grupoxcaret.com\/es\/#organization\",\"name\":\"Grupo Xcaret\",\"url\":\"https:\/\/www.grupoxcaret.com\/es\/\",\"sameAs\":[],\"logo\":{\"@type\":\"ImageObject\",\"@id\":\"https:\/\/www.grupoxcaret.com\/es\/#logo\",\"inLanguage\":\"es\",\"url\":\"https:\/\/www.grupoxcaret.com\/es\/wp-content\/uploads\/2015\/04\/exx.png\",\"contentUrl\":\"https:\/\/www.grupoxcaret.com\/es\/wp-content\/uploads\/2015\/04\/exx.png\",\"width\":400,\"height\":136,\"caption\":\"Grupo Xcaret\"},\"image\":{\"@id\":\"https:\/\/www.grupoxcaret.com\/es\/#logo\"}},{\"@type\":\"WebSite\",\"@id\":\"https:\/\/www.grupoxcaret.com\/es\/#website\",\"url\":\"https:\/\/www.grupoxcaret.com\/es\/\",\"name\":\"Grupo Xcaret Sitio Corporativo\",\"description\":\"Conoce el sitio corporativo de Grupo Xcaret. Encuentra informaci\\u00f3n relevante acerca de nuestra historia, marcas, filosof\\u00eda empresarial, pol\\u00edtica de sostenibilidad y mucho m\\u00e1s.\",\"publisher\":{\"@id\":\"https:\/\/www.grupoxcaret.com\/es\/#organization\"},\"potentialAction\":[{\"@type\":\"SearchAction\",\"target\":{\"@type\":\"EntryPoint\",\"urlTemplate\":\"https:\/\/www.grupoxcaret.com\/es\/?s={search_term_string}\"},\"query-input\":\"required name=search_term_string\"}],\"inLanguage\":\"es\"},{\"@type\":\"ImageObject\",\"@id\":\"https:\/\/www.grupoxcaret.com\/es\/grupo-xcaret-da-a-conocer-medidas-preventivas-ante-el-huracan-grace\/#primaryimage\",\"inLanguage\":\"es\",\"url\":\"https:\/\/www.grupoxcaret.com\/es\/wp-content\/uploads\/2020\/03\/LOGOTIPO-1.jpg\",\"contentUrl\":\"https:\/\/www.grupoxcaret.com\/es\/wp-content\/uploads\/2020\/03\/LOGOTIPO-1.jpg\",\"width\":850,\"height\":480},{\"@type\":\"WebPage\",\"@id\":\"https:\/\/www.grupoxcaret.com\/es\/grupo-xcaret-da-a-conocer-medidas-preventivas-ante-el-huracan-grace\/#webpage\",\"url\":\"https:\/\/www.grupoxcaret.com\/es\/grupo-xcaret-da-a-conocer-medidas-preventivas-ante-el-huracan-grace\/\",\"name\":\"Grupo Xcaret da a conocer medidas preventivas ante el hurac\\u00e1n \\u201cGrace\\u201d - Grupo Xcaret Sitio Corporativo\",\"isPartOf\":{\"@id\":\"https:\/\/www.grupoxcaret.com\/es\/#website\"},\"primaryImageOfPage\":{\"@id\":\"https:\/\/www.grupoxcaret.com\/es\/grupo-xcaret-da-a-conocer-medidas-preventivas-ante-el-huracan-grace\/#primaryimage\"},\"datePublished\":\"2021-08-18T11:00:18+00:00\",\"dateModified\":\"2021-08-21T00:42:26+00:00\",\"description\":\"Grupo Xcaret da a conocer medidas preventivas ante el hurac\\u00e1n \\u201cGrace\\u201d\",\"breadcrumb\":{\"@id\":\"https:\/\/www.grupoxcaret.com\/es\/grupo-xcaret-da-a-conocer-medidas-preventivas-ante-el-huracan-grace\/#breadcrumb\"},\"inLanguage\":\"es\",\"potentialAction\":[{\"@type\":\"ReadAction\",\"target\":[\"https:\/\/www.grupoxcaret.com\/es\/grupo-xcaret-da-a-conocer-medidas-preventivas-ante-el-huracan-grace\/\"]}]},{\"@type\":\"BreadcrumbList\",\"@id\":\"https:\/\/www.grupoxcaret.com\/es\/grupo-xcaret-da-a-conocer-medidas-preventivas-ante-el-huracan-grace\/#breadcrumb\",\"itemListElement\":[{\"@type\":\"ListItem\",\"position\":1,\"name\":\"Inicio\",\"item\":\"https:\/\/www.grupoxcaret.com\/es\/\"},{\"@type\":\"ListItem\",\"position\":2,\"name\":\"Noticias\",\"item\":\"https:\/\/www.grupoxcaret.com\/es\/seccion\/noticias\/\"},{\"@type\":\"ListItem\",\"position\":3,\"name\":\"Grupo Xcaret da a conocer medidas preventivas ante el hurac\\u00e1n \\u201cGrace\\u201d\"}]},{\"@type\":\"Article\",\"@id\":\"https:\/\/www.grupoxcaret.com\/es\/grupo-xcaret-da-a-conocer-medidas-preventivas-ante-el-huracan-grace\/#article\",\"isPartOf\":{\"@id\":\"https:\/\/www.grupoxcaret.com\/es\/grupo-xcaret-da-a-conocer-medidas-preventivas-ante-el-huracan-grace\/#webpage\"},\"author\":{\"@id\":\"https:\/\/www.grupoxcaret.com\/es\/#\/schema\/person\/ab672ffae4578284a3537f94723d3752\"},\"headline\":\"Grupo Xcaret da a conocer medidas preventivas ante el hurac\\u00e1n \\u201cGrace\\u201d\",\"datePublished\":\"2021-08-18T11:00:18+00:00\",\"dateModified\":\"2021-08-21T00:42:26+00:00\",\"mainEntityOfPage\":{\"@id\":\"https:\/\/www.grupoxcaret.com\/es\/grupo-xcaret-da-a-conocer-medidas-preventivas-ante-el-huracan-grace\/#webpage\"},\"wordCount\":443,\"publisher\":{\"@id\":\"https:\/\/www.grupoxcaret.com\/es\/#organization\"},\"image\":{\"@id\":\"https:\/\/www.grupoxcaret.com\/es\/grupo-xcaret-da-a-conocer-medidas-preventivas-ante-el-huracan-grace\/#primaryimage\"},\"thumbnailUrl\":\"https:\/\/www.grupoxcaret.com\/es\/wp-content\/uploads\/2020\/03\/LOGOTIPO-1.jpg\",\"articleSection\":[\"Acerca de\",\"Boletines de Prensa\",\"Destacados\",\"Eventos especiales\",\"Noticias\",\"Sala de Prensa\"],\"inLanguage\":\"es\"},{\"@type\":\"Person\",\"@id\":\"https:\/\/www.grupoxcaret.com\/es\/#\/schema\/person\/ab672ffae4578284a3537f94723d3752\",\"name\":\"Reyna Irasema Belmont\",\"image\":{\"@type\":\"ImageObject\",\"@id\":\"https:\/\/www.grupoxcaret.com\/es\/#personlogo\",\"inLanguage\":\"es\",\"url\":\"https:\/\/secure.gravatar.com\/avatar\/1633fc5d037b61325381949cab28bd1d?s=96&d=mm&r=g\",\"contentUrl\":\"https:\/\/secure.gravatar.com\/avatar\/1633fc5d037b61325381949cab28bd1d?s=96&d=mm&r=g\",\"caption\":\"Reyna Irasema Belmont\"},\"url\":\"https:\/\/www.grupoxcaret.com\/es\/author\/ibelmont\/\"}]}<\/script>\n<!-- \/ Yoast SEO plugin. -->","yoast_head_json":{"description":"Grupo Xcaret da a conocer medidas preventivas ante el hurac\u00e1n \u201cGrace\u201d","robots":{"index":"index","follow":"follow","max-snippet":"max-snippet:-1","max-image-preview":"max-image-preview:large","max-video-preview":"max-video-preview:-1"},"canonical":"https:\/\/www.grupoxcaret.com\/es\/grupo-xcaret-da-a-conocer-medidas-preventivas-ante-el-huracan-grace\/","og_locale":"es_ES","og_type":"article","og_title":"Grupo Xcaret da a conocer medidas preventivas ante el hurac\u00e1n \u201cGrace\u201d - Grupo Xcaret Sitio Corporativo","og_description":"Grupo Xcaret da a conocer medidas preventivas ante el hurac\u00e1n \u201cGrace\u201d","og_url":"https:\/\/www.grupoxcaret.com\/es\/grupo-xcaret-da-a-conocer-medidas-preventivas-ante-el-huracan-grace\/","og_site_name":"Grupo Xcaret Sitio Corporativo","article_published_time":"2021-08-18T11:00:18+00:00","article_modified_time":"2021-08-21T00:42:26+00:00","og_image":[{"width":850,"height":480,"url":"https:\/\/www.grupoxcaret.com\/es\/wp-content\/uploads\/2020\/03\/LOGOTIPO-1.jpg","type":"image\/jpeg"}],"twitter_card":"summary_large_image","twitter_misc":{"Escrito por":"Reyna Irasema Belmont","Tiempo de lectura":"2 minutos"},"schema":{"@context":"https:\/\/schema.org","@graph":[{"@type":"Organization","@id":"https:\/\/www.grupoxcaret.com\/es\/#organization","name":"Grupo Xcaret","url":"https:\/\/www.grupoxcaret.com\/es\/","sameAs":[],"logo":{"@type":"ImageObject","@id":"https:\/\/www.grupoxcaret.com\/es\/#logo","inLanguage":"es","url":"https:\/\/www.grupoxcaret.com\/es\/wp-content\/uploads\/2015\/04\/exx.png","contentUrl":"https:\/\/www.grupoxcaret.com\/es\/wp-content\/uploads\/2015\/04\/exx.png","width":400,"height":136,"caption":"Grupo Xcaret"},"image":{"@id":"https:\/\/www.grupoxcaret.com\/es\/#logo"}},{"@type":"WebSite","@id":"https:\/\/www.grupoxcaret.com\/es\/#website","url":"https:\/\/www.grupoxcaret.com\/es\/","name":"Grupo Xcaret Sitio Corporativo","description":"Conoce el sitio corporativo de Grupo Xcaret. Encuentra informaci\u00f3n relevante acerca de nuestra historia, marcas, filosof\u00eda empresarial, pol\u00edtica de sostenibilidad y mucho m\u00e1s.","publisher":{"@id":"https:\/\/www.grupoxcaret.com\/es\/#organization"},"potentialAction":[{"@type":"SearchAction","target":{"@type":"EntryPoint","urlTemplate":"https:\/\/www.grupoxcaret.com\/es\/?s={search_term_string}"},"query-input":"required name=search_term_string"}],"inLanguage":"es"},{"@type":"ImageObject","@id":"https:\/\/www.grupoxcaret.com\/es\/grupo-xcaret-da-a-conocer-medidas-preventivas-ante-el-huracan-grace\/#primaryimage","inLanguage":"es","url":"https:\/\/www.grupoxcaret.com\/es\/wp-content\/uploads\/2020\/03\/LOGOTIPO-1.jpg","contentUrl":"https:\/\/www.grupoxcaret.com\/es\/wp-content\/uploads\/2020\/03\/LOGOTIPO-1.jpg","width":850,"height":480},{"@type":"WebPage","@id":"https:\/\/www.grupoxcaret.com\/es\/grupo-xcaret-da-a-conocer-medidas-preventivas-ante-el-huracan-grace\/#webpage","url":"https:\/\/www.grupoxcaret.com\/es\/grupo-xcaret-da-a-conocer-medidas-preventivas-ante-el-huracan-grace\/","name":"Grupo Xcaret da a conocer medidas preventivas ante el hurac\u00e1n \u201cGrace\u201d - Grupo Xcaret Sitio Corporativo","isPartOf":{"@id":"https:\/\/www.grupoxcaret.com\/es\/#website"},"primaryImageOfPage":{"@id":"https:\/\/www.grupoxcaret.com\/es\/grupo-xcaret-da-a-conocer-medidas-preventivas-ante-el-huracan-grace\/#primaryimage"},"datePublished":"2021-08-18T11:00:18+00:00","dateModified":"2021-08-21T00:42:26+00:00","description":"Grupo Xcaret da a conocer medidas preventivas ante el hurac\u00e1n \u201cGrace\u201d","breadcrumb":{"@id":"https:\/\/www.grupoxcaret.com\/es\/grupo-xcaret-da-a-conocer-medidas-preventivas-ante-el-huracan-grace\/#breadcrumb"},"inLanguage":"es","potentialAction":[{"@type":"ReadAction","target":["https:\/\/www.grupoxcaret.com\/es\/grupo-xcaret-da-a-conocer-medidas-preventivas-ante-el-huracan-grace\/"]}]},{"@type":"BreadcrumbList","@id":"https:\/\/www.grupoxcaret.com\/es\/grupo-xcaret-da-a-conocer-medidas-preventivas-ante-el-huracan-grace\/#breadcrumb","itemListElement":[{"@type":"ListItem","position":1,"name":"Inicio","item":"https:\/\/www.grupoxcaret.com\/es\/"},{"@type":"ListItem","position":2,"name":"Noticias","item":"https:\/\/www.grupoxcaret.com\/es\/seccion\/noticias\/"},{"@type":"ListItem","position":3,"name":"Grupo Xcaret da a conocer medidas preventivas ante el hurac\u00e1n \u201cGrace\u201d"}]},{"@type":"Article","@id":"https:\/\/www.grupoxcaret.com\/es\/grupo-xcaret-da-a-conocer-medidas-preventivas-ante-el-huracan-grace\/#article","isPartOf":{"@id":"https:\/\/www.grupoxcaret.com\/es\/grupo-xcaret-da-a-conocer-medidas-preventivas-ante-el-huracan-grace\/#webpage"},"author":{"@id":"https:\/\/www.grupoxcaret.com\/es\/#\/schema\/person\/ab672ffae4578284a3537f94723d3752"},"headline":"Grupo Xcaret da a conocer medidas preventivas ante el hurac\u00e1n \u201cGrace\u201d","datePublished":"2021-08-18T11:00:18+00:00","dateModified":"2021-08-21T00:42:26+00:00","mainEntityOfPage":{"@id":"https:\/\/www.grupoxcaret.com\/es\/grupo-xcaret-da-a-conocer-medidas-preventivas-ante-el-huracan-grace\/#webpage"},"wordCount":443,"publisher":{"@id":"https:\/\/www.grupoxcaret.com\/es\/#organization"},"image":{"@id":"https:\/\/www.grupoxcaret.com\/es\/grupo-xcaret-da-a-conocer-medidas-preventivas-ante-el-huracan-grace\/#primaryimage"},"thumbnailUrl":"https:\/\/www.grupoxcaret.com\/es\/wp-content\/uploads\/2020\/03\/LOGOTIPO-1.jpg","articleSection":["Acerca de","Boletines de Prensa","Destacados","Eventos especiales","Noticias","Sala de Prensa"],"inLanguage":"es"},{"@type":"Person","@id":"https:\/\/www.grupoxcaret.com\/es\/#\/schema\/person\/ab672ffae4578284a3537f94723d3752","name":"Reyna Irasema Belmont","image":{"@type":"ImageObject","@id":"https:\/\/www.grupoxcaret.com\/es\/#personlogo","inLanguage":"es","url":"https:\/\/secure.gravatar.com\/avatar\/1633fc5d037b61325381949cab28bd1d?s=96&d=mm&r=g","contentUrl":"https:\/\/secure.gravatar.com\/avatar\/1633fc5d037b61325381949cab28bd1d?s=96&d=mm&r=g","caption":"Reyna Irasema Belmont"},"url":"https:\/\/www.grupoxcaret.com\/es\/author\/ibelmont\/"}]}},"amp_enabled":true,"_links":{"self":[{"href":"https:\/\/www.grupoxcaret.com\/es\/wp-json\/wp\/v2\/posts\/4467"}],"collection":[{"href":"https:\/\/www.grupoxcaret.com\/es\/wp-json\/wp\/v2\/posts"}],"about":[{"href":"https:\/\/www.grupoxcaret.com\/es\/wp-json\/wp\/v2\/types\/post"}],"author":[{"embeddable":true,"href":"https:\/\/www.grupoxcaret.com\/es\/wp-json\/wp\/v2\/users\/23"}],"replies":[{"embeddable":true,"href":"https:\/\/www.grupoxcaret.com\/es\/wp-json\/wp\/v2\/comments?post=4467"}],"version-history":[{"count":21,"href":"https:\/\/www.grupoxcaret.com\/es\/wp-json\/wp\/v2\/posts\/4467\/revisions"}],"predecessor-version":[{"id":4500,"href":"https:\/\/www.grupoxcaret.com\/es\/wp-json\/wp\/v2\/posts\/4467\/revisions\/4500"}],"wp:featuredmedia":[{"embeddable":true,"href":"https:\/\/www.grupoxcaret.com\/es\/wp-json\/wp\/v2\/media\/3298"}],"wp:attachment":[{"href":"https:\/\/www.grupoxcaret.com\/es\/wp-json\/wp\/v2\/media?parent=4467"}],"wp:term":[{"taxonomy":"category","embeddable":true,"href":"https:\/\/www.grupoxcaret.com\/es\/wp-json\/wp\/v2\/categories?post=4467"},{"taxonomy":"post_tag","embeddable":true,"href":"https:\/\/www.grupoxcaret.com\/es\/wp-json\/wp\/v2\/tags?post=4467"}],"curies":[{"name":"wp","href":"https:\/\/api.w.org\/{rel}","templated":true}]}}