{"id":3982,"date":"2020-11-23T18:49:40","date_gmt":"2020-11-23T18:49:40","guid":{"rendered":"https:\/\/www.grupoxcaret.com\/es\/?p=3982"},"modified":"2023-01-21T18:20:43","modified_gmt":"2023-01-21T18:20:43","slug":"the-ambassador-brands-reconoce-a-xcaret-por-su-labor-para-enaltecer-y-fortalecer-la-imagen-de-mexico","status":"publish","type":"post","link":"https:\/\/www.grupoxcaret.com\/es\/the-ambassador-brands-reconoce-a-xcaret-por-su-labor-para-enaltecer-y-fortalecer-la-imagen-de-mexico\/","title":{"rendered":"The Ambassador Brands reconoce a Xcaret por su labor para enaltecer y fortalecer la imagen de M\u00e9xico"},"content":{"rendered":"\n<p><strong>Quintana Roo, M\u00e9xico, 23 de noviembre del 2020.-<\/strong> En el marco de la presentaci\u00f3n de The Ambassador Brands, el proyecto sin fines de lucro realizado por las catedr\u00e1ticas Loni Lyons, Diana D\u00e1vila, profesoras de marketing de la Universidad An\u00e1huac, y Silvia Cacho-Elizondo, profesora titular del IPADE, que busca reconocer a las marcas mexicanas que enaltecen y fortalecen la imagen de M\u00e9xico en el exterior y alentar a las empresas a seguir trabajando en la construcci\u00f3n de la imagen del pa\u00eds en un contexto tan complicado como el que se vive a nivel mundial, Parque Xcaret fue reconocida como una de las once marcas embajadoras de M\u00e9xico 2020.<\/p>\n\n\n\n<p>Durante el evento de reconocimiento realizado de forma virtual, el Vicepresidente de Estrategia y Desarrollo de grupo Xcaret, el Arq. David Quintana Morones, asegur\u00f3 que \u201cen Grupo Xcaret, desde hace casi 30 a\u00f1os, nos pusimos como objetivo ser una ventana de M\u00e9xico para el mundo ofreciendo experiencias inmersivas, multisensoriales e inolvidables que logren que nuestros visitantes, hu\u00e9spedes y socios se lleven la energ\u00eda de M\u00e9xico en el coraz\u00f3n. Hoy m\u00e1s que nunca, estamos comprometidos con ese objetivo por lo que es un honor recibir este reconocimiento el d\u00eda de hoy y compartir nuestra visi\u00f3n con otras empresas que se han convertido en grandes embajadores de nuestro pa\u00eds\u201d.<\/p>\n\n\n\n<p>Fueron 90 empresas las nominadas a este reconocimiento, 27 las semifinalistas y 11 las que finalmente fueron nombradas como ganadores de la primera edici\u00f3n de este proyecto liderado por las catedr\u00e1ticas Loni Lyons, Diana D\u00e1vila y Silvia Cacho-Elizondo. Un panel conformado por 22 l\u00edderes de la industria de la mercadotecnia en nuestro pa\u00eds fueron los encargados de seleccionar a las marcas ganadoras tras un proceso de votaci\u00f3n y eliminaci\u00f3n. Las marcas reconocidas como las Embajadoras de M\u00e9xico 2020 fueron: Aerom\u00e9xico, Avodados, Grupo Bimbo, Canc\u00fan, Cinepolis, Corona, Frida Kahlo, Jos\u00e9 Cuervo, Kidzania, Pujol y &nbsp;Xcaret.<\/p>\n\n\n\n<p>Para finalizar el evento Loni Lyons agreg\u00f3, \u201cQueremos que nuestra iniciativa sea el comienzo de un dialogo nacional de como nuestras marcas pueden ayudar a fortalecer la imagen del pa\u00eds y queremos que sea una invitaci\u00f3n a que cada marca y cada persona asuma la responsabilidad de construir una gran imagen de nuestro M\u00e9xico\u201d.<\/p>\n\n\n\n<p>&nbsp;Cabe destacar que The Ambassador Brands, es un proyecto que busca convertirse en un referente en la industria con un evento anual en el que se reconozcan a las marcas mexicanas que a\u00f1o con a\u00f1o posicionan la imagen de M\u00e9xico en el mundo.<\/p>\n\n\n\n<p><strong>Sobre Grupo Xcaret<\/strong><\/p>\n\n\n\n<p>Grupo Xcaret es una empresa mexicana especializada en ofrecer experiencias \u00fanicas e inolvidables a sus visitantes, inspiradas en el respeto por la naturaleza, la cultura y la vida cuya trayectoria en la recreaci\u00f3n tur\u00edstica sostenible inici\u00f3 en 1990, posicion\u00e1ndose, hoy en d\u00eda, como los l\u00edderes en esta industria. Cuenta con tres unidades de negocio divididas en: Parques, bajo la que opera los parques m\u00e1s emblem\u00e1ticos de Canc\u00fan: Xcaret, Xel-H\u00e1, Xplor, Xplor Fuego, Xoximilco, Xenses y Xavage; Hoteles, unidad de negocio que inici\u00f3 operaciones con la apertura en 2017 de Hotel Xcaret M\u00e9xico; y Tours en la que ofrece recorridos \u00fanicos por Xich\u00e9n, Cob\u00e1, Tulum y Xenotes.<\/p>\n","protected":false},"excerpt":{"rendered":"<p>Quintana Roo, M\u00e9xico, 23 de noviembre del 2020.- En el marco de la presentaci\u00f3n de The Ambassador Brands, el proyecto sin fines de lucro realizado por las catedr\u00e1ticas Loni Lyons, Diana D\u00e1vila, profesoras de marketing de la Universidad An\u00e1huac, y Silvia Cacho-Elizondo, profesora titular del IPADE, que busca reconocer a las marcas mexicanas que enaltecen [&hellip;]<\/p>\n","protected":false},"author":23,"featured_media":4002,"comment_status":"open","ping_status":"open","sticky":false,"template":"","format":"standard","meta":[],"categories":[97,4,72,6,1,105,3],"tags":[],"yoast_head":"<!-- This site is optimized with the Yoast SEO plugin v17.6 - https:\/\/yoast.com\/wordpress\/plugins\/seo\/ -->\n<meta name=\"description\" content=\"The Ambassador Brands reconoce a Xcaret por su labor para enaltecer y fortalecer la imagen de M\u00e9xico, recibiendo el premio\" \/>\n<meta name=\"robots\" content=\"index, follow, max-snippet:-1, max-image-preview:large, max-video-preview:-1\" \/>\n<link rel=\"canonical\" href=\"https:\/\/www.grupoxcaret.com\/es\/the-ambassador-brands-reconoce-a-xcaret-por-su-labor-para-enaltecer-y-fortalecer-la-imagen-de-mexico\/\" \/>\n<meta property=\"og:locale\" content=\"es_ES\" \/>\n<meta property=\"og:type\" content=\"article\" \/>\n<meta property=\"og:title\" content=\"The Ambassador Brands reconoce a Xcaret por su labor para enaltecer y fortalecer la imagen de M\u00e9xico - Grupo Xcaret Sitio Corporativo\" \/>\n<meta property=\"og:description\" content=\"The Ambassador Brands reconoce a Xcaret por su labor para enaltecer y fortalecer la imagen de M\u00e9xico, recibiendo el premio\" \/>\n<meta property=\"og:url\" content=\"https:\/\/www.grupoxcaret.com\/es\/the-ambassador-brands-reconoce-a-xcaret-por-su-labor-para-enaltecer-y-fortalecer-la-imagen-de-mexico\/\" \/>\n<meta property=\"og:site_name\" content=\"Grupo Xcaret Sitio Corporativo\" \/>\n<meta property=\"article:published_time\" content=\"2020-11-23T18:49:40+00:00\" \/>\n<meta property=\"article:modified_time\" content=\"2023-01-21T18:20:43+00:00\" \/>\n<meta property=\"og:image\" content=\"https:\/\/www.grupoxcaret.com\/es\/wp-content\/uploads\/2020\/11\/xcaret-mexico-espectacular-08-1024x768.jpg\" \/>\n\t<meta property=\"og:image:width\" content=\"1024\" \/>\n\t<meta property=\"og:image:height\" content=\"768\" \/>\n<meta name=\"twitter:card\" content=\"summary_large_image\" \/>\n<meta name=\"twitter:label1\" content=\"Escrito por\" \/>\n\t<meta name=\"twitter:data1\" content=\"Reyna Irasema Belmont\" \/>\n\t<meta name=\"twitter:label2\" content=\"Tiempo de lectura\" \/>\n\t<meta name=\"twitter:data2\" content=\"3 minutos\" \/>\n<script type=\"application\/ld+json\" class=\"yoast-schema-graph\">{\"@context\":\"https:\/\/schema.org\",\"@graph\":[{\"@type\":\"Organization\",\"@id\":\"https:\/\/www.grupoxcaret.com\/es\/#organization\",\"name\":\"Grupo Xcaret\",\"url\":\"https:\/\/www.grupoxcaret.com\/es\/\",\"sameAs\":[],\"logo\":{\"@type\":\"ImageObject\",\"@id\":\"https:\/\/www.grupoxcaret.com\/es\/#logo\",\"inLanguage\":\"es\",\"url\":\"https:\/\/www.grupoxcaret.com\/es\/wp-content\/uploads\/2015\/04\/exx.png\",\"contentUrl\":\"https:\/\/www.grupoxcaret.com\/es\/wp-content\/uploads\/2015\/04\/exx.png\",\"width\":400,\"height\":136,\"caption\":\"Grupo Xcaret\"},\"image\":{\"@id\":\"https:\/\/www.grupoxcaret.com\/es\/#logo\"}},{\"@type\":\"WebSite\",\"@id\":\"https:\/\/www.grupoxcaret.com\/es\/#website\",\"url\":\"https:\/\/www.grupoxcaret.com\/es\/\",\"name\":\"Grupo Xcaret Sitio Corporativo\",\"description\":\"Conoce el sitio corporativo de Grupo Xcaret. Encuentra informaci\\u00f3n relevante acerca de nuestra historia, marcas, filosof\\u00eda empresarial, pol\\u00edtica de sostenibilidad y mucho m\\u00e1s.\",\"publisher\":{\"@id\":\"https:\/\/www.grupoxcaret.com\/es\/#organization\"},\"potentialAction\":[{\"@type\":\"SearchAction\",\"target\":{\"@type\":\"EntryPoint\",\"urlTemplate\":\"https:\/\/www.grupoxcaret.com\/es\/?s={search_term_string}\"},\"query-input\":\"required name=search_term_string\"}],\"inLanguage\":\"es\"},{\"@type\":\"ImageObject\",\"@id\":\"https:\/\/www.grupoxcaret.com\/es\/the-ambassador-brands-reconoce-a-xcaret-por-su-labor-para-enaltecer-y-fortalecer-la-imagen-de-mexico\/#primaryimage\",\"inLanguage\":\"es\",\"url\":\"https:\/\/www.grupoxcaret.com\/es\/wp-content\/uploads\/2020\/11\/xcaret-mexico-espectacular-08.jpg\",\"contentUrl\":\"https:\/\/www.grupoxcaret.com\/es\/wp-content\/uploads\/2020\/11\/xcaret-mexico-espectacular-08.jpg\",\"width\":2560,\"height\":1920},{\"@type\":\"WebPage\",\"@id\":\"https:\/\/www.grupoxcaret.com\/es\/the-ambassador-brands-reconoce-a-xcaret-por-su-labor-para-enaltecer-y-fortalecer-la-imagen-de-mexico\/#webpage\",\"url\":\"https:\/\/www.grupoxcaret.com\/es\/the-ambassador-brands-reconoce-a-xcaret-por-su-labor-para-enaltecer-y-fortalecer-la-imagen-de-mexico\/\",\"name\":\"The Ambassador Brands reconoce a Xcaret por su labor para enaltecer y fortalecer la imagen de M\\u00e9xico - Grupo Xcaret Sitio Corporativo\",\"isPartOf\":{\"@id\":\"https:\/\/www.grupoxcaret.com\/es\/#website\"},\"primaryImageOfPage\":{\"@id\":\"https:\/\/www.grupoxcaret.com\/es\/the-ambassador-brands-reconoce-a-xcaret-por-su-labor-para-enaltecer-y-fortalecer-la-imagen-de-mexico\/#primaryimage\"},\"datePublished\":\"2020-11-23T18:49:40+00:00\",\"dateModified\":\"2023-01-21T18:20:43+00:00\",\"description\":\"The Ambassador Brands reconoce a Xcaret por su labor para enaltecer y fortalecer la imagen de M\\u00e9xico, recibiendo el premio\",\"breadcrumb\":{\"@id\":\"https:\/\/www.grupoxcaret.com\/es\/the-ambassador-brands-reconoce-a-xcaret-por-su-labor-para-enaltecer-y-fortalecer-la-imagen-de-mexico\/#breadcrumb\"},\"inLanguage\":\"es\",\"potentialAction\":[{\"@type\":\"ReadAction\",\"target\":[\"https:\/\/www.grupoxcaret.com\/es\/the-ambassador-brands-reconoce-a-xcaret-por-su-labor-para-enaltecer-y-fortalecer-la-imagen-de-mexico\/\"]}]},{\"@type\":\"BreadcrumbList\",\"@id\":\"https:\/\/www.grupoxcaret.com\/es\/the-ambassador-brands-reconoce-a-xcaret-por-su-labor-para-enaltecer-y-fortalecer-la-imagen-de-mexico\/#breadcrumb\",\"itemListElement\":[{\"@type\":\"ListItem\",\"position\":1,\"name\":\"Inicio\",\"item\":\"https:\/\/www.grupoxcaret.com\/es\/\"},{\"@type\":\"ListItem\",\"position\":2,\"name\":\"Destacados\",\"item\":\"https:\/\/www.grupoxcaret.com\/es\/seccion\/destacados\/\"},{\"@type\":\"ListItem\",\"position\":3,\"name\":\"The Ambassador Brands reconoce a Xcaret por su labor para enaltecer y fortalecer la imagen de M\\u00e9xico\"}]},{\"@type\":\"Article\",\"@id\":\"https:\/\/www.grupoxcaret.com\/es\/the-ambassador-brands-reconoce-a-xcaret-por-su-labor-para-enaltecer-y-fortalecer-la-imagen-de-mexico\/#article\",\"isPartOf\":{\"@id\":\"https:\/\/www.grupoxcaret.com\/es\/the-ambassador-brands-reconoce-a-xcaret-por-su-labor-para-enaltecer-y-fortalecer-la-imagen-de-mexico\/#webpage\"},\"author\":{\"@id\":\"https:\/\/www.grupoxcaret.com\/es\/#\/schema\/person\/ab672ffae4578284a3537f94723d3752\"},\"headline\":\"The Ambassador Brands reconoce a Xcaret por su labor para enaltecer y fortalecer la imagen de M\\u00e9xico\",\"datePublished\":\"2020-11-23T18:49:40+00:00\",\"dateModified\":\"2023-01-21T18:20:43+00:00\",\"mainEntityOfPage\":{\"@id\":\"https:\/\/www.grupoxcaret.com\/es\/the-ambassador-brands-reconoce-a-xcaret-por-su-labor-para-enaltecer-y-fortalecer-la-imagen-de-mexico\/#webpage\"},\"wordCount\":569,\"commentCount\":0,\"publisher\":{\"@id\":\"https:\/\/www.grupoxcaret.com\/es\/#organization\"},\"image\":{\"@id\":\"https:\/\/www.grupoxcaret.com\/es\/the-ambassador-brands-reconoce-a-xcaret-por-su-labor-para-enaltecer-y-fortalecer-la-imagen-de-mexico\/#primaryimage\"},\"thumbnailUrl\":\"https:\/\/www.grupoxcaret.com\/es\/wp-content\/uploads\/2020\/11\/xcaret-mexico-espectacular-08.jpg\",\"articleSection\":[\"Acerca de\",\"Boletines de Prensa\",\"Destacados\",\"Eventos especiales\",\"Noticias\",\"Reconocimientos\",\"Sala de Prensa\"],\"inLanguage\":\"es\",\"potentialAction\":[{\"@type\":\"CommentAction\",\"name\":\"Comment\",\"target\":[\"https:\/\/www.grupoxcaret.com\/es\/the-ambassador-brands-reconoce-a-xcaret-por-su-labor-para-enaltecer-y-fortalecer-la-imagen-de-mexico\/#respond\"]}]},{\"@type\":\"Person\",\"@id\":\"https:\/\/www.grupoxcaret.com\/es\/#\/schema\/person\/ab672ffae4578284a3537f94723d3752\",\"name\":\"Reyna Irasema Belmont\",\"image\":{\"@type\":\"ImageObject\",\"@id\":\"https:\/\/www.grupoxcaret.com\/es\/#personlogo\",\"inLanguage\":\"es\",\"url\":\"https:\/\/secure.gravatar.com\/avatar\/1633fc5d037b61325381949cab28bd1d?s=96&d=mm&r=g\",\"contentUrl\":\"https:\/\/secure.gravatar.com\/avatar\/1633fc5d037b61325381949cab28bd1d?s=96&d=mm&r=g\",\"caption\":\"Reyna Irasema Belmont\"},\"url\":\"https:\/\/www.grupoxcaret.com\/es\/author\/ibelmont\/\"}]}<\/script>\n<!-- \/ Yoast SEO plugin. -->","yoast_head_json":{"description":"The Ambassador Brands reconoce a Xcaret por su labor para enaltecer y fortalecer la imagen de M\u00e9xico, recibiendo el premio","robots":{"index":"index","follow":"follow","max-snippet":"max-snippet:-1","max-image-preview":"max-image-preview:large","max-video-preview":"max-video-preview:-1"},"canonical":"https:\/\/www.grupoxcaret.com\/es\/the-ambassador-brands-reconoce-a-xcaret-por-su-labor-para-enaltecer-y-fortalecer-la-imagen-de-mexico\/","og_locale":"es_ES","og_type":"article","og_title":"The Ambassador Brands reconoce a Xcaret por su labor para enaltecer y fortalecer la imagen de M\u00e9xico - Grupo Xcaret Sitio Corporativo","og_description":"The Ambassador Brands reconoce a Xcaret por su labor para enaltecer y fortalecer la imagen de M\u00e9xico, recibiendo el premio","og_url":"https:\/\/www.grupoxcaret.com\/es\/the-ambassador-brands-reconoce-a-xcaret-por-su-labor-para-enaltecer-y-fortalecer-la-imagen-de-mexico\/","og_site_name":"Grupo Xcaret Sitio Corporativo","article_published_time":"2020-11-23T18:49:40+00:00","article_modified_time":"2023-01-21T18:20:43+00:00","og_image":[{"width":1024,"height":768,"url":"https:\/\/www.grupoxcaret.com\/es\/wp-content\/uploads\/2020\/11\/xcaret-mexico-espectacular-08-1024x768.jpg","type":"image\/jpeg"}],"twitter_card":"summary_large_image","twitter_misc":{"Escrito por":"Reyna Irasema Belmont","Tiempo de lectura":"3 minutos"},"schema":{"@context":"https:\/\/schema.org","@graph":[{"@type":"Organization","@id":"https:\/\/www.grupoxcaret.com\/es\/#organization","name":"Grupo Xcaret","url":"https:\/\/www.grupoxcaret.com\/es\/","sameAs":[],"logo":{"@type":"ImageObject","@id":"https:\/\/www.grupoxcaret.com\/es\/#logo","inLanguage":"es","url":"https:\/\/www.grupoxcaret.com\/es\/wp-content\/uploads\/2015\/04\/exx.png","contentUrl":"https:\/\/www.grupoxcaret.com\/es\/wp-content\/uploads\/2015\/04\/exx.png","width":400,"height":136,"caption":"Grupo Xcaret"},"image":{"@id":"https:\/\/www.grupoxcaret.com\/es\/#logo"}},{"@type":"WebSite","@id":"https:\/\/www.grupoxcaret.com\/es\/#website","url":"https:\/\/www.grupoxcaret.com\/es\/","name":"Grupo Xcaret Sitio Corporativo","description":"Conoce el sitio corporativo de Grupo Xcaret. Encuentra informaci\u00f3n relevante acerca de nuestra historia, marcas, filosof\u00eda empresarial, pol\u00edtica de sostenibilidad y mucho m\u00e1s.","publisher":{"@id":"https:\/\/www.grupoxcaret.com\/es\/#organization"},"potentialAction":[{"@type":"SearchAction","target":{"@type":"EntryPoint","urlTemplate":"https:\/\/www.grupoxcaret.com\/es\/?s={search_term_string}"},"query-input":"required name=search_term_string"}],"inLanguage":"es"},{"@type":"ImageObject","@id":"https:\/\/www.grupoxcaret.com\/es\/the-ambassador-brands-reconoce-a-xcaret-por-su-labor-para-enaltecer-y-fortalecer-la-imagen-de-mexico\/#primaryimage","inLanguage":"es","url":"https:\/\/www.grupoxcaret.com\/es\/wp-content\/uploads\/2020\/11\/xcaret-mexico-espectacular-08.jpg","contentUrl":"https:\/\/www.grupoxcaret.com\/es\/wp-content\/uploads\/2020\/11\/xcaret-mexico-espectacular-08.jpg","width":2560,"height":1920},{"@type":"WebPage","@id":"https:\/\/www.grupoxcaret.com\/es\/the-ambassador-brands-reconoce-a-xcaret-por-su-labor-para-enaltecer-y-fortalecer-la-imagen-de-mexico\/#webpage","url":"https:\/\/www.grupoxcaret.com\/es\/the-ambassador-brands-reconoce-a-xcaret-por-su-labor-para-enaltecer-y-fortalecer-la-imagen-de-mexico\/","name":"The Ambassador Brands reconoce a Xcaret por su labor para enaltecer y fortalecer la imagen de M\u00e9xico - Grupo Xcaret Sitio Corporativo","isPartOf":{"@id":"https:\/\/www.grupoxcaret.com\/es\/#website"},"primaryImageOfPage":{"@id":"https:\/\/www.grupoxcaret.com\/es\/the-ambassador-brands-reconoce-a-xcaret-por-su-labor-para-enaltecer-y-fortalecer-la-imagen-de-mexico\/#primaryimage"},"datePublished":"2020-11-23T18:49:40+00:00","dateModified":"2023-01-21T18:20:43+00:00","description":"The Ambassador Brands reconoce a Xcaret por su labor para enaltecer y fortalecer la imagen de M\u00e9xico, recibiendo el premio","breadcrumb":{"@id":"https:\/\/www.grupoxcaret.com\/es\/the-ambassador-brands-reconoce-a-xcaret-por-su-labor-para-enaltecer-y-fortalecer-la-imagen-de-mexico\/#breadcrumb"},"inLanguage":"es","potentialAction":[{"@type":"ReadAction","target":["https:\/\/www.grupoxcaret.com\/es\/the-ambassador-brands-reconoce-a-xcaret-por-su-labor-para-enaltecer-y-fortalecer-la-imagen-de-mexico\/"]}]},{"@type":"BreadcrumbList","@id":"https:\/\/www.grupoxcaret.com\/es\/the-ambassador-brands-reconoce-a-xcaret-por-su-labor-para-enaltecer-y-fortalecer-la-imagen-de-mexico\/#breadcrumb","itemListElement":[{"@type":"ListItem","position":1,"name":"Inicio","item":"https:\/\/www.grupoxcaret.com\/es\/"},{"@type":"ListItem","position":2,"name":"Destacados","item":"https:\/\/www.grupoxcaret.com\/es\/seccion\/destacados\/"},{"@type":"ListItem","position":3,"name":"The Ambassador Brands reconoce a Xcaret por su labor para enaltecer y fortalecer la imagen de M\u00e9xico"}]},{"@type":"Article","@id":"https:\/\/www.grupoxcaret.com\/es\/the-ambassador-brands-reconoce-a-xcaret-por-su-labor-para-enaltecer-y-fortalecer-la-imagen-de-mexico\/#article","isPartOf":{"@id":"https:\/\/www.grupoxcaret.com\/es\/the-ambassador-brands-reconoce-a-xcaret-por-su-labor-para-enaltecer-y-fortalecer-la-imagen-de-mexico\/#webpage"},"author":{"@id":"https:\/\/www.grupoxcaret.com\/es\/#\/schema\/person\/ab672ffae4578284a3537f94723d3752"},"headline":"The Ambassador Brands reconoce a Xcaret por su labor para enaltecer y fortalecer la imagen de M\u00e9xico","datePublished":"2020-11-23T18:49:40+00:00","dateModified":"2023-01-21T18:20:43+00:00","mainEntityOfPage":{"@id":"https:\/\/www.grupoxcaret.com\/es\/the-ambassador-brands-reconoce-a-xcaret-por-su-labor-para-enaltecer-y-fortalecer-la-imagen-de-mexico\/#webpage"},"wordCount":569,"commentCount":0,"publisher":{"@id":"https:\/\/www.grupoxcaret.com\/es\/#organization"},"image":{"@id":"https:\/\/www.grupoxcaret.com\/es\/the-ambassador-brands-reconoce-a-xcaret-por-su-labor-para-enaltecer-y-fortalecer-la-imagen-de-mexico\/#primaryimage"},"thumbnailUrl":"https:\/\/www.grupoxcaret.com\/es\/wp-content\/uploads\/2020\/11\/xcaret-mexico-espectacular-08.jpg","articleSection":["Acerca de","Boletines de Prensa","Destacados","Eventos especiales","Noticias","Reconocimientos","Sala de Prensa"],"inLanguage":"es","potentialAction":[{"@type":"CommentAction","name":"Comment","target":["https:\/\/www.grupoxcaret.com\/es\/the-ambassador-brands-reconoce-a-xcaret-por-su-labor-para-enaltecer-y-fortalecer-la-imagen-de-mexico\/#respond"]}]},{"@type":"Person","@id":"https:\/\/www.grupoxcaret.com\/es\/#\/schema\/person\/ab672ffae4578284a3537f94723d3752","name":"Reyna Irasema Belmont","image":{"@type":"ImageObject","@id":"https:\/\/www.grupoxcaret.com\/es\/#personlogo","inLanguage":"es","url":"https:\/\/secure.gravatar.com\/avatar\/1633fc5d037b61325381949cab28bd1d?s=96&d=mm&r=g","contentUrl":"https:\/\/secure.gravatar.com\/avatar\/1633fc5d037b61325381949cab28bd1d?s=96&d=mm&r=g","caption":"Reyna Irasema Belmont"},"url":"https:\/\/www.grupoxcaret.com\/es\/author\/ibelmont\/"}]}},"amp_enabled":false,"_links":{"self":[{"href":"https:\/\/www.grupoxcaret.com\/es\/wp-json\/wp\/v2\/posts\/3982"}],"collection":[{"href":"https:\/\/www.grupoxcaret.com\/es\/wp-json\/wp\/v2\/posts"}],"about":[{"href":"https:\/\/www.grupoxcaret.com\/es\/wp-json\/wp\/v2\/types\/post"}],"author":[{"embeddable":true,"href":"https:\/\/www.grupoxcaret.com\/es\/wp-json\/wp\/v2\/users\/23"}],"replies":[{"embeddable":true,"href":"https:\/\/www.grupoxcaret.com\/es\/wp-json\/wp\/v2\/comments?post=3982"}],"version-history":[{"count":5,"href":"https:\/\/www.grupoxcaret.com\/es\/wp-json\/wp\/v2\/posts\/3982\/revisions"}],"predecessor-version":[{"id":5325,"href":"https:\/\/www.grupoxcaret.com\/es\/wp-json\/wp\/v2\/posts\/3982\/revisions\/5325"}],"wp:featuredmedia":[{"embeddable":true,"href":"https:\/\/www.grupoxcaret.com\/es\/wp-json\/wp\/v2\/media\/4002"}],"wp:attachment":[{"href":"https:\/\/www.grupoxcaret.com\/es\/wp-json\/wp\/v2\/media?parent=3982"}],"wp:term":[{"taxonomy":"category","embeddable":true,"href":"https:\/\/www.grupoxcaret.com\/es\/wp-json\/wp\/v2\/categories?post=3982"},{"taxonomy":"post_tag","embeddable":true,"href":"https:\/\/www.grupoxcaret.com\/es\/wp-json\/wp\/v2\/tags?post=3982"}],"curies":[{"name":"wp","href":"https:\/\/api.w.org\/{rel}","templated":true}]}}