{"id":3972,"date":"2020-11-12T10:00:40","date_gmt":"2020-11-12T10:00:40","guid":{"rendered":"https:\/\/www.grupoxcaret.com\/es\/?p=3972"},"modified":"2023-01-21T18:19:30","modified_gmt":"2023-01-21T18:19:30","slug":"la-organizacion-mundial-del-turismo-reconoce-a-grupo-xcaret-durante-su-42a-sesion-plenaria","status":"publish","type":"post","link":"https:\/\/www.grupoxcaret.com\/es\/la-organizacion-mundial-del-turismo-reconoce-a-grupo-xcaret-durante-su-42a-sesion-plenaria\/","title":{"rendered":"La Organizaci\u00f3n Mundial del Turismo reconoce a Grupo Xcaret durante su 42\u00aa Sesi\u00f3n Plenaria"},"content":{"rendered":"\n<figure class=\"wp-block-embed is-type-video is-provider-vimeo wp-block-embed-vimeo wp-embed-aspect-16-9 wp-has-aspect-ratio\"><div class=\"wp-block-embed__wrapper\">\n<iframe loading=\"lazy\" title=\"Grupo Xcaret recibe Premio OMT\" src=\"https:\/\/player.vimeo.com\/video\/478239757?h=fa439956ed&amp;dnt=1&amp;app_id=122963\" width=\"696\" height=\"392\" frameborder=\"0\" allow=\"autoplay; fullscreen; picture-in-picture\" allowfullscreen><\/iframe>\n<\/div><\/figure>\n\n\n\n<p><\/p>\n\n\n\n<p>El reconocimiento fue entregado a Gerardo Guiza Vargas, Consejero de Asuntos Econ\u00f3micos de la Embajada de M\u00e9xico en Espa\u00f1a, qui\u00e9n asegur\u00f3 que \u201ces un honor recibir este reconocimiento otorgado a Grupo Xcaret por su contribuci\u00f3n al impulso y reactivaci\u00f3n del turismo\u201d. Por su parte el Arq. Miguel Quintana Pali, Presidente y Socio Fundador de Grupo Xcaret afirm\u00f3 que \u201cen nuestra empresa las personas son prioridad, por lo que es un honor recibir este reconocimiento. Sabemos que el principal reto al que nos enfrentamos en la industria tur\u00edstica es recuperar y generar confianza en los viajeros y para lograrlo, es necesario brindarles seguridad y tranquilidad por lo que mantenemos nuestro compromiso de seguir trabajando en las acciones que nos permitan impulsar y reactivar nuestra industria\u201d.<\/p>\n\n\n\n<p>Recordemos que el pasado mes de mayo, la empresa mexicana dio a conocer su modelo Xeguridad 360\u00b0, un robusto plan de protocolos de seguridad e higiene como medida de prevenci\u00f3n ante el SARS-CoV-2 (Covid-19) que incluye la activaci\u00f3n de 1,300 acciones agrupadas en 104 categor\u00edas con el objetivo de garantizar la seguridad de visitantes, hu\u00e9spedes, colaboradores y proveedores. Asimismo, Grupo Xcaret colabor\u00f3 de forma activa con la OMT como parte del Consejo Directivo de Miembros Afiliados para el enriquecimiento del documento de recomendaciones y medidas para la recuperaci\u00f3n de la actividad tur\u00edstica y form\u00f3 parte del equipo de asesores que desarrollaron la \u201cGu\u00eda de reapertura de IAAPA\u201d (International Association of Amusement Parks and Attractions).<\/p>\n\n\n\n<p>Durante la sesi\u00f3n plenaria que se centr\u00f3 en sentar las bases del Programa de trabajo de la OMT para 2021 y compartir las mejores pr\u00e1cticas y propuestas para la recuperaci\u00f3n del sector tur\u00edstico, el Secretario General de la OMT, Zurab Pololikashvili, puntualiz\u00f3 que \u201cser\u00e1 necesaria la participaci\u00f3n de todos los sectores de nuestra industria para reactivar el turismo e impulsar la recuperaci\u00f3n. Desde el inicio de esta crisis, el turismo ha sido pionero en la adaptaci\u00f3n a la nueva realidad y ha considerado prioritarias las cuestiones de salud p\u00fablica. Ahora, el sector precisa del apoyo de los gobiernos y las organizaciones internacionales para volver a crecer y hacerlo m\u00e1s fuerte y resiliente, en beneficio de muchos millones de personas y empresas en todo el mundo\u201d.<\/p>\n\n\n\n<p>Cabe destacar que, as\u00ed como a Grupo Xcaret, la OMT reconoci\u00f3 a otras empresas y organismos por contribuir a mitigar el impacto de la COVID-19 en el sector, entre ellos la Asociaci\u00f3n Internacional de Transporte A\u00e9reo (IATA) por su trabajo en apoyo al sector del transporte a\u00e9reo mundial, CaixaBank por su apoyo a empresas tur\u00edsticas de todos los tama\u00f1os y el Ayuntamiento de Madrid por dar ejemplo y destacar en el fomento de asociaciones p\u00fablico-privadas para la respuesta y la recuperaci\u00f3n.<\/p>\n\n\n\n<p><strong>Sobre Grupo Xcaret<\/strong><\/p>\n\n\n\n<p>Grupo Xcaret es una empresa mexicana especializada en ofrecer experiencias \u00fanicas e inolvidables a sus visitantes, inspiradas en el respeto por la naturaleza, la cultura y la vida cuya trayectoria en la recreaci\u00f3n tur\u00edstica sostenible inici\u00f3 en 1990, posicion\u00e1ndose, hoy en d\u00eda, como los l\u00edderes en esta industria. Cuenta con tres unidades de negocio divididas en: Parques, bajo la que opera los parques m\u00e1s emblem\u00e1ticos de Canc\u00fan: Xcaret, Xel-H\u00e1, Xplor, Xplor Fuego, Xoximilco, Xenses y Xavage; Hoteles, unidad de negocio que inici\u00f3 operaciones con la apertura en 2017 de Hotel Xcaret M\u00e9xico; y Tours en la que ofrece recorridos \u00fanicos por Xich\u00e9n, Cob\u00e1, Tulum y Xenotes.<\/p>\n","protected":false},"excerpt":{"rendered":"<p>El reconocimiento fue entregado a Gerardo Guiza Vargas, Consejero de Asuntos Econ\u00f3micos de la Embajada de M\u00e9xico en Espa\u00f1a, qui\u00e9n asegur\u00f3 que \u201ces un honor recibir este reconocimiento otorgado a Grupo Xcaret por su contribuci\u00f3n al impulso y reactivaci\u00f3n del turismo\u201d. Por su parte el Arq. Miguel Quintana Pali, Presidente y Socio Fundador de Grupo [&hellip;]<\/p>\n","protected":false},"author":23,"featured_media":3851,"comment_status":"open","ping_status":"open","sticky":false,"template":"","format":"standard","meta":[],"categories":[97,72,103,1,105,3,87],"tags":[],"yoast_head":"<!-- This site is optimized with the Yoast SEO plugin v17.6 - https:\/\/yoast.com\/wordpress\/plugins\/seo\/ -->\n<meta name=\"description\" content=\"La Organizaci\u00f3n Mundial del Turismo reconoce a Grupo Xcaret empresa lider sostenible, durante su 42\u00aa Sesi\u00f3n Plenaria.\" \/>\n<meta name=\"robots\" content=\"index, follow, max-snippet:-1, max-image-preview:large, max-video-preview:-1\" \/>\n<link rel=\"canonical\" href=\"https:\/\/www.grupoxcaret.com\/es\/la-organizacion-mundial-del-turismo-reconoce-a-grupo-xcaret-durante-su-42a-sesion-plenaria\/\" \/>\n<meta property=\"og:locale\" content=\"es_ES\" \/>\n<meta property=\"og:type\" content=\"article\" \/>\n<meta property=\"og:title\" content=\"La Organizaci\u00f3n Mundial del Turismo reconoce a Grupo Xcaret durante su 42\u00aa Sesi\u00f3n Plenaria - Grupo Xcaret Sitio Corporativo\" \/>\n<meta property=\"og:description\" content=\"La Organizaci\u00f3n Mundial del Turismo reconoce a Grupo Xcaret empresa lider sostenible, durante su 42\u00aa Sesi\u00f3n Plenaria.\" \/>\n<meta property=\"og:url\" content=\"https:\/\/www.grupoxcaret.com\/es\/la-organizacion-mundial-del-turismo-reconoce-a-grupo-xcaret-durante-su-42a-sesion-plenaria\/\" \/>\n<meta property=\"og:site_name\" content=\"Grupo Xcaret Sitio Corporativo\" \/>\n<meta property=\"article:published_time\" content=\"2020-11-12T10:00:40+00:00\" \/>\n<meta property=\"article:modified_time\" content=\"2023-01-21T18:19:30+00:00\" \/>\n<meta property=\"og:image\" content=\"https:\/\/www.grupoxcaret.com\/es\/wp-content\/uploads\/2020\/09\/aerea-xcaret-web.jpg\" \/>\n\t<meta property=\"og:image:width\" content=\"1080\" \/>\n\t<meta property=\"og:image:height\" content=\"810\" \/>\n<meta name=\"twitter:card\" content=\"summary_large_image\" \/>\n<meta name=\"twitter:label1\" content=\"Escrito por\" \/>\n\t<meta name=\"twitter:data1\" content=\"Reyna Irasema Belmont\" \/>\n\t<meta name=\"twitter:label2\" content=\"Tiempo de lectura\" \/>\n\t<meta name=\"twitter:data2\" content=\"3 minutos\" \/>\n<script type=\"application\/ld+json\" class=\"yoast-schema-graph\">{\"@context\":\"https:\/\/schema.org\",\"@graph\":[{\"@type\":\"Organization\",\"@id\":\"https:\/\/www.grupoxcaret.com\/es\/#organization\",\"name\":\"Grupo Xcaret\",\"url\":\"https:\/\/www.grupoxcaret.com\/es\/\",\"sameAs\":[],\"logo\":{\"@type\":\"ImageObject\",\"@id\":\"https:\/\/www.grupoxcaret.com\/es\/#logo\",\"inLanguage\":\"es\",\"url\":\"https:\/\/www.grupoxcaret.com\/es\/wp-content\/uploads\/2015\/04\/exx.png\",\"contentUrl\":\"https:\/\/www.grupoxcaret.com\/es\/wp-content\/uploads\/2015\/04\/exx.png\",\"width\":400,\"height\":136,\"caption\":\"Grupo Xcaret\"},\"image\":{\"@id\":\"https:\/\/www.grupoxcaret.com\/es\/#logo\"}},{\"@type\":\"WebSite\",\"@id\":\"https:\/\/www.grupoxcaret.com\/es\/#website\",\"url\":\"https:\/\/www.grupoxcaret.com\/es\/\",\"name\":\"Grupo Xcaret Sitio Corporativo\",\"description\":\"Conoce el sitio corporativo de Grupo Xcaret. Encuentra informaci\\u00f3n relevante acerca de nuestra historia, marcas, filosof\\u00eda empresarial, pol\\u00edtica de sostenibilidad y mucho m\\u00e1s.\",\"publisher\":{\"@id\":\"https:\/\/www.grupoxcaret.com\/es\/#organization\"},\"potentialAction\":[{\"@type\":\"SearchAction\",\"target\":{\"@type\":\"EntryPoint\",\"urlTemplate\":\"https:\/\/www.grupoxcaret.com\/es\/?s={search_term_string}\"},\"query-input\":\"required name=search_term_string\"}],\"inLanguage\":\"es\"},{\"@type\":\"ImageObject\",\"@id\":\"https:\/\/www.grupoxcaret.com\/es\/la-organizacion-mundial-del-turismo-reconoce-a-grupo-xcaret-durante-su-42a-sesion-plenaria\/#primaryimage\",\"inLanguage\":\"es\",\"url\":\"https:\/\/www.grupoxcaret.com\/es\/wp-content\/uploads\/2020\/09\/aerea-xcaret-web.jpg\",\"contentUrl\":\"https:\/\/www.grupoxcaret.com\/es\/wp-content\/uploads\/2020\/09\/aerea-xcaret-web.jpg\",\"width\":1080,\"height\":810},{\"@type\":\"WebPage\",\"@id\":\"https:\/\/www.grupoxcaret.com\/es\/la-organizacion-mundial-del-turismo-reconoce-a-grupo-xcaret-durante-su-42a-sesion-plenaria\/#webpage\",\"url\":\"https:\/\/www.grupoxcaret.com\/es\/la-organizacion-mundial-del-turismo-reconoce-a-grupo-xcaret-durante-su-42a-sesion-plenaria\/\",\"name\":\"La Organizaci\\u00f3n Mundial del Turismo reconoce a Grupo Xcaret durante su 42\\u00aa Sesi\\u00f3n Plenaria - Grupo Xcaret Sitio Corporativo\",\"isPartOf\":{\"@id\":\"https:\/\/www.grupoxcaret.com\/es\/#website\"},\"primaryImageOfPage\":{\"@id\":\"https:\/\/www.grupoxcaret.com\/es\/la-organizacion-mundial-del-turismo-reconoce-a-grupo-xcaret-durante-su-42a-sesion-plenaria\/#primaryimage\"},\"datePublished\":\"2020-11-12T10:00:40+00:00\",\"dateModified\":\"2023-01-21T18:19:30+00:00\",\"description\":\"La Organizaci\\u00f3n Mundial del Turismo reconoce a Grupo Xcaret empresa lider sostenible, durante su 42\\u00aa Sesi\\u00f3n Plenaria.\",\"breadcrumb\":{\"@id\":\"https:\/\/www.grupoxcaret.com\/es\/la-organizacion-mundial-del-turismo-reconoce-a-grupo-xcaret-durante-su-42a-sesion-plenaria\/#breadcrumb\"},\"inLanguage\":\"es\",\"potentialAction\":[{\"@type\":\"ReadAction\",\"target\":[\"https:\/\/www.grupoxcaret.com\/es\/la-organizacion-mundial-del-turismo-reconoce-a-grupo-xcaret-durante-su-42a-sesion-plenaria\/\"]}]},{\"@type\":\"BreadcrumbList\",\"@id\":\"https:\/\/www.grupoxcaret.com\/es\/la-organizacion-mundial-del-turismo-reconoce-a-grupo-xcaret-durante-su-42a-sesion-plenaria\/#breadcrumb\",\"itemListElement\":[{\"@type\":\"ListItem\",\"position\":1,\"name\":\"Inicio\",\"item\":\"https:\/\/www.grupoxcaret.com\/es\/\"},{\"@type\":\"ListItem\",\"position\":2,\"name\":\"Destacados\",\"item\":\"https:\/\/www.grupoxcaret.com\/es\/seccion\/destacados\/\"},{\"@type\":\"ListItem\",\"position\":3,\"name\":\"La Organizaci\\u00f3n Mundial del Turismo reconoce a Grupo Xcaret durante su 42\\u00aa Sesi\\u00f3n Plenaria\"}]},{\"@type\":\"Article\",\"@id\":\"https:\/\/www.grupoxcaret.com\/es\/la-organizacion-mundial-del-turismo-reconoce-a-grupo-xcaret-durante-su-42a-sesion-plenaria\/#article\",\"isPartOf\":{\"@id\":\"https:\/\/www.grupoxcaret.com\/es\/la-organizacion-mundial-del-turismo-reconoce-a-grupo-xcaret-durante-su-42a-sesion-plenaria\/#webpage\"},\"author\":{\"@id\":\"https:\/\/www.grupoxcaret.com\/es\/#\/schema\/person\/ab672ffae4578284a3537f94723d3752\"},\"headline\":\"La Organizaci\\u00f3n Mundial del Turismo reconoce a Grupo Xcaret durante su 42\\u00aa Sesi\\u00f3n Plenaria\",\"datePublished\":\"2020-11-12T10:00:40+00:00\",\"dateModified\":\"2023-01-21T18:19:30+00:00\",\"mainEntityOfPage\":{\"@id\":\"https:\/\/www.grupoxcaret.com\/es\/la-organizacion-mundial-del-turismo-reconoce-a-grupo-xcaret-durante-su-42a-sesion-plenaria\/#webpage\"},\"wordCount\":605,\"commentCount\":0,\"publisher\":{\"@id\":\"https:\/\/www.grupoxcaret.com\/es\/#organization\"},\"image\":{\"@id\":\"https:\/\/www.grupoxcaret.com\/es\/la-organizacion-mundial-del-turismo-reconoce-a-grupo-xcaret-durante-su-42a-sesion-plenaria\/#primaryimage\"},\"thumbnailUrl\":\"https:\/\/www.grupoxcaret.com\/es\/wp-content\/uploads\/2020\/09\/aerea-xcaret-web.jpg\",\"articleSection\":[\"Acerca de\",\"Destacados\",\"Educaci\\u00f3n para la Sostenibilidad\",\"Noticias\",\"Reconocimientos\",\"Sala de Prensa\",\"Video\"],\"inLanguage\":\"es\",\"potentialAction\":[{\"@type\":\"CommentAction\",\"name\":\"Comment\",\"target\":[\"https:\/\/www.grupoxcaret.com\/es\/la-organizacion-mundial-del-turismo-reconoce-a-grupo-xcaret-durante-su-42a-sesion-plenaria\/#respond\"]}]},{\"@type\":\"Person\",\"@id\":\"https:\/\/www.grupoxcaret.com\/es\/#\/schema\/person\/ab672ffae4578284a3537f94723d3752\",\"name\":\"Reyna Irasema Belmont\",\"image\":{\"@type\":\"ImageObject\",\"@id\":\"https:\/\/www.grupoxcaret.com\/es\/#personlogo\",\"inLanguage\":\"es\",\"url\":\"https:\/\/secure.gravatar.com\/avatar\/1633fc5d037b61325381949cab28bd1d?s=96&d=mm&r=g\",\"contentUrl\":\"https:\/\/secure.gravatar.com\/avatar\/1633fc5d037b61325381949cab28bd1d?s=96&d=mm&r=g\",\"caption\":\"Reyna Irasema Belmont\"},\"url\":\"https:\/\/www.grupoxcaret.com\/es\/author\/ibelmont\/\"}]}<\/script>\n<!-- \/ Yoast SEO plugin. -->","yoast_head_json":{"description":"La Organizaci\u00f3n Mundial del Turismo reconoce a Grupo Xcaret empresa lider sostenible, durante su 42\u00aa Sesi\u00f3n Plenaria.","robots":{"index":"index","follow":"follow","max-snippet":"max-snippet:-1","max-image-preview":"max-image-preview:large","max-video-preview":"max-video-preview:-1"},"canonical":"https:\/\/www.grupoxcaret.com\/es\/la-organizacion-mundial-del-turismo-reconoce-a-grupo-xcaret-durante-su-42a-sesion-plenaria\/","og_locale":"es_ES","og_type":"article","og_title":"La Organizaci\u00f3n Mundial del Turismo reconoce a Grupo Xcaret durante su 42\u00aa Sesi\u00f3n Plenaria - Grupo Xcaret Sitio Corporativo","og_description":"La Organizaci\u00f3n Mundial del Turismo reconoce a Grupo Xcaret empresa lider sostenible, durante su 42\u00aa Sesi\u00f3n Plenaria.","og_url":"https:\/\/www.grupoxcaret.com\/es\/la-organizacion-mundial-del-turismo-reconoce-a-grupo-xcaret-durante-su-42a-sesion-plenaria\/","og_site_name":"Grupo Xcaret Sitio Corporativo","article_published_time":"2020-11-12T10:00:40+00:00","article_modified_time":"2023-01-21T18:19:30+00:00","og_image":[{"width":1080,"height":810,"url":"https:\/\/www.grupoxcaret.com\/es\/wp-content\/uploads\/2020\/09\/aerea-xcaret-web.jpg","type":"image\/jpeg"}],"twitter_card":"summary_large_image","twitter_misc":{"Escrito por":"Reyna Irasema Belmont","Tiempo de lectura":"3 minutos"},"schema":{"@context":"https:\/\/schema.org","@graph":[{"@type":"Organization","@id":"https:\/\/www.grupoxcaret.com\/es\/#organization","name":"Grupo Xcaret","url":"https:\/\/www.grupoxcaret.com\/es\/","sameAs":[],"logo":{"@type":"ImageObject","@id":"https:\/\/www.grupoxcaret.com\/es\/#logo","inLanguage":"es","url":"https:\/\/www.grupoxcaret.com\/es\/wp-content\/uploads\/2015\/04\/exx.png","contentUrl":"https:\/\/www.grupoxcaret.com\/es\/wp-content\/uploads\/2015\/04\/exx.png","width":400,"height":136,"caption":"Grupo Xcaret"},"image":{"@id":"https:\/\/www.grupoxcaret.com\/es\/#logo"}},{"@type":"WebSite","@id":"https:\/\/www.grupoxcaret.com\/es\/#website","url":"https:\/\/www.grupoxcaret.com\/es\/","name":"Grupo Xcaret Sitio Corporativo","description":"Conoce el sitio corporativo de Grupo Xcaret. Encuentra informaci\u00f3n relevante acerca de nuestra historia, marcas, filosof\u00eda empresarial, pol\u00edtica de sostenibilidad y mucho m\u00e1s.","publisher":{"@id":"https:\/\/www.grupoxcaret.com\/es\/#organization"},"potentialAction":[{"@type":"SearchAction","target":{"@type":"EntryPoint","urlTemplate":"https:\/\/www.grupoxcaret.com\/es\/?s={search_term_string}"},"query-input":"required name=search_term_string"}],"inLanguage":"es"},{"@type":"ImageObject","@id":"https:\/\/www.grupoxcaret.com\/es\/la-organizacion-mundial-del-turismo-reconoce-a-grupo-xcaret-durante-su-42a-sesion-plenaria\/#primaryimage","inLanguage":"es","url":"https:\/\/www.grupoxcaret.com\/es\/wp-content\/uploads\/2020\/09\/aerea-xcaret-web.jpg","contentUrl":"https:\/\/www.grupoxcaret.com\/es\/wp-content\/uploads\/2020\/09\/aerea-xcaret-web.jpg","width":1080,"height":810},{"@type":"WebPage","@id":"https:\/\/www.grupoxcaret.com\/es\/la-organizacion-mundial-del-turismo-reconoce-a-grupo-xcaret-durante-su-42a-sesion-plenaria\/#webpage","url":"https:\/\/www.grupoxcaret.com\/es\/la-organizacion-mundial-del-turismo-reconoce-a-grupo-xcaret-durante-su-42a-sesion-plenaria\/","name":"La Organizaci\u00f3n Mundial del Turismo reconoce a Grupo Xcaret durante su 42\u00aa Sesi\u00f3n Plenaria - Grupo Xcaret Sitio Corporativo","isPartOf":{"@id":"https:\/\/www.grupoxcaret.com\/es\/#website"},"primaryImageOfPage":{"@id":"https:\/\/www.grupoxcaret.com\/es\/la-organizacion-mundial-del-turismo-reconoce-a-grupo-xcaret-durante-su-42a-sesion-plenaria\/#primaryimage"},"datePublished":"2020-11-12T10:00:40+00:00","dateModified":"2023-01-21T18:19:30+00:00","description":"La Organizaci\u00f3n Mundial del Turismo reconoce a Grupo Xcaret empresa lider sostenible, durante su 42\u00aa Sesi\u00f3n Plenaria.","breadcrumb":{"@id":"https:\/\/www.grupoxcaret.com\/es\/la-organizacion-mundial-del-turismo-reconoce-a-grupo-xcaret-durante-su-42a-sesion-plenaria\/#breadcrumb"},"inLanguage":"es","potentialAction":[{"@type":"ReadAction","target":["https:\/\/www.grupoxcaret.com\/es\/la-organizacion-mundial-del-turismo-reconoce-a-grupo-xcaret-durante-su-42a-sesion-plenaria\/"]}]},{"@type":"BreadcrumbList","@id":"https:\/\/www.grupoxcaret.com\/es\/la-organizacion-mundial-del-turismo-reconoce-a-grupo-xcaret-durante-su-42a-sesion-plenaria\/#breadcrumb","itemListElement":[{"@type":"ListItem","position":1,"name":"Inicio","item":"https:\/\/www.grupoxcaret.com\/es\/"},{"@type":"ListItem","position":2,"name":"Destacados","item":"https:\/\/www.grupoxcaret.com\/es\/seccion\/destacados\/"},{"@type":"ListItem","position":3,"name":"La Organizaci\u00f3n Mundial del Turismo reconoce a Grupo Xcaret durante su 42\u00aa Sesi\u00f3n Plenaria"}]},{"@type":"Article","@id":"https:\/\/www.grupoxcaret.com\/es\/la-organizacion-mundial-del-turismo-reconoce-a-grupo-xcaret-durante-su-42a-sesion-plenaria\/#article","isPartOf":{"@id":"https:\/\/www.grupoxcaret.com\/es\/la-organizacion-mundial-del-turismo-reconoce-a-grupo-xcaret-durante-su-42a-sesion-plenaria\/#webpage"},"author":{"@id":"https:\/\/www.grupoxcaret.com\/es\/#\/schema\/person\/ab672ffae4578284a3537f94723d3752"},"headline":"La Organizaci\u00f3n Mundial del Turismo reconoce a Grupo Xcaret durante su 42\u00aa Sesi\u00f3n Plenaria","datePublished":"2020-11-12T10:00:40+00:00","dateModified":"2023-01-21T18:19:30+00:00","mainEntityOfPage":{"@id":"https:\/\/www.grupoxcaret.com\/es\/la-organizacion-mundial-del-turismo-reconoce-a-grupo-xcaret-durante-su-42a-sesion-plenaria\/#webpage"},"wordCount":605,"commentCount":0,"publisher":{"@id":"https:\/\/www.grupoxcaret.com\/es\/#organization"},"image":{"@id":"https:\/\/www.grupoxcaret.com\/es\/la-organizacion-mundial-del-turismo-reconoce-a-grupo-xcaret-durante-su-42a-sesion-plenaria\/#primaryimage"},"thumbnailUrl":"https:\/\/www.grupoxcaret.com\/es\/wp-content\/uploads\/2020\/09\/aerea-xcaret-web.jpg","articleSection":["Acerca de","Destacados","Educaci\u00f3n para la Sostenibilidad","Noticias","Reconocimientos","Sala de Prensa","Video"],"inLanguage":"es","potentialAction":[{"@type":"CommentAction","name":"Comment","target":["https:\/\/www.grupoxcaret.com\/es\/la-organizacion-mundial-del-turismo-reconoce-a-grupo-xcaret-durante-su-42a-sesion-plenaria\/#respond"]}]},{"@type":"Person","@id":"https:\/\/www.grupoxcaret.com\/es\/#\/schema\/person\/ab672ffae4578284a3537f94723d3752","name":"Reyna Irasema Belmont","image":{"@type":"ImageObject","@id":"https:\/\/www.grupoxcaret.com\/es\/#personlogo","inLanguage":"es","url":"https:\/\/secure.gravatar.com\/avatar\/1633fc5d037b61325381949cab28bd1d?s=96&d=mm&r=g","contentUrl":"https:\/\/secure.gravatar.com\/avatar\/1633fc5d037b61325381949cab28bd1d?s=96&d=mm&r=g","caption":"Reyna Irasema Belmont"},"url":"https:\/\/www.grupoxcaret.com\/es\/author\/ibelmont\/"}]}},"amp_enabled":true,"_links":{"self":[{"href":"https:\/\/www.grupoxcaret.com\/es\/wp-json\/wp\/v2\/posts\/3972"}],"collection":[{"href":"https:\/\/www.grupoxcaret.com\/es\/wp-json\/wp\/v2\/posts"}],"about":[{"href":"https:\/\/www.grupoxcaret.com\/es\/wp-json\/wp\/v2\/types\/post"}],"author":[{"embeddable":true,"href":"https:\/\/www.grupoxcaret.com\/es\/wp-json\/wp\/v2\/users\/23"}],"replies":[{"embeddable":true,"href":"https:\/\/www.grupoxcaret.com\/es\/wp-json\/wp\/v2\/comments?post=3972"}],"version-history":[{"count":5,"href":"https:\/\/www.grupoxcaret.com\/es\/wp-json\/wp\/v2\/posts\/3972\/revisions"}],"predecessor-version":[{"id":5324,"href":"https:\/\/www.grupoxcaret.com\/es\/wp-json\/wp\/v2\/posts\/3972\/revisions\/5324"}],"wp:featuredmedia":[{"embeddable":true,"href":"https:\/\/www.grupoxcaret.com\/es\/wp-json\/wp\/v2\/media\/3851"}],"wp:attachment":[{"href":"https:\/\/www.grupoxcaret.com\/es\/wp-json\/wp\/v2\/media?parent=3972"}],"wp:term":[{"taxonomy":"category","embeddable":true,"href":"https:\/\/www.grupoxcaret.com\/es\/wp-json\/wp\/v2\/categories?post=3972"},{"taxonomy":"post_tag","embeddable":true,"href":"https:\/\/www.grupoxcaret.com\/es\/wp-json\/wp\/v2\/tags?post=3972"}],"curies":[{"name":"wp","href":"https:\/\/api.w.org\/{rel}","templated":true}]}}