{"id":3916,"date":"2020-10-28T21:41:05","date_gmt":"2020-10-28T21:41:05","guid":{"rendered":"https:\/\/www.grupoxcaret.com\/es\/?p=3916"},"modified":"2023-01-21T18:18:44","modified_gmt":"2023-01-21T18:18:44","slug":"compartira-grupo-xcaret-su-festival-de-tradiciones-de-vida-y-muerte","status":"publish","type":"post","link":"https:\/\/www.grupoxcaret.com\/es\/compartira-grupo-xcaret-su-festival-de-tradiciones-de-vida-y-muerte\/","title":{"rendered":"Compartir\u00e1 Grupo Xcaret su Festival de Tradiciones de Vida y Muerte"},"content":{"rendered":"\n<figure class=\"wp-block-pullquote alignwide is-style-solid-color\"><blockquote><p><\/p><p><\/p><p><span class=\"has-inline-color has-cyan-bluish-gray-color\">El pr\u00f3ximo 01 de noviembre, Grupo Xcaret, compartir\u00e1 con M\u00e9xico y el mundo su ic\u00f3nico Festival de Tradiciones de Vida y Muerte con el estreno de una producci\u00f3n que muestra el homenaje y celebraci\u00f3n que la empresa realiza a una de las tradiciones m\u00e1s emblem\u00e1ticas de M\u00e9xico.<\/span><\/p><\/blockquote><\/figure>\n\n\n\n<figure class=\"wp-block-image size-large\"><img src=\"blob:https:\/\/www.grupoxcaret.com\/a706fdf2-bc56-48e5-a618-f5d404e25859\" alt=\"\"\/><\/figure>\n\n\n\n<p><strong>Ciudad de M\u00e9xico, 28 de octubre del 2020.- <\/strong>Con el objetivo de seguir conmemorando las tradiciones de M\u00e9xico, Grupo Xcaret, l\u00edder en recreaci\u00f3n tur\u00edstica sostenible, compartir\u00e1 un homenaje a su emblem\u00e1tico Festival de Tradiciones de Vida y Muerte en el canal de YouTube del parque Xcaret. A trav\u00e9s de una producci\u00f3n audiovisual, que se estrenar\u00e1 este 01 de noviembre, la empresa mostrar\u00e1 a M\u00e9xico y el mundo la historia y celebraci\u00f3n que realiza a una de las tradiciones m\u00e1s emblem\u00e1ticas de nuestro pa\u00eds: el D\u00eda de los Muertos.<\/p>\n\n\n\n<p>\u201cHace algunos meses tomamos la decisi\u00f3n de posponer la realizaci\u00f3n de los eventos que ten\u00edamos programados para este a\u00f1o incluido el Festival de Tradiciones de Vida y Muerte con el compromiso de salvaguardar el bienestar de cada uno de nuestros visitantes, colaboradores y hu\u00e9spedes, atendiendo las medidas de seguridad emitidas por la Organizaci\u00f3n Mundial de la Salud de evitar eventos de alta concurrencia, sin embargo, buscamos la forma de reinventarnos para mantener viva esta tradici\u00f3n, considerada obra maestra del Patrimonio Oral e Intangible de la Humanidad, y compartirla con todo M\u00e9xico y el mundo gracias a la tecnolog\u00eda que, a pesar de la distancia, nos permite estar m\u00e1s cerca que nunca\u201d asegur\u00f3 Lizeth \u00c1lvarez Directora Ejecutiva Comercial de Grupo Xcaret.<\/p>\n\n\n\n<figure class=\"wp-block-image size-large\"><img loading=\"lazy\" width=\"1024\" height=\"683\" src=\"https:\/\/www.grupoxcaret.com\/es\/wp-content\/uploads\/2020\/10\/FTVYM-2019-Exposicion-Altares.logo_-1024x683.jpg\" alt=\"\" class=\"wp-image-3925\" srcset=\"https:\/\/www.grupoxcaret.com\/es\/wp-content\/uploads\/2020\/10\/FTVYM-2019-Exposicion-Altares.logo_-1024x683.jpg 1024w, https:\/\/www.grupoxcaret.com\/es\/wp-content\/uploads\/2020\/10\/FTVYM-2019-Exposicion-Altares.logo_-300x200.jpg 300w, https:\/\/www.grupoxcaret.com\/es\/wp-content\/uploads\/2020\/10\/FTVYM-2019-Exposicion-Altares.logo_-768x512.jpg 768w, https:\/\/www.grupoxcaret.com\/es\/wp-content\/uploads\/2020\/10\/FTVYM-2019-Exposicion-Altares.logo_-1536x1025.jpg 1536w, https:\/\/www.grupoxcaret.com\/es\/wp-content\/uploads\/2020\/10\/FTVYM-2019-Exposicion-Altares.logo_-2048x1366.jpg 2048w, https:\/\/www.grupoxcaret.com\/es\/wp-content\/uploads\/2020\/10\/FTVYM-2019-Exposicion-Altares.logo_-696x464.jpg 696w, https:\/\/www.grupoxcaret.com\/es\/wp-content\/uploads\/2020\/10\/FTVYM-2019-Exposicion-Altares.logo_-1068x712.jpg 1068w, https:\/\/www.grupoxcaret.com\/es\/wp-content\/uploads\/2020\/10\/FTVYM-2019-Exposicion-Altares.logo_-630x420.jpg 630w\" sizes=\"(max-width: 1024px) 100vw, 1024px\" \/><figcaption><a href=\"https:\/\/www.youtube.com\/user\/XcaretPark\">https:\/\/www.youtube.com\/user\/XcaretPark<\/a><\/figcaption><\/figure>\n\n\n\n<p>El video recopilatorio del festival se estrenar\u00e1 el pr\u00f3ximo 01 de noviembre a las 19:00 horas (horario de Canc\u00fan) y 18:00 horas (horario de Ciudad de M\u00e9xico) a trav\u00e9s del canal de <a href=\"https:\/\/www.youtube.com\/channel\/UCCVC4_LH2vlAoHwEqWlVycA\">YouTube de Parque Xcaret<\/a> y ofrecer\u00e1 un recorrido por la historia del festival, su impacto sociocultural y las expresiones art\u00edsticas que conlleva esta tradici\u00f3n mexicana. Dicha producci\u00f3n, mostrar\u00e1 tambi\u00e9n algunos de los ic\u00f3nicos escenarios del parque Xcaret que forman parte del festival a\u00f1o con a\u00f1o como el Cementerio, la Cripta de los Suspiros y la Hacienda Henequenera.<\/p>\n\n\n\n<figure class=\"wp-block-image size-large\"><img loading=\"lazy\" width=\"1024\" height=\"683\" src=\"https:\/\/www.grupoxcaret.com\/es\/wp-content\/uploads\/2020\/10\/FTVYM-2019-Hacienda-Interactiva.logo_-1024x683.jpg\" alt=\"\" class=\"wp-image-3920\" srcset=\"https:\/\/www.grupoxcaret.com\/es\/wp-content\/uploads\/2020\/10\/FTVYM-2019-Hacienda-Interactiva.logo_-1024x683.jpg 1024w, https:\/\/www.grupoxcaret.com\/es\/wp-content\/uploads\/2020\/10\/FTVYM-2019-Hacienda-Interactiva.logo_-300x200.jpg 300w, https:\/\/www.grupoxcaret.com\/es\/wp-content\/uploads\/2020\/10\/FTVYM-2019-Hacienda-Interactiva.logo_-768x512.jpg 768w, https:\/\/www.grupoxcaret.com\/es\/wp-content\/uploads\/2020\/10\/FTVYM-2019-Hacienda-Interactiva.logo_-1536x1024.jpg 1536w, https:\/\/www.grupoxcaret.com\/es\/wp-content\/uploads\/2020\/10\/FTVYM-2019-Hacienda-Interactiva.logo_-2048x1365.jpg 2048w, https:\/\/www.grupoxcaret.com\/es\/wp-content\/uploads\/2020\/10\/FTVYM-2019-Hacienda-Interactiva.logo_-696x464.jpg 696w, https:\/\/www.grupoxcaret.com\/es\/wp-content\/uploads\/2020\/10\/FTVYM-2019-Hacienda-Interactiva.logo_-1068x712.jpg 1068w, https:\/\/www.grupoxcaret.com\/es\/wp-content\/uploads\/2020\/10\/FTVYM-2019-Hacienda-Interactiva.logo_-630x420.jpg 630w\" sizes=\"(max-width: 1024px) 100vw, 1024px\" \/><figcaption>Hacienda Henequenera Parque Xcaret, actividades interactivas Festival de Tradiciones de Vida y Muerte Xcaret<\/figcaption><\/figure>\n\n\n\n<p>\u201cPara Grupo Xcaret el Festival de Tradiciones de Vida y Muerte tiene un gran significado, no solo porque nos permite enaltecer el valor de una tradici\u00f3n tan arraigada en el esp\u00edritu mexicano como lo es el D\u00eda de Muertos, sino porque desde su primera edici\u00f3n en 2006, nos da la oportunidad de mostrar la riqueza de nuestra cultura y sobre todo, preservar el legado hist\u00f3rico de esta celebraci\u00f3n, por ello, queremos agradecer a todos por su apoyo y comprensi\u00f3n e invitarlos a seguir conmemorando nuestras tradiciones juntos. La tecnolog\u00eda este a\u00f1o nos permitir\u00e1 llevar el festival hasta sus hogares, mientras tanto, nos estaremos preparando para recibirlos en 2021 en nuestro parque Xcaret y Hotel Xcaret M\u00e9xico para disfrutarlo, vivirlo y sentirlo en todo su esplendor\u201d agreg\u00f3 Lizeth \u00c1lvarez.<\/p>\n\n\n\n<p>Con esta iniciativa, Grupo Xcaret reitera su compromiso por preservar la riqueza cultural de M\u00e9xico y de seguir ofreciendo experiencias que enaltezcan el valor y significado de las tradiciones de nuestro pa\u00eds.<\/p>\n\n\n\n<p>Para m\u00e1s informaci\u00f3n visita: <a href=\"https:\/\/www.grupoxcaret.com\/\">https:\/\/www.grupoxcaret.com\/<\/a><\/p>\n\n\n\n<figure class=\"wp-block-image size-large\"><img loading=\"lazy\" width=\"1024\" height=\"683\" src=\"https:\/\/www.grupoxcaret.com\/es\/wp-content\/uploads\/2020\/10\/FTVYM-2019-La-casa-de-las-9-lanzas-enterradas-Xipe-Totek.logo_-1-1024x683.jpg\" alt=\"\" class=\"wp-image-3931\" srcset=\"https:\/\/www.grupoxcaret.com\/es\/wp-content\/uploads\/2020\/10\/FTVYM-2019-La-casa-de-las-9-lanzas-enterradas-Xipe-Totek.logo_-1-1024x683.jpg 1024w, https:\/\/www.grupoxcaret.com\/es\/wp-content\/uploads\/2020\/10\/FTVYM-2019-La-casa-de-las-9-lanzas-enterradas-Xipe-Totek.logo_-1-300x200.jpg 300w, https:\/\/www.grupoxcaret.com\/es\/wp-content\/uploads\/2020\/10\/FTVYM-2019-La-casa-de-las-9-lanzas-enterradas-Xipe-Totek.logo_-1-768x512.jpg 768w, https:\/\/www.grupoxcaret.com\/es\/wp-content\/uploads\/2020\/10\/FTVYM-2019-La-casa-de-las-9-lanzas-enterradas-Xipe-Totek.logo_-1-1536x1024.jpg 1536w, https:\/\/www.grupoxcaret.com\/es\/wp-content\/uploads\/2020\/10\/FTVYM-2019-La-casa-de-las-9-lanzas-enterradas-Xipe-Totek.logo_-1-2048x1366.jpg 2048w, https:\/\/www.grupoxcaret.com\/es\/wp-content\/uploads\/2020\/10\/FTVYM-2019-La-casa-de-las-9-lanzas-enterradas-Xipe-Totek.logo_-1-696x464.jpg 696w, https:\/\/www.grupoxcaret.com\/es\/wp-content\/uploads\/2020\/10\/FTVYM-2019-La-casa-de-las-9-lanzas-enterradas-Xipe-Totek.logo_-1-1068x712.jpg 1068w, https:\/\/www.grupoxcaret.com\/es\/wp-content\/uploads\/2020\/10\/FTVYM-2019-La-casa-de-las-9-lanzas-enterradas-Xipe-Totek.logo_-1-630x420.jpg 630w\" sizes=\"(max-width: 1024px) 100vw, 1024px\" \/><figcaption>La casa de las 9 lanzas enterradas, Grupo Xipetotek   <\/figcaption><\/figure>\n\n\n\n<p><strong>Sobre Grupo Xcaret<\/strong> Grupo Xcaret es una empresa mexicana especializada en ofrecer experiencias \u00fanicas e inolvidables a sus visitantes, inspiradas en el respeto por la naturaleza, la cultura y la vida cuya trayectoria en la recreaci\u00f3n tur\u00edstica sostenible, inici\u00f3 en 1990, posicion\u00e1ndose, hoy en d\u00eda, como los l\u00edderes en esta industria. Cuenta con tres unidades de negocio divididas en: Parques, bajo la que opera los parques m\u00e1s emblem\u00e1ticos de Canc\u00fan: Xcaret, Xel-H\u00e1, Xplor, Xplor Fuego, Xoximilco, Xenses y Xavage; Hoteles, unidad de negocio que inici\u00f3 operaciones con la apertura en 2017 de Hotel Xcaret M\u00e9xico; y Tours en la que ofrece recorridos \u00fanicos por Xich\u00e9n, Cob\u00e1, Tulum y Xenotes<\/p>\n\n\n\n<figure class=\"wp-block-gallery has-nested-images columns-default is-cropped\">\n<figure class=\"wp-block-image size-large\"><img loading=\"lazy\" width=\"1024\" height=\"1004\" data-id=\"3923\"  src=\"https:\/\/www.grupoxcaret.com\/es\/wp-content\/uploads\/2020\/10\/ftvm-color-1024x1004.png\" alt=\"\" class=\"wp-image-3923\" srcset=\"https:\/\/www.grupoxcaret.com\/es\/wp-content\/uploads\/2020\/10\/ftvm-color-1024x1004.png 1024w, https:\/\/www.grupoxcaret.com\/es\/wp-content\/uploads\/2020\/10\/ftvm-color-300x294.png 300w, https:\/\/www.grupoxcaret.com\/es\/wp-content\/uploads\/2020\/10\/ftvm-color-768x753.png 768w, https:\/\/www.grupoxcaret.com\/es\/wp-content\/uploads\/2020\/10\/ftvm-color-696x682.png 696w, https:\/\/www.grupoxcaret.com\/es\/wp-content\/uploads\/2020\/10\/ftvm-color-428x420.png 428w, https:\/\/www.grupoxcaret.com\/es\/wp-content\/uploads\/2020\/10\/ftvm-color.png 1068w\" sizes=\"(max-width: 1024px) 100vw, 1024px\" \/><\/figure>\n<\/figure>\n","protected":false},"excerpt":{"rendered":"<p>El pr\u00f3ximo 01 de noviembre, Grupo Xcaret, compartir\u00e1 con M\u00e9xico y el mundo su ic\u00f3nico Festival de Tradiciones de Vida y Muerte con el estreno de una producci\u00f3n que muestra el homenaje y celebraci\u00f3n que la empresa realiza a una de las tradiciones m\u00e1s emblem\u00e1ticas de M\u00e9xico. Ciudad de M\u00e9xico, 28 de octubre del 2020.- [&hellip;]<\/p>\n","protected":false},"author":17,"featured_media":3918,"comment_status":"open","ping_status":"open","sticky":true,"template":"","format":"standard","meta":[],"categories":[72,9],"tags":[],"yoast_head":"<!-- This site is optimized with the Yoast SEO plugin v17.6 - https:\/\/yoast.com\/wordpress\/plugins\/seo\/ -->\n<meta name=\"description\" content=\"El pr\u00f3ximo 01 de noviembre, Grupo Xcaret, compartir\u00e1 con M\u00e9xico y el mundo su ic\u00f3nico Festival de Tradiciones de Vida y Muerte\" \/>\n<meta name=\"robots\" content=\"index, follow, max-snippet:-1, max-image-preview:large, max-video-preview:-1\" \/>\n<link rel=\"canonical\" href=\"https:\/\/www.grupoxcaret.com\/es\/compartira-grupo-xcaret-su-festival-de-tradiciones-de-vida-y-muerte\/\" \/>\n<meta property=\"og:locale\" content=\"es_ES\" \/>\n<meta property=\"og:type\" content=\"article\" \/>\n<meta property=\"og:title\" content=\"Compartir\u00e1 Grupo Xcaret su Festival de Tradiciones de Vida y Muerte - Grupo Xcaret Sitio Corporativo\" \/>\n<meta property=\"og:description\" content=\"El pr\u00f3ximo 01 de noviembre, Grupo Xcaret, compartir\u00e1 con M\u00e9xico y el mundo su ic\u00f3nico Festival de Tradiciones de Vida y Muerte\" \/>\n<meta property=\"og:url\" content=\"https:\/\/www.grupoxcaret.com\/es\/compartira-grupo-xcaret-su-festival-de-tradiciones-de-vida-y-muerte\/\" \/>\n<meta property=\"og:site_name\" content=\"Grupo Xcaret Sitio Corporativo\" \/>\n<meta property=\"article:published_time\" content=\"2020-10-28T21:41:05+00:00\" \/>\n<meta property=\"article:modified_time\" content=\"2023-01-21T18:18:44+00:00\" \/>\n<meta property=\"og:image\" content=\"https:\/\/www.grupoxcaret.com\/es\/wp-content\/uploads\/2020\/10\/2100.2020TW-FVYM-ESP.jpg\" \/>\n\t<meta property=\"og:image:width\" content=\"1000\" \/>\n\t<meta property=\"og:image:height\" content=\"500\" \/>\n<meta name=\"twitter:card\" content=\"summary_large_image\" \/>\n<meta name=\"twitter:label1\" content=\"Escrito por\" \/>\n\t<meta name=\"twitter:data1\" content=\"Relaciones P\u00fablicas Xcaret\" \/>\n\t<meta name=\"twitter:label2\" content=\"Tiempo de lectura\" \/>\n\t<meta name=\"twitter:data2\" content=\"4 minutos\" \/>\n<script type=\"application\/ld+json\" class=\"yoast-schema-graph\">{\"@context\":\"https:\/\/schema.org\",\"@graph\":[{\"@type\":\"Organization\",\"@id\":\"https:\/\/www.grupoxcaret.com\/es\/#organization\",\"name\":\"Grupo Xcaret\",\"url\":\"https:\/\/www.grupoxcaret.com\/es\/\",\"sameAs\":[],\"logo\":{\"@type\":\"ImageObject\",\"@id\":\"https:\/\/www.grupoxcaret.com\/es\/#logo\",\"inLanguage\":\"es\",\"url\":\"https:\/\/www.grupoxcaret.com\/es\/wp-content\/uploads\/2015\/04\/exx.png\",\"contentUrl\":\"https:\/\/www.grupoxcaret.com\/es\/wp-content\/uploads\/2015\/04\/exx.png\",\"width\":400,\"height\":136,\"caption\":\"Grupo Xcaret\"},\"image\":{\"@id\":\"https:\/\/www.grupoxcaret.com\/es\/#logo\"}},{\"@type\":\"WebSite\",\"@id\":\"https:\/\/www.grupoxcaret.com\/es\/#website\",\"url\":\"https:\/\/www.grupoxcaret.com\/es\/\",\"name\":\"Grupo Xcaret Sitio Corporativo\",\"description\":\"Conoce el sitio corporativo de Grupo Xcaret. Encuentra informaci\\u00f3n relevante acerca de nuestra historia, marcas, filosof\\u00eda empresarial, pol\\u00edtica de sostenibilidad y mucho m\\u00e1s.\",\"publisher\":{\"@id\":\"https:\/\/www.grupoxcaret.com\/es\/#organization\"},\"potentialAction\":[{\"@type\":\"SearchAction\",\"target\":{\"@type\":\"EntryPoint\",\"urlTemplate\":\"https:\/\/www.grupoxcaret.com\/es\/?s={search_term_string}\"},\"query-input\":\"required name=search_term_string\"}],\"inLanguage\":\"es\"},{\"@type\":\"ImageObject\",\"@id\":\"https:\/\/www.grupoxcaret.com\/es\/compartira-grupo-xcaret-su-festival-de-tradiciones-de-vida-y-muerte\/#primaryimage\",\"inLanguage\":\"es\",\"url\":\"https:\/\/www.grupoxcaret.com\/es\/wp-content\/uploads\/2020\/10\/2100.2020TW-FVYM-ESP.jpg\",\"contentUrl\":\"https:\/\/www.grupoxcaret.com\/es\/wp-content\/uploads\/2020\/10\/2100.2020TW-FVYM-ESP.jpg\",\"width\":1000,\"height\":500,\"caption\":\"Banner FTVM\"},{\"@type\":\"WebPage\",\"@id\":\"https:\/\/www.grupoxcaret.com\/es\/compartira-grupo-xcaret-su-festival-de-tradiciones-de-vida-y-muerte\/#webpage\",\"url\":\"https:\/\/www.grupoxcaret.com\/es\/compartira-grupo-xcaret-su-festival-de-tradiciones-de-vida-y-muerte\/\",\"name\":\"Compartir\\u00e1 Grupo Xcaret su Festival de Tradiciones de Vida y Muerte - Grupo Xcaret Sitio Corporativo\",\"isPartOf\":{\"@id\":\"https:\/\/www.grupoxcaret.com\/es\/#website\"},\"primaryImageOfPage\":{\"@id\":\"https:\/\/www.grupoxcaret.com\/es\/compartira-grupo-xcaret-su-festival-de-tradiciones-de-vida-y-muerte\/#primaryimage\"},\"datePublished\":\"2020-10-28T21:41:05+00:00\",\"dateModified\":\"2023-01-21T18:18:44+00:00\",\"description\":\"El pr\\u00f3ximo 01 de noviembre, Grupo Xcaret, compartir\\u00e1 con M\\u00e9xico y el mundo su ic\\u00f3nico Festival de Tradiciones de Vida y Muerte\",\"breadcrumb\":{\"@id\":\"https:\/\/www.grupoxcaret.com\/es\/compartira-grupo-xcaret-su-festival-de-tradiciones-de-vida-y-muerte\/#breadcrumb\"},\"inLanguage\":\"es\",\"potentialAction\":[{\"@type\":\"ReadAction\",\"target\":[\"https:\/\/www.grupoxcaret.com\/es\/compartira-grupo-xcaret-su-festival-de-tradiciones-de-vida-y-muerte\/\"]}]},{\"@type\":\"BreadcrumbList\",\"@id\":\"https:\/\/www.grupoxcaret.com\/es\/compartira-grupo-xcaret-su-festival-de-tradiciones-de-vida-y-muerte\/#breadcrumb\",\"itemListElement\":[{\"@type\":\"ListItem\",\"position\":1,\"name\":\"Inicio\",\"item\":\"https:\/\/www.grupoxcaret.com\/es\/\"},{\"@type\":\"ListItem\",\"position\":2,\"name\":\"Destacados\",\"item\":\"https:\/\/www.grupoxcaret.com\/es\/seccion\/destacados\/\"},{\"@type\":\"ListItem\",\"position\":3,\"name\":\"Compartir\\u00e1 Grupo Xcaret su Festival de Tradiciones de Vida y Muerte\"}]},{\"@type\":\"Article\",\"@id\":\"https:\/\/www.grupoxcaret.com\/es\/compartira-grupo-xcaret-su-festival-de-tradiciones-de-vida-y-muerte\/#article\",\"isPartOf\":{\"@id\":\"https:\/\/www.grupoxcaret.com\/es\/compartira-grupo-xcaret-su-festival-de-tradiciones-de-vida-y-muerte\/#webpage\"},\"author\":{\"@id\":\"https:\/\/www.grupoxcaret.com\/es\/#\/schema\/person\/b3b81fed6f68acb61268cbe4eda5a08a\"},\"headline\":\"Compartir\\u00e1 Grupo Xcaret su Festival de Tradiciones de Vida y Muerte\",\"datePublished\":\"2020-10-28T21:41:05+00:00\",\"dateModified\":\"2023-01-21T18:18:44+00:00\",\"mainEntityOfPage\":{\"@id\":\"https:\/\/www.grupoxcaret.com\/es\/compartira-grupo-xcaret-su-festival-de-tradiciones-de-vida-y-muerte\/#webpage\"},\"wordCount\":717,\"commentCount\":0,\"publisher\":{\"@id\":\"https:\/\/www.grupoxcaret.com\/es\/#organization\"},\"image\":{\"@id\":\"https:\/\/www.grupoxcaret.com\/es\/compartira-grupo-xcaret-su-festival-de-tradiciones-de-vida-y-muerte\/#primaryimage\"},\"thumbnailUrl\":\"https:\/\/www.grupoxcaret.com\/es\/wp-content\/uploads\/2020\/10\/2100.2020TW-FVYM-ESP.jpg\",\"articleSection\":[\"Destacados\",\"Festival de Tradiciones de Vida y Muerte\"],\"inLanguage\":\"es\",\"potentialAction\":[{\"@type\":\"CommentAction\",\"name\":\"Comment\",\"target\":[\"https:\/\/www.grupoxcaret.com\/es\/compartira-grupo-xcaret-su-festival-de-tradiciones-de-vida-y-muerte\/#respond\"]}]},{\"@type\":\"Person\",\"@id\":\"https:\/\/www.grupoxcaret.com\/es\/#\/schema\/person\/b3b81fed6f68acb61268cbe4eda5a08a\",\"name\":\"Relaciones P\\u00fablicas Xcaret\",\"image\":{\"@type\":\"ImageObject\",\"@id\":\"https:\/\/www.grupoxcaret.com\/es\/#personlogo\",\"inLanguage\":\"es\",\"url\":\"https:\/\/secure.gravatar.com\/avatar\/a73977ae008d74695d5bf82d7f91c983?s=96&d=mm&r=g\",\"contentUrl\":\"https:\/\/secure.gravatar.com\/avatar\/a73977ae008d74695d5bf82d7f91c983?s=96&d=mm&r=g\",\"caption\":\"Relaciones P\\u00fablicas Xcaret\"},\"url\":\"https:\/\/www.grupoxcaret.com\/es\/author\/sesquinca\/\"}]}<\/script>\n<!-- \/ Yoast SEO plugin. -->","yoast_head_json":{"description":"El pr\u00f3ximo 01 de noviembre, Grupo Xcaret, compartir\u00e1 con M\u00e9xico y el mundo su ic\u00f3nico Festival de Tradiciones de Vida y Muerte","robots":{"index":"index","follow":"follow","max-snippet":"max-snippet:-1","max-image-preview":"max-image-preview:large","max-video-preview":"max-video-preview:-1"},"canonical":"https:\/\/www.grupoxcaret.com\/es\/compartira-grupo-xcaret-su-festival-de-tradiciones-de-vida-y-muerte\/","og_locale":"es_ES","og_type":"article","og_title":"Compartir\u00e1 Grupo Xcaret su Festival de Tradiciones de Vida y Muerte - Grupo Xcaret Sitio Corporativo","og_description":"El pr\u00f3ximo 01 de noviembre, Grupo Xcaret, compartir\u00e1 con M\u00e9xico y el mundo su ic\u00f3nico Festival de Tradiciones de Vida y Muerte","og_url":"https:\/\/www.grupoxcaret.com\/es\/compartira-grupo-xcaret-su-festival-de-tradiciones-de-vida-y-muerte\/","og_site_name":"Grupo Xcaret Sitio Corporativo","article_published_time":"2020-10-28T21:41:05+00:00","article_modified_time":"2023-01-21T18:18:44+00:00","og_image":[{"width":1000,"height":500,"url":"https:\/\/www.grupoxcaret.com\/es\/wp-content\/uploads\/2020\/10\/2100.2020TW-FVYM-ESP.jpg","type":"image\/jpeg"}],"twitter_card":"summary_large_image","twitter_misc":{"Escrito por":"Relaciones P\u00fablicas Xcaret","Tiempo de lectura":"4 minutos"},"schema":{"@context":"https:\/\/schema.org","@graph":[{"@type":"Organization","@id":"https:\/\/www.grupoxcaret.com\/es\/#organization","name":"Grupo Xcaret","url":"https:\/\/www.grupoxcaret.com\/es\/","sameAs":[],"logo":{"@type":"ImageObject","@id":"https:\/\/www.grupoxcaret.com\/es\/#logo","inLanguage":"es","url":"https:\/\/www.grupoxcaret.com\/es\/wp-content\/uploads\/2015\/04\/exx.png","contentUrl":"https:\/\/www.grupoxcaret.com\/es\/wp-content\/uploads\/2015\/04\/exx.png","width":400,"height":136,"caption":"Grupo Xcaret"},"image":{"@id":"https:\/\/www.grupoxcaret.com\/es\/#logo"}},{"@type":"WebSite","@id":"https:\/\/www.grupoxcaret.com\/es\/#website","url":"https:\/\/www.grupoxcaret.com\/es\/","name":"Grupo Xcaret Sitio Corporativo","description":"Conoce el sitio corporativo de Grupo Xcaret. Encuentra informaci\u00f3n relevante acerca de nuestra historia, marcas, filosof\u00eda empresarial, pol\u00edtica de sostenibilidad y mucho m\u00e1s.","publisher":{"@id":"https:\/\/www.grupoxcaret.com\/es\/#organization"},"potentialAction":[{"@type":"SearchAction","target":{"@type":"EntryPoint","urlTemplate":"https:\/\/www.grupoxcaret.com\/es\/?s={search_term_string}"},"query-input":"required name=search_term_string"}],"inLanguage":"es"},{"@type":"ImageObject","@id":"https:\/\/www.grupoxcaret.com\/es\/compartira-grupo-xcaret-su-festival-de-tradiciones-de-vida-y-muerte\/#primaryimage","inLanguage":"es","url":"https:\/\/www.grupoxcaret.com\/es\/wp-content\/uploads\/2020\/10\/2100.2020TW-FVYM-ESP.jpg","contentUrl":"https:\/\/www.grupoxcaret.com\/es\/wp-content\/uploads\/2020\/10\/2100.2020TW-FVYM-ESP.jpg","width":1000,"height":500,"caption":"Banner FTVM"},{"@type":"WebPage","@id":"https:\/\/www.grupoxcaret.com\/es\/compartira-grupo-xcaret-su-festival-de-tradiciones-de-vida-y-muerte\/#webpage","url":"https:\/\/www.grupoxcaret.com\/es\/compartira-grupo-xcaret-su-festival-de-tradiciones-de-vida-y-muerte\/","name":"Compartir\u00e1 Grupo Xcaret su Festival de Tradiciones de Vida y Muerte - Grupo Xcaret Sitio Corporativo","isPartOf":{"@id":"https:\/\/www.grupoxcaret.com\/es\/#website"},"primaryImageOfPage":{"@id":"https:\/\/www.grupoxcaret.com\/es\/compartira-grupo-xcaret-su-festival-de-tradiciones-de-vida-y-muerte\/#primaryimage"},"datePublished":"2020-10-28T21:41:05+00:00","dateModified":"2023-01-21T18:18:44+00:00","description":"El pr\u00f3ximo 01 de noviembre, Grupo Xcaret, compartir\u00e1 con M\u00e9xico y el mundo su ic\u00f3nico Festival de Tradiciones de Vida y Muerte","breadcrumb":{"@id":"https:\/\/www.grupoxcaret.com\/es\/compartira-grupo-xcaret-su-festival-de-tradiciones-de-vida-y-muerte\/#breadcrumb"},"inLanguage":"es","potentialAction":[{"@type":"ReadAction","target":["https:\/\/www.grupoxcaret.com\/es\/compartira-grupo-xcaret-su-festival-de-tradiciones-de-vida-y-muerte\/"]}]},{"@type":"BreadcrumbList","@id":"https:\/\/www.grupoxcaret.com\/es\/compartira-grupo-xcaret-su-festival-de-tradiciones-de-vida-y-muerte\/#breadcrumb","itemListElement":[{"@type":"ListItem","position":1,"name":"Inicio","item":"https:\/\/www.grupoxcaret.com\/es\/"},{"@type":"ListItem","position":2,"name":"Destacados","item":"https:\/\/www.grupoxcaret.com\/es\/seccion\/destacados\/"},{"@type":"ListItem","position":3,"name":"Compartir\u00e1 Grupo Xcaret su Festival de Tradiciones de Vida y Muerte"}]},{"@type":"Article","@id":"https:\/\/www.grupoxcaret.com\/es\/compartira-grupo-xcaret-su-festival-de-tradiciones-de-vida-y-muerte\/#article","isPartOf":{"@id":"https:\/\/www.grupoxcaret.com\/es\/compartira-grupo-xcaret-su-festival-de-tradiciones-de-vida-y-muerte\/#webpage"},"author":{"@id":"https:\/\/www.grupoxcaret.com\/es\/#\/schema\/person\/b3b81fed6f68acb61268cbe4eda5a08a"},"headline":"Compartir\u00e1 Grupo Xcaret su Festival de Tradiciones de Vida y Muerte","datePublished":"2020-10-28T21:41:05+00:00","dateModified":"2023-01-21T18:18:44+00:00","mainEntityOfPage":{"@id":"https:\/\/www.grupoxcaret.com\/es\/compartira-grupo-xcaret-su-festival-de-tradiciones-de-vida-y-muerte\/#webpage"},"wordCount":717,"commentCount":0,"publisher":{"@id":"https:\/\/www.grupoxcaret.com\/es\/#organization"},"image":{"@id":"https:\/\/www.grupoxcaret.com\/es\/compartira-grupo-xcaret-su-festival-de-tradiciones-de-vida-y-muerte\/#primaryimage"},"thumbnailUrl":"https:\/\/www.grupoxcaret.com\/es\/wp-content\/uploads\/2020\/10\/2100.2020TW-FVYM-ESP.jpg","articleSection":["Destacados","Festival de Tradiciones de Vida y Muerte"],"inLanguage":"es","potentialAction":[{"@type":"CommentAction","name":"Comment","target":["https:\/\/www.grupoxcaret.com\/es\/compartira-grupo-xcaret-su-festival-de-tradiciones-de-vida-y-muerte\/#respond"]}]},{"@type":"Person","@id":"https:\/\/www.grupoxcaret.com\/es\/#\/schema\/person\/b3b81fed6f68acb61268cbe4eda5a08a","name":"Relaciones P\u00fablicas Xcaret","image":{"@type":"ImageObject","@id":"https:\/\/www.grupoxcaret.com\/es\/#personlogo","inLanguage":"es","url":"https:\/\/secure.gravatar.com\/avatar\/a73977ae008d74695d5bf82d7f91c983?s=96&d=mm&r=g","contentUrl":"https:\/\/secure.gravatar.com\/avatar\/a73977ae008d74695d5bf82d7f91c983?s=96&d=mm&r=g","caption":"Relaciones P\u00fablicas Xcaret"},"url":"https:\/\/www.grupoxcaret.com\/es\/author\/sesquinca\/"}]}},"amp_enabled":true,"_links":{"self":[{"href":"https:\/\/www.grupoxcaret.com\/es\/wp-json\/wp\/v2\/posts\/3916"}],"collection":[{"href":"https:\/\/www.grupoxcaret.com\/es\/wp-json\/wp\/v2\/posts"}],"about":[{"href":"https:\/\/www.grupoxcaret.com\/es\/wp-json\/wp\/v2\/types\/post"}],"author":[{"embeddable":true,"href":"https:\/\/www.grupoxcaret.com\/es\/wp-json\/wp\/v2\/users\/17"}],"replies":[{"embeddable":true,"href":"https:\/\/www.grupoxcaret.com\/es\/wp-json\/wp\/v2\/comments?post=3916"}],"version-history":[{"count":11,"href":"https:\/\/www.grupoxcaret.com\/es\/wp-json\/wp\/v2\/posts\/3916\/revisions"}],"predecessor-version":[{"id":5322,"href":"https:\/\/www.grupoxcaret.com\/es\/wp-json\/wp\/v2\/posts\/3916\/revisions\/5322"}],"wp:featuredmedia":[{"embeddable":true,"href":"https:\/\/www.grupoxcaret.com\/es\/wp-json\/wp\/v2\/media\/3918"}],"wp:attachment":[{"href":"https:\/\/www.grupoxcaret.com\/es\/wp-json\/wp\/v2\/media?parent=3916"}],"wp:term":[{"taxonomy":"category","embeddable":true,"href":"https:\/\/www.grupoxcaret.com\/es\/wp-json\/wp\/v2\/categories?post=3916"},{"taxonomy":"post_tag","embeddable":true,"href":"https:\/\/www.grupoxcaret.com\/es\/wp-json\/wp\/v2\/tags?post=3916"}],"curies":[{"name":"wp","href":"https:\/\/api.w.org\/{rel}","templated":true}]}}