{"id":3906,"date":"2020-10-26T00:56:53","date_gmt":"2020-10-26T00:56:53","guid":{"rendered":"https:\/\/www.grupoxcaret.com\/es\/?p=3906"},"modified":"2023-01-21T18:16:03","modified_gmt":"2023-01-21T18:16:03","slug":"anuncia-grupo-xcaret-medidas-ante-la-tormenta-tropical-zeta","status":"publish","type":"post","link":"https:\/\/www.grupoxcaret.com\/es\/anuncia-grupo-xcaret-medidas-ante-la-tormenta-tropical-zeta\/","title":{"rendered":"Anuncia Grupo Xcaret medidas ante la tormenta tropical Zeta"},"content":{"rendered":"\n<p><strong>Quintana Roo, M\u00e9xico, 25 de octubre de 2020.- <\/strong>Tras monitorear el desarrollo de la tormenta tropical Zeta y en apego a las recomendaciones emitidas por las autoridades estatales, Grupo Xcaret, la empresa l\u00edder en recreaci\u00f3n tur\u00edstica sostenible, anunci\u00f3 la suspensi\u00f3n de operaciones en sus parque y tours los d\u00edas lunes 26 y martes 27 de octubre, con el objetivo de salvaguardar el bienestar de sus visitantes y colaboradores.<\/p>\n\n\n\n<p>&nbsp;\u201cHemos seguido muy de cerca el desarrollo de la tormenta Zeta que poco a poco ha ido cobrando m\u00e1s fuerza mientras se acerca a nuestro destino, por ello, tomamos la decisi\u00f3n de suspender la operaci\u00f3n de los parques y tours del Grupo durante dos d\u00edas. Nuestro objetivo primordial es salvaguardar el bienestar de nuestros visitantes, hu\u00e9spedes, socios de Mexico Destination Club y Colaborares. Queremos agradecer a todos por su comprensi\u00f3n y apoyo ante estas medidas\u201d asegur\u00f3 Lizeth \u00c1lvarez, Directora Ejecutiva Comercial de Grupo Xcaret.<\/p>\n\n\n\n<p>Para las personas que ten\u00edan planeado visitar los parques y tours del Grupo durante estas fechas, la empresa inform\u00f3 que ya se encuentra trabajando en ofrecer la mejor alternativa para todos los que tuvieron afectaciones en sus reservas o entradas a parques debido a la tormenta Zeta reagendando la visita a los mismos en apego a las pol\u00edticas que Grupo Xcaret ha implementado.<\/p>\n\n\n\n<p>&nbsp;\u201cSeguiremos monitoreando de cerca el desarrollo de la tormenta tropical y estaremos informando cualquier actualizaci\u00f3n a trav\u00e9s de nuestros canales oficinales de comunicaci\u00f3n. Agradecemos nuevamente su comprensi\u00f3n y reiteramos nuestro compromiso con la seguridad de nuestros visitantes, hu\u00e9spedes, socios de Mexico Destination Club y colaboradores\u201d puntualiz\u00f3 \u00c1lvarez.<\/p>\n\n\n\n<p>Respecto a Hotel Xcaret M\u00e9xico, la empresa inform\u00f3 que opera con normalidad y con todas las precauciones necesarias, con el objetivo de garantizar la seguridad de sus hu\u00e9spedes.<\/p>\n\n\n\n<p>Cabe destacar que, si las condiciones clim\u00e1ticas lo permiten, Grupo Xcaret retomar\u00e1 su operaci\u00f3n regular a partir del mi\u00e9rcoles 28 de octubre.<\/p>\n\n\n\n<p>Para m\u00e1s informaci\u00f3n visita: <a href=\"http:\/\/www.xcaret.com\">www.xcaret.com<\/a><\/p>\n\n\n\n<p><strong>Sobre Grupo Xcaret<\/strong><\/p>\n\n\n\n<p>Grupo Xcaret es una empresa mexicana especializada en ofrecer experiencias \u00fanicas e inolvidables a sus visitantes, inspiradas en el respeto por la naturaleza, la cultura y la vida cuya trayectoria en la recreaci\u00f3n tur\u00edstica sostenible inici\u00f3 en 1990, posicion\u00e1ndose, hoy en d\u00eda, como los l\u00edderes en esta industria. Cuenta con tres unidades de negocio divididas en: Parques, bajo la que opera los parques m\u00e1s emblem\u00e1ticos de Canc\u00fan: Xcaret, Xel-H\u00e1, Xplor, Xplor Fuego, Xoximilco, Xenses y Xavage; Hoteles, unidad de negocio que inici\u00f3 operaciones con la apertura en 2017 de Hotel Xcaret M\u00e9xico; y Tours en la que ofrece recorridos \u00fanicos por Xich\u00e9n, Cob\u00e1, Tulum y Xenotes.<\/p>\n","protected":false},"excerpt":{"rendered":"<p>Quintana Roo, M\u00e9xico, 25 de octubre de 2020.- Tras monitorear el desarrollo de la tormenta tropical Zeta y en apego a las recomendaciones emitidas por las autoridades estatales, Grupo Xcaret, la empresa l\u00edder en recreaci\u00f3n tur\u00edstica sostenible, anunci\u00f3 la suspensi\u00f3n de operaciones en sus parque y tours los d\u00edas lunes 26 y martes 27 de [&hellip;]<\/p>\n","protected":false},"author":17,"featured_media":3909,"comment_status":"open","ping_status":"open","sticky":true,"template":"","format":"standard","meta":[],"categories":[72,1],"tags":[],"yoast_head":"<!-- This site is optimized with the Yoast SEO plugin v17.6 - https:\/\/yoast.com\/wordpress\/plugins\/seo\/ -->\n<meta name=\"description\" content=\"Los parques y tours de la empresa permanecer\u00e1n cerrados este 26 y 27 de octubre\" \/>\n<meta name=\"robots\" content=\"index, follow, max-snippet:-1, max-image-preview:large, max-video-preview:-1\" \/>\n<link rel=\"canonical\" href=\"https:\/\/www.grupoxcaret.com\/es\/anuncia-grupo-xcaret-medidas-ante-la-tormenta-tropical-zeta\/\" \/>\n<meta property=\"og:locale\" content=\"es_ES\" \/>\n<meta property=\"og:type\" content=\"article\" \/>\n<meta property=\"og:title\" content=\"Anuncia Grupo Xcaret medidas ante la tormenta tropical Zeta - Grupo Xcaret Sitio Corporativo\" \/>\n<meta property=\"og:description\" content=\"Los parques y tours de la empresa permanecer\u00e1n cerrados este 26 y 27 de octubre\" \/>\n<meta property=\"og:url\" content=\"https:\/\/www.grupoxcaret.com\/es\/anuncia-grupo-xcaret-medidas-ante-la-tormenta-tropical-zeta\/\" \/>\n<meta property=\"og:site_name\" content=\"Grupo Xcaret Sitio Corporativo\" \/>\n<meta property=\"article:published_time\" content=\"2020-10-26T00:56:53+00:00\" \/>\n<meta property=\"article:modified_time\" content=\"2023-01-21T18:16:03+00:00\" \/>\n<meta property=\"og:image\" content=\"https:\/\/www.grupoxcaret.com\/es\/wp-content\/uploads\/2020\/10\/2179.2020-Mensaje-Tormenta-Zeta-2-01-8.jpg\" \/>\n\t<meta property=\"og:image:width\" content=\"1081\" \/>\n\t<meta property=\"og:image:height\" content=\"1080\" \/>\n<meta name=\"twitter:card\" content=\"summary_large_image\" \/>\n<meta name=\"twitter:label1\" content=\"Escrito por\" \/>\n\t<meta name=\"twitter:data1\" content=\"Relaciones P\u00fablicas Xcaret\" \/>\n\t<meta name=\"twitter:label2\" content=\"Tiempo de lectura\" \/>\n\t<meta name=\"twitter:data2\" content=\"2 minutos\" \/>\n<script type=\"application\/ld+json\" class=\"yoast-schema-graph\">{\"@context\":\"https:\/\/schema.org\",\"@graph\":[{\"@type\":\"Organization\",\"@id\":\"https:\/\/www.grupoxcaret.com\/es\/#organization\",\"name\":\"Grupo Xcaret\",\"url\":\"https:\/\/www.grupoxcaret.com\/es\/\",\"sameAs\":[],\"logo\":{\"@type\":\"ImageObject\",\"@id\":\"https:\/\/www.grupoxcaret.com\/es\/#logo\",\"inLanguage\":\"es\",\"url\":\"https:\/\/www.grupoxcaret.com\/es\/wp-content\/uploads\/2015\/04\/exx.png\",\"contentUrl\":\"https:\/\/www.grupoxcaret.com\/es\/wp-content\/uploads\/2015\/04\/exx.png\",\"width\":400,\"height\":136,\"caption\":\"Grupo Xcaret\"},\"image\":{\"@id\":\"https:\/\/www.grupoxcaret.com\/es\/#logo\"}},{\"@type\":\"WebSite\",\"@id\":\"https:\/\/www.grupoxcaret.com\/es\/#website\",\"url\":\"https:\/\/www.grupoxcaret.com\/es\/\",\"name\":\"Grupo Xcaret Sitio Corporativo\",\"description\":\"Conoce el sitio corporativo de Grupo Xcaret. Encuentra informaci\\u00f3n relevante acerca de nuestra historia, marcas, filosof\\u00eda empresarial, pol\\u00edtica de sostenibilidad y mucho m\\u00e1s.\",\"publisher\":{\"@id\":\"https:\/\/www.grupoxcaret.com\/es\/#organization\"},\"potentialAction\":[{\"@type\":\"SearchAction\",\"target\":{\"@type\":\"EntryPoint\",\"urlTemplate\":\"https:\/\/www.grupoxcaret.com\/es\/?s={search_term_string}\"},\"query-input\":\"required name=search_term_string\"}],\"inLanguage\":\"es\"},{\"@type\":\"ImageObject\",\"@id\":\"https:\/\/www.grupoxcaret.com\/es\/anuncia-grupo-xcaret-medidas-ante-la-tormenta-tropical-zeta\/#primaryimage\",\"inLanguage\":\"es\",\"url\":\"https:\/\/www.grupoxcaret.com\/es\/wp-content\/uploads\/2020\/10\/2179.2020-Mensaje-Tormenta-Zeta-2-01-8.jpg\",\"contentUrl\":\"https:\/\/www.grupoxcaret.com\/es\/wp-content\/uploads\/2020\/10\/2179.2020-Mensaje-Tormenta-Zeta-2-01-8.jpg\",\"width\":1081,\"height\":1080},{\"@type\":\"WebPage\",\"@id\":\"https:\/\/www.grupoxcaret.com\/es\/anuncia-grupo-xcaret-medidas-ante-la-tormenta-tropical-zeta\/#webpage\",\"url\":\"https:\/\/www.grupoxcaret.com\/es\/anuncia-grupo-xcaret-medidas-ante-la-tormenta-tropical-zeta\/\",\"name\":\"Anuncia Grupo Xcaret medidas ante la tormenta tropical Zeta - Grupo Xcaret Sitio Corporativo\",\"isPartOf\":{\"@id\":\"https:\/\/www.grupoxcaret.com\/es\/#website\"},\"primaryImageOfPage\":{\"@id\":\"https:\/\/www.grupoxcaret.com\/es\/anuncia-grupo-xcaret-medidas-ante-la-tormenta-tropical-zeta\/#primaryimage\"},\"datePublished\":\"2020-10-26T00:56:53+00:00\",\"dateModified\":\"2023-01-21T18:16:03+00:00\",\"description\":\"Los parques y tours de la empresa permanecer\\u00e1n cerrados este 26 y 27 de octubre\",\"breadcrumb\":{\"@id\":\"https:\/\/www.grupoxcaret.com\/es\/anuncia-grupo-xcaret-medidas-ante-la-tormenta-tropical-zeta\/#breadcrumb\"},\"inLanguage\":\"es\",\"potentialAction\":[{\"@type\":\"ReadAction\",\"target\":[\"https:\/\/www.grupoxcaret.com\/es\/anuncia-grupo-xcaret-medidas-ante-la-tormenta-tropical-zeta\/\"]}]},{\"@type\":\"BreadcrumbList\",\"@id\":\"https:\/\/www.grupoxcaret.com\/es\/anuncia-grupo-xcaret-medidas-ante-la-tormenta-tropical-zeta\/#breadcrumb\",\"itemListElement\":[{\"@type\":\"ListItem\",\"position\":1,\"name\":\"Inicio\",\"item\":\"https:\/\/www.grupoxcaret.com\/es\/\"},{\"@type\":\"ListItem\",\"position\":2,\"name\":\"Noticias\",\"item\":\"https:\/\/www.grupoxcaret.com\/es\/seccion\/noticias\/\"},{\"@type\":\"ListItem\",\"position\":3,\"name\":\"Anuncia Grupo Xcaret medidas ante la tormenta tropical Zeta\"}]},{\"@type\":\"Article\",\"@id\":\"https:\/\/www.grupoxcaret.com\/es\/anuncia-grupo-xcaret-medidas-ante-la-tormenta-tropical-zeta\/#article\",\"isPartOf\":{\"@id\":\"https:\/\/www.grupoxcaret.com\/es\/anuncia-grupo-xcaret-medidas-ante-la-tormenta-tropical-zeta\/#webpage\"},\"author\":{\"@id\":\"https:\/\/www.grupoxcaret.com\/es\/#\/schema\/person\/b3b81fed6f68acb61268cbe4eda5a08a\"},\"headline\":\"Anuncia Grupo Xcaret medidas ante la tormenta tropical Zeta\",\"datePublished\":\"2020-10-26T00:56:53+00:00\",\"dateModified\":\"2023-01-21T18:16:03+00:00\",\"mainEntityOfPage\":{\"@id\":\"https:\/\/www.grupoxcaret.com\/es\/anuncia-grupo-xcaret-medidas-ante-la-tormenta-tropical-zeta\/#webpage\"},\"wordCount\":469,\"commentCount\":0,\"publisher\":{\"@id\":\"https:\/\/www.grupoxcaret.com\/es\/#organization\"},\"image\":{\"@id\":\"https:\/\/www.grupoxcaret.com\/es\/anuncia-grupo-xcaret-medidas-ante-la-tormenta-tropical-zeta\/#primaryimage\"},\"thumbnailUrl\":\"https:\/\/www.grupoxcaret.com\/es\/wp-content\/uploads\/2020\/10\/2179.2020-Mensaje-Tormenta-Zeta-2-01-8.jpg\",\"articleSection\":[\"Destacados\",\"Noticias\"],\"inLanguage\":\"es\",\"potentialAction\":[{\"@type\":\"CommentAction\",\"name\":\"Comment\",\"target\":[\"https:\/\/www.grupoxcaret.com\/es\/anuncia-grupo-xcaret-medidas-ante-la-tormenta-tropical-zeta\/#respond\"]}]},{\"@type\":\"Person\",\"@id\":\"https:\/\/www.grupoxcaret.com\/es\/#\/schema\/person\/b3b81fed6f68acb61268cbe4eda5a08a\",\"name\":\"Relaciones P\\u00fablicas Xcaret\",\"image\":{\"@type\":\"ImageObject\",\"@id\":\"https:\/\/www.grupoxcaret.com\/es\/#personlogo\",\"inLanguage\":\"es\",\"url\":\"https:\/\/secure.gravatar.com\/avatar\/a73977ae008d74695d5bf82d7f91c983?s=96&d=mm&r=g\",\"contentUrl\":\"https:\/\/secure.gravatar.com\/avatar\/a73977ae008d74695d5bf82d7f91c983?s=96&d=mm&r=g\",\"caption\":\"Relaciones P\\u00fablicas Xcaret\"},\"url\":\"https:\/\/www.grupoxcaret.com\/es\/author\/sesquinca\/\"}]}<\/script>\n<!-- \/ Yoast SEO plugin. -->","yoast_head_json":{"description":"Los parques y tours de la empresa permanecer\u00e1n cerrados este 26 y 27 de octubre","robots":{"index":"index","follow":"follow","max-snippet":"max-snippet:-1","max-image-preview":"max-image-preview:large","max-video-preview":"max-video-preview:-1"},"canonical":"https:\/\/www.grupoxcaret.com\/es\/anuncia-grupo-xcaret-medidas-ante-la-tormenta-tropical-zeta\/","og_locale":"es_ES","og_type":"article","og_title":"Anuncia Grupo Xcaret medidas ante la tormenta tropical Zeta - Grupo Xcaret Sitio Corporativo","og_description":"Los parques y tours de la empresa permanecer\u00e1n cerrados este 26 y 27 de octubre","og_url":"https:\/\/www.grupoxcaret.com\/es\/anuncia-grupo-xcaret-medidas-ante-la-tormenta-tropical-zeta\/","og_site_name":"Grupo Xcaret Sitio Corporativo","article_published_time":"2020-10-26T00:56:53+00:00","article_modified_time":"2023-01-21T18:16:03+00:00","og_image":[{"width":1081,"height":1080,"url":"https:\/\/www.grupoxcaret.com\/es\/wp-content\/uploads\/2020\/10\/2179.2020-Mensaje-Tormenta-Zeta-2-01-8.jpg","type":"image\/jpeg"}],"twitter_card":"summary_large_image","twitter_misc":{"Escrito por":"Relaciones P\u00fablicas Xcaret","Tiempo de lectura":"2 minutos"},"schema":{"@context":"https:\/\/schema.org","@graph":[{"@type":"Organization","@id":"https:\/\/www.grupoxcaret.com\/es\/#organization","name":"Grupo Xcaret","url":"https:\/\/www.grupoxcaret.com\/es\/","sameAs":[],"logo":{"@type":"ImageObject","@id":"https:\/\/www.grupoxcaret.com\/es\/#logo","inLanguage":"es","url":"https:\/\/www.grupoxcaret.com\/es\/wp-content\/uploads\/2015\/04\/exx.png","contentUrl":"https:\/\/www.grupoxcaret.com\/es\/wp-content\/uploads\/2015\/04\/exx.png","width":400,"height":136,"caption":"Grupo Xcaret"},"image":{"@id":"https:\/\/www.grupoxcaret.com\/es\/#logo"}},{"@type":"WebSite","@id":"https:\/\/www.grupoxcaret.com\/es\/#website","url":"https:\/\/www.grupoxcaret.com\/es\/","name":"Grupo Xcaret Sitio Corporativo","description":"Conoce el sitio corporativo de Grupo Xcaret. Encuentra informaci\u00f3n relevante acerca de nuestra historia, marcas, filosof\u00eda empresarial, pol\u00edtica de sostenibilidad y mucho m\u00e1s.","publisher":{"@id":"https:\/\/www.grupoxcaret.com\/es\/#organization"},"potentialAction":[{"@type":"SearchAction","target":{"@type":"EntryPoint","urlTemplate":"https:\/\/www.grupoxcaret.com\/es\/?s={search_term_string}"},"query-input":"required name=search_term_string"}],"inLanguage":"es"},{"@type":"ImageObject","@id":"https:\/\/www.grupoxcaret.com\/es\/anuncia-grupo-xcaret-medidas-ante-la-tormenta-tropical-zeta\/#primaryimage","inLanguage":"es","url":"https:\/\/www.grupoxcaret.com\/es\/wp-content\/uploads\/2020\/10\/2179.2020-Mensaje-Tormenta-Zeta-2-01-8.jpg","contentUrl":"https:\/\/www.grupoxcaret.com\/es\/wp-content\/uploads\/2020\/10\/2179.2020-Mensaje-Tormenta-Zeta-2-01-8.jpg","width":1081,"height":1080},{"@type":"WebPage","@id":"https:\/\/www.grupoxcaret.com\/es\/anuncia-grupo-xcaret-medidas-ante-la-tormenta-tropical-zeta\/#webpage","url":"https:\/\/www.grupoxcaret.com\/es\/anuncia-grupo-xcaret-medidas-ante-la-tormenta-tropical-zeta\/","name":"Anuncia Grupo Xcaret medidas ante la tormenta tropical Zeta - Grupo Xcaret Sitio Corporativo","isPartOf":{"@id":"https:\/\/www.grupoxcaret.com\/es\/#website"},"primaryImageOfPage":{"@id":"https:\/\/www.grupoxcaret.com\/es\/anuncia-grupo-xcaret-medidas-ante-la-tormenta-tropical-zeta\/#primaryimage"},"datePublished":"2020-10-26T00:56:53+00:00","dateModified":"2023-01-21T18:16:03+00:00","description":"Los parques y tours de la empresa permanecer\u00e1n cerrados este 26 y 27 de octubre","breadcrumb":{"@id":"https:\/\/www.grupoxcaret.com\/es\/anuncia-grupo-xcaret-medidas-ante-la-tormenta-tropical-zeta\/#breadcrumb"},"inLanguage":"es","potentialAction":[{"@type":"ReadAction","target":["https:\/\/www.grupoxcaret.com\/es\/anuncia-grupo-xcaret-medidas-ante-la-tormenta-tropical-zeta\/"]}]},{"@type":"BreadcrumbList","@id":"https:\/\/www.grupoxcaret.com\/es\/anuncia-grupo-xcaret-medidas-ante-la-tormenta-tropical-zeta\/#breadcrumb","itemListElement":[{"@type":"ListItem","position":1,"name":"Inicio","item":"https:\/\/www.grupoxcaret.com\/es\/"},{"@type":"ListItem","position":2,"name":"Noticias","item":"https:\/\/www.grupoxcaret.com\/es\/seccion\/noticias\/"},{"@type":"ListItem","position":3,"name":"Anuncia Grupo Xcaret medidas ante la tormenta tropical Zeta"}]},{"@type":"Article","@id":"https:\/\/www.grupoxcaret.com\/es\/anuncia-grupo-xcaret-medidas-ante-la-tormenta-tropical-zeta\/#article","isPartOf":{"@id":"https:\/\/www.grupoxcaret.com\/es\/anuncia-grupo-xcaret-medidas-ante-la-tormenta-tropical-zeta\/#webpage"},"author":{"@id":"https:\/\/www.grupoxcaret.com\/es\/#\/schema\/person\/b3b81fed6f68acb61268cbe4eda5a08a"},"headline":"Anuncia Grupo Xcaret medidas ante la tormenta tropical Zeta","datePublished":"2020-10-26T00:56:53+00:00","dateModified":"2023-01-21T18:16:03+00:00","mainEntityOfPage":{"@id":"https:\/\/www.grupoxcaret.com\/es\/anuncia-grupo-xcaret-medidas-ante-la-tormenta-tropical-zeta\/#webpage"},"wordCount":469,"commentCount":0,"publisher":{"@id":"https:\/\/www.grupoxcaret.com\/es\/#organization"},"image":{"@id":"https:\/\/www.grupoxcaret.com\/es\/anuncia-grupo-xcaret-medidas-ante-la-tormenta-tropical-zeta\/#primaryimage"},"thumbnailUrl":"https:\/\/www.grupoxcaret.com\/es\/wp-content\/uploads\/2020\/10\/2179.2020-Mensaje-Tormenta-Zeta-2-01-8.jpg","articleSection":["Destacados","Noticias"],"inLanguage":"es","potentialAction":[{"@type":"CommentAction","name":"Comment","target":["https:\/\/www.grupoxcaret.com\/es\/anuncia-grupo-xcaret-medidas-ante-la-tormenta-tropical-zeta\/#respond"]}]},{"@type":"Person","@id":"https:\/\/www.grupoxcaret.com\/es\/#\/schema\/person\/b3b81fed6f68acb61268cbe4eda5a08a","name":"Relaciones P\u00fablicas Xcaret","image":{"@type":"ImageObject","@id":"https:\/\/www.grupoxcaret.com\/es\/#personlogo","inLanguage":"es","url":"https:\/\/secure.gravatar.com\/avatar\/a73977ae008d74695d5bf82d7f91c983?s=96&d=mm&r=g","contentUrl":"https:\/\/secure.gravatar.com\/avatar\/a73977ae008d74695d5bf82d7f91c983?s=96&d=mm&r=g","caption":"Relaciones P\u00fablicas Xcaret"},"url":"https:\/\/www.grupoxcaret.com\/es\/author\/sesquinca\/"}]}},"amp_enabled":true,"_links":{"self":[{"href":"https:\/\/www.grupoxcaret.com\/es\/wp-json\/wp\/v2\/posts\/3906"}],"collection":[{"href":"https:\/\/www.grupoxcaret.com\/es\/wp-json\/wp\/v2\/posts"}],"about":[{"href":"https:\/\/www.grupoxcaret.com\/es\/wp-json\/wp\/v2\/types\/post"}],"author":[{"embeddable":true,"href":"https:\/\/www.grupoxcaret.com\/es\/wp-json\/wp\/v2\/users\/17"}],"replies":[{"embeddable":true,"href":"https:\/\/www.grupoxcaret.com\/es\/wp-json\/wp\/v2\/comments?post=3906"}],"version-history":[{"count":4,"href":"https:\/\/www.grupoxcaret.com\/es\/wp-json\/wp\/v2\/posts\/3906\/revisions"}],"predecessor-version":[{"id":5320,"href":"https:\/\/www.grupoxcaret.com\/es\/wp-json\/wp\/v2\/posts\/3906\/revisions\/5320"}],"wp:featuredmedia":[{"embeddable":true,"href":"https:\/\/www.grupoxcaret.com\/es\/wp-json\/wp\/v2\/media\/3909"}],"wp:attachment":[{"href":"https:\/\/www.grupoxcaret.com\/es\/wp-json\/wp\/v2\/media?parent=3906"}],"wp:term":[{"taxonomy":"category","embeddable":true,"href":"https:\/\/www.grupoxcaret.com\/es\/wp-json\/wp\/v2\/categories?post=3906"},{"taxonomy":"post_tag","embeddable":true,"href":"https:\/\/www.grupoxcaret.com\/es\/wp-json\/wp\/v2\/tags?post=3906"}],"curies":[{"name":"wp","href":"https:\/\/api.w.org\/{rel}","templated":true}]}}