{"id":3862,"date":"2020-10-08T14:20:22","date_gmt":"2020-10-08T14:20:22","guid":{"rendered":"https:\/\/www.grupoxcaret.com\/es\/?p=3862"},"modified":"2020-10-08T14:20:26","modified_gmt":"2020-10-08T14:20:26","slug":"retoma-grupo-xcaret-operaciones-tras-paso-de-huracan-delta","status":"publish","type":"post","link":"https:\/\/www.grupoxcaret.com\/es\/retoma-grupo-xcaret-operaciones-tras-paso-de-huracan-delta\/","title":{"rendered":"Retoma Grupo Xcaret operaciones tras paso de Hurac\u00e1n Delta"},"content":{"rendered":"\n<p><br>\u2022<strong> Los parques y tours del Grupo abrir\u00e1n sus puertas a partir de ma\u00f1ana y Hotel Xcaret M\u00e9xico contin\u00faa su operaci\u00f3n de manera regular.<br>\u2022 Las instalaciones de Grupo Xcaret se encuentran intactas y en perfecto estado tras el paso del Hurac\u00e1n Delta.<\/strong><\/p>\n\n\n\n<p><br>Quintana Roo, M\u00e9xico, 07 de octubre de 2020.- Tras el paso del Hurac\u00e1n Delta y declarar saldo blanco en el estado de Quintana Roo, Grupo Xcaret informa que, a partir del d\u00eda de ma\u00f1ana, retomar\u00e1 la operaci\u00f3n regular de sus parques y tours bajo el modelo de Xeguridad 360\u00b0 que implement\u00f3 desde el pasado 15 de junio.<\/p>\n\n\n\n<figure class=\"wp-block-image size-large\"><img loading=\"lazy\" width=\"1024\" height=\"512\" src=\"https:\/\/www.grupoxcaret.com\/es\/wp-content\/uploads\/2017\/12\/Aerea-HXM-1-1024x512.jpg\" alt=\"\" class=\"wp-image-2186\" srcset=\"https:\/\/www.grupoxcaret.com\/es\/wp-content\/uploads\/2017\/12\/Aerea-HXM-1.jpg 1024w, https:\/\/www.grupoxcaret.com\/es\/wp-content\/uploads\/2017\/12\/Aerea-HXM-1-696x348.jpg 696w, https:\/\/www.grupoxcaret.com\/es\/wp-content\/uploads\/2017\/12\/Aerea-HXM-1-840x420.jpg 840w, https:\/\/www.grupoxcaret.com\/es\/wp-content\/uploads\/2017\/12\/Aerea-HXM-1-300x150.jpg 300w, https:\/\/www.grupoxcaret.com\/es\/wp-content\/uploads\/2017\/12\/Aerea-HXM-1-768x384.jpg 768w\" sizes=\"(max-width: 1024px) 100vw, 1024px\" \/><\/figure>\n\n\n\n<p> Asimismo, Hotel Xcaret M\u00e9xico se mantiene ofreciendo servicio a todos su hu\u00e9spedes y visitantes en apego a las mismas medidas de seguridad. La empresa de recreaci\u00f3n tur\u00edstica sostenible comunic\u00f3 adem\u00e1s que ninguna de sus propiedades sufri\u00f3 afectaciones.<br>\u201cEn apego a las recomendaciones gubernamentales y con el objetivo de salvaguardar el bienestar de nuestros visitantes, hu\u00e9spedes, socios y colaboradores, pausamos la operaci\u00f3n de nuestros parques y tours los pasados 6 y 7 de octubre en preparaci\u00f3n a la llegada del Hurac\u00e1n Delta que, afortunadamente, ya se aleja de nuestro estado dejando un saldo blanco y bajando a categor\u00eda 2 en la escala Saffir-Simpson. <\/p>\n\n\n\n<p>Tras realizar una inspecci\u00f3n en nuestras instalaciones, as\u00ed como el seguimiento al desarrollo del hurac\u00e1n y las indicaciones de las autoridades Federales y Locales, estamos listos para recibir nuevamente a nuestros visitantes y hu\u00e9spedes y brindar experiencias en un entorno seguro\u201d mencion\u00f3 Lizeth \u00c1lvarez, Directora Ejecutiva Comercial de Grupo Xcaret.<br>Durante el desarrollo de dicho fen\u00f3meno meteorol\u00f3gico, los hu\u00e9spedes de Hotel Xcaret M\u00e9xico pudieron mantenerse en las instalaciones. El Centro de Convenciones de la propiedad fue certificado como Refugio por las autoridades mexicanas por lo que no fue necesario realizar evacuaci\u00f3n alguna y tanto hu\u00e9spedes como colaboradores se mantuvieron seguros y a salvo. Conforme el hurac\u00e1n se aleja del destino, el hotel de 900 suites contin\u00faa con su operaci\u00f3n regular permitiendo a sus visitantes disfrutar<br>de las instalaciones y servicios.<\/p>\n\n\n\n<figure class=\"wp-block-image size-large\"><img loading=\"lazy\" width=\"1024\" height=\"683\" src=\"https:\/\/www.grupoxcaret.com\/es\/wp-content\/uploads\/2018\/06\/FARO-MIRADOR-XELHA\u0301-1024x683.jpg\" alt=\"\" class=\"wp-image-2323\" srcset=\"https:\/\/www.grupoxcaret.com\/es\/wp-content\/uploads\/2018\/06\/FARO-MIRADOR-XELHA\u0301-1024x683.jpg 1024w, https:\/\/www.grupoxcaret.com\/es\/wp-content\/uploads\/2018\/06\/FARO-MIRADOR-XELHA\u0301-696x464.jpg 696w, https:\/\/www.grupoxcaret.com\/es\/wp-content\/uploads\/2018\/06\/FARO-MIRADOR-XELHA\u0301-1068x712.jpg 1068w, https:\/\/www.grupoxcaret.com\/es\/wp-content\/uploads\/2018\/06\/FARO-MIRADOR-XELHA\u0301-630x420.jpg 630w, https:\/\/www.grupoxcaret.com\/es\/wp-content\/uploads\/2018\/06\/FARO-MIRADOR-XELHA\u0301-300x200.jpg 300w, https:\/\/www.grupoxcaret.com\/es\/wp-content\/uploads\/2018\/06\/FARO-MIRADOR-XELHA\u0301-768x512.jpg 768w, https:\/\/www.grupoxcaret.com\/es\/wp-content\/uploads\/2018\/06\/FARO-MIRADOR-XELHA\u0301.jpg 1536w\" sizes=\"(max-width: 1024px) 100vw, 1024px\" \/><\/figure>\n\n\n\n<p><br>\u201cNos sentimos afortunados por ver que el hurac\u00e1n ha dejado un saldo blanco. Queremos agradecer y aplaudir a la sociedad y a los visitantes de Quintana Roo por atender las indicaciones de las autoridades pues con este trabajo en conjunto podemos el d\u00eda de hoy estar a salvo y en nuestro caso, listos y preparados para seguir creando experiencias a nuestros hu\u00e9spedes y visitantes\u201d puntualiz\u00f3 Lizeth \u00c1lvarez.<br>La empresa de recreaci\u00f3n tur\u00edstica sostenible dio a conocer tambi\u00e9n la actualizaci\u00f3n de las pol\u00edticas de Huracanes con las que busca brindar la mejor alternativa para los visitantes y hu\u00e9spedes que tuvieron afectaciones en sus reservas o entradas a parques debido al hurac\u00e1n Delta:<br>En caso de Hotel Xcaret M\u00e9xico, no se realizar\u00e1n cargos por no shows, salidas anticipadas y cancelaciones o cambios para las llegadas en los d\u00edas 6, 7 y 8 de octubre del 2020, en cuanto a cambios o rebookings respetar\u00e1n la tarifa o promoci\u00f3n original de la reserva. Por otro lado, en el caso de los parques, la empresa estar\u00e1 brindando apoyo a las personas que hubieran adquirido accesos, durante los d\u00edas que pauso su operaci\u00f3n, para reagendar las visitas a los mismos.<\/p>\n\n\n\n<p><br>Cabe destacar que el Aeropuerto Internacional de Canc\u00fan reanud\u00f3 operaciones a partir de las 15:00 hrs del d\u00eda de hoy. Por el momento est\u00e1 brindando servicio solo a las personas con vuelo confirmado, pero se espera que, en el transcurso de esta semana, recupere su operaci\u00f3n regular.<\/p>\n","protected":false},"excerpt":{"rendered":"<p>\u2022 Los parques y tours del Grupo abrir\u00e1n sus puertas a partir de ma\u00f1ana y Hotel Xcaret M\u00e9xico contin\u00faa su operaci\u00f3n de manera regular.\u2022 Las instalaciones de Grupo Xcaret se encuentran intactas y en perfecto estado tras el paso del Hurac\u00e1n Delta. Quintana Roo, M\u00e9xico, 07 de octubre de 2020.- Tras el paso del Hurac\u00e1n [&hellip;]<\/p>\n","protected":false},"author":23,"featured_media":2291,"comment_status":"open","ping_status":"open","sticky":false,"template":"","format":"standard","meta":[],"categories":[4,72,1,3],"tags":[],"yoast_head":"<!-- This site is optimized with the Yoast SEO plugin v17.6 - https:\/\/yoast.com\/wordpress\/plugins\/seo\/ -->\n<meta name=\"description\" content=\"Retoma Grupo Xcaret operaciones tras paso de Hurac\u00e1n Delta abriendo sus puertas a partir del d\u00eda 8 de octubre.\" \/>\n<meta name=\"robots\" content=\"index, follow, max-snippet:-1, max-image-preview:large, max-video-preview:-1\" \/>\n<link rel=\"canonical\" href=\"https:\/\/www.grupoxcaret.com\/es\/retoma-grupo-xcaret-operaciones-tras-paso-de-huracan-delta\/\" \/>\n<meta property=\"og:locale\" content=\"es_ES\" \/>\n<meta property=\"og:type\" content=\"article\" \/>\n<meta property=\"og:title\" content=\"Retoma Grupo Xcaret operaciones tras paso de Hurac\u00e1n Delta - Grupo Xcaret Sitio Corporativo\" \/>\n<meta property=\"og:description\" content=\"Retoma Grupo Xcaret operaciones tras paso de Hurac\u00e1n Delta abriendo sus puertas a partir del d\u00eda 8 de octubre.\" \/>\n<meta property=\"og:url\" content=\"https:\/\/www.grupoxcaret.com\/es\/retoma-grupo-xcaret-operaciones-tras-paso-de-huracan-delta\/\" \/>\n<meta property=\"og:site_name\" content=\"Grupo Xcaret Sitio Corporativo\" \/>\n<meta property=\"article:published_time\" content=\"2020-10-08T14:20:22+00:00\" \/>\n<meta property=\"article:modified_time\" content=\"2020-10-08T14:20:26+00:00\" \/>\n<meta property=\"og:image\" content=\"https:\/\/www.grupoxcaret.com\/es\/wp-content\/uploads\/2018\/05\/Xcaret.-.-.jpg\" \/>\n\t<meta property=\"og:image:width\" content=\"1280\" \/>\n\t<meta property=\"og:image:height\" content=\"960\" \/>\n<meta name=\"twitter:card\" content=\"summary_large_image\" \/>\n<meta name=\"twitter:label1\" content=\"Escrito por\" \/>\n\t<meta name=\"twitter:data1\" content=\"Reyna Irasema Belmont\" \/>\n\t<meta name=\"twitter:label2\" content=\"Tiempo de lectura\" \/>\n\t<meta name=\"twitter:data2\" content=\"3 minutos\" \/>\n<script type=\"application\/ld+json\" class=\"yoast-schema-graph\">{\"@context\":\"https:\/\/schema.org\",\"@graph\":[{\"@type\":\"Organization\",\"@id\":\"https:\/\/www.grupoxcaret.com\/es\/#organization\",\"name\":\"Grupo Xcaret\",\"url\":\"https:\/\/www.grupoxcaret.com\/es\/\",\"sameAs\":[],\"logo\":{\"@type\":\"ImageObject\",\"@id\":\"https:\/\/www.grupoxcaret.com\/es\/#logo\",\"inLanguage\":\"es\",\"url\":\"https:\/\/www.grupoxcaret.com\/es\/wp-content\/uploads\/2015\/04\/exx.png\",\"contentUrl\":\"https:\/\/www.grupoxcaret.com\/es\/wp-content\/uploads\/2015\/04\/exx.png\",\"width\":400,\"height\":136,\"caption\":\"Grupo Xcaret\"},\"image\":{\"@id\":\"https:\/\/www.grupoxcaret.com\/es\/#logo\"}},{\"@type\":\"WebSite\",\"@id\":\"https:\/\/www.grupoxcaret.com\/es\/#website\",\"url\":\"https:\/\/www.grupoxcaret.com\/es\/\",\"name\":\"Grupo Xcaret Sitio Corporativo\",\"description\":\"Conoce el sitio corporativo de Grupo Xcaret. Encuentra informaci\\u00f3n relevante acerca de nuestra historia, marcas, filosof\\u00eda empresarial, pol\\u00edtica de sostenibilidad y mucho m\\u00e1s.\",\"publisher\":{\"@id\":\"https:\/\/www.grupoxcaret.com\/es\/#organization\"},\"potentialAction\":[{\"@type\":\"SearchAction\",\"target\":{\"@type\":\"EntryPoint\",\"urlTemplate\":\"https:\/\/www.grupoxcaret.com\/es\/?s={search_term_string}\"},\"query-input\":\"required name=search_term_string\"}],\"inLanguage\":\"es\"},{\"@type\":\"ImageObject\",\"@id\":\"https:\/\/www.grupoxcaret.com\/es\/retoma-grupo-xcaret-operaciones-tras-paso-de-huracan-delta\/#primaryimage\",\"inLanguage\":\"es\",\"url\":\"https:\/\/www.grupoxcaret.com\/es\/wp-content\/uploads\/2018\/05\/Xcaret.-.-.jpg\",\"contentUrl\":\"https:\/\/www.grupoxcaret.com\/es\/wp-content\/uploads\/2018\/05\/Xcaret.-.-.jpg\",\"width\":1280,\"height\":960},{\"@type\":\"WebPage\",\"@id\":\"https:\/\/www.grupoxcaret.com\/es\/retoma-grupo-xcaret-operaciones-tras-paso-de-huracan-delta\/#webpage\",\"url\":\"https:\/\/www.grupoxcaret.com\/es\/retoma-grupo-xcaret-operaciones-tras-paso-de-huracan-delta\/\",\"name\":\"Retoma Grupo Xcaret operaciones tras paso de Hurac\\u00e1n Delta - Grupo Xcaret Sitio Corporativo\",\"isPartOf\":{\"@id\":\"https:\/\/www.grupoxcaret.com\/es\/#website\"},\"primaryImageOfPage\":{\"@id\":\"https:\/\/www.grupoxcaret.com\/es\/retoma-grupo-xcaret-operaciones-tras-paso-de-huracan-delta\/#primaryimage\"},\"datePublished\":\"2020-10-08T14:20:22+00:00\",\"dateModified\":\"2020-10-08T14:20:26+00:00\",\"description\":\"Retoma Grupo Xcaret operaciones tras paso de Hurac\\u00e1n Delta abriendo sus puertas a partir del d\\u00eda 8 de octubre.\",\"breadcrumb\":{\"@id\":\"https:\/\/www.grupoxcaret.com\/es\/retoma-grupo-xcaret-operaciones-tras-paso-de-huracan-delta\/#breadcrumb\"},\"inLanguage\":\"es\",\"potentialAction\":[{\"@type\":\"ReadAction\",\"target\":[\"https:\/\/www.grupoxcaret.com\/es\/retoma-grupo-xcaret-operaciones-tras-paso-de-huracan-delta\/\"]}]},{\"@type\":\"BreadcrumbList\",\"@id\":\"https:\/\/www.grupoxcaret.com\/es\/retoma-grupo-xcaret-operaciones-tras-paso-de-huracan-delta\/#breadcrumb\",\"itemListElement\":[{\"@type\":\"ListItem\",\"position\":1,\"name\":\"Inicio\",\"item\":\"https:\/\/www.grupoxcaret.com\/es\/\"},{\"@type\":\"ListItem\",\"position\":2,\"name\":\"Noticias\",\"item\":\"https:\/\/www.grupoxcaret.com\/es\/seccion\/noticias\/\"},{\"@type\":\"ListItem\",\"position\":3,\"name\":\"Retoma Grupo Xcaret operaciones tras paso de Hurac\\u00e1n Delta\"}]},{\"@type\":\"Article\",\"@id\":\"https:\/\/www.grupoxcaret.com\/es\/retoma-grupo-xcaret-operaciones-tras-paso-de-huracan-delta\/#article\",\"isPartOf\":{\"@id\":\"https:\/\/www.grupoxcaret.com\/es\/retoma-grupo-xcaret-operaciones-tras-paso-de-huracan-delta\/#webpage\"},\"author\":{\"@id\":\"https:\/\/www.grupoxcaret.com\/es\/#\/schema\/person\/ab672ffae4578284a3537f94723d3752\"},\"headline\":\"Retoma Grupo Xcaret operaciones tras paso de Hurac\\u00e1n Delta\",\"datePublished\":\"2020-10-08T14:20:22+00:00\",\"dateModified\":\"2020-10-08T14:20:26+00:00\",\"mainEntityOfPage\":{\"@id\":\"https:\/\/www.grupoxcaret.com\/es\/retoma-grupo-xcaret-operaciones-tras-paso-de-huracan-delta\/#webpage\"},\"wordCount\":621,\"commentCount\":0,\"publisher\":{\"@id\":\"https:\/\/www.grupoxcaret.com\/es\/#organization\"},\"image\":{\"@id\":\"https:\/\/www.grupoxcaret.com\/es\/retoma-grupo-xcaret-operaciones-tras-paso-de-huracan-delta\/#primaryimage\"},\"thumbnailUrl\":\"https:\/\/www.grupoxcaret.com\/es\/wp-content\/uploads\/2018\/05\/Xcaret.-.-.jpg\",\"articleSection\":[\"Boletines de Prensa\",\"Destacados\",\"Noticias\",\"Sala de Prensa\"],\"inLanguage\":\"es\",\"potentialAction\":[{\"@type\":\"CommentAction\",\"name\":\"Comment\",\"target\":[\"https:\/\/www.grupoxcaret.com\/es\/retoma-grupo-xcaret-operaciones-tras-paso-de-huracan-delta\/#respond\"]}]},{\"@type\":\"Person\",\"@id\":\"https:\/\/www.grupoxcaret.com\/es\/#\/schema\/person\/ab672ffae4578284a3537f94723d3752\",\"name\":\"Reyna Irasema Belmont\",\"image\":{\"@type\":\"ImageObject\",\"@id\":\"https:\/\/www.grupoxcaret.com\/es\/#personlogo\",\"inLanguage\":\"es\",\"url\":\"https:\/\/secure.gravatar.com\/avatar\/1633fc5d037b61325381949cab28bd1d?s=96&d=mm&r=g\",\"contentUrl\":\"https:\/\/secure.gravatar.com\/avatar\/1633fc5d037b61325381949cab28bd1d?s=96&d=mm&r=g\",\"caption\":\"Reyna Irasema Belmont\"},\"url\":\"https:\/\/www.grupoxcaret.com\/es\/author\/ibelmont\/\"}]}<\/script>\n<!-- \/ Yoast SEO plugin. -->","yoast_head_json":{"description":"Retoma Grupo Xcaret operaciones tras paso de Hurac\u00e1n Delta abriendo sus puertas a partir del d\u00eda 8 de octubre.","robots":{"index":"index","follow":"follow","max-snippet":"max-snippet:-1","max-image-preview":"max-image-preview:large","max-video-preview":"max-video-preview:-1"},"canonical":"https:\/\/www.grupoxcaret.com\/es\/retoma-grupo-xcaret-operaciones-tras-paso-de-huracan-delta\/","og_locale":"es_ES","og_type":"article","og_title":"Retoma Grupo Xcaret operaciones tras paso de Hurac\u00e1n Delta - Grupo Xcaret Sitio Corporativo","og_description":"Retoma Grupo Xcaret operaciones tras paso de Hurac\u00e1n Delta abriendo sus puertas a partir del d\u00eda 8 de octubre.","og_url":"https:\/\/www.grupoxcaret.com\/es\/retoma-grupo-xcaret-operaciones-tras-paso-de-huracan-delta\/","og_site_name":"Grupo Xcaret Sitio Corporativo","article_published_time":"2020-10-08T14:20:22+00:00","article_modified_time":"2020-10-08T14:20:26+00:00","og_image":[{"width":1280,"height":960,"url":"https:\/\/www.grupoxcaret.com\/es\/wp-content\/uploads\/2018\/05\/Xcaret.-.-.jpg","type":"image\/jpeg"}],"twitter_card":"summary_large_image","twitter_misc":{"Escrito por":"Reyna Irasema Belmont","Tiempo de lectura":"3 minutos"},"schema":{"@context":"https:\/\/schema.org","@graph":[{"@type":"Organization","@id":"https:\/\/www.grupoxcaret.com\/es\/#organization","name":"Grupo Xcaret","url":"https:\/\/www.grupoxcaret.com\/es\/","sameAs":[],"logo":{"@type":"ImageObject","@id":"https:\/\/www.grupoxcaret.com\/es\/#logo","inLanguage":"es","url":"https:\/\/www.grupoxcaret.com\/es\/wp-content\/uploads\/2015\/04\/exx.png","contentUrl":"https:\/\/www.grupoxcaret.com\/es\/wp-content\/uploads\/2015\/04\/exx.png","width":400,"height":136,"caption":"Grupo Xcaret"},"image":{"@id":"https:\/\/www.grupoxcaret.com\/es\/#logo"}},{"@type":"WebSite","@id":"https:\/\/www.grupoxcaret.com\/es\/#website","url":"https:\/\/www.grupoxcaret.com\/es\/","name":"Grupo Xcaret Sitio Corporativo","description":"Conoce el sitio corporativo de Grupo Xcaret. Encuentra informaci\u00f3n relevante acerca de nuestra historia, marcas, filosof\u00eda empresarial, pol\u00edtica de sostenibilidad y mucho m\u00e1s.","publisher":{"@id":"https:\/\/www.grupoxcaret.com\/es\/#organization"},"potentialAction":[{"@type":"SearchAction","target":{"@type":"EntryPoint","urlTemplate":"https:\/\/www.grupoxcaret.com\/es\/?s={search_term_string}"},"query-input":"required name=search_term_string"}],"inLanguage":"es"},{"@type":"ImageObject","@id":"https:\/\/www.grupoxcaret.com\/es\/retoma-grupo-xcaret-operaciones-tras-paso-de-huracan-delta\/#primaryimage","inLanguage":"es","url":"https:\/\/www.grupoxcaret.com\/es\/wp-content\/uploads\/2018\/05\/Xcaret.-.-.jpg","contentUrl":"https:\/\/www.grupoxcaret.com\/es\/wp-content\/uploads\/2018\/05\/Xcaret.-.-.jpg","width":1280,"height":960},{"@type":"WebPage","@id":"https:\/\/www.grupoxcaret.com\/es\/retoma-grupo-xcaret-operaciones-tras-paso-de-huracan-delta\/#webpage","url":"https:\/\/www.grupoxcaret.com\/es\/retoma-grupo-xcaret-operaciones-tras-paso-de-huracan-delta\/","name":"Retoma Grupo Xcaret operaciones tras paso de Hurac\u00e1n Delta - Grupo Xcaret Sitio Corporativo","isPartOf":{"@id":"https:\/\/www.grupoxcaret.com\/es\/#website"},"primaryImageOfPage":{"@id":"https:\/\/www.grupoxcaret.com\/es\/retoma-grupo-xcaret-operaciones-tras-paso-de-huracan-delta\/#primaryimage"},"datePublished":"2020-10-08T14:20:22+00:00","dateModified":"2020-10-08T14:20:26+00:00","description":"Retoma Grupo Xcaret operaciones tras paso de Hurac\u00e1n Delta abriendo sus puertas a partir del d\u00eda 8 de octubre.","breadcrumb":{"@id":"https:\/\/www.grupoxcaret.com\/es\/retoma-grupo-xcaret-operaciones-tras-paso-de-huracan-delta\/#breadcrumb"},"inLanguage":"es","potentialAction":[{"@type":"ReadAction","target":["https:\/\/www.grupoxcaret.com\/es\/retoma-grupo-xcaret-operaciones-tras-paso-de-huracan-delta\/"]}]},{"@type":"BreadcrumbList","@id":"https:\/\/www.grupoxcaret.com\/es\/retoma-grupo-xcaret-operaciones-tras-paso-de-huracan-delta\/#breadcrumb","itemListElement":[{"@type":"ListItem","position":1,"name":"Inicio","item":"https:\/\/www.grupoxcaret.com\/es\/"},{"@type":"ListItem","position":2,"name":"Noticias","item":"https:\/\/www.grupoxcaret.com\/es\/seccion\/noticias\/"},{"@type":"ListItem","position":3,"name":"Retoma Grupo Xcaret operaciones tras paso de Hurac\u00e1n Delta"}]},{"@type":"Article","@id":"https:\/\/www.grupoxcaret.com\/es\/retoma-grupo-xcaret-operaciones-tras-paso-de-huracan-delta\/#article","isPartOf":{"@id":"https:\/\/www.grupoxcaret.com\/es\/retoma-grupo-xcaret-operaciones-tras-paso-de-huracan-delta\/#webpage"},"author":{"@id":"https:\/\/www.grupoxcaret.com\/es\/#\/schema\/person\/ab672ffae4578284a3537f94723d3752"},"headline":"Retoma Grupo Xcaret operaciones tras paso de Hurac\u00e1n Delta","datePublished":"2020-10-08T14:20:22+00:00","dateModified":"2020-10-08T14:20:26+00:00","mainEntityOfPage":{"@id":"https:\/\/www.grupoxcaret.com\/es\/retoma-grupo-xcaret-operaciones-tras-paso-de-huracan-delta\/#webpage"},"wordCount":621,"commentCount":0,"publisher":{"@id":"https:\/\/www.grupoxcaret.com\/es\/#organization"},"image":{"@id":"https:\/\/www.grupoxcaret.com\/es\/retoma-grupo-xcaret-operaciones-tras-paso-de-huracan-delta\/#primaryimage"},"thumbnailUrl":"https:\/\/www.grupoxcaret.com\/es\/wp-content\/uploads\/2018\/05\/Xcaret.-.-.jpg","articleSection":["Boletines de Prensa","Destacados","Noticias","Sala de Prensa"],"inLanguage":"es","potentialAction":[{"@type":"CommentAction","name":"Comment","target":["https:\/\/www.grupoxcaret.com\/es\/retoma-grupo-xcaret-operaciones-tras-paso-de-huracan-delta\/#respond"]}]},{"@type":"Person","@id":"https:\/\/www.grupoxcaret.com\/es\/#\/schema\/person\/ab672ffae4578284a3537f94723d3752","name":"Reyna Irasema Belmont","image":{"@type":"ImageObject","@id":"https:\/\/www.grupoxcaret.com\/es\/#personlogo","inLanguage":"es","url":"https:\/\/secure.gravatar.com\/avatar\/1633fc5d037b61325381949cab28bd1d?s=96&d=mm&r=g","contentUrl":"https:\/\/secure.gravatar.com\/avatar\/1633fc5d037b61325381949cab28bd1d?s=96&d=mm&r=g","caption":"Reyna Irasema Belmont"},"url":"https:\/\/www.grupoxcaret.com\/es\/author\/ibelmont\/"}]}},"amp_enabled":true,"_links":{"self":[{"href":"https:\/\/www.grupoxcaret.com\/es\/wp-json\/wp\/v2\/posts\/3862"}],"collection":[{"href":"https:\/\/www.grupoxcaret.com\/es\/wp-json\/wp\/v2\/posts"}],"about":[{"href":"https:\/\/www.grupoxcaret.com\/es\/wp-json\/wp\/v2\/types\/post"}],"author":[{"embeddable":true,"href":"https:\/\/www.grupoxcaret.com\/es\/wp-json\/wp\/v2\/users\/23"}],"replies":[{"embeddable":true,"href":"https:\/\/www.grupoxcaret.com\/es\/wp-json\/wp\/v2\/comments?post=3862"}],"version-history":[{"count":5,"href":"https:\/\/www.grupoxcaret.com\/es\/wp-json\/wp\/v2\/posts\/3862\/revisions"}],"predecessor-version":[{"id":3867,"href":"https:\/\/www.grupoxcaret.com\/es\/wp-json\/wp\/v2\/posts\/3862\/revisions\/3867"}],"wp:featuredmedia":[{"embeddable":true,"href":"https:\/\/www.grupoxcaret.com\/es\/wp-json\/wp\/v2\/media\/2291"}],"wp:attachment":[{"href":"https:\/\/www.grupoxcaret.com\/es\/wp-json\/wp\/v2\/media?parent=3862"}],"wp:term":[{"taxonomy":"category","embeddable":true,"href":"https:\/\/www.grupoxcaret.com\/es\/wp-json\/wp\/v2\/categories?post=3862"},{"taxonomy":"post_tag","embeddable":true,"href":"https:\/\/www.grupoxcaret.com\/es\/wp-json\/wp\/v2\/tags?post=3862"}],"curies":[{"name":"wp","href":"https:\/\/api.w.org\/{rel}","templated":true}]}}