{"id":3822,"date":"2020-09-30T18:32:36","date_gmt":"2020-09-30T18:32:36","guid":{"rendered":"https:\/\/www.grupoxcaret.com\/es\/?p=3822"},"modified":"2022-06-24T18:27:07","modified_gmt":"2022-06-24T18:27:07","slug":"guia-digital-de-especie-tapir","status":"publish","type":"post","link":"https:\/\/www.grupoxcaret.com\/es\/guia-digital-de-especie-tapir\/","title":{"rendered":"Gu\u00eda Educativa: \u00abTapir\u00bb"},"content":{"rendered":"\n<p>El tapir centroamericano (Tapirus bairdii), es el mam\u00edfero terrestre nativo m\u00e1s grande del Neotr\u00f3pico y juega un importante papel en la din\u00e1mica de los bosques tropicales a trav\u00e9s de los procesos de herbivor\u00eda, dispersi\u00f3n y consumo de semillas. <\/p>\n\n\n\n<p>Comparados con otros mam\u00edferos neotropicales, los tapires han sido poco estudiados en el medio silvestre principalmente debido a sus<br>bajas densidades poblacionales y a su comportamiento sigiloso. Para el caso de M\u00e9xico se conoce que la especie esta distribuida en \u00e1reas silvestres remanentes en los estados de Campeche, Chiapas, Oaxaca y Quintana Roo.<\/p>\n\n\n\n<p>Los tapires son esencialmente ramoneadores con fuerte tendencia a la frugivor\u00eda, destinando hasta un 90% de sus horas de actividad a la b\u00fasqueda y consumo selectivo de una amplia variedad de frutos, hojas, tallos, corteza y flores<\/p>\n\n\n\n<p>Conoce un poco m\u00e1s de la importancia, caracter\u00edsticas, alimentaci\u00f3n y amenazas a las que se enfrenta esta esplendorosa especie.<\/p>\n\n\n\n<p><\/p>\n\n\n\n<div class=\"wp-block-media-text alignwide is-stacked-on-mobile\"><figure class=\"wp-block-media-text__media\"><img loading=\"lazy\" width=\"800\" height=\"462\" src=\"https:\/\/www.grupoxcaret.com\/es\/wp-content\/uploads\/2020\/09\/Tapir-Portada.jpg\" alt=\"\" class=\"wp-image-3826\" srcset=\"https:\/\/www.grupoxcaret.com\/es\/wp-content\/uploads\/2020\/09\/Tapir-Portada.jpg 800w, https:\/\/www.grupoxcaret.com\/es\/wp-content\/uploads\/2020\/09\/Tapir-Portada-300x173.jpg 300w, https:\/\/www.grupoxcaret.com\/es\/wp-content\/uploads\/2020\/09\/Tapir-Portada-768x444.jpg 768w, https:\/\/www.grupoxcaret.com\/es\/wp-content\/uploads\/2020\/09\/Tapir-Portada-696x402.jpg 696w, https:\/\/www.grupoxcaret.com\/es\/wp-content\/uploads\/2020\/09\/Tapir-Portada-727x420.jpg 727w\" sizes=\"(max-width: 800px) 100vw, 800px\" \/><\/figure><div class=\"wp-block-media-text__content\">\n<h3><a href=\"https:\/\/www.grupoxcaret.com\/es\/wp-content\/uploads\/2020\/09\/Gui\u0301a-de-especie-Tapir.pdf\" target=\"_blank\" rel=\"noreferrer noopener\">Descarga Nuestra Gu\u00eda de Especie de Tapir<\/a><\/h3>\n\n\n\n<p><\/p>\n<\/div><\/div>\n\n\n\n<p><\/p>\n","protected":false},"excerpt":{"rendered":"<p>El tapir centroamericano (Tapirus bairdii), es el mam\u00edfero terrestre nativo m\u00e1s grande del Neotr\u00f3pico y juega un importante papel en la din\u00e1mica de los bosques tropicales a trav\u00e9s de los procesos de herbivor\u00eda, dispersi\u00f3n y consumo de semillas. Comparados con otros mam\u00edferos neotropicales, los tapires han sido poco estudiados en el medio silvestre principalmente debido [&hellip;]<\/p>\n","protected":false},"author":8,"featured_media":3826,"comment_status":"open","ping_status":"open","sticky":false,"template":"","format":"standard","meta":[],"categories":[103,128],"tags":[],"yoast_head":"<!-- This site is optimized with the Yoast SEO plugin v17.6 - https:\/\/yoast.com\/wordpress\/plugins\/seo\/ -->\n<meta name=\"description\" content=\"Conoce un poco m\u00e1s de la importancia, caracter\u00edsticas, alimentaci\u00f3n y amenazas a las que se enfrenta el Tapir en todo M\u00e9xico y America Central.\" \/>\n<meta name=\"robots\" content=\"index, follow, max-snippet:-1, max-image-preview:large, max-video-preview:-1\" \/>\n<link rel=\"canonical\" href=\"https:\/\/www.grupoxcaret.com\/es\/guia-digital-de-especie-tapir\/\" \/>\n<meta property=\"og:locale\" content=\"es_ES\" \/>\n<meta property=\"og:type\" content=\"article\" \/>\n<meta property=\"og:title\" content=\"Gu\u00eda Educativa: &quot;Tapir&quot; - Grupo Xcaret Sitio Corporativo\" \/>\n<meta property=\"og:description\" content=\"Conoce un poco m\u00e1s de la importancia, caracter\u00edsticas, alimentaci\u00f3n y amenazas a las que se enfrenta el Tapir en todo M\u00e9xico y America Central.\" \/>\n<meta property=\"og:url\" content=\"https:\/\/www.grupoxcaret.com\/es\/guia-digital-de-especie-tapir\/\" \/>\n<meta property=\"og:site_name\" content=\"Grupo Xcaret Sitio Corporativo\" \/>\n<meta property=\"article:published_time\" content=\"2020-09-30T18:32:36+00:00\" \/>\n<meta property=\"article:modified_time\" content=\"2022-06-24T18:27:07+00:00\" \/>\n<meta property=\"og:image\" content=\"https:\/\/www.grupoxcaret.com\/es\/wp-content\/uploads\/2020\/09\/Tapir-Portada.jpg\" \/>\n\t<meta property=\"og:image:width\" content=\"800\" \/>\n\t<meta property=\"og:image:height\" content=\"462\" \/>\n<meta name=\"twitter:card\" content=\"summary_large_image\" \/>\n<meta name=\"twitter:label1\" content=\"Escrito por\" \/>\n\t<meta name=\"twitter:data1\" content=\"dmendozav\" \/>\n\t<meta name=\"twitter:label2\" content=\"Tiempo de lectura\" \/>\n\t<meta name=\"twitter:data2\" content=\"1 minuto\" \/>\n<script type=\"application\/ld+json\" class=\"yoast-schema-graph\">{\"@context\":\"https:\/\/schema.org\",\"@graph\":[{\"@type\":\"Organization\",\"@id\":\"https:\/\/www.grupoxcaret.com\/es\/#organization\",\"name\":\"Grupo Xcaret\",\"url\":\"https:\/\/www.grupoxcaret.com\/es\/\",\"sameAs\":[],\"logo\":{\"@type\":\"ImageObject\",\"@id\":\"https:\/\/www.grupoxcaret.com\/es\/#logo\",\"inLanguage\":\"es\",\"url\":\"https:\/\/www.grupoxcaret.com\/es\/wp-content\/uploads\/2015\/04\/exx.png\",\"contentUrl\":\"https:\/\/www.grupoxcaret.com\/es\/wp-content\/uploads\/2015\/04\/exx.png\",\"width\":400,\"height\":136,\"caption\":\"Grupo Xcaret\"},\"image\":{\"@id\":\"https:\/\/www.grupoxcaret.com\/es\/#logo\"}},{\"@type\":\"WebSite\",\"@id\":\"https:\/\/www.grupoxcaret.com\/es\/#website\",\"url\":\"https:\/\/www.grupoxcaret.com\/es\/\",\"name\":\"Grupo Xcaret Sitio Corporativo\",\"description\":\"Conoce el sitio corporativo de Grupo Xcaret. Encuentra informaci\\u00f3n relevante acerca de nuestra historia, marcas, filosof\\u00eda empresarial, pol\\u00edtica de sostenibilidad y mucho m\\u00e1s.\",\"publisher\":{\"@id\":\"https:\/\/www.grupoxcaret.com\/es\/#organization\"},\"potentialAction\":[{\"@type\":\"SearchAction\",\"target\":{\"@type\":\"EntryPoint\",\"urlTemplate\":\"https:\/\/www.grupoxcaret.com\/es\/?s={search_term_string}\"},\"query-input\":\"required name=search_term_string\"}],\"inLanguage\":\"es\"},{\"@type\":\"ImageObject\",\"@id\":\"https:\/\/www.grupoxcaret.com\/es\/guia-digital-de-especie-tapir\/#primaryimage\",\"inLanguage\":\"es\",\"url\":\"https:\/\/www.grupoxcaret.com\/es\/wp-content\/uploads\/2020\/09\/Tapir-Portada.jpg\",\"contentUrl\":\"https:\/\/www.grupoxcaret.com\/es\/wp-content\/uploads\/2020\/09\/Tapir-Portada.jpg\",\"width\":800,\"height\":462},{\"@type\":\"WebPage\",\"@id\":\"https:\/\/www.grupoxcaret.com\/es\/guia-digital-de-especie-tapir\/#webpage\",\"url\":\"https:\/\/www.grupoxcaret.com\/es\/guia-digital-de-especie-tapir\/\",\"name\":\"Gu\\u00eda Educativa: \\\"Tapir\\\" - Grupo Xcaret Sitio Corporativo\",\"isPartOf\":{\"@id\":\"https:\/\/www.grupoxcaret.com\/es\/#website\"},\"primaryImageOfPage\":{\"@id\":\"https:\/\/www.grupoxcaret.com\/es\/guia-digital-de-especie-tapir\/#primaryimage\"},\"datePublished\":\"2020-09-30T18:32:36+00:00\",\"dateModified\":\"2022-06-24T18:27:07+00:00\",\"description\":\"Conoce un poco m\\u00e1s de la importancia, caracter\\u00edsticas, alimentaci\\u00f3n y amenazas a las que se enfrenta el Tapir en todo M\\u00e9xico y America Central.\",\"breadcrumb\":{\"@id\":\"https:\/\/www.grupoxcaret.com\/es\/guia-digital-de-especie-tapir\/#breadcrumb\"},\"inLanguage\":\"es\",\"potentialAction\":[{\"@type\":\"ReadAction\",\"target\":[\"https:\/\/www.grupoxcaret.com\/es\/guia-digital-de-especie-tapir\/\"]}]},{\"@type\":\"BreadcrumbList\",\"@id\":\"https:\/\/www.grupoxcaret.com\/es\/guia-digital-de-especie-tapir\/#breadcrumb\",\"itemListElement\":[{\"@type\":\"ListItem\",\"position\":1,\"name\":\"Inicio\",\"item\":\"https:\/\/www.grupoxcaret.com\/es\/\"},{\"@type\":\"ListItem\",\"position\":2,\"name\":\"Educaci\\u00f3n para la Sostenibilidad\",\"item\":\"https:\/\/www.grupoxcaret.com\/es\/seccion\/educacion\/\"},{\"@type\":\"ListItem\",\"position\":3,\"name\":\"Planeta\",\"item\":\"https:\/\/www.grupoxcaret.com\/es\/seccion\/educacion\/planeta\/\"},{\"@type\":\"ListItem\",\"position\":4,\"name\":\"Gu\\u00eda Educativa: \\u00abTapir\\u00bb\"}]},{\"@type\":\"Article\",\"@id\":\"https:\/\/www.grupoxcaret.com\/es\/guia-digital-de-especie-tapir\/#article\",\"isPartOf\":{\"@id\":\"https:\/\/www.grupoxcaret.com\/es\/guia-digital-de-especie-tapir\/#webpage\"},\"author\":{\"@id\":\"https:\/\/www.grupoxcaret.com\/es\/#\/schema\/person\/a063bfd3f2c8806ec176d4b2afba737f\"},\"headline\":\"Gu\\u00eda Educativa: \\u00abTapir\\u00bb\",\"datePublished\":\"2020-09-30T18:32:36+00:00\",\"dateModified\":\"2022-06-24T18:27:07+00:00\",\"mainEntityOfPage\":{\"@id\":\"https:\/\/www.grupoxcaret.com\/es\/guia-digital-de-especie-tapir\/#webpage\"},\"wordCount\":171,\"commentCount\":0,\"publisher\":{\"@id\":\"https:\/\/www.grupoxcaret.com\/es\/#organization\"},\"image\":{\"@id\":\"https:\/\/www.grupoxcaret.com\/es\/guia-digital-de-especie-tapir\/#primaryimage\"},\"thumbnailUrl\":\"https:\/\/www.grupoxcaret.com\/es\/wp-content\/uploads\/2020\/09\/Tapir-Portada.jpg\",\"articleSection\":[\"Educaci\\u00f3n para la Sostenibilidad\",\"Planeta\"],\"inLanguage\":\"es\",\"potentialAction\":[{\"@type\":\"CommentAction\",\"name\":\"Comment\",\"target\":[\"https:\/\/www.grupoxcaret.com\/es\/guia-digital-de-especie-tapir\/#respond\"]}]},{\"@type\":\"Person\",\"@id\":\"https:\/\/www.grupoxcaret.com\/es\/#\/schema\/person\/a063bfd3f2c8806ec176d4b2afba737f\",\"name\":\"dmendozav\",\"image\":{\"@type\":\"ImageObject\",\"@id\":\"https:\/\/www.grupoxcaret.com\/es\/#personlogo\",\"inLanguage\":\"es\",\"url\":\"https:\/\/secure.gravatar.com\/avatar\/d0971a818d7242eb0e6a9b000cb0cb6c?s=96&d=mm&r=g\",\"contentUrl\":\"https:\/\/secure.gravatar.com\/avatar\/d0971a818d7242eb0e6a9b000cb0cb6c?s=96&d=mm&r=g\",\"caption\":\"dmendozav\"},\"url\":\"https:\/\/www.grupoxcaret.com\/es\/author\/dmendozav\/\"}]}<\/script>\n<!-- \/ Yoast SEO plugin. -->","yoast_head_json":{"description":"Conoce un poco m\u00e1s de la importancia, caracter\u00edsticas, alimentaci\u00f3n y amenazas a las que se enfrenta el Tapir en todo M\u00e9xico y America Central.","robots":{"index":"index","follow":"follow","max-snippet":"max-snippet:-1","max-image-preview":"max-image-preview:large","max-video-preview":"max-video-preview:-1"},"canonical":"https:\/\/www.grupoxcaret.com\/es\/guia-digital-de-especie-tapir\/","og_locale":"es_ES","og_type":"article","og_title":"Gu\u00eda Educativa: \"Tapir\" - Grupo Xcaret Sitio Corporativo","og_description":"Conoce un poco m\u00e1s de la importancia, caracter\u00edsticas, alimentaci\u00f3n y amenazas a las que se enfrenta el Tapir en todo M\u00e9xico y America Central.","og_url":"https:\/\/www.grupoxcaret.com\/es\/guia-digital-de-especie-tapir\/","og_site_name":"Grupo Xcaret Sitio Corporativo","article_published_time":"2020-09-30T18:32:36+00:00","article_modified_time":"2022-06-24T18:27:07+00:00","og_image":[{"width":800,"height":462,"url":"https:\/\/www.grupoxcaret.com\/es\/wp-content\/uploads\/2020\/09\/Tapir-Portada.jpg","type":"image\/jpeg"}],"twitter_card":"summary_large_image","twitter_misc":{"Escrito por":"dmendozav","Tiempo de lectura":"1 minuto"},"schema":{"@context":"https:\/\/schema.org","@graph":[{"@type":"Organization","@id":"https:\/\/www.grupoxcaret.com\/es\/#organization","name":"Grupo Xcaret","url":"https:\/\/www.grupoxcaret.com\/es\/","sameAs":[],"logo":{"@type":"ImageObject","@id":"https:\/\/www.grupoxcaret.com\/es\/#logo","inLanguage":"es","url":"https:\/\/www.grupoxcaret.com\/es\/wp-content\/uploads\/2015\/04\/exx.png","contentUrl":"https:\/\/www.grupoxcaret.com\/es\/wp-content\/uploads\/2015\/04\/exx.png","width":400,"height":136,"caption":"Grupo Xcaret"},"image":{"@id":"https:\/\/www.grupoxcaret.com\/es\/#logo"}},{"@type":"WebSite","@id":"https:\/\/www.grupoxcaret.com\/es\/#website","url":"https:\/\/www.grupoxcaret.com\/es\/","name":"Grupo Xcaret Sitio Corporativo","description":"Conoce el sitio corporativo de Grupo Xcaret. Encuentra informaci\u00f3n relevante acerca de nuestra historia, marcas, filosof\u00eda empresarial, pol\u00edtica de sostenibilidad y mucho m\u00e1s.","publisher":{"@id":"https:\/\/www.grupoxcaret.com\/es\/#organization"},"potentialAction":[{"@type":"SearchAction","target":{"@type":"EntryPoint","urlTemplate":"https:\/\/www.grupoxcaret.com\/es\/?s={search_term_string}"},"query-input":"required name=search_term_string"}],"inLanguage":"es"},{"@type":"ImageObject","@id":"https:\/\/www.grupoxcaret.com\/es\/guia-digital-de-especie-tapir\/#primaryimage","inLanguage":"es","url":"https:\/\/www.grupoxcaret.com\/es\/wp-content\/uploads\/2020\/09\/Tapir-Portada.jpg","contentUrl":"https:\/\/www.grupoxcaret.com\/es\/wp-content\/uploads\/2020\/09\/Tapir-Portada.jpg","width":800,"height":462},{"@type":"WebPage","@id":"https:\/\/www.grupoxcaret.com\/es\/guia-digital-de-especie-tapir\/#webpage","url":"https:\/\/www.grupoxcaret.com\/es\/guia-digital-de-especie-tapir\/","name":"Gu\u00eda Educativa: \"Tapir\" - Grupo Xcaret Sitio Corporativo","isPartOf":{"@id":"https:\/\/www.grupoxcaret.com\/es\/#website"},"primaryImageOfPage":{"@id":"https:\/\/www.grupoxcaret.com\/es\/guia-digital-de-especie-tapir\/#primaryimage"},"datePublished":"2020-09-30T18:32:36+00:00","dateModified":"2022-06-24T18:27:07+00:00","description":"Conoce un poco m\u00e1s de la importancia, caracter\u00edsticas, alimentaci\u00f3n y amenazas a las que se enfrenta el Tapir en todo M\u00e9xico y America Central.","breadcrumb":{"@id":"https:\/\/www.grupoxcaret.com\/es\/guia-digital-de-especie-tapir\/#breadcrumb"},"inLanguage":"es","potentialAction":[{"@type":"ReadAction","target":["https:\/\/www.grupoxcaret.com\/es\/guia-digital-de-especie-tapir\/"]}]},{"@type":"BreadcrumbList","@id":"https:\/\/www.grupoxcaret.com\/es\/guia-digital-de-especie-tapir\/#breadcrumb","itemListElement":[{"@type":"ListItem","position":1,"name":"Inicio","item":"https:\/\/www.grupoxcaret.com\/es\/"},{"@type":"ListItem","position":2,"name":"Educaci\u00f3n para la Sostenibilidad","item":"https:\/\/www.grupoxcaret.com\/es\/seccion\/educacion\/"},{"@type":"ListItem","position":3,"name":"Planeta","item":"https:\/\/www.grupoxcaret.com\/es\/seccion\/educacion\/planeta\/"},{"@type":"ListItem","position":4,"name":"Gu\u00eda Educativa: \u00abTapir\u00bb"}]},{"@type":"Article","@id":"https:\/\/www.grupoxcaret.com\/es\/guia-digital-de-especie-tapir\/#article","isPartOf":{"@id":"https:\/\/www.grupoxcaret.com\/es\/guia-digital-de-especie-tapir\/#webpage"},"author":{"@id":"https:\/\/www.grupoxcaret.com\/es\/#\/schema\/person\/a063bfd3f2c8806ec176d4b2afba737f"},"headline":"Gu\u00eda Educativa: \u00abTapir\u00bb","datePublished":"2020-09-30T18:32:36+00:00","dateModified":"2022-06-24T18:27:07+00:00","mainEntityOfPage":{"@id":"https:\/\/www.grupoxcaret.com\/es\/guia-digital-de-especie-tapir\/#webpage"},"wordCount":171,"commentCount":0,"publisher":{"@id":"https:\/\/www.grupoxcaret.com\/es\/#organization"},"image":{"@id":"https:\/\/www.grupoxcaret.com\/es\/guia-digital-de-especie-tapir\/#primaryimage"},"thumbnailUrl":"https:\/\/www.grupoxcaret.com\/es\/wp-content\/uploads\/2020\/09\/Tapir-Portada.jpg","articleSection":["Educaci\u00f3n para la Sostenibilidad","Planeta"],"inLanguage":"es","potentialAction":[{"@type":"CommentAction","name":"Comment","target":["https:\/\/www.grupoxcaret.com\/es\/guia-digital-de-especie-tapir\/#respond"]}]},{"@type":"Person","@id":"https:\/\/www.grupoxcaret.com\/es\/#\/schema\/person\/a063bfd3f2c8806ec176d4b2afba737f","name":"dmendozav","image":{"@type":"ImageObject","@id":"https:\/\/www.grupoxcaret.com\/es\/#personlogo","inLanguage":"es","url":"https:\/\/secure.gravatar.com\/avatar\/d0971a818d7242eb0e6a9b000cb0cb6c?s=96&d=mm&r=g","contentUrl":"https:\/\/secure.gravatar.com\/avatar\/d0971a818d7242eb0e6a9b000cb0cb6c?s=96&d=mm&r=g","caption":"dmendozav"},"url":"https:\/\/www.grupoxcaret.com\/es\/author\/dmendozav\/"}]}},"amp_enabled":true,"_links":{"self":[{"href":"https:\/\/www.grupoxcaret.com\/es\/wp-json\/wp\/v2\/posts\/3822"}],"collection":[{"href":"https:\/\/www.grupoxcaret.com\/es\/wp-json\/wp\/v2\/posts"}],"about":[{"href":"https:\/\/www.grupoxcaret.com\/es\/wp-json\/wp\/v2\/types\/post"}],"author":[{"embeddable":true,"href":"https:\/\/www.grupoxcaret.com\/es\/wp-json\/wp\/v2\/users\/8"}],"replies":[{"embeddable":true,"href":"https:\/\/www.grupoxcaret.com\/es\/wp-json\/wp\/v2\/comments?post=3822"}],"version-history":[{"count":12,"href":"https:\/\/www.grupoxcaret.com\/es\/wp-json\/wp\/v2\/posts\/3822\/revisions"}],"predecessor-version":[{"id":3854,"href":"https:\/\/www.grupoxcaret.com\/es\/wp-json\/wp\/v2\/posts\/3822\/revisions\/3854"}],"wp:featuredmedia":[{"embeddable":true,"href":"https:\/\/www.grupoxcaret.com\/es\/wp-json\/wp\/v2\/media\/3826"}],"wp:attachment":[{"href":"https:\/\/www.grupoxcaret.com\/es\/wp-json\/wp\/v2\/media?parent=3822"}],"wp:term":[{"taxonomy":"category","embeddable":true,"href":"https:\/\/www.grupoxcaret.com\/es\/wp-json\/wp\/v2\/categories?post=3822"},{"taxonomy":"post_tag","embeddable":true,"href":"https:\/\/www.grupoxcaret.com\/es\/wp-json\/wp\/v2\/tags?post=3822"}],"curies":[{"name":"wp","href":"https:\/\/api.w.org\/{rel}","templated":true}]}}