{"id":3767,"date":"2020-09-04T01:01:19","date_gmt":"2020-09-04T01:01:19","guid":{"rendered":"https:\/\/www.grupoxcaret.com\/es\/?p=3767"},"modified":"2023-01-21T18:12:37","modified_gmt":"2023-01-21T18:12:37","slug":"grupo-xcaret-posterga-la-realizacion-de-xplor-bravest-race-triatlon-xel-ha-y-festival-de-tradiciones-de-vida-y-muerte","status":"publish","type":"post","link":"https:\/\/www.grupoxcaret.com\/es\/grupo-xcaret-posterga-la-realizacion-de-xplor-bravest-race-triatlon-xel-ha-y-festival-de-tradiciones-de-vida-y-muerte\/","title":{"rendered":"Grupo Xcaret posterga la realizaci\u00f3n de Xplor Bravest Race, Triatl\u00f3n Xel-H\u00e1 y Festival de Tradiciones de Vida y Muerte"},"content":{"rendered":"\n<p><\/p>\n\n\n\n<p>\u00b7 La empresa tom\u00f3 la decisi\u00f3n de reprogramar los eventos con el objetivo de salvaguardar el bienestar de colaboradores, participantes y visitantes del destino.<\/p>\n\n\n\n<p>\u00b7 Xplor Bravest Race se realizar\u00eda en septiembre, Triatl\u00f3n Xel-H\u00e1 en noviembre y el Festival de Tradiciones de Vida y Muerte estaba agendado para los meses de octubre y noviembre.<\/p>\n\n\n\n<figure class=\"wp-block-image size-large\"><img loading=\"lazy\" width=\"1024\" height=\"683\" src=\"https:\/\/www.grupoxcaret.com\/es\/wp-content\/uploads\/2020\/09\/FF22_161119-065033-1024x683.jpg\" alt=\"\" class=\"wp-image-3770\" srcset=\"https:\/\/www.grupoxcaret.com\/es\/wp-content\/uploads\/2020\/09\/FF22_161119-065033-1024x683.jpg 1024w, https:\/\/www.grupoxcaret.com\/es\/wp-content\/uploads\/2020\/09\/FF22_161119-065033-300x200.jpg 300w, https:\/\/www.grupoxcaret.com\/es\/wp-content\/uploads\/2020\/09\/FF22_161119-065033-768x512.jpg 768w, https:\/\/www.grupoxcaret.com\/es\/wp-content\/uploads\/2020\/09\/FF22_161119-065033-1536x1024.jpg 1536w, https:\/\/www.grupoxcaret.com\/es\/wp-content\/uploads\/2020\/09\/FF22_161119-065033-2048x1365.jpg 2048w, https:\/\/www.grupoxcaret.com\/es\/wp-content\/uploads\/2020\/09\/FF22_161119-065033-696x464.jpg 696w, https:\/\/www.grupoxcaret.com\/es\/wp-content\/uploads\/2020\/09\/FF22_161119-065033-1068x712.jpg 1068w, https:\/\/www.grupoxcaret.com\/es\/wp-content\/uploads\/2020\/09\/FF22_161119-065033-630x420.jpg 630w\" sizes=\"(max-width: 1024px) 100vw, 1024px\" \/><\/figure>\n\n\n\n<p>Canc\u00fan, Quintana Roo, 03 de septiembre de 2020. Para Grupo Xcaret las personas son prioridad y uno de sus pilares fundamentales, es por ello que, con el compromiso de salvaguardar el bienestar de cada uno de sus visitantes, colaboradores y hu\u00e9spedes, y atendiendo las medidas de seguridad emitidas por la Organizaci\u00f3n Mundial de la Salud de evitar eventos de alta concurrencia, la empresa l\u00edder en recreaci\u00f3n tur\u00edstica sostenible anunci\u00f3 que pospondr\u00e1 la realizaci\u00f3n de los eventos Xplor Bravest Race, Triatl\u00f3n Xel-H\u00e1 y Festival de Tradiciones de Vida y Muerte en sus ediciones del 2020.<\/p>\n\n\n\n<figure class=\"wp-block-image size-large\"><img loading=\"lazy\" width=\"1024\" height=\"678\" src=\"https:\/\/www.grupoxcaret.com\/es\/wp-content\/uploads\/2020\/09\/71141506_2509008015825072_7542271405694386176_o-1-1024x678.jpg\" alt=\"\" class=\"wp-image-3773\" srcset=\"https:\/\/www.grupoxcaret.com\/es\/wp-content\/uploads\/2020\/09\/71141506_2509008015825072_7542271405694386176_o-1-1024x678.jpg 1024w, https:\/\/www.grupoxcaret.com\/es\/wp-content\/uploads\/2020\/09\/71141506_2509008015825072_7542271405694386176_o-1-300x199.jpg 300w, https:\/\/www.grupoxcaret.com\/es\/wp-content\/uploads\/2020\/09\/71141506_2509008015825072_7542271405694386176_o-1-768x508.jpg 768w, https:\/\/www.grupoxcaret.com\/es\/wp-content\/uploads\/2020\/09\/71141506_2509008015825072_7542271405694386176_o-1-696x461.jpg 696w, https:\/\/www.grupoxcaret.com\/es\/wp-content\/uploads\/2020\/09\/71141506_2509008015825072_7542271405694386176_o-1-1068x707.jpg 1068w, https:\/\/www.grupoxcaret.com\/es\/wp-content\/uploads\/2020\/09\/71141506_2509008015825072_7542271405694386176_o-1-634x420.jpg 634w, https:\/\/www.grupoxcaret.com\/es\/wp-content\/uploads\/2020\/09\/71141506_2509008015825072_7542271405694386176_o-1.jpg 1080w\" sizes=\"(max-width: 1024px) 100vw, 1024px\" \/><\/figure>\n\n\n\n<p>\u201cLa seguridad es y seguir\u00e1 siendo prioridad para Grupo Xcaret. Estamos trabajando en la reprogramaci\u00f3n de nuestros eventos que a\u00f1o con a\u00f1o reciben a miles de participantes y visitantes, con el objetivo claro de que su bienestar es lo m\u00e1s importante en estos momentos\u201d asegur\u00f3 Elizabeth Lugo, Direcci\u00f3n Ejecutiva de Operaciones de Parques y Tours, quien agreg\u00f3 que \u00abConmemorar nuestras tradiciones, fomentar la cultura del deporte y enaltecer la riqueza de M\u00e9xico, es parte de nuestro ADN y aunque hoy nos toca reinventarnos, mantenemos el compromiso de seguir ofreciendo experiencias que enaltezcan el valor y significado de nuestra cultura\u201d.<\/p>\n\n\n\n<figure class=\"wp-block-image size-large\"><img loading=\"lazy\" width=\"1024\" height=\"678\" src=\"https:\/\/www.grupoxcaret.com\/es\/wp-content\/uploads\/2020\/09\/70625143_2499072233485317_3963284959052955648_o-1024x678.jpg\" alt=\"\" class=\"wp-image-3769\" srcset=\"https:\/\/www.grupoxcaret.com\/es\/wp-content\/uploads\/2020\/09\/70625143_2499072233485317_3963284959052955648_o-1024x678.jpg 1024w, https:\/\/www.grupoxcaret.com\/es\/wp-content\/uploads\/2020\/09\/70625143_2499072233485317_3963284959052955648_o-300x199.jpg 300w, https:\/\/www.grupoxcaret.com\/es\/wp-content\/uploads\/2020\/09\/70625143_2499072233485317_3963284959052955648_o-768x509.jpg 768w, https:\/\/www.grupoxcaret.com\/es\/wp-content\/uploads\/2020\/09\/70625143_2499072233485317_3963284959052955648_o-1536x1017.jpg 1536w, https:\/\/www.grupoxcaret.com\/es\/wp-content\/uploads\/2020\/09\/70625143_2499072233485317_3963284959052955648_o-696x461.jpg 696w, https:\/\/www.grupoxcaret.com\/es\/wp-content\/uploads\/2020\/09\/70625143_2499072233485317_3963284959052955648_o-1068x707.jpg 1068w, https:\/\/www.grupoxcaret.com\/es\/wp-content\/uploads\/2020\/09\/70625143_2499072233485317_3963284959052955648_o-634x420.jpg 634w, https:\/\/www.grupoxcaret.com\/es\/wp-content\/uploads\/2020\/09\/70625143_2499072233485317_3963284959052955648_o.jpg 1848w\" sizes=\"(max-width: 1024px) 100vw, 1024px\" \/><\/figure>\n\n\n\n<p>Aunque a\u00fan no se han confirmado las fechas oficiales en que los eventos se llevar\u00e1n a cabo nuevamente, Grupo Xcaret espera puedan retomarse el pr\u00f3ximo a\u00f1o y adelant\u00f3 que, en cuanto al Festival de Tradiciones de Vida y Muerte, el ic\u00f3nico evento con el que el Grupo conmemora el D\u00eda de Muertos desde hace 14 a\u00f1os, se encuentra trabajando en acciones que le permitir\u00e1n acercar el festival a todo M\u00e9xico, pero sobre todo preservar una de las tradiciones m\u00e1s emblem\u00e1ticas del pa\u00eds.<\/p>\n\n\n\n<p>\u201cQueremos agradecer a todos por su apoyo y comprensi\u00f3n ante esta decisi\u00f3n e invitarlos a que juntos sigamos cuid\u00e1ndonos y celebrando nuestras tradiciones adoptando nuevos formatos que nos permitan estar m\u00e1s conectados que nunca\u201d puntualiz\u00f3 la directiva.<\/p>\n\n\n\n<figure class=\"wp-block-image size-large\"><img loading=\"lazy\" width=\"1024\" height=\"576\" src=\"https:\/\/www.grupoxcaret.com\/es\/wp-content\/uploads\/2020\/09\/DSC4329-2-1-1024x576.jpg\" alt=\"\" class=\"wp-image-3781\" srcset=\"https:\/\/www.grupoxcaret.com\/es\/wp-content\/uploads\/2020\/09\/DSC4329-2-1-1024x576.jpg 1024w, https:\/\/www.grupoxcaret.com\/es\/wp-content\/uploads\/2020\/09\/DSC4329-2-1-300x169.jpg 300w, https:\/\/www.grupoxcaret.com\/es\/wp-content\/uploads\/2020\/09\/DSC4329-2-1-768x432.jpg 768w, https:\/\/www.grupoxcaret.com\/es\/wp-content\/uploads\/2020\/09\/DSC4329-2-1-1536x864.jpg 1536w, https:\/\/www.grupoxcaret.com\/es\/wp-content\/uploads\/2020\/09\/DSC4329-2-1-2048x1152.jpg 2048w, https:\/\/www.grupoxcaret.com\/es\/wp-content\/uploads\/2020\/09\/DSC4329-2-1-696x392.jpg 696w, https:\/\/www.grupoxcaret.com\/es\/wp-content\/uploads\/2020\/09\/DSC4329-2-1-1068x601.jpg 1068w, https:\/\/www.grupoxcaret.com\/es\/wp-content\/uploads\/2020\/09\/DSC4329-2-1-746x420.jpg 746w\" sizes=\"(max-width: 1024px) 100vw, 1024px\" \/><figcaption>2019-11-16T07:30:02@0@TLTLXH2<\/figcaption><\/figure>\n\n\n\n<p>Con esta decisi\u00f3n, Grupo Xcaret reitera su compromiso con la salud y el bienestar de sus colaboradores, los participantes y visitantes. La empresa, desde el pasado 15 de junio, reinici\u00f3 la operaci\u00f3n gradual de sus parques y hotel bajo un esquema de operaci\u00f3n que le permite mantener el distanciamiento entre personas. Adem\u00e1s, implement\u00f3 un robusto modelo de Xeguridad 360\u00b0 que incluye la activaci\u00f3n de m\u00e1s de 1,300 acciones en sus diferentes unidades de negocio. Para m\u00e1s informaci\u00f3n visita: https:\/\/www.grupoxcaret.com\/<\/p>\n\n\n\n<p>Sobre Grupo Xcaret<\/p>\n\n\n\n<figure class=\"wp-block-image size-large\"><img loading=\"lazy\" width=\"1024\" height=\"683\" src=\"https:\/\/www.grupoxcaret.com\/es\/wp-content\/uploads\/2020\/09\/NI11_161119-063759-2-1024x683.jpg\" alt=\"\" class=\"wp-image-3782\" srcset=\"https:\/\/www.grupoxcaret.com\/es\/wp-content\/uploads\/2020\/09\/NI11_161119-063759-2-1024x683.jpg 1024w, https:\/\/www.grupoxcaret.com\/es\/wp-content\/uploads\/2020\/09\/NI11_161119-063759-2-300x200.jpg 300w, https:\/\/www.grupoxcaret.com\/es\/wp-content\/uploads\/2020\/09\/NI11_161119-063759-2-768x512.jpg 768w, https:\/\/www.grupoxcaret.com\/es\/wp-content\/uploads\/2020\/09\/NI11_161119-063759-2-1536x1024.jpg 1536w, https:\/\/www.grupoxcaret.com\/es\/wp-content\/uploads\/2020\/09\/NI11_161119-063759-2-2048x1365.jpg 2048w, https:\/\/www.grupoxcaret.com\/es\/wp-content\/uploads\/2020\/09\/NI11_161119-063759-2-696x464.jpg 696w, https:\/\/www.grupoxcaret.com\/es\/wp-content\/uploads\/2020\/09\/NI11_161119-063759-2-1068x712.jpg 1068w, https:\/\/www.grupoxcaret.com\/es\/wp-content\/uploads\/2020\/09\/NI11_161119-063759-2-630x420.jpg 630w\" sizes=\"(max-width: 1024px) 100vw, 1024px\" \/><\/figure>\n\n\n\n<p>Grupo Xcaret es una empresa mexicana especializada en ofrecer experiencias \u00fanicas e inolvidables a sus visitantes, inspiradas en el respeto por la naturaleza, la cultura y la vida cuya trayectoria en la recreaci\u00f3n tur\u00edstica sostenible inici\u00f3 en 1990, posicion\u00e1ndose, hoy en d\u00eda, como los l\u00edderes en esta industria. Cuenta con tres unidades de negocio divididas en: Parques, bajo la que opera los parques m\u00e1s emblem\u00e1ticos de Canc\u00fan: Xcaret, Xel-H\u00e1, Xplor, Xplor Fuego, Xoximilco, Xenses y Xavage; Hoteles, unidad de negocio que inici\u00f3 operaciones con la apertura en 2017 de Hotel Xcaret M\u00e9xico; y Tours en la que ofrece recorridos \u00fanicos por Xich\u00e9n, Cob\u00e1, Tulum y Xenotes.<\/p>\n","protected":false},"excerpt":{"rendered":"<p>\u00b7 La empresa tom\u00f3 la decisi\u00f3n de reprogramar los eventos con el objetivo de salvaguardar el bienestar de colaboradores, participantes y visitantes del destino. \u00b7 Xplor Bravest Race se realizar\u00eda en septiembre, Triatl\u00f3n Xel-H\u00e1 en noviembre y el Festival de Tradiciones de Vida y Muerte estaba agendado para los meses de octubre y noviembre. Canc\u00fan, [&hellip;]<\/p>\n","protected":false},"author":23,"featured_media":3777,"comment_status":"open","ping_status":"open","sticky":false,"template":"","format":"standard","meta":[],"categories":[72,1,3],"tags":[27],"yoast_head":"<!-- This site is optimized with the Yoast SEO plugin v17.6 - https:\/\/yoast.com\/wordpress\/plugins\/seo\/ -->\n<meta name=\"description\" content=\"Grupo Xcaret posterga la realizaci\u00f3n de Xplor Bravest Race, Triatl\u00f3n Xel-H\u00e1 y Festival de Tradiciones de Vida y Muerte, cuidando a competidores y empleados.\" \/>\n<meta name=\"robots\" content=\"index, follow, max-snippet:-1, max-image-preview:large, max-video-preview:-1\" \/>\n<link rel=\"canonical\" href=\"https:\/\/www.grupoxcaret.com\/es\/grupo-xcaret-posterga-la-realizacion-de-xplor-bravest-race-triatlon-xel-ha-y-festival-de-tradiciones-de-vida-y-muerte\/\" \/>\n<meta property=\"og:locale\" content=\"es_ES\" \/>\n<meta property=\"og:type\" content=\"article\" \/>\n<meta property=\"og:title\" content=\"Grupo Xcaret posterga la realizaci\u00f3n de Xplor Bravest Race, Triatl\u00f3n Xel-H\u00e1 y Festival de Tradiciones de Vida y Muerte - Grupo Xcaret Sitio Corporativo\" \/>\n<meta property=\"og:description\" content=\"Grupo Xcaret posterga la realizaci\u00f3n de Xplor Bravest Race, Triatl\u00f3n Xel-H\u00e1 y Festival de Tradiciones de Vida y Muerte, cuidando a competidores y empleados.\" \/>\n<meta property=\"og:url\" content=\"https:\/\/www.grupoxcaret.com\/es\/grupo-xcaret-posterga-la-realizacion-de-xplor-bravest-race-triatlon-xel-ha-y-festival-de-tradiciones-de-vida-y-muerte\/\" \/>\n<meta property=\"og:site_name\" content=\"Grupo Xcaret Sitio Corporativo\" \/>\n<meta property=\"article:published_time\" content=\"2020-09-04T01:01:19+00:00\" \/>\n<meta property=\"article:modified_time\" content=\"2023-01-21T18:12:37+00:00\" \/>\n<meta property=\"og:image\" content=\"https:\/\/www.grupoxcaret.com\/es\/wp-content\/uploads\/2020\/09\/IMG_3473-scaled.jpg\" \/>\n\t<meta property=\"og:image:width\" content=\"2560\" \/>\n\t<meta property=\"og:image:height\" content=\"1707\" \/>\n<meta name=\"twitter:card\" content=\"summary_large_image\" \/>\n<meta name=\"twitter:label1\" content=\"Escrito por\" \/>\n\t<meta name=\"twitter:data1\" content=\"Reyna Irasema Belmont\" \/>\n\t<meta name=\"twitter:label2\" content=\"Tiempo de lectura\" \/>\n\t<meta name=\"twitter:data2\" content=\"4 minutos\" \/>\n<script type=\"application\/ld+json\" class=\"yoast-schema-graph\">{\"@context\":\"https:\/\/schema.org\",\"@graph\":[{\"@type\":\"Organization\",\"@id\":\"https:\/\/www.grupoxcaret.com\/es\/#organization\",\"name\":\"Grupo Xcaret\",\"url\":\"https:\/\/www.grupoxcaret.com\/es\/\",\"sameAs\":[],\"logo\":{\"@type\":\"ImageObject\",\"@id\":\"https:\/\/www.grupoxcaret.com\/es\/#logo\",\"inLanguage\":\"es\",\"url\":\"https:\/\/www.grupoxcaret.com\/es\/wp-content\/uploads\/2015\/04\/exx.png\",\"contentUrl\":\"https:\/\/www.grupoxcaret.com\/es\/wp-content\/uploads\/2015\/04\/exx.png\",\"width\":400,\"height\":136,\"caption\":\"Grupo Xcaret\"},\"image\":{\"@id\":\"https:\/\/www.grupoxcaret.com\/es\/#logo\"}},{\"@type\":\"WebSite\",\"@id\":\"https:\/\/www.grupoxcaret.com\/es\/#website\",\"url\":\"https:\/\/www.grupoxcaret.com\/es\/\",\"name\":\"Grupo Xcaret Sitio Corporativo\",\"description\":\"Conoce el sitio corporativo de Grupo Xcaret. Encuentra informaci\\u00f3n relevante acerca de nuestra historia, marcas, filosof\\u00eda empresarial, pol\\u00edtica de sostenibilidad y mucho m\\u00e1s.\",\"publisher\":{\"@id\":\"https:\/\/www.grupoxcaret.com\/es\/#organization\"},\"potentialAction\":[{\"@type\":\"SearchAction\",\"target\":{\"@type\":\"EntryPoint\",\"urlTemplate\":\"https:\/\/www.grupoxcaret.com\/es\/?s={search_term_string}\"},\"query-input\":\"required name=search_term_string\"}],\"inLanguage\":\"es\"},{\"@type\":\"ImageObject\",\"@id\":\"https:\/\/www.grupoxcaret.com\/es\/grupo-xcaret-posterga-la-realizacion-de-xplor-bravest-race-triatlon-xel-ha-y-festival-de-tradiciones-de-vida-y-muerte\/#primaryimage\",\"inLanguage\":\"es\",\"url\":\"https:\/\/www.grupoxcaret.com\/es\/wp-content\/uploads\/2020\/09\/IMG_3473-scaled.jpg\",\"contentUrl\":\"https:\/\/www.grupoxcaret.com\/es\/wp-content\/uploads\/2020\/09\/IMG_3473-scaled.jpg\",\"width\":2560,\"height\":1707},{\"@type\":\"WebPage\",\"@id\":\"https:\/\/www.grupoxcaret.com\/es\/grupo-xcaret-posterga-la-realizacion-de-xplor-bravest-race-triatlon-xel-ha-y-festival-de-tradiciones-de-vida-y-muerte\/#webpage\",\"url\":\"https:\/\/www.grupoxcaret.com\/es\/grupo-xcaret-posterga-la-realizacion-de-xplor-bravest-race-triatlon-xel-ha-y-festival-de-tradiciones-de-vida-y-muerte\/\",\"name\":\"Grupo Xcaret posterga la realizaci\\u00f3n de Xplor Bravest Race, Triatl\\u00f3n Xel-H\\u00e1 y Festival de Tradiciones de Vida y Muerte - Grupo Xcaret Sitio Corporativo\",\"isPartOf\":{\"@id\":\"https:\/\/www.grupoxcaret.com\/es\/#website\"},\"primaryImageOfPage\":{\"@id\":\"https:\/\/www.grupoxcaret.com\/es\/grupo-xcaret-posterga-la-realizacion-de-xplor-bravest-race-triatlon-xel-ha-y-festival-de-tradiciones-de-vida-y-muerte\/#primaryimage\"},\"datePublished\":\"2020-09-04T01:01:19+00:00\",\"dateModified\":\"2023-01-21T18:12:37+00:00\",\"description\":\"Grupo Xcaret posterga la realizaci\\u00f3n de Xplor Bravest Race, Triatl\\u00f3n Xel-H\\u00e1 y Festival de Tradiciones de Vida y Muerte, cuidando a competidores y empleados.\",\"breadcrumb\":{\"@id\":\"https:\/\/www.grupoxcaret.com\/es\/grupo-xcaret-posterga-la-realizacion-de-xplor-bravest-race-triatlon-xel-ha-y-festival-de-tradiciones-de-vida-y-muerte\/#breadcrumb\"},\"inLanguage\":\"es\",\"potentialAction\":[{\"@type\":\"ReadAction\",\"target\":[\"https:\/\/www.grupoxcaret.com\/es\/grupo-xcaret-posterga-la-realizacion-de-xplor-bravest-race-triatlon-xel-ha-y-festival-de-tradiciones-de-vida-y-muerte\/\"]}]},{\"@type\":\"BreadcrumbList\",\"@id\":\"https:\/\/www.grupoxcaret.com\/es\/grupo-xcaret-posterga-la-realizacion-de-xplor-bravest-race-triatlon-xel-ha-y-festival-de-tradiciones-de-vida-y-muerte\/#breadcrumb\",\"itemListElement\":[{\"@type\":\"ListItem\",\"position\":1,\"name\":\"Inicio\",\"item\":\"https:\/\/www.grupoxcaret.com\/es\/\"},{\"@type\":\"ListItem\",\"position\":2,\"name\":\"Destacados\",\"item\":\"https:\/\/www.grupoxcaret.com\/es\/seccion\/destacados\/\"},{\"@type\":\"ListItem\",\"position\":3,\"name\":\"Grupo Xcaret posterga la realizaci\\u00f3n de Xplor Bravest Race, Triatl\\u00f3n Xel-H\\u00e1 y Festival de Tradiciones de Vida y Muerte\"}]},{\"@type\":\"Article\",\"@id\":\"https:\/\/www.grupoxcaret.com\/es\/grupo-xcaret-posterga-la-realizacion-de-xplor-bravest-race-triatlon-xel-ha-y-festival-de-tradiciones-de-vida-y-muerte\/#article\",\"isPartOf\":{\"@id\":\"https:\/\/www.grupoxcaret.com\/es\/grupo-xcaret-posterga-la-realizacion-de-xplor-bravest-race-triatlon-xel-ha-y-festival-de-tradiciones-de-vida-y-muerte\/#webpage\"},\"author\":{\"@id\":\"https:\/\/www.grupoxcaret.com\/es\/#\/schema\/person\/ab672ffae4578284a3537f94723d3752\"},\"headline\":\"Grupo Xcaret posterga la realizaci\\u00f3n de Xplor Bravest Race, Triatl\\u00f3n Xel-H\\u00e1 y Festival de Tradiciones de Vida y Muerte\",\"datePublished\":\"2020-09-04T01:01:19+00:00\",\"dateModified\":\"2023-01-21T18:12:37+00:00\",\"mainEntityOfPage\":{\"@id\":\"https:\/\/www.grupoxcaret.com\/es\/grupo-xcaret-posterga-la-realizacion-de-xplor-bravest-race-triatlon-xel-ha-y-festival-de-tradiciones-de-vida-y-muerte\/#webpage\"},\"wordCount\":622,\"commentCount\":0,\"publisher\":{\"@id\":\"https:\/\/www.grupoxcaret.com\/es\/#organization\"},\"image\":{\"@id\":\"https:\/\/www.grupoxcaret.com\/es\/grupo-xcaret-posterga-la-realizacion-de-xplor-bravest-race-triatlon-xel-ha-y-festival-de-tradiciones-de-vida-y-muerte\/#primaryimage\"},\"thumbnailUrl\":\"https:\/\/www.grupoxcaret.com\/es\/wp-content\/uploads\/2020\/09\/IMG_3473-scaled.jpg\",\"keywords\":[\"eventos especiales\"],\"articleSection\":[\"Destacados\",\"Noticias\",\"Sala de Prensa\"],\"inLanguage\":\"es\",\"potentialAction\":[{\"@type\":\"CommentAction\",\"name\":\"Comment\",\"target\":[\"https:\/\/www.grupoxcaret.com\/es\/grupo-xcaret-posterga-la-realizacion-de-xplor-bravest-race-triatlon-xel-ha-y-festival-de-tradiciones-de-vida-y-muerte\/#respond\"]}]},{\"@type\":\"Person\",\"@id\":\"https:\/\/www.grupoxcaret.com\/es\/#\/schema\/person\/ab672ffae4578284a3537f94723d3752\",\"name\":\"Reyna Irasema Belmont\",\"image\":{\"@type\":\"ImageObject\",\"@id\":\"https:\/\/www.grupoxcaret.com\/es\/#personlogo\",\"inLanguage\":\"es\",\"url\":\"https:\/\/secure.gravatar.com\/avatar\/1633fc5d037b61325381949cab28bd1d?s=96&d=mm&r=g\",\"contentUrl\":\"https:\/\/secure.gravatar.com\/avatar\/1633fc5d037b61325381949cab28bd1d?s=96&d=mm&r=g\",\"caption\":\"Reyna Irasema Belmont\"},\"url\":\"https:\/\/www.grupoxcaret.com\/es\/author\/ibelmont\/\"}]}<\/script>\n<!-- \/ Yoast SEO plugin. -->","yoast_head_json":{"description":"Grupo Xcaret posterga la realizaci\u00f3n de Xplor Bravest Race, Triatl\u00f3n Xel-H\u00e1 y Festival de Tradiciones de Vida y Muerte, cuidando a competidores y empleados.","robots":{"index":"index","follow":"follow","max-snippet":"max-snippet:-1","max-image-preview":"max-image-preview:large","max-video-preview":"max-video-preview:-1"},"canonical":"https:\/\/www.grupoxcaret.com\/es\/grupo-xcaret-posterga-la-realizacion-de-xplor-bravest-race-triatlon-xel-ha-y-festival-de-tradiciones-de-vida-y-muerte\/","og_locale":"es_ES","og_type":"article","og_title":"Grupo Xcaret posterga la realizaci\u00f3n de Xplor Bravest Race, Triatl\u00f3n Xel-H\u00e1 y Festival de Tradiciones de Vida y Muerte - Grupo Xcaret Sitio Corporativo","og_description":"Grupo Xcaret posterga la realizaci\u00f3n de Xplor Bravest Race, Triatl\u00f3n Xel-H\u00e1 y Festival de Tradiciones de Vida y Muerte, cuidando a competidores y empleados.","og_url":"https:\/\/www.grupoxcaret.com\/es\/grupo-xcaret-posterga-la-realizacion-de-xplor-bravest-race-triatlon-xel-ha-y-festival-de-tradiciones-de-vida-y-muerte\/","og_site_name":"Grupo Xcaret Sitio Corporativo","article_published_time":"2020-09-04T01:01:19+00:00","article_modified_time":"2023-01-21T18:12:37+00:00","og_image":[{"width":2560,"height":1707,"url":"https:\/\/www.grupoxcaret.com\/es\/wp-content\/uploads\/2020\/09\/IMG_3473-scaled.jpg","type":"image\/jpeg"}],"twitter_card":"summary_large_image","twitter_misc":{"Escrito por":"Reyna Irasema Belmont","Tiempo de lectura":"4 minutos"},"schema":{"@context":"https:\/\/schema.org","@graph":[{"@type":"Organization","@id":"https:\/\/www.grupoxcaret.com\/es\/#organization","name":"Grupo Xcaret","url":"https:\/\/www.grupoxcaret.com\/es\/","sameAs":[],"logo":{"@type":"ImageObject","@id":"https:\/\/www.grupoxcaret.com\/es\/#logo","inLanguage":"es","url":"https:\/\/www.grupoxcaret.com\/es\/wp-content\/uploads\/2015\/04\/exx.png","contentUrl":"https:\/\/www.grupoxcaret.com\/es\/wp-content\/uploads\/2015\/04\/exx.png","width":400,"height":136,"caption":"Grupo Xcaret"},"image":{"@id":"https:\/\/www.grupoxcaret.com\/es\/#logo"}},{"@type":"WebSite","@id":"https:\/\/www.grupoxcaret.com\/es\/#website","url":"https:\/\/www.grupoxcaret.com\/es\/","name":"Grupo Xcaret Sitio Corporativo","description":"Conoce el sitio corporativo de Grupo Xcaret. Encuentra informaci\u00f3n relevante acerca de nuestra historia, marcas, filosof\u00eda empresarial, pol\u00edtica de sostenibilidad y mucho m\u00e1s.","publisher":{"@id":"https:\/\/www.grupoxcaret.com\/es\/#organization"},"potentialAction":[{"@type":"SearchAction","target":{"@type":"EntryPoint","urlTemplate":"https:\/\/www.grupoxcaret.com\/es\/?s={search_term_string}"},"query-input":"required name=search_term_string"}],"inLanguage":"es"},{"@type":"ImageObject","@id":"https:\/\/www.grupoxcaret.com\/es\/grupo-xcaret-posterga-la-realizacion-de-xplor-bravest-race-triatlon-xel-ha-y-festival-de-tradiciones-de-vida-y-muerte\/#primaryimage","inLanguage":"es","url":"https:\/\/www.grupoxcaret.com\/es\/wp-content\/uploads\/2020\/09\/IMG_3473-scaled.jpg","contentUrl":"https:\/\/www.grupoxcaret.com\/es\/wp-content\/uploads\/2020\/09\/IMG_3473-scaled.jpg","width":2560,"height":1707},{"@type":"WebPage","@id":"https:\/\/www.grupoxcaret.com\/es\/grupo-xcaret-posterga-la-realizacion-de-xplor-bravest-race-triatlon-xel-ha-y-festival-de-tradiciones-de-vida-y-muerte\/#webpage","url":"https:\/\/www.grupoxcaret.com\/es\/grupo-xcaret-posterga-la-realizacion-de-xplor-bravest-race-triatlon-xel-ha-y-festival-de-tradiciones-de-vida-y-muerte\/","name":"Grupo Xcaret posterga la realizaci\u00f3n de Xplor Bravest Race, Triatl\u00f3n Xel-H\u00e1 y Festival de Tradiciones de Vida y Muerte - Grupo Xcaret Sitio Corporativo","isPartOf":{"@id":"https:\/\/www.grupoxcaret.com\/es\/#website"},"primaryImageOfPage":{"@id":"https:\/\/www.grupoxcaret.com\/es\/grupo-xcaret-posterga-la-realizacion-de-xplor-bravest-race-triatlon-xel-ha-y-festival-de-tradiciones-de-vida-y-muerte\/#primaryimage"},"datePublished":"2020-09-04T01:01:19+00:00","dateModified":"2023-01-21T18:12:37+00:00","description":"Grupo Xcaret posterga la realizaci\u00f3n de Xplor Bravest Race, Triatl\u00f3n Xel-H\u00e1 y Festival de Tradiciones de Vida y Muerte, cuidando a competidores y empleados.","breadcrumb":{"@id":"https:\/\/www.grupoxcaret.com\/es\/grupo-xcaret-posterga-la-realizacion-de-xplor-bravest-race-triatlon-xel-ha-y-festival-de-tradiciones-de-vida-y-muerte\/#breadcrumb"},"inLanguage":"es","potentialAction":[{"@type":"ReadAction","target":["https:\/\/www.grupoxcaret.com\/es\/grupo-xcaret-posterga-la-realizacion-de-xplor-bravest-race-triatlon-xel-ha-y-festival-de-tradiciones-de-vida-y-muerte\/"]}]},{"@type":"BreadcrumbList","@id":"https:\/\/www.grupoxcaret.com\/es\/grupo-xcaret-posterga-la-realizacion-de-xplor-bravest-race-triatlon-xel-ha-y-festival-de-tradiciones-de-vida-y-muerte\/#breadcrumb","itemListElement":[{"@type":"ListItem","position":1,"name":"Inicio","item":"https:\/\/www.grupoxcaret.com\/es\/"},{"@type":"ListItem","position":2,"name":"Destacados","item":"https:\/\/www.grupoxcaret.com\/es\/seccion\/destacados\/"},{"@type":"ListItem","position":3,"name":"Grupo Xcaret posterga la realizaci\u00f3n de Xplor Bravest Race, Triatl\u00f3n Xel-H\u00e1 y Festival de Tradiciones de Vida y Muerte"}]},{"@type":"Article","@id":"https:\/\/www.grupoxcaret.com\/es\/grupo-xcaret-posterga-la-realizacion-de-xplor-bravest-race-triatlon-xel-ha-y-festival-de-tradiciones-de-vida-y-muerte\/#article","isPartOf":{"@id":"https:\/\/www.grupoxcaret.com\/es\/grupo-xcaret-posterga-la-realizacion-de-xplor-bravest-race-triatlon-xel-ha-y-festival-de-tradiciones-de-vida-y-muerte\/#webpage"},"author":{"@id":"https:\/\/www.grupoxcaret.com\/es\/#\/schema\/person\/ab672ffae4578284a3537f94723d3752"},"headline":"Grupo Xcaret posterga la realizaci\u00f3n de Xplor Bravest Race, Triatl\u00f3n Xel-H\u00e1 y Festival de Tradiciones de Vida y Muerte","datePublished":"2020-09-04T01:01:19+00:00","dateModified":"2023-01-21T18:12:37+00:00","mainEntityOfPage":{"@id":"https:\/\/www.grupoxcaret.com\/es\/grupo-xcaret-posterga-la-realizacion-de-xplor-bravest-race-triatlon-xel-ha-y-festival-de-tradiciones-de-vida-y-muerte\/#webpage"},"wordCount":622,"commentCount":0,"publisher":{"@id":"https:\/\/www.grupoxcaret.com\/es\/#organization"},"image":{"@id":"https:\/\/www.grupoxcaret.com\/es\/grupo-xcaret-posterga-la-realizacion-de-xplor-bravest-race-triatlon-xel-ha-y-festival-de-tradiciones-de-vida-y-muerte\/#primaryimage"},"thumbnailUrl":"https:\/\/www.grupoxcaret.com\/es\/wp-content\/uploads\/2020\/09\/IMG_3473-scaled.jpg","keywords":["eventos especiales"],"articleSection":["Destacados","Noticias","Sala de Prensa"],"inLanguage":"es","potentialAction":[{"@type":"CommentAction","name":"Comment","target":["https:\/\/www.grupoxcaret.com\/es\/grupo-xcaret-posterga-la-realizacion-de-xplor-bravest-race-triatlon-xel-ha-y-festival-de-tradiciones-de-vida-y-muerte\/#respond"]}]},{"@type":"Person","@id":"https:\/\/www.grupoxcaret.com\/es\/#\/schema\/person\/ab672ffae4578284a3537f94723d3752","name":"Reyna Irasema Belmont","image":{"@type":"ImageObject","@id":"https:\/\/www.grupoxcaret.com\/es\/#personlogo","inLanguage":"es","url":"https:\/\/secure.gravatar.com\/avatar\/1633fc5d037b61325381949cab28bd1d?s=96&d=mm&r=g","contentUrl":"https:\/\/secure.gravatar.com\/avatar\/1633fc5d037b61325381949cab28bd1d?s=96&d=mm&r=g","caption":"Reyna Irasema Belmont"},"url":"https:\/\/www.grupoxcaret.com\/es\/author\/ibelmont\/"}]}},"amp_enabled":true,"_links":{"self":[{"href":"https:\/\/www.grupoxcaret.com\/es\/wp-json\/wp\/v2\/posts\/3767"}],"collection":[{"href":"https:\/\/www.grupoxcaret.com\/es\/wp-json\/wp\/v2\/posts"}],"about":[{"href":"https:\/\/www.grupoxcaret.com\/es\/wp-json\/wp\/v2\/types\/post"}],"author":[{"embeddable":true,"href":"https:\/\/www.grupoxcaret.com\/es\/wp-json\/wp\/v2\/users\/23"}],"replies":[{"embeddable":true,"href":"https:\/\/www.grupoxcaret.com\/es\/wp-json\/wp\/v2\/comments?post=3767"}],"version-history":[{"count":9,"href":"https:\/\/www.grupoxcaret.com\/es\/wp-json\/wp\/v2\/posts\/3767\/revisions"}],"predecessor-version":[{"id":5317,"href":"https:\/\/www.grupoxcaret.com\/es\/wp-json\/wp\/v2\/posts\/3767\/revisions\/5317"}],"wp:featuredmedia":[{"embeddable":true,"href":"https:\/\/www.grupoxcaret.com\/es\/wp-json\/wp\/v2\/media\/3777"}],"wp:attachment":[{"href":"https:\/\/www.grupoxcaret.com\/es\/wp-json\/wp\/v2\/media?parent=3767"}],"wp:term":[{"taxonomy":"category","embeddable":true,"href":"https:\/\/www.grupoxcaret.com\/es\/wp-json\/wp\/v2\/categories?post=3767"},{"taxonomy":"post_tag","embeddable":true,"href":"https:\/\/www.grupoxcaret.com\/es\/wp-json\/wp\/v2\/tags?post=3767"}],"curies":[{"name":"wp","href":"https:\/\/api.w.org\/{rel}","templated":true}]}}