{"id":3745,"date":"2020-08-20T19:13:49","date_gmt":"2020-08-20T19:13:49","guid":{"rendered":"https:\/\/www.grupoxcaret.com\/es\/?p=3745"},"modified":"2020-09-04T22:03:07","modified_gmt":"2020-09-04T22:03:07","slug":"grupo-xcaret-reconoce-a-personal-de-la-salud-del-instituto-mexicano-del-seguro-social-en-el-estado-de-quintana-roo","status":"publish","type":"post","link":"https:\/\/www.grupoxcaret.com\/es\/grupo-xcaret-reconoce-a-personal-de-la-salud-del-instituto-mexicano-del-seguro-social-en-el-estado-de-quintana-roo\/","title":{"rendered":"Grupo Xcaret reconoce a personal de la salud del Instituto Mexicano del Seguro Social en el Estado de Quintana Roo."},"content":{"rendered":"\n<p><br><strong>\u2022 La empresa entreg\u00f3 600 reconocimientos que incluyen un certificado con entradas al emblem\u00e1tico Parque Xcaret<\/strong><\/p>\n\n\n\n<figure class=\"wp-block-image size-large\"><img loading=\"lazy\" width=\"1024\" height=\"683\" src=\"https:\/\/www.grupoxcaret.com\/es\/wp-content\/uploads\/2020\/08\/Entrega-de-reconocimientos-003-1-1024x683.jpg\" alt=\"\" class=\"wp-image-3755\" srcset=\"https:\/\/www.grupoxcaret.com\/es\/wp-content\/uploads\/2020\/08\/Entrega-de-reconocimientos-003-1-1024x683.jpg 1024w, https:\/\/www.grupoxcaret.com\/es\/wp-content\/uploads\/2020\/08\/Entrega-de-reconocimientos-003-1-300x200.jpg 300w, https:\/\/www.grupoxcaret.com\/es\/wp-content\/uploads\/2020\/08\/Entrega-de-reconocimientos-003-1-768x512.jpg 768w, https:\/\/www.grupoxcaret.com\/es\/wp-content\/uploads\/2020\/08\/Entrega-de-reconocimientos-003-1-1536x1024.jpg 1536w, https:\/\/www.grupoxcaret.com\/es\/wp-content\/uploads\/2020\/08\/Entrega-de-reconocimientos-003-1-2048x1365.jpg 2048w, https:\/\/www.grupoxcaret.com\/es\/wp-content\/uploads\/2020\/08\/Entrega-de-reconocimientos-003-1-696x464.jpg 696w, https:\/\/www.grupoxcaret.com\/es\/wp-content\/uploads\/2020\/08\/Entrega-de-reconocimientos-003-1-1068x712.jpg 1068w, https:\/\/www.grupoxcaret.com\/es\/wp-content\/uploads\/2020\/08\/Entrega-de-reconocimientos-003-1-630x420.jpg 630w\" sizes=\"(max-width: 1024px) 100vw, 1024px\" \/><\/figure>\n\n\n\n<p><strong><br>Canc\u00fan, Quintana Roo, M\u00e9xico, 20 de agosto de 2020.<\/strong> Grupo Xcaret, la empresa l\u00edder en recreaci\u00f3n tur\u00edstica sostenible, hizo entrega de 600 \u201cSonrisas\u201d al personal de la salud del Instituto Mexicano del Seguro Social en el Estado de Quintana Roo. La iniciativa es un reconocimiento a la labor que el personal m\u00e9dico ha realizado durante los \u00faltimos meses en la lucha contra el Covid-19 en M\u00e9xico.<br><strong>\u201cSonrisas\u201d<\/strong> es el proyecto a trav\u00e9s del que la empresa mexicana enaltece el desempe\u00f1o y los resultados extraordinarios de sus colaboradores, y que en esta ocasi\u00f3n, ha decidido extender al personal del IMSS como una muestra de respeto y agradecimiento.<br>Iliana Rodr\u00edguez, Directora Corporativa de Sostenibilidad y Relaciones Institucionales de Grupo Xcaret, fue la encargada de entregar los reconocimientos el pasado 20 de agosto en el Hospital General de Zona No. 3 del Instituto Mexicano del Seguro Social durante el evento: \u201cEntrega de reconocimientos al personal que est\u00e1 al frente de la lucha contra el Covid-19\u201d, organizado por dicho instituto cuya sede est\u00e1 ubicada en la Avenida Coba.<\/p>\n\n\n\n<figure class=\"wp-block-image size-large\"><img loading=\"lazy\" width=\"1024\" height=\"683\" src=\"https:\/\/www.grupoxcaret.com\/es\/wp-content\/uploads\/2020\/08\/Entrega-de-reconocimientos-005-1-1024x683.jpg\" alt=\"\" class=\"wp-image-3761\" srcset=\"https:\/\/www.grupoxcaret.com\/es\/wp-content\/uploads\/2020\/08\/Entrega-de-reconocimientos-005-1-1024x683.jpg 1024w, https:\/\/www.grupoxcaret.com\/es\/wp-content\/uploads\/2020\/08\/Entrega-de-reconocimientos-005-1-300x200.jpg 300w, https:\/\/www.grupoxcaret.com\/es\/wp-content\/uploads\/2020\/08\/Entrega-de-reconocimientos-005-1-768x512.jpg 768w, https:\/\/www.grupoxcaret.com\/es\/wp-content\/uploads\/2020\/08\/Entrega-de-reconocimientos-005-1-1536x1024.jpg 1536w, https:\/\/www.grupoxcaret.com\/es\/wp-content\/uploads\/2020\/08\/Entrega-de-reconocimientos-005-1-2048x1365.jpg 2048w, https:\/\/www.grupoxcaret.com\/es\/wp-content\/uploads\/2020\/08\/Entrega-de-reconocimientos-005-1-696x464.jpg 696w, https:\/\/www.grupoxcaret.com\/es\/wp-content\/uploads\/2020\/08\/Entrega-de-reconocimientos-005-1-1068x712.jpg 1068w, https:\/\/www.grupoxcaret.com\/es\/wp-content\/uploads\/2020\/08\/Entrega-de-reconocimientos-005-1-630x420.jpg 630w\" sizes=\"(max-width: 1024px) 100vw, 1024px\" \/><\/figure>\n\n\n\n<p><br>La Directora Corporativa agradeci\u00f3 la labor que el personal de la salud del IMSS ha realizado para salvaguardar el bienestar de la sociedad en el marco de uno de los desaf\u00edos m\u00e1s grandes que han enfrentado M\u00e9xico y el mundo. As\u00ed mismo, resalt\u00f3 la dedicaci\u00f3n y pasi\u00f3n con la que trabajan d\u00eda con d\u00eda, asegurando que \u201csabemos que durante esta pandemia han tenido una sobrecarga de trabajo sin precedentes. No solo han doblado turnos y trabajado horas extras, tambi\u00e9n han velado por nuestra salud y seguridad. Gracias a ustedes miles de personas est\u00e1n el d\u00eda hoy en casa con su familia y por eso todos los que formamos parte de Grupo Xcaret les decimos graxias y les hacemos entrega de estas Sonrisas\u201d.<\/p>\n\n\n\n<figure class=\"wp-block-image size-large is-resized\"><img loading=\"lazy\" src=\"https:\/\/www.grupoxcaret.com\/es\/wp-content\/uploads\/2020\/08\/Entrega-de-reconocimientos-006-1-1024x683.jpg\" alt=\"\" class=\"wp-image-3756\" width=\"729\" height=\"486\" srcset=\"https:\/\/www.grupoxcaret.com\/es\/wp-content\/uploads\/2020\/08\/Entrega-de-reconocimientos-006-1-1024x683.jpg 1024w, https:\/\/www.grupoxcaret.com\/es\/wp-content\/uploads\/2020\/08\/Entrega-de-reconocimientos-006-1-300x200.jpg 300w, https:\/\/www.grupoxcaret.com\/es\/wp-content\/uploads\/2020\/08\/Entrega-de-reconocimientos-006-1-768x512.jpg 768w, https:\/\/www.grupoxcaret.com\/es\/wp-content\/uploads\/2020\/08\/Entrega-de-reconocimientos-006-1-1536x1024.jpg 1536w, https:\/\/www.grupoxcaret.com\/es\/wp-content\/uploads\/2020\/08\/Entrega-de-reconocimientos-006-1-2048x1365.jpg 2048w, https:\/\/www.grupoxcaret.com\/es\/wp-content\/uploads\/2020\/08\/Entrega-de-reconocimientos-006-1-696x464.jpg 696w, https:\/\/www.grupoxcaret.com\/es\/wp-content\/uploads\/2020\/08\/Entrega-de-reconocimientos-006-1-1068x712.jpg 1068w, https:\/\/www.grupoxcaret.com\/es\/wp-content\/uploads\/2020\/08\/Entrega-de-reconocimientos-006-1-630x420.jpg 630w\" sizes=\"(max-width: 729px) 100vw, 729px\" \/><\/figure>\n\n\n\n<p><br>Adem\u00e1s del reconocimiento, la empresa otorg\u00f3 600 certificados que incluyen un pase doble para que el personal de salud pueda disfrutar un d\u00eda en Parque Xcaret y que esto les ayude a reconectar con la naturaleza, vivir fuera de la rutina y tener un merecido descanso en el que Grupo Xcaret se encargue de su bienestar. <\/p>\n\n\n\n<figure class=\"wp-block-image size-large\"><img loading=\"lazy\" width=\"1024\" height=\"683\" src=\"https:\/\/www.grupoxcaret.com\/es\/wp-content\/uploads\/2020\/08\/MG_9861-2-1024x683.jpg\" alt=\"\" class=\"wp-image-3758\" srcset=\"https:\/\/www.grupoxcaret.com\/es\/wp-content\/uploads\/2020\/08\/MG_9861-2-1024x683.jpg 1024w, https:\/\/www.grupoxcaret.com\/es\/wp-content\/uploads\/2020\/08\/MG_9861-2-300x200.jpg 300w, https:\/\/www.grupoxcaret.com\/es\/wp-content\/uploads\/2020\/08\/MG_9861-2-768x512.jpg 768w, https:\/\/www.grupoxcaret.com\/es\/wp-content\/uploads\/2020\/08\/MG_9861-2-1536x1024.jpg 1536w, https:\/\/www.grupoxcaret.com\/es\/wp-content\/uploads\/2020\/08\/MG_9861-2-2048x1365.jpg 2048w, https:\/\/www.grupoxcaret.com\/es\/wp-content\/uploads\/2020\/08\/MG_9861-2-696x464.jpg 696w, https:\/\/www.grupoxcaret.com\/es\/wp-content\/uploads\/2020\/08\/MG_9861-2-1068x712.jpg 1068w, https:\/\/www.grupoxcaret.com\/es\/wp-content\/uploads\/2020\/08\/MG_9861-2-630x420.jpg 630w\" sizes=\"(max-width: 1024px) 100vw, 1024px\" \/><\/figure>\n\n\n\n<p>\u201cMientras muchos de nosotros seguimos en casa, ustedes salen todos los d\u00edas a seguir salvando vidas, acumulando meses sin descanso, por ello queremos ser ahora nosotros los que podamos cuidarlos y que puedan hacer frente al cansancio f\u00edsico que han vivido los \u00faltimos meses en nuestro parque Xcaret\u201d, puntualiz\u00f3 Iliana Rodr\u00edguez  <\/p>\n","protected":false},"excerpt":{"rendered":"<p>\u2022 La empresa entreg\u00f3 600 reconocimientos que incluyen un certificado con entradas al emblem\u00e1tico Parque Xcaret Canc\u00fan, Quintana Roo, M\u00e9xico, 20 de agosto de 2020. Grupo Xcaret, la empresa l\u00edder en recreaci\u00f3n tur\u00edstica sostenible, hizo entrega de 600 \u201cSonrisas\u201d al personal de la salud del Instituto Mexicano del Seguro Social en el Estado de Quintana [&hellip;]<\/p>\n","protected":false},"author":23,"featured_media":3749,"comment_status":"open","ping_status":"open","sticky":false,"template":"","format":"standard","meta":[],"categories":[1,3],"tags":[114,58,17],"yoast_head":"<!-- This site is optimized with the Yoast SEO plugin v17.6 - https:\/\/yoast.com\/wordpress\/plugins\/seo\/ -->\n<meta name=\"description\" content=\"Grupo Xcaret reconoce a personal de la salud del Instituto Mexicano del Seguro Social en el Estado de Quintana Roo, entrega 600 reconocimientos.\" \/>\n<meta name=\"robots\" content=\"index, follow, max-snippet:-1, max-image-preview:large, max-video-preview:-1\" \/>\n<link rel=\"canonical\" href=\"https:\/\/www.grupoxcaret.com\/es\/grupo-xcaret-reconoce-a-personal-de-la-salud-del-instituto-mexicano-del-seguro-social-en-el-estado-de-quintana-roo\/\" \/>\n<meta property=\"og:locale\" content=\"es_ES\" \/>\n<meta property=\"og:type\" content=\"article\" \/>\n<meta property=\"og:title\" content=\"Grupo Xcaret reconoce a personal de la salud del Instituto Mexicano del Seguro Social en el Estado de Quintana Roo. - Grupo Xcaret Sitio Corporativo\" \/>\n<meta property=\"og:description\" content=\"Grupo Xcaret reconoce a personal de la salud del Instituto Mexicano del Seguro Social en el Estado de Quintana Roo, entrega 600 reconocimientos.\" \/>\n<meta property=\"og:url\" content=\"https:\/\/www.grupoxcaret.com\/es\/grupo-xcaret-reconoce-a-personal-de-la-salud-del-instituto-mexicano-del-seguro-social-en-el-estado-de-quintana-roo\/\" \/>\n<meta property=\"og:site_name\" content=\"Grupo Xcaret Sitio Corporativo\" \/>\n<meta property=\"article:published_time\" content=\"2020-08-20T19:13:49+00:00\" \/>\n<meta property=\"article:modified_time\" content=\"2020-09-04T22:03:07+00:00\" \/>\n<meta property=\"og:image\" content=\"https:\/\/www.grupoxcaret.com\/es\/wp-content\/uploads\/2020\/08\/Entrega-de-reconocimientos-007-scaled.jpg\" \/>\n\t<meta property=\"og:image:width\" content=\"2560\" \/>\n\t<meta property=\"og:image:height\" content=\"1840\" \/>\n<meta name=\"twitter:card\" content=\"summary_large_image\" \/>\n<meta name=\"twitter:label1\" content=\"Escrito por\" \/>\n\t<meta name=\"twitter:data1\" content=\"Reyna Irasema Belmont\" \/>\n\t<meta name=\"twitter:label2\" content=\"Tiempo de lectura\" \/>\n\t<meta name=\"twitter:data2\" content=\"2 minutos\" \/>\n<script type=\"application\/ld+json\" class=\"yoast-schema-graph\">{\"@context\":\"https:\/\/schema.org\",\"@graph\":[{\"@type\":\"Organization\",\"@id\":\"https:\/\/www.grupoxcaret.com\/es\/#organization\",\"name\":\"Grupo Xcaret\",\"url\":\"https:\/\/www.grupoxcaret.com\/es\/\",\"sameAs\":[],\"logo\":{\"@type\":\"ImageObject\",\"@id\":\"https:\/\/www.grupoxcaret.com\/es\/#logo\",\"inLanguage\":\"es\",\"url\":\"https:\/\/www.grupoxcaret.com\/es\/wp-content\/uploads\/2015\/04\/exx.png\",\"contentUrl\":\"https:\/\/www.grupoxcaret.com\/es\/wp-content\/uploads\/2015\/04\/exx.png\",\"width\":400,\"height\":136,\"caption\":\"Grupo Xcaret\"},\"image\":{\"@id\":\"https:\/\/www.grupoxcaret.com\/es\/#logo\"}},{\"@type\":\"WebSite\",\"@id\":\"https:\/\/www.grupoxcaret.com\/es\/#website\",\"url\":\"https:\/\/www.grupoxcaret.com\/es\/\",\"name\":\"Grupo Xcaret Sitio Corporativo\",\"description\":\"Conoce el sitio corporativo de Grupo Xcaret. Encuentra informaci\\u00f3n relevante acerca de nuestra historia, marcas, filosof\\u00eda empresarial, pol\\u00edtica de sostenibilidad y mucho m\\u00e1s.\",\"publisher\":{\"@id\":\"https:\/\/www.grupoxcaret.com\/es\/#organization\"},\"potentialAction\":[{\"@type\":\"SearchAction\",\"target\":{\"@type\":\"EntryPoint\",\"urlTemplate\":\"https:\/\/www.grupoxcaret.com\/es\/?s={search_term_string}\"},\"query-input\":\"required name=search_term_string\"}],\"inLanguage\":\"es\"},{\"@type\":\"ImageObject\",\"@id\":\"https:\/\/www.grupoxcaret.com\/es\/grupo-xcaret-reconoce-a-personal-de-la-salud-del-instituto-mexicano-del-seguro-social-en-el-estado-de-quintana-roo\/#primaryimage\",\"inLanguage\":\"es\",\"url\":\"https:\/\/www.grupoxcaret.com\/es\/wp-content\/uploads\/2020\/08\/Entrega-de-reconocimientos-007-scaled.jpg\",\"contentUrl\":\"https:\/\/www.grupoxcaret.com\/es\/wp-content\/uploads\/2020\/08\/Entrega-de-reconocimientos-007-scaled.jpg\",\"width\":2560,\"height\":1840},{\"@type\":\"WebPage\",\"@id\":\"https:\/\/www.grupoxcaret.com\/es\/grupo-xcaret-reconoce-a-personal-de-la-salud-del-instituto-mexicano-del-seguro-social-en-el-estado-de-quintana-roo\/#webpage\",\"url\":\"https:\/\/www.grupoxcaret.com\/es\/grupo-xcaret-reconoce-a-personal-de-la-salud-del-instituto-mexicano-del-seguro-social-en-el-estado-de-quintana-roo\/\",\"name\":\"Grupo Xcaret reconoce a personal de la salud del Instituto Mexicano del Seguro Social en el Estado de Quintana Roo. - Grupo Xcaret Sitio Corporativo\",\"isPartOf\":{\"@id\":\"https:\/\/www.grupoxcaret.com\/es\/#website\"},\"primaryImageOfPage\":{\"@id\":\"https:\/\/www.grupoxcaret.com\/es\/grupo-xcaret-reconoce-a-personal-de-la-salud-del-instituto-mexicano-del-seguro-social-en-el-estado-de-quintana-roo\/#primaryimage\"},\"datePublished\":\"2020-08-20T19:13:49+00:00\",\"dateModified\":\"2020-09-04T22:03:07+00:00\",\"description\":\"Grupo Xcaret reconoce a personal de la salud del Instituto Mexicano del Seguro Social en el Estado de Quintana Roo, entrega 600 reconocimientos.\",\"breadcrumb\":{\"@id\":\"https:\/\/www.grupoxcaret.com\/es\/grupo-xcaret-reconoce-a-personal-de-la-salud-del-instituto-mexicano-del-seguro-social-en-el-estado-de-quintana-roo\/#breadcrumb\"},\"inLanguage\":\"es\",\"potentialAction\":[{\"@type\":\"ReadAction\",\"target\":[\"https:\/\/www.grupoxcaret.com\/es\/grupo-xcaret-reconoce-a-personal-de-la-salud-del-instituto-mexicano-del-seguro-social-en-el-estado-de-quintana-roo\/\"]}]},{\"@type\":\"BreadcrumbList\",\"@id\":\"https:\/\/www.grupoxcaret.com\/es\/grupo-xcaret-reconoce-a-personal-de-la-salud-del-instituto-mexicano-del-seguro-social-en-el-estado-de-quintana-roo\/#breadcrumb\",\"itemListElement\":[{\"@type\":\"ListItem\",\"position\":1,\"name\":\"Inicio\",\"item\":\"https:\/\/www.grupoxcaret.com\/es\/\"},{\"@type\":\"ListItem\",\"position\":2,\"name\":\"Noticias\",\"item\":\"https:\/\/www.grupoxcaret.com\/es\/seccion\/noticias\/\"},{\"@type\":\"ListItem\",\"position\":3,\"name\":\"Grupo Xcaret reconoce a personal de la salud del Instituto Mexicano del Seguro Social en el Estado de Quintana Roo.\"}]},{\"@type\":\"Article\",\"@id\":\"https:\/\/www.grupoxcaret.com\/es\/grupo-xcaret-reconoce-a-personal-de-la-salud-del-instituto-mexicano-del-seguro-social-en-el-estado-de-quintana-roo\/#article\",\"isPartOf\":{\"@id\":\"https:\/\/www.grupoxcaret.com\/es\/grupo-xcaret-reconoce-a-personal-de-la-salud-del-instituto-mexicano-del-seguro-social-en-el-estado-de-quintana-roo\/#webpage\"},\"author\":{\"@id\":\"https:\/\/www.grupoxcaret.com\/es\/#\/schema\/person\/ab672ffae4578284a3537f94723d3752\"},\"headline\":\"Grupo Xcaret reconoce a personal de la salud del Instituto Mexicano del Seguro Social en el Estado de Quintana Roo.\",\"datePublished\":\"2020-08-20T19:13:49+00:00\",\"dateModified\":\"2020-09-04T22:03:07+00:00\",\"mainEntityOfPage\":{\"@id\":\"https:\/\/www.grupoxcaret.com\/es\/grupo-xcaret-reconoce-a-personal-de-la-salud-del-instituto-mexicano-del-seguro-social-en-el-estado-de-quintana-roo\/#webpage\"},\"wordCount\":458,\"commentCount\":0,\"publisher\":{\"@id\":\"https:\/\/www.grupoxcaret.com\/es\/#organization\"},\"image\":{\"@id\":\"https:\/\/www.grupoxcaret.com\/es\/grupo-xcaret-reconoce-a-personal-de-la-salud-del-instituto-mexicano-del-seguro-social-en-el-estado-de-quintana-roo\/#primaryimage\"},\"thumbnailUrl\":\"https:\/\/www.grupoxcaret.com\/es\/wp-content\/uploads\/2020\/08\/Entrega-de-reconocimientos-007-scaled.jpg\",\"keywords\":[\"CRUZ ROJA\",\"Reconocimientos\",\"Xcaret\"],\"articleSection\":[\"Noticias\",\"Sala de Prensa\"],\"inLanguage\":\"es\",\"potentialAction\":[{\"@type\":\"CommentAction\",\"name\":\"Comment\",\"target\":[\"https:\/\/www.grupoxcaret.com\/es\/grupo-xcaret-reconoce-a-personal-de-la-salud-del-instituto-mexicano-del-seguro-social-en-el-estado-de-quintana-roo\/#respond\"]}]},{\"@type\":\"Person\",\"@id\":\"https:\/\/www.grupoxcaret.com\/es\/#\/schema\/person\/ab672ffae4578284a3537f94723d3752\",\"name\":\"Reyna Irasema Belmont\",\"image\":{\"@type\":\"ImageObject\",\"@id\":\"https:\/\/www.grupoxcaret.com\/es\/#personlogo\",\"inLanguage\":\"es\",\"url\":\"https:\/\/secure.gravatar.com\/avatar\/1633fc5d037b61325381949cab28bd1d?s=96&d=mm&r=g\",\"contentUrl\":\"https:\/\/secure.gravatar.com\/avatar\/1633fc5d037b61325381949cab28bd1d?s=96&d=mm&r=g\",\"caption\":\"Reyna Irasema Belmont\"},\"url\":\"https:\/\/www.grupoxcaret.com\/es\/author\/ibelmont\/\"}]}<\/script>\n<!-- \/ Yoast SEO plugin. -->","yoast_head_json":{"description":"Grupo Xcaret reconoce a personal de la salud del Instituto Mexicano del Seguro Social en el Estado de Quintana Roo, entrega 600 reconocimientos.","robots":{"index":"index","follow":"follow","max-snippet":"max-snippet:-1","max-image-preview":"max-image-preview:large","max-video-preview":"max-video-preview:-1"},"canonical":"https:\/\/www.grupoxcaret.com\/es\/grupo-xcaret-reconoce-a-personal-de-la-salud-del-instituto-mexicano-del-seguro-social-en-el-estado-de-quintana-roo\/","og_locale":"es_ES","og_type":"article","og_title":"Grupo Xcaret reconoce a personal de la salud del Instituto Mexicano del Seguro Social en el Estado de Quintana Roo. - Grupo Xcaret Sitio Corporativo","og_description":"Grupo Xcaret reconoce a personal de la salud del Instituto Mexicano del Seguro Social en el Estado de Quintana Roo, entrega 600 reconocimientos.","og_url":"https:\/\/www.grupoxcaret.com\/es\/grupo-xcaret-reconoce-a-personal-de-la-salud-del-instituto-mexicano-del-seguro-social-en-el-estado-de-quintana-roo\/","og_site_name":"Grupo Xcaret Sitio Corporativo","article_published_time":"2020-08-20T19:13:49+00:00","article_modified_time":"2020-09-04T22:03:07+00:00","og_image":[{"width":2560,"height":1840,"url":"https:\/\/www.grupoxcaret.com\/es\/wp-content\/uploads\/2020\/08\/Entrega-de-reconocimientos-007-scaled.jpg","type":"image\/jpeg"}],"twitter_card":"summary_large_image","twitter_misc":{"Escrito por":"Reyna Irasema Belmont","Tiempo de lectura":"2 minutos"},"schema":{"@context":"https:\/\/schema.org","@graph":[{"@type":"Organization","@id":"https:\/\/www.grupoxcaret.com\/es\/#organization","name":"Grupo Xcaret","url":"https:\/\/www.grupoxcaret.com\/es\/","sameAs":[],"logo":{"@type":"ImageObject","@id":"https:\/\/www.grupoxcaret.com\/es\/#logo","inLanguage":"es","url":"https:\/\/www.grupoxcaret.com\/es\/wp-content\/uploads\/2015\/04\/exx.png","contentUrl":"https:\/\/www.grupoxcaret.com\/es\/wp-content\/uploads\/2015\/04\/exx.png","width":400,"height":136,"caption":"Grupo Xcaret"},"image":{"@id":"https:\/\/www.grupoxcaret.com\/es\/#logo"}},{"@type":"WebSite","@id":"https:\/\/www.grupoxcaret.com\/es\/#website","url":"https:\/\/www.grupoxcaret.com\/es\/","name":"Grupo Xcaret Sitio Corporativo","description":"Conoce el sitio corporativo de Grupo Xcaret. Encuentra informaci\u00f3n relevante acerca de nuestra historia, marcas, filosof\u00eda empresarial, pol\u00edtica de sostenibilidad y mucho m\u00e1s.","publisher":{"@id":"https:\/\/www.grupoxcaret.com\/es\/#organization"},"potentialAction":[{"@type":"SearchAction","target":{"@type":"EntryPoint","urlTemplate":"https:\/\/www.grupoxcaret.com\/es\/?s={search_term_string}"},"query-input":"required name=search_term_string"}],"inLanguage":"es"},{"@type":"ImageObject","@id":"https:\/\/www.grupoxcaret.com\/es\/grupo-xcaret-reconoce-a-personal-de-la-salud-del-instituto-mexicano-del-seguro-social-en-el-estado-de-quintana-roo\/#primaryimage","inLanguage":"es","url":"https:\/\/www.grupoxcaret.com\/es\/wp-content\/uploads\/2020\/08\/Entrega-de-reconocimientos-007-scaled.jpg","contentUrl":"https:\/\/www.grupoxcaret.com\/es\/wp-content\/uploads\/2020\/08\/Entrega-de-reconocimientos-007-scaled.jpg","width":2560,"height":1840},{"@type":"WebPage","@id":"https:\/\/www.grupoxcaret.com\/es\/grupo-xcaret-reconoce-a-personal-de-la-salud-del-instituto-mexicano-del-seguro-social-en-el-estado-de-quintana-roo\/#webpage","url":"https:\/\/www.grupoxcaret.com\/es\/grupo-xcaret-reconoce-a-personal-de-la-salud-del-instituto-mexicano-del-seguro-social-en-el-estado-de-quintana-roo\/","name":"Grupo Xcaret reconoce a personal de la salud del Instituto Mexicano del Seguro Social en el Estado de Quintana Roo. - Grupo Xcaret Sitio Corporativo","isPartOf":{"@id":"https:\/\/www.grupoxcaret.com\/es\/#website"},"primaryImageOfPage":{"@id":"https:\/\/www.grupoxcaret.com\/es\/grupo-xcaret-reconoce-a-personal-de-la-salud-del-instituto-mexicano-del-seguro-social-en-el-estado-de-quintana-roo\/#primaryimage"},"datePublished":"2020-08-20T19:13:49+00:00","dateModified":"2020-09-04T22:03:07+00:00","description":"Grupo Xcaret reconoce a personal de la salud del Instituto Mexicano del Seguro Social en el Estado de Quintana Roo, entrega 600 reconocimientos.","breadcrumb":{"@id":"https:\/\/www.grupoxcaret.com\/es\/grupo-xcaret-reconoce-a-personal-de-la-salud-del-instituto-mexicano-del-seguro-social-en-el-estado-de-quintana-roo\/#breadcrumb"},"inLanguage":"es","potentialAction":[{"@type":"ReadAction","target":["https:\/\/www.grupoxcaret.com\/es\/grupo-xcaret-reconoce-a-personal-de-la-salud-del-instituto-mexicano-del-seguro-social-en-el-estado-de-quintana-roo\/"]}]},{"@type":"BreadcrumbList","@id":"https:\/\/www.grupoxcaret.com\/es\/grupo-xcaret-reconoce-a-personal-de-la-salud-del-instituto-mexicano-del-seguro-social-en-el-estado-de-quintana-roo\/#breadcrumb","itemListElement":[{"@type":"ListItem","position":1,"name":"Inicio","item":"https:\/\/www.grupoxcaret.com\/es\/"},{"@type":"ListItem","position":2,"name":"Noticias","item":"https:\/\/www.grupoxcaret.com\/es\/seccion\/noticias\/"},{"@type":"ListItem","position":3,"name":"Grupo Xcaret reconoce a personal de la salud del Instituto Mexicano del Seguro Social en el Estado de Quintana Roo."}]},{"@type":"Article","@id":"https:\/\/www.grupoxcaret.com\/es\/grupo-xcaret-reconoce-a-personal-de-la-salud-del-instituto-mexicano-del-seguro-social-en-el-estado-de-quintana-roo\/#article","isPartOf":{"@id":"https:\/\/www.grupoxcaret.com\/es\/grupo-xcaret-reconoce-a-personal-de-la-salud-del-instituto-mexicano-del-seguro-social-en-el-estado-de-quintana-roo\/#webpage"},"author":{"@id":"https:\/\/www.grupoxcaret.com\/es\/#\/schema\/person\/ab672ffae4578284a3537f94723d3752"},"headline":"Grupo Xcaret reconoce a personal de la salud del Instituto Mexicano del Seguro Social en el Estado de Quintana Roo.","datePublished":"2020-08-20T19:13:49+00:00","dateModified":"2020-09-04T22:03:07+00:00","mainEntityOfPage":{"@id":"https:\/\/www.grupoxcaret.com\/es\/grupo-xcaret-reconoce-a-personal-de-la-salud-del-instituto-mexicano-del-seguro-social-en-el-estado-de-quintana-roo\/#webpage"},"wordCount":458,"commentCount":0,"publisher":{"@id":"https:\/\/www.grupoxcaret.com\/es\/#organization"},"image":{"@id":"https:\/\/www.grupoxcaret.com\/es\/grupo-xcaret-reconoce-a-personal-de-la-salud-del-instituto-mexicano-del-seguro-social-en-el-estado-de-quintana-roo\/#primaryimage"},"thumbnailUrl":"https:\/\/www.grupoxcaret.com\/es\/wp-content\/uploads\/2020\/08\/Entrega-de-reconocimientos-007-scaled.jpg","keywords":["CRUZ ROJA","Reconocimientos","Xcaret"],"articleSection":["Noticias","Sala de Prensa"],"inLanguage":"es","potentialAction":[{"@type":"CommentAction","name":"Comment","target":["https:\/\/www.grupoxcaret.com\/es\/grupo-xcaret-reconoce-a-personal-de-la-salud-del-instituto-mexicano-del-seguro-social-en-el-estado-de-quintana-roo\/#respond"]}]},{"@type":"Person","@id":"https:\/\/www.grupoxcaret.com\/es\/#\/schema\/person\/ab672ffae4578284a3537f94723d3752","name":"Reyna Irasema Belmont","image":{"@type":"ImageObject","@id":"https:\/\/www.grupoxcaret.com\/es\/#personlogo","inLanguage":"es","url":"https:\/\/secure.gravatar.com\/avatar\/1633fc5d037b61325381949cab28bd1d?s=96&d=mm&r=g","contentUrl":"https:\/\/secure.gravatar.com\/avatar\/1633fc5d037b61325381949cab28bd1d?s=96&d=mm&r=g","caption":"Reyna Irasema Belmont"},"url":"https:\/\/www.grupoxcaret.com\/es\/author\/ibelmont\/"}]}},"amp_enabled":true,"_links":{"self":[{"href":"https:\/\/www.grupoxcaret.com\/es\/wp-json\/wp\/v2\/posts\/3745"}],"collection":[{"href":"https:\/\/www.grupoxcaret.com\/es\/wp-json\/wp\/v2\/posts"}],"about":[{"href":"https:\/\/www.grupoxcaret.com\/es\/wp-json\/wp\/v2\/types\/post"}],"author":[{"embeddable":true,"href":"https:\/\/www.grupoxcaret.com\/es\/wp-json\/wp\/v2\/users\/23"}],"replies":[{"embeddable":true,"href":"https:\/\/www.grupoxcaret.com\/es\/wp-json\/wp\/v2\/comments?post=3745"}],"version-history":[{"count":6,"href":"https:\/\/www.grupoxcaret.com\/es\/wp-json\/wp\/v2\/posts\/3745\/revisions"}],"predecessor-version":[{"id":3762,"href":"https:\/\/www.grupoxcaret.com\/es\/wp-json\/wp\/v2\/posts\/3745\/revisions\/3762"}],"wp:featuredmedia":[{"embeddable":true,"href":"https:\/\/www.grupoxcaret.com\/es\/wp-json\/wp\/v2\/media\/3749"}],"wp:attachment":[{"href":"https:\/\/www.grupoxcaret.com\/es\/wp-json\/wp\/v2\/media?parent=3745"}],"wp:term":[{"taxonomy":"category","embeddable":true,"href":"https:\/\/www.grupoxcaret.com\/es\/wp-json\/wp\/v2\/categories?post=3745"},{"taxonomy":"post_tag","embeddable":true,"href":"https:\/\/www.grupoxcaret.com\/es\/wp-json\/wp\/v2\/tags?post=3745"}],"curies":[{"name":"wp","href":"https:\/\/api.w.org\/{rel}","templated":true}]}}