{"id":3657,"date":"2020-07-21T15:42:51","date_gmt":"2020-07-21T15:42:51","guid":{"rendered":"https:\/\/www.grupoxcaret.com\/es\/?p=3657"},"modified":"2023-01-21T18:10:17","modified_gmt":"2023-01-21T18:10:17","slug":"grupo-xcaret-inicia-segunda-fase-de-reapertura-2","status":"publish","type":"post","link":"https:\/\/www.grupoxcaret.com\/es\/grupo-xcaret-inicia-segunda-fase-de-reapertura-2\/","title":{"rendered":"Grupo Xcaret inicia segunda fase de Reapertura"},"content":{"rendered":"\n<p><strong>Los parques&nbsp;Xel-H\u00e1, Xplor,&nbsp;Xenses,&nbsp;Xoximilco&nbsp;y el tour&nbsp;Xenotes&nbsp;est\u00e1n de regreso y listos para recibir turistas.&nbsp;<\/strong><\/p>\n\n\n\n<figure class=\"wp-block-image\"><img src=\"https:\/\/www.grupoexperienciasxcaret.com\/wp-content\/uploads\/2020\/07\/XPLOR-2.jpg\" alt=\"\" class=\"wp-image-2969\"\/><\/figure>\n\n\n\n<p><strong>1 de julio 2020.<\/strong>\u00a0Tras reabrir las puertas\u00a0de\u00a0 Parque\u00a0Xcaret y el Hotel Xcaret M\u00e9xico el pasado 15 de junio, Grupo Xcaret continua la reactivaci\u00f3n de sus operaciones con la reapertura de los parques\u00a0Xel-H\u00e1, Xplor,\u00a0Xenses,\u00a0Xoximilco\u00a0y el tour\u00a0Xenotes, todos bajo las acciones contenidas dentro de su modelo\u00a0<em>Xeguridad\u00a0360\u00b0<\/em>, un robusto plan de protocolos en materia de seguridad e higiene que garantizan la protecci\u00f3n de los visitantes, hu\u00e9spedes, colaboradores y proveedores.\u00a0\u00a0<\/p>\n\n\n\n<figure class=\"wp-block-image\"><img src=\"https:\/\/www.grupoexperienciasxcaret.com\/wp-content\/uploads\/2020\/07\/ZAIRA.jpg\" alt=\"\" class=\"wp-image-2970\"\/><\/figure>\n\n\n\n<p>A partir del d\u00eda de hoy los visitantes del destino tendr\u00e1n la oportunidad de disfrutar del parque&nbsp;Xel-H\u00e1, una Maravilla Natural en donde \u202fconviven m\u00e1s de 400 especies\u202f terrestres y\u202f acu\u00e1ticas de flora \u202fy \u202ffauna, con atractivos ideales para toda \u202fla \u202ffamilia y extraordinarios recorridos en el coraz\u00f3n de la \u202fselva. El parque&nbsp;Xel-H\u00e1&nbsp;ofrecer\u00e1 sus servicios de martes a domingo.&nbsp;&nbsp;<\/p>\n\n\n\n<figure class=\"wp-block-image\"><img src=\"https:\/\/www.grupoexperienciasxcaret.com\/wp-content\/uploads\/2020\/07\/XPLOR-GEL.jpg\" alt=\"\" class=\"wp-image-2971\"\/><\/figure>\n\n\n\n<p>Tambi\u00e9n reabri\u00f3 sus puertas Xplor, el parque de tirolesas m\u00e1s visitado del mundo, el cual estar\u00e1 operando los d\u00edas lunes, mi\u00e9rcoles y viernes, ofreciendo a nuestros visitantes una experiencia de aventura, para toda la familia, con espectaculares escenarios naturales desde las alturas y al interior de la tierra.&nbsp;&nbsp;<\/p>\n\n\n\n<figure class=\"wp-block-image\"><img alt=\"\"\/><\/figure>\n\n\n\n<p>A su vez, el tour&nbsp;Xenotes&nbsp;retomar\u00e1 sus recorridos por cuatro diferentes tipos de cenotes, los d\u00edas lunes, martes, mi\u00e9rcoles y viernes. Durante este tour, los visitantes podr\u00e1n practicar kayak, rappel, snorkel y lanzarse a las frescas aguas de un cenote desde una tirolesa, una experiencia inolvidable, adem\u00e1s conocer\u00e1n leyendas de nuestros ancestros.&nbsp;&nbsp;<\/p>\n\n\n\n<figure class=\"wp-block-image\"><img src=\"https:\/\/www.grupoexperienciasxcaret.com\/wp-content\/uploads\/2020\/07\/XPLOR-TIENDA.jpg\" alt=\"\" class=\"wp-image-2972\"\/><\/figure>\n\n\n\n<p>El parque&nbsp;Xenses&nbsp;estar\u00e1 abierto al p\u00fablico tres d\u00edas a la semana, martes, jueves y s\u00e1bado a partir del dos de julio. Aqu\u00ed, los visitantes podr\u00e1n recorrer un Pueblo que sorprender\u00e1 sus sentidos y pondr\u00e1 a prueba su equilibrio, o percibir diversos ecosistemas utilizando todos sus sentidos excepto el de la vista, al final del d\u00eda descubrir\u00e1n que en&nbsp;Xenses&nbsp;nada es lo que parece.\u202f&nbsp;<\/p>\n\n\n\n<p>Tambi\u00e9n a partir del dos de julio, el parque&nbsp;Xoximilco, ofrecer\u00e1 su tradicional fiesta mexicana, los d\u00edas lunes, jueves, viernes y s\u00e1bado, en un recorrido a bordo de una trajinera a trav\u00e9s de canales en medio de la selva, en donde la alegr\u00eda, m\u00fasica y una exquisita cena con platillos t\u00edpicos mexicanos no pueden faltar.&nbsp;&nbsp;<\/p>\n\n\n\n<p>La empresa tambi\u00e9n dio a conocer que los parques&nbsp;Xavage&nbsp;y Xplor Fuego permanecer\u00e1n cerrados hasta nuevo aviso.&nbsp;<\/p>\n\n\n\n<figure class=\"wp-block-image\"><img alt=\"\"\/><\/figure>\n\n\n\n<p>En lo que respecta a las medidas de seguridad e higiene, Grupo Xcaret ha implementado, en todos sus parques e instalaciones, su modelo&nbsp;<em>Xeguridad&nbsp;360\u00b0<\/em>, cuyo cumplimiento en relaci\u00f3n a los est\u00e1ndares de higiene, sanitizaci\u00f3n y seguridad para la protecci\u00f3n de la salud de los visitantes, le permitieron obtener el Sello de Viaje Seguro (<em>Travel&nbsp;Safety&nbsp;Stamp<\/em>), otorgado por el Consejo Mundial de Viajes y Turismo (WTTC, por sus siglas en ingl\u00e9s). Sello que cuenta con el respaldo de la Organizaci\u00f3n Mundial del Turismo (OMT) y de m\u00e1s de 200&nbsp;CEO\u00b4s&nbsp;de los principales grupos empresariales del sector alrededor del mundo.&nbsp;&nbsp;<\/p>\n\n\n\n<figure class=\"wp-block-image\"><img src=\"https:\/\/www.grupoexperienciasxcaret.com\/wp-content\/uploads\/2020\/07\/XELHA-JORGE.jpg\" alt=\"\" class=\"wp-image-2974\"\/><\/figure>\n\n\n\n<p>\u201cLa seguridad es y seguir\u00e1 siendo nuestra prioridad principal, estamos implementando rigurosamente el modelo&nbsp;Xeguridad&nbsp;360\u00b0 para garantizar el bienestar de nuestros hu\u00e9spedes, visitantes, proveedores y colaboradores. Todos los productos de desinfecci\u00f3n que estamos utilizando son certificados, con efecto prolongado, amigables con el medio ambiente, cumplen con los criterios establecidos por la Agencia de Protecci\u00f3n Ambiental de EE. UU. (EPA por sus siglas en ingl\u00e9s) y han sido aprobados por la Administraci\u00f3n de Alimentos y Medicamentos de EE. UU. (FDA por sus siglas en ingl\u00e9s). Tenemos el compromiso de ser un refugio para todos nuestros visitantes y seguiremos trabajando en ofrecerles experiencias memorables en un ambiente seguro que les permita sentirse como en casa\u201d asegur\u00f3 Iliana Rodr\u00edguez, Directora Corporativa de Sostenibilidad y Relaciones Institucionales.&nbsp;<\/p>\n\n\n\n<p>Grupo Xcaret se mantiene positivo ante la reactivaci\u00f3n gradual del destino, y contin\u00faa trabajando en acciones para incentivar el turismo nacional. Recientemente la empresa lanz\u00f3 una divertida y novedosa campa\u00f1a para impulsar los viajes al Caribe mexicano llamada<a href=\"https:\/\/www.xcaret.com\/es\/vitamina-x\/\">&nbsp;\u201c<em>Vitamina X<\/em>\u201d.&nbsp;<\/a><\/p>\n\n\n\n<p>Para m\u00e1s informaci\u00f3n visita:&nbsp;<a href=\"http:\/\/www.xcaret.com\/es\/protocolos-de-sanidad-grupo-xcaret\/\" target=\"_blank\" rel=\"noreferrer noopener\">www.xcaret.com\/es\/protocolos-de-sanidad-grupo-xcaret<\/a>&nbsp;<\/p>\n","protected":false},"excerpt":{"rendered":"<p>Los parques&nbsp;Xel-H\u00e1, Xplor,&nbsp;Xenses,&nbsp;Xoximilco&nbsp;y el tour&nbsp;Xenotes&nbsp;est\u00e1n de regreso y listos para recibir turistas.&nbsp; 1 de julio 2020.\u00a0Tras reabrir las puertas\u00a0de\u00a0 Parque\u00a0Xcaret y el Hotel Xcaret M\u00e9xico el pasado 15 de junio, Grupo Xcaret continua la reactivaci\u00f3n de sus operaciones con la reapertura de los parques\u00a0Xel-H\u00e1, Xplor,\u00a0Xenses,\u00a0Xoximilco\u00a0y el tour\u00a0Xenotes, todos bajo las acciones contenidas dentro de su [&hellip;]<\/p>\n","protected":false},"author":8,"featured_media":3661,"comment_status":"open","ping_status":"open","sticky":false,"template":"","format":"standard","meta":[],"categories":[4,72,3],"tags":[],"yoast_head":"<!-- This site is optimized with the Yoast SEO plugin v17.6 - https:\/\/yoast.com\/wordpress\/plugins\/seo\/ -->\n<meta name=\"description\" content=\"Grupo Xcaret, dentro de su modelo Xeguridad 360, continua la reapertura con sus parques Xel-H\u00e1, Xplor, Xenses, Xoximilco y el tour Xenotes.\" \/>\n<meta name=\"robots\" content=\"index, follow, max-snippet:-1, max-image-preview:large, max-video-preview:-1\" \/>\n<link rel=\"canonical\" href=\"https:\/\/www.grupoxcaret.com\/es\/grupo-xcaret-inicia-segunda-fase-de-reapertura-2\/\" \/>\n<meta property=\"og:locale\" content=\"es_ES\" \/>\n<meta property=\"og:type\" content=\"article\" \/>\n<meta property=\"og:title\" content=\"Grupo Xcaret inicia segunda fase de Reapertura - Grupo Xcaret Sitio Corporativo\" \/>\n<meta property=\"og:description\" content=\"Grupo Xcaret, dentro de su modelo Xeguridad 360, continua la reapertura con sus parques Xel-H\u00e1, Xplor, Xenses, Xoximilco y el tour Xenotes.\" \/>\n<meta property=\"og:url\" content=\"https:\/\/www.grupoxcaret.com\/es\/grupo-xcaret-inicia-segunda-fase-de-reapertura-2\/\" \/>\n<meta property=\"og:site_name\" content=\"Grupo Xcaret Sitio Corporativo\" \/>\n<meta property=\"article:published_time\" content=\"2020-07-21T15:42:51+00:00\" \/>\n<meta property=\"article:modified_time\" content=\"2023-01-21T18:10:17+00:00\" \/>\n<meta property=\"og:image\" content=\"https:\/\/www.grupoxcaret.com\/es\/wp-content\/uploads\/2020\/07\/toboganes-en-larivieramaya-web.jpg\" \/>\n\t<meta property=\"og:image:width\" content=\"1080\" \/>\n\t<meta property=\"og:image:height\" content=\"810\" \/>\n<meta name=\"twitter:card\" content=\"summary_large_image\" \/>\n<meta name=\"twitter:label1\" content=\"Escrito por\" \/>\n\t<meta name=\"twitter:data1\" content=\"dmendozav\" \/>\n\t<meta name=\"twitter:label2\" content=\"Tiempo de lectura\" \/>\n\t<meta name=\"twitter:data2\" content=\"5 minutos\" \/>\n<script type=\"application\/ld+json\" class=\"yoast-schema-graph\">{\"@context\":\"https:\/\/schema.org\",\"@graph\":[{\"@type\":\"Organization\",\"@id\":\"https:\/\/www.grupoxcaret.com\/es\/#organization\",\"name\":\"Grupo Xcaret\",\"url\":\"https:\/\/www.grupoxcaret.com\/es\/\",\"sameAs\":[],\"logo\":{\"@type\":\"ImageObject\",\"@id\":\"https:\/\/www.grupoxcaret.com\/es\/#logo\",\"inLanguage\":\"es\",\"url\":\"https:\/\/www.grupoxcaret.com\/es\/wp-content\/uploads\/2015\/04\/exx.png\",\"contentUrl\":\"https:\/\/www.grupoxcaret.com\/es\/wp-content\/uploads\/2015\/04\/exx.png\",\"width\":400,\"height\":136,\"caption\":\"Grupo Xcaret\"},\"image\":{\"@id\":\"https:\/\/www.grupoxcaret.com\/es\/#logo\"}},{\"@type\":\"WebSite\",\"@id\":\"https:\/\/www.grupoxcaret.com\/es\/#website\",\"url\":\"https:\/\/www.grupoxcaret.com\/es\/\",\"name\":\"Grupo Xcaret Sitio Corporativo\",\"description\":\"Conoce el sitio corporativo de Grupo Xcaret. Encuentra informaci\\u00f3n relevante acerca de nuestra historia, marcas, filosof\\u00eda empresarial, pol\\u00edtica de sostenibilidad y mucho m\\u00e1s.\",\"publisher\":{\"@id\":\"https:\/\/www.grupoxcaret.com\/es\/#organization\"},\"potentialAction\":[{\"@type\":\"SearchAction\",\"target\":{\"@type\":\"EntryPoint\",\"urlTemplate\":\"https:\/\/www.grupoxcaret.com\/es\/?s={search_term_string}\"},\"query-input\":\"required name=search_term_string\"}],\"inLanguage\":\"es\"},{\"@type\":\"ImageObject\",\"@id\":\"https:\/\/www.grupoxcaret.com\/es\/grupo-xcaret-inicia-segunda-fase-de-reapertura-2\/#primaryimage\",\"inLanguage\":\"es\",\"url\":\"https:\/\/www.grupoxcaret.com\/es\/wp-content\/uploads\/2020\/07\/toboganes-en-larivieramaya-web.jpg\",\"contentUrl\":\"https:\/\/www.grupoxcaret.com\/es\/wp-content\/uploads\/2020\/07\/toboganes-en-larivieramaya-web.jpg\",\"width\":1080,\"height\":810},{\"@type\":\"WebPage\",\"@id\":\"https:\/\/www.grupoxcaret.com\/es\/grupo-xcaret-inicia-segunda-fase-de-reapertura-2\/#webpage\",\"url\":\"https:\/\/www.grupoxcaret.com\/es\/grupo-xcaret-inicia-segunda-fase-de-reapertura-2\/\",\"name\":\"Grupo Xcaret inicia segunda fase de Reapertura - Grupo Xcaret Sitio Corporativo\",\"isPartOf\":{\"@id\":\"https:\/\/www.grupoxcaret.com\/es\/#website\"},\"primaryImageOfPage\":{\"@id\":\"https:\/\/www.grupoxcaret.com\/es\/grupo-xcaret-inicia-segunda-fase-de-reapertura-2\/#primaryimage\"},\"datePublished\":\"2020-07-21T15:42:51+00:00\",\"dateModified\":\"2023-01-21T18:10:17+00:00\",\"description\":\"Grupo Xcaret, dentro de su modelo Xeguridad 360, continua la reapertura con sus parques Xel-H\\u00e1, Xplor, Xenses, Xoximilco y el tour Xenotes.\",\"breadcrumb\":{\"@id\":\"https:\/\/www.grupoxcaret.com\/es\/grupo-xcaret-inicia-segunda-fase-de-reapertura-2\/#breadcrumb\"},\"inLanguage\":\"es\",\"potentialAction\":[{\"@type\":\"ReadAction\",\"target\":[\"https:\/\/www.grupoxcaret.com\/es\/grupo-xcaret-inicia-segunda-fase-de-reapertura-2\/\"]}]},{\"@type\":\"BreadcrumbList\",\"@id\":\"https:\/\/www.grupoxcaret.com\/es\/grupo-xcaret-inicia-segunda-fase-de-reapertura-2\/#breadcrumb\",\"itemListElement\":[{\"@type\":\"ListItem\",\"position\":1,\"name\":\"Inicio\",\"item\":\"https:\/\/www.grupoxcaret.com\/es\/\"},{\"@type\":\"ListItem\",\"position\":2,\"name\":\"Destacados\",\"item\":\"https:\/\/www.grupoxcaret.com\/es\/seccion\/destacados\/\"},{\"@type\":\"ListItem\",\"position\":3,\"name\":\"Grupo Xcaret inicia segunda fase de Reapertura\"}]},{\"@type\":\"Article\",\"@id\":\"https:\/\/www.grupoxcaret.com\/es\/grupo-xcaret-inicia-segunda-fase-de-reapertura-2\/#article\",\"isPartOf\":{\"@id\":\"https:\/\/www.grupoxcaret.com\/es\/grupo-xcaret-inicia-segunda-fase-de-reapertura-2\/#webpage\"},\"author\":{\"@id\":\"https:\/\/www.grupoxcaret.com\/es\/#\/schema\/person\/a063bfd3f2c8806ec176d4b2afba737f\"},\"headline\":\"Grupo Xcaret inicia segunda fase de Reapertura\",\"datePublished\":\"2020-07-21T15:42:51+00:00\",\"dateModified\":\"2023-01-21T18:10:17+00:00\",\"mainEntityOfPage\":{\"@id\":\"https:\/\/www.grupoxcaret.com\/es\/grupo-xcaret-inicia-segunda-fase-de-reapertura-2\/#webpage\"},\"wordCount\":765,\"commentCount\":0,\"publisher\":{\"@id\":\"https:\/\/www.grupoxcaret.com\/es\/#organization\"},\"image\":{\"@id\":\"https:\/\/www.grupoxcaret.com\/es\/grupo-xcaret-inicia-segunda-fase-de-reapertura-2\/#primaryimage\"},\"thumbnailUrl\":\"https:\/\/www.grupoxcaret.com\/es\/wp-content\/uploads\/2020\/07\/toboganes-en-larivieramaya-web.jpg\",\"articleSection\":[\"Boletines de Prensa\",\"Destacados\",\"Sala de Prensa\"],\"inLanguage\":\"es\",\"potentialAction\":[{\"@type\":\"CommentAction\",\"name\":\"Comment\",\"target\":[\"https:\/\/www.grupoxcaret.com\/es\/grupo-xcaret-inicia-segunda-fase-de-reapertura-2\/#respond\"]}]},{\"@type\":\"Person\",\"@id\":\"https:\/\/www.grupoxcaret.com\/es\/#\/schema\/person\/a063bfd3f2c8806ec176d4b2afba737f\",\"name\":\"dmendozav\",\"image\":{\"@type\":\"ImageObject\",\"@id\":\"https:\/\/www.grupoxcaret.com\/es\/#personlogo\",\"inLanguage\":\"es\",\"url\":\"https:\/\/secure.gravatar.com\/avatar\/d0971a818d7242eb0e6a9b000cb0cb6c?s=96&d=mm&r=g\",\"contentUrl\":\"https:\/\/secure.gravatar.com\/avatar\/d0971a818d7242eb0e6a9b000cb0cb6c?s=96&d=mm&r=g\",\"caption\":\"dmendozav\"},\"url\":\"https:\/\/www.grupoxcaret.com\/es\/author\/dmendozav\/\"}]}<\/script>\n<!-- \/ Yoast SEO plugin. -->","yoast_head_json":{"description":"Grupo Xcaret, dentro de su modelo Xeguridad 360, continua la reapertura con sus parques Xel-H\u00e1, Xplor, Xenses, Xoximilco y el tour Xenotes.","robots":{"index":"index","follow":"follow","max-snippet":"max-snippet:-1","max-image-preview":"max-image-preview:large","max-video-preview":"max-video-preview:-1"},"canonical":"https:\/\/www.grupoxcaret.com\/es\/grupo-xcaret-inicia-segunda-fase-de-reapertura-2\/","og_locale":"es_ES","og_type":"article","og_title":"Grupo Xcaret inicia segunda fase de Reapertura - Grupo Xcaret Sitio Corporativo","og_description":"Grupo Xcaret, dentro de su modelo Xeguridad 360, continua la reapertura con sus parques Xel-H\u00e1, Xplor, Xenses, Xoximilco y el tour Xenotes.","og_url":"https:\/\/www.grupoxcaret.com\/es\/grupo-xcaret-inicia-segunda-fase-de-reapertura-2\/","og_site_name":"Grupo Xcaret Sitio Corporativo","article_published_time":"2020-07-21T15:42:51+00:00","article_modified_time":"2023-01-21T18:10:17+00:00","og_image":[{"width":1080,"height":810,"url":"https:\/\/www.grupoxcaret.com\/es\/wp-content\/uploads\/2020\/07\/toboganes-en-larivieramaya-web.jpg","type":"image\/jpeg"}],"twitter_card":"summary_large_image","twitter_misc":{"Escrito por":"dmendozav","Tiempo de lectura":"5 minutos"},"schema":{"@context":"https:\/\/schema.org","@graph":[{"@type":"Organization","@id":"https:\/\/www.grupoxcaret.com\/es\/#organization","name":"Grupo Xcaret","url":"https:\/\/www.grupoxcaret.com\/es\/","sameAs":[],"logo":{"@type":"ImageObject","@id":"https:\/\/www.grupoxcaret.com\/es\/#logo","inLanguage":"es","url":"https:\/\/www.grupoxcaret.com\/es\/wp-content\/uploads\/2015\/04\/exx.png","contentUrl":"https:\/\/www.grupoxcaret.com\/es\/wp-content\/uploads\/2015\/04\/exx.png","width":400,"height":136,"caption":"Grupo Xcaret"},"image":{"@id":"https:\/\/www.grupoxcaret.com\/es\/#logo"}},{"@type":"WebSite","@id":"https:\/\/www.grupoxcaret.com\/es\/#website","url":"https:\/\/www.grupoxcaret.com\/es\/","name":"Grupo Xcaret Sitio Corporativo","description":"Conoce el sitio corporativo de Grupo Xcaret. Encuentra informaci\u00f3n relevante acerca de nuestra historia, marcas, filosof\u00eda empresarial, pol\u00edtica de sostenibilidad y mucho m\u00e1s.","publisher":{"@id":"https:\/\/www.grupoxcaret.com\/es\/#organization"},"potentialAction":[{"@type":"SearchAction","target":{"@type":"EntryPoint","urlTemplate":"https:\/\/www.grupoxcaret.com\/es\/?s={search_term_string}"},"query-input":"required name=search_term_string"}],"inLanguage":"es"},{"@type":"ImageObject","@id":"https:\/\/www.grupoxcaret.com\/es\/grupo-xcaret-inicia-segunda-fase-de-reapertura-2\/#primaryimage","inLanguage":"es","url":"https:\/\/www.grupoxcaret.com\/es\/wp-content\/uploads\/2020\/07\/toboganes-en-larivieramaya-web.jpg","contentUrl":"https:\/\/www.grupoxcaret.com\/es\/wp-content\/uploads\/2020\/07\/toboganes-en-larivieramaya-web.jpg","width":1080,"height":810},{"@type":"WebPage","@id":"https:\/\/www.grupoxcaret.com\/es\/grupo-xcaret-inicia-segunda-fase-de-reapertura-2\/#webpage","url":"https:\/\/www.grupoxcaret.com\/es\/grupo-xcaret-inicia-segunda-fase-de-reapertura-2\/","name":"Grupo Xcaret inicia segunda fase de Reapertura - Grupo Xcaret Sitio Corporativo","isPartOf":{"@id":"https:\/\/www.grupoxcaret.com\/es\/#website"},"primaryImageOfPage":{"@id":"https:\/\/www.grupoxcaret.com\/es\/grupo-xcaret-inicia-segunda-fase-de-reapertura-2\/#primaryimage"},"datePublished":"2020-07-21T15:42:51+00:00","dateModified":"2023-01-21T18:10:17+00:00","description":"Grupo Xcaret, dentro de su modelo Xeguridad 360, continua la reapertura con sus parques Xel-H\u00e1, Xplor, Xenses, Xoximilco y el tour Xenotes.","breadcrumb":{"@id":"https:\/\/www.grupoxcaret.com\/es\/grupo-xcaret-inicia-segunda-fase-de-reapertura-2\/#breadcrumb"},"inLanguage":"es","potentialAction":[{"@type":"ReadAction","target":["https:\/\/www.grupoxcaret.com\/es\/grupo-xcaret-inicia-segunda-fase-de-reapertura-2\/"]}]},{"@type":"BreadcrumbList","@id":"https:\/\/www.grupoxcaret.com\/es\/grupo-xcaret-inicia-segunda-fase-de-reapertura-2\/#breadcrumb","itemListElement":[{"@type":"ListItem","position":1,"name":"Inicio","item":"https:\/\/www.grupoxcaret.com\/es\/"},{"@type":"ListItem","position":2,"name":"Destacados","item":"https:\/\/www.grupoxcaret.com\/es\/seccion\/destacados\/"},{"@type":"ListItem","position":3,"name":"Grupo Xcaret inicia segunda fase de Reapertura"}]},{"@type":"Article","@id":"https:\/\/www.grupoxcaret.com\/es\/grupo-xcaret-inicia-segunda-fase-de-reapertura-2\/#article","isPartOf":{"@id":"https:\/\/www.grupoxcaret.com\/es\/grupo-xcaret-inicia-segunda-fase-de-reapertura-2\/#webpage"},"author":{"@id":"https:\/\/www.grupoxcaret.com\/es\/#\/schema\/person\/a063bfd3f2c8806ec176d4b2afba737f"},"headline":"Grupo Xcaret inicia segunda fase de Reapertura","datePublished":"2020-07-21T15:42:51+00:00","dateModified":"2023-01-21T18:10:17+00:00","mainEntityOfPage":{"@id":"https:\/\/www.grupoxcaret.com\/es\/grupo-xcaret-inicia-segunda-fase-de-reapertura-2\/#webpage"},"wordCount":765,"commentCount":0,"publisher":{"@id":"https:\/\/www.grupoxcaret.com\/es\/#organization"},"image":{"@id":"https:\/\/www.grupoxcaret.com\/es\/grupo-xcaret-inicia-segunda-fase-de-reapertura-2\/#primaryimage"},"thumbnailUrl":"https:\/\/www.grupoxcaret.com\/es\/wp-content\/uploads\/2020\/07\/toboganes-en-larivieramaya-web.jpg","articleSection":["Boletines de Prensa","Destacados","Sala de Prensa"],"inLanguage":"es","potentialAction":[{"@type":"CommentAction","name":"Comment","target":["https:\/\/www.grupoxcaret.com\/es\/grupo-xcaret-inicia-segunda-fase-de-reapertura-2\/#respond"]}]},{"@type":"Person","@id":"https:\/\/www.grupoxcaret.com\/es\/#\/schema\/person\/a063bfd3f2c8806ec176d4b2afba737f","name":"dmendozav","image":{"@type":"ImageObject","@id":"https:\/\/www.grupoxcaret.com\/es\/#personlogo","inLanguage":"es","url":"https:\/\/secure.gravatar.com\/avatar\/d0971a818d7242eb0e6a9b000cb0cb6c?s=96&d=mm&r=g","contentUrl":"https:\/\/secure.gravatar.com\/avatar\/d0971a818d7242eb0e6a9b000cb0cb6c?s=96&d=mm&r=g","caption":"dmendozav"},"url":"https:\/\/www.grupoxcaret.com\/es\/author\/dmendozav\/"}]}},"amp_enabled":true,"_links":{"self":[{"href":"https:\/\/www.grupoxcaret.com\/es\/wp-json\/wp\/v2\/posts\/3657"}],"collection":[{"href":"https:\/\/www.grupoxcaret.com\/es\/wp-json\/wp\/v2\/posts"}],"about":[{"href":"https:\/\/www.grupoxcaret.com\/es\/wp-json\/wp\/v2\/types\/post"}],"author":[{"embeddable":true,"href":"https:\/\/www.grupoxcaret.com\/es\/wp-json\/wp\/v2\/users\/8"}],"replies":[{"embeddable":true,"href":"https:\/\/www.grupoxcaret.com\/es\/wp-json\/wp\/v2\/comments?post=3657"}],"version-history":[{"count":3,"href":"https:\/\/www.grupoxcaret.com\/es\/wp-json\/wp\/v2\/posts\/3657\/revisions"}],"predecessor-version":[{"id":5316,"href":"https:\/\/www.grupoxcaret.com\/es\/wp-json\/wp\/v2\/posts\/3657\/revisions\/5316"}],"wp:featuredmedia":[{"embeddable":true,"href":"https:\/\/www.grupoxcaret.com\/es\/wp-json\/wp\/v2\/media\/3661"}],"wp:attachment":[{"href":"https:\/\/www.grupoxcaret.com\/es\/wp-json\/wp\/v2\/media?parent=3657"}],"wp:term":[{"taxonomy":"category","embeddable":true,"href":"https:\/\/www.grupoxcaret.com\/es\/wp-json\/wp\/v2\/categories?post=3657"},{"taxonomy":"post_tag","embeddable":true,"href":"https:\/\/www.grupoxcaret.com\/es\/wp-json\/wp\/v2\/tags?post=3657"}],"curies":[{"name":"wp","href":"https:\/\/api.w.org\/{rel}","templated":true}]}}