{"id":3456,"date":"2020-05-21T15:16:20","date_gmt":"2020-05-21T15:16:20","guid":{"rendered":"https:\/\/www.grupoxcaret.com\/es\/?p=3456"},"modified":"2020-05-21T15:20:03","modified_gmt":"2020-05-21T15:20:03","slug":"grupo-xcaret-el-regreso","status":"publish","type":"post","link":"https:\/\/www.grupoxcaret.com\/es\/grupo-xcaret-el-regreso\/","title":{"rendered":"Grupo Xcaret &#8211; El Regreso"},"content":{"rendered":"<p style=\"text-align: right;\">Xcaret, Q. Roo, a 20 de mayo de 2020.<\/p>\n<p style=\"text-align: center;\">Queridos Amigos:<br \/>\nEn Grupo Xcaret recalcamos que nuestra prioridad es, y seguir\u00e1 siempre<br \/>\nsiendo, salvaguardar la salud y seguridad de nuestros visitantes,<br \/>\nhu\u00e9spedes, socios del club vacacional y colaboradores.<br \/>\nCon la m\u00e1s reciente informaci\u00f3n sanitaria oficial y dando m\u00e1s holgura a una<br \/>\npronta recuperaci\u00f3n del destino, hemos decidido reprogramar la apertura<br \/>\nde nuestro Parque Xcaret y Hotel Xcaret M\u00e9xico, al 15 de junio y nuestros<br \/>\ndem\u00e1s parques y tours al 1\u00ba de julio. Agradecemos tu comprensi\u00f3n y<br \/>\npaciencia.<br \/>\nHemos aprovechado este tiempo para prepararnos exhaustivamente:<br \/>\ncapacit\u00e1ndonos, equip\u00e1ndonos e implementando nuevos procesos con la<br \/>\nfinalidad de ofrecer un ambiente de \u00a8Xeguridad 360\u00ba\u00a8, nuestro Protocolo<br \/>\nSanitario.<br \/>\nNos llena de emoci\u00f3n saber que, en pocos d\u00edas m\u00e1s, tendremos la<br \/>\noportunidad de volvernos a ver y emprender este nuevo camino juntos<br \/>\npara:<\/p>\n<blockquote><p>\u00a8Hacer m\u00e1s feliz al planeta contagiando nuestro gran<br \/>\namor por M\u00e9xico\u00a8<\/p><\/blockquote>\n<p style=\"text-align: center;\">Esperando por ti en esta siempre tu casa,<\/p>\n<p><img loading=\"lazy\" class=\"size-medium wp-image-3457 aligncenter\" src=\"https:\/\/www.grupoxcaret.com\/es\/wp-content\/uploads\/2020\/05\/1-300x169.jpg\" alt=\"\" width=\"300\" height=\"169\" srcset=\"https:\/\/www.grupoxcaret.com\/es\/wp-content\/uploads\/2020\/05\/1-300x169.jpg 300w, https:\/\/www.grupoxcaret.com\/es\/wp-content\/uploads\/2020\/05\/1.jpg 332w\" sizes=\"(max-width: 300px) 100vw, 300px\" \/><\/p>\n<p style=\"text-align: center;\">Miguel Quintana Pali<br \/>\nPresidente y Director General<br \/>\nGrupo Xcaret<\/p>\n","protected":false},"excerpt":{"rendered":"<p>Xcaret, Q. Roo, a 20 de mayo de 2020. Queridos Amigos: En Grupo Xcaret recalcamos que nuestra prioridad es, y seguir\u00e1 siempre siendo, salvaguardar la salud y seguridad de nuestros visitantes, hu\u00e9spedes, socios del club vacacional y colaboradores. Con la m\u00e1s reciente informaci\u00f3n sanitaria oficial y dando m\u00e1s holgura a una pronta recuperaci\u00f3n del destino, [&hellip;]<\/p>\n","protected":false},"author":22,"featured_media":3458,"comment_status":"open","ping_status":"open","sticky":false,"template":"","format":"standard","meta":[],"categories":[4,72,3],"tags":[],"yoast_head":"<!-- This site is optimized with the Yoast SEO plugin v17.6 - https:\/\/yoast.com\/wordpress\/plugins\/seo\/ -->\n<meta name=\"robots\" content=\"index, follow, max-snippet:-1, max-image-preview:large, max-video-preview:-1\" \/>\n<link rel=\"canonical\" href=\"https:\/\/www.grupoxcaret.com\/es\/grupo-xcaret-el-regreso\/\" \/>\n<meta property=\"og:locale\" content=\"es_ES\" \/>\n<meta property=\"og:type\" content=\"article\" \/>\n<meta property=\"og:title\" content=\"Grupo Xcaret - El Regreso - Grupo Xcaret Sitio Corporativo\" \/>\n<meta property=\"og:description\" content=\"Xcaret, Q. Roo, a 20 de mayo de 2020. Queridos Amigos: En Grupo Xcaret recalcamos que nuestra prioridad es, y seguir\u00e1 siempre siendo, salvaguardar la salud y seguridad de nuestros visitantes, hu\u00e9spedes, socios del club vacacional y colaboradores. Con la m\u00e1s reciente informaci\u00f3n sanitaria oficial y dando m\u00e1s holgura a una pronta recuperaci\u00f3n del destino, [&hellip;]\" \/>\n<meta property=\"og:url\" content=\"https:\/\/www.grupoxcaret.com\/es\/grupo-xcaret-el-regreso\/\" \/>\n<meta property=\"og:site_name\" content=\"Grupo Xcaret Sitio Corporativo\" \/>\n<meta property=\"article:published_time\" content=\"2020-05-21T15:16:20+00:00\" \/>\n<meta property=\"article:modified_time\" content=\"2020-05-21T15:20:03+00:00\" \/>\n<meta property=\"og:image\" content=\"https:\/\/www.grupoxcaret.com\/es\/wp-content\/uploads\/2020\/05\/logo-GXC-1024.jpg\" \/>\n\t<meta property=\"og:image:width\" content=\"1024\" \/>\n\t<meta property=\"og:image:height\" content=\"768\" \/>\n<meta name=\"twitter:card\" content=\"summary_large_image\" \/>\n<meta name=\"twitter:label1\" content=\"Escrito por\" \/>\n\t<meta name=\"twitter:data1\" content=\"Lucia Murguia\" \/>\n\t<meta name=\"twitter:label2\" content=\"Tiempo de lectura\" \/>\n\t<meta name=\"twitter:data2\" content=\"1 minuto\" \/>\n<script type=\"application\/ld+json\" class=\"yoast-schema-graph\">{\"@context\":\"https:\/\/schema.org\",\"@graph\":[{\"@type\":\"Organization\",\"@id\":\"https:\/\/www.grupoxcaret.com\/es\/#organization\",\"name\":\"Grupo Xcaret\",\"url\":\"https:\/\/www.grupoxcaret.com\/es\/\",\"sameAs\":[],\"logo\":{\"@type\":\"ImageObject\",\"@id\":\"https:\/\/www.grupoxcaret.com\/es\/#logo\",\"inLanguage\":\"es\",\"url\":\"https:\/\/www.grupoxcaret.com\/es\/wp-content\/uploads\/2015\/04\/exx.png\",\"contentUrl\":\"https:\/\/www.grupoxcaret.com\/es\/wp-content\/uploads\/2015\/04\/exx.png\",\"width\":400,\"height\":136,\"caption\":\"Grupo Xcaret\"},\"image\":{\"@id\":\"https:\/\/www.grupoxcaret.com\/es\/#logo\"}},{\"@type\":\"WebSite\",\"@id\":\"https:\/\/www.grupoxcaret.com\/es\/#website\",\"url\":\"https:\/\/www.grupoxcaret.com\/es\/\",\"name\":\"Grupo Xcaret Sitio Corporativo\",\"description\":\"Conoce el sitio corporativo de Grupo Xcaret. Encuentra informaci\\u00f3n relevante acerca de nuestra historia, marcas, filosof\\u00eda empresarial, pol\\u00edtica de sostenibilidad y mucho m\\u00e1s.\",\"publisher\":{\"@id\":\"https:\/\/www.grupoxcaret.com\/es\/#organization\"},\"potentialAction\":[{\"@type\":\"SearchAction\",\"target\":{\"@type\":\"EntryPoint\",\"urlTemplate\":\"https:\/\/www.grupoxcaret.com\/es\/?s={search_term_string}\"},\"query-input\":\"required name=search_term_string\"}],\"inLanguage\":\"es\"},{\"@type\":\"ImageObject\",\"@id\":\"https:\/\/www.grupoxcaret.com\/es\/grupo-xcaret-el-regreso\/#primaryimage\",\"inLanguage\":\"es\",\"url\":\"https:\/\/www.grupoxcaret.com\/es\/wp-content\/uploads\/2020\/05\/logo-GXC-1024.jpg\",\"contentUrl\":\"https:\/\/www.grupoxcaret.com\/es\/wp-content\/uploads\/2020\/05\/logo-GXC-1024.jpg\",\"width\":1024,\"height\":768,\"caption\":\"Grupo Xcaret\"},{\"@type\":\"WebPage\",\"@id\":\"https:\/\/www.grupoxcaret.com\/es\/grupo-xcaret-el-regreso\/#webpage\",\"url\":\"https:\/\/www.grupoxcaret.com\/es\/grupo-xcaret-el-regreso\/\",\"name\":\"Grupo Xcaret - El Regreso - Grupo Xcaret Sitio Corporativo\",\"isPartOf\":{\"@id\":\"https:\/\/www.grupoxcaret.com\/es\/#website\"},\"primaryImageOfPage\":{\"@id\":\"https:\/\/www.grupoxcaret.com\/es\/grupo-xcaret-el-regreso\/#primaryimage\"},\"datePublished\":\"2020-05-21T15:16:20+00:00\",\"dateModified\":\"2020-05-21T15:20:03+00:00\",\"breadcrumb\":{\"@id\":\"https:\/\/www.grupoxcaret.com\/es\/grupo-xcaret-el-regreso\/#breadcrumb\"},\"inLanguage\":\"es\",\"potentialAction\":[{\"@type\":\"ReadAction\",\"target\":[\"https:\/\/www.grupoxcaret.com\/es\/grupo-xcaret-el-regreso\/\"]}]},{\"@type\":\"BreadcrumbList\",\"@id\":\"https:\/\/www.grupoxcaret.com\/es\/grupo-xcaret-el-regreso\/#breadcrumb\",\"itemListElement\":[{\"@type\":\"ListItem\",\"position\":1,\"name\":\"Inicio\",\"item\":\"https:\/\/www.grupoxcaret.com\/es\/\"},{\"@type\":\"ListItem\",\"position\":2,\"name\":\"Sala de Prensa\",\"item\":\"https:\/\/www.grupoxcaret.com\/es\/seccion\/sala-de-prensa\/\"},{\"@type\":\"ListItem\",\"position\":3,\"name\":\"Grupo Xcaret &#8211; El Regreso\"}]},{\"@type\":\"Article\",\"@id\":\"https:\/\/www.grupoxcaret.com\/es\/grupo-xcaret-el-regreso\/#article\",\"isPartOf\":{\"@id\":\"https:\/\/www.grupoxcaret.com\/es\/grupo-xcaret-el-regreso\/#webpage\"},\"author\":{\"@id\":\"https:\/\/www.grupoxcaret.com\/es\/#\/schema\/person\/24e542ee15b55f17300e7955e6d4f0f9\"},\"headline\":\"Grupo Xcaret &#8211; El Regreso\",\"datePublished\":\"2020-05-21T15:16:20+00:00\",\"dateModified\":\"2020-05-21T15:20:03+00:00\",\"mainEntityOfPage\":{\"@id\":\"https:\/\/www.grupoxcaret.com\/es\/grupo-xcaret-el-regreso\/#webpage\"},\"wordCount\":180,\"commentCount\":0,\"publisher\":{\"@id\":\"https:\/\/www.grupoxcaret.com\/es\/#organization\"},\"image\":{\"@id\":\"https:\/\/www.grupoxcaret.com\/es\/grupo-xcaret-el-regreso\/#primaryimage\"},\"thumbnailUrl\":\"https:\/\/www.grupoxcaret.com\/es\/wp-content\/uploads\/2020\/05\/logo-GXC-1024.jpg\",\"articleSection\":[\"Boletines de Prensa\",\"Destacados\",\"Sala de Prensa\"],\"inLanguage\":\"es\",\"potentialAction\":[{\"@type\":\"CommentAction\",\"name\":\"Comment\",\"target\":[\"https:\/\/www.grupoxcaret.com\/es\/grupo-xcaret-el-regreso\/#respond\"]}]},{\"@type\":\"Person\",\"@id\":\"https:\/\/www.grupoxcaret.com\/es\/#\/schema\/person\/24e542ee15b55f17300e7955e6d4f0f9\",\"name\":\"Lucia Murguia\",\"image\":{\"@type\":\"ImageObject\",\"@id\":\"https:\/\/www.grupoxcaret.com\/es\/#personlogo\",\"inLanguage\":\"es\",\"url\":\"https:\/\/secure.gravatar.com\/avatar\/4ccbc7221f98f7ecf9c28b7350f646f2?s=96&d=mm&r=g\",\"contentUrl\":\"https:\/\/secure.gravatar.com\/avatar\/4ccbc7221f98f7ecf9c28b7350f646f2?s=96&d=mm&r=g\",\"caption\":\"Lucia Murguia\"},\"url\":\"https:\/\/www.grupoxcaret.com\/es\/author\/lmurguiaxc\/\"}]}<\/script>\n<!-- \/ Yoast SEO plugin. -->","yoast_head_json":{"robots":{"index":"index","follow":"follow","max-snippet":"max-snippet:-1","max-image-preview":"max-image-preview:large","max-video-preview":"max-video-preview:-1"},"canonical":"https:\/\/www.grupoxcaret.com\/es\/grupo-xcaret-el-regreso\/","og_locale":"es_ES","og_type":"article","og_title":"Grupo Xcaret - El Regreso - Grupo Xcaret Sitio Corporativo","og_description":"Xcaret, Q. Roo, a 20 de mayo de 2020. Queridos Amigos: En Grupo Xcaret recalcamos que nuestra prioridad es, y seguir\u00e1 siempre siendo, salvaguardar la salud y seguridad de nuestros visitantes, hu\u00e9spedes, socios del club vacacional y colaboradores. Con la m\u00e1s reciente informaci\u00f3n sanitaria oficial y dando m\u00e1s holgura a una pronta recuperaci\u00f3n del destino, [&hellip;]","og_url":"https:\/\/www.grupoxcaret.com\/es\/grupo-xcaret-el-regreso\/","og_site_name":"Grupo Xcaret Sitio Corporativo","article_published_time":"2020-05-21T15:16:20+00:00","article_modified_time":"2020-05-21T15:20:03+00:00","og_image":[{"width":1024,"height":768,"url":"https:\/\/www.grupoxcaret.com\/es\/wp-content\/uploads\/2020\/05\/logo-GXC-1024.jpg","type":"image\/jpeg"}],"twitter_card":"summary_large_image","twitter_misc":{"Escrito por":"Lucia Murguia","Tiempo de lectura":"1 minuto"},"schema":{"@context":"https:\/\/schema.org","@graph":[{"@type":"Organization","@id":"https:\/\/www.grupoxcaret.com\/es\/#organization","name":"Grupo Xcaret","url":"https:\/\/www.grupoxcaret.com\/es\/","sameAs":[],"logo":{"@type":"ImageObject","@id":"https:\/\/www.grupoxcaret.com\/es\/#logo","inLanguage":"es","url":"https:\/\/www.grupoxcaret.com\/es\/wp-content\/uploads\/2015\/04\/exx.png","contentUrl":"https:\/\/www.grupoxcaret.com\/es\/wp-content\/uploads\/2015\/04\/exx.png","width":400,"height":136,"caption":"Grupo Xcaret"},"image":{"@id":"https:\/\/www.grupoxcaret.com\/es\/#logo"}},{"@type":"WebSite","@id":"https:\/\/www.grupoxcaret.com\/es\/#website","url":"https:\/\/www.grupoxcaret.com\/es\/","name":"Grupo Xcaret Sitio Corporativo","description":"Conoce el sitio corporativo de Grupo Xcaret. Encuentra informaci\u00f3n relevante acerca de nuestra historia, marcas, filosof\u00eda empresarial, pol\u00edtica de sostenibilidad y mucho m\u00e1s.","publisher":{"@id":"https:\/\/www.grupoxcaret.com\/es\/#organization"},"potentialAction":[{"@type":"SearchAction","target":{"@type":"EntryPoint","urlTemplate":"https:\/\/www.grupoxcaret.com\/es\/?s={search_term_string}"},"query-input":"required name=search_term_string"}],"inLanguage":"es"},{"@type":"ImageObject","@id":"https:\/\/www.grupoxcaret.com\/es\/grupo-xcaret-el-regreso\/#primaryimage","inLanguage":"es","url":"https:\/\/www.grupoxcaret.com\/es\/wp-content\/uploads\/2020\/05\/logo-GXC-1024.jpg","contentUrl":"https:\/\/www.grupoxcaret.com\/es\/wp-content\/uploads\/2020\/05\/logo-GXC-1024.jpg","width":1024,"height":768,"caption":"Grupo Xcaret"},{"@type":"WebPage","@id":"https:\/\/www.grupoxcaret.com\/es\/grupo-xcaret-el-regreso\/#webpage","url":"https:\/\/www.grupoxcaret.com\/es\/grupo-xcaret-el-regreso\/","name":"Grupo Xcaret - El Regreso - Grupo Xcaret Sitio Corporativo","isPartOf":{"@id":"https:\/\/www.grupoxcaret.com\/es\/#website"},"primaryImageOfPage":{"@id":"https:\/\/www.grupoxcaret.com\/es\/grupo-xcaret-el-regreso\/#primaryimage"},"datePublished":"2020-05-21T15:16:20+00:00","dateModified":"2020-05-21T15:20:03+00:00","breadcrumb":{"@id":"https:\/\/www.grupoxcaret.com\/es\/grupo-xcaret-el-regreso\/#breadcrumb"},"inLanguage":"es","potentialAction":[{"@type":"ReadAction","target":["https:\/\/www.grupoxcaret.com\/es\/grupo-xcaret-el-regreso\/"]}]},{"@type":"BreadcrumbList","@id":"https:\/\/www.grupoxcaret.com\/es\/grupo-xcaret-el-regreso\/#breadcrumb","itemListElement":[{"@type":"ListItem","position":1,"name":"Inicio","item":"https:\/\/www.grupoxcaret.com\/es\/"},{"@type":"ListItem","position":2,"name":"Sala de Prensa","item":"https:\/\/www.grupoxcaret.com\/es\/seccion\/sala-de-prensa\/"},{"@type":"ListItem","position":3,"name":"Grupo Xcaret &#8211; El Regreso"}]},{"@type":"Article","@id":"https:\/\/www.grupoxcaret.com\/es\/grupo-xcaret-el-regreso\/#article","isPartOf":{"@id":"https:\/\/www.grupoxcaret.com\/es\/grupo-xcaret-el-regreso\/#webpage"},"author":{"@id":"https:\/\/www.grupoxcaret.com\/es\/#\/schema\/person\/24e542ee15b55f17300e7955e6d4f0f9"},"headline":"Grupo Xcaret &#8211; El Regreso","datePublished":"2020-05-21T15:16:20+00:00","dateModified":"2020-05-21T15:20:03+00:00","mainEntityOfPage":{"@id":"https:\/\/www.grupoxcaret.com\/es\/grupo-xcaret-el-regreso\/#webpage"},"wordCount":180,"commentCount":0,"publisher":{"@id":"https:\/\/www.grupoxcaret.com\/es\/#organization"},"image":{"@id":"https:\/\/www.grupoxcaret.com\/es\/grupo-xcaret-el-regreso\/#primaryimage"},"thumbnailUrl":"https:\/\/www.grupoxcaret.com\/es\/wp-content\/uploads\/2020\/05\/logo-GXC-1024.jpg","articleSection":["Boletines de Prensa","Destacados","Sala de Prensa"],"inLanguage":"es","potentialAction":[{"@type":"CommentAction","name":"Comment","target":["https:\/\/www.grupoxcaret.com\/es\/grupo-xcaret-el-regreso\/#respond"]}]},{"@type":"Person","@id":"https:\/\/www.grupoxcaret.com\/es\/#\/schema\/person\/24e542ee15b55f17300e7955e6d4f0f9","name":"Lucia Murguia","image":{"@type":"ImageObject","@id":"https:\/\/www.grupoxcaret.com\/es\/#personlogo","inLanguage":"es","url":"https:\/\/secure.gravatar.com\/avatar\/4ccbc7221f98f7ecf9c28b7350f646f2?s=96&d=mm&r=g","contentUrl":"https:\/\/secure.gravatar.com\/avatar\/4ccbc7221f98f7ecf9c28b7350f646f2?s=96&d=mm&r=g","caption":"Lucia Murguia"},"url":"https:\/\/www.grupoxcaret.com\/es\/author\/lmurguiaxc\/"}]}},"amp_enabled":true,"_links":{"self":[{"href":"https:\/\/www.grupoxcaret.com\/es\/wp-json\/wp\/v2\/posts\/3456"}],"collection":[{"href":"https:\/\/www.grupoxcaret.com\/es\/wp-json\/wp\/v2\/posts"}],"about":[{"href":"https:\/\/www.grupoxcaret.com\/es\/wp-json\/wp\/v2\/types\/post"}],"author":[{"embeddable":true,"href":"https:\/\/www.grupoxcaret.com\/es\/wp-json\/wp\/v2\/users\/22"}],"replies":[{"embeddable":true,"href":"https:\/\/www.grupoxcaret.com\/es\/wp-json\/wp\/v2\/comments?post=3456"}],"version-history":[{"count":4,"href":"https:\/\/www.grupoxcaret.com\/es\/wp-json\/wp\/v2\/posts\/3456\/revisions"}],"predecessor-version":[{"id":3462,"href":"https:\/\/www.grupoxcaret.com\/es\/wp-json\/wp\/v2\/posts\/3456\/revisions\/3462"}],"wp:featuredmedia":[{"embeddable":true,"href":"https:\/\/www.grupoxcaret.com\/es\/wp-json\/wp\/v2\/media\/3458"}],"wp:attachment":[{"href":"https:\/\/www.grupoxcaret.com\/es\/wp-json\/wp\/v2\/media?parent=3456"}],"wp:term":[{"taxonomy":"category","embeddable":true,"href":"https:\/\/www.grupoxcaret.com\/es\/wp-json\/wp\/v2\/categories?post=3456"},{"taxonomy":"post_tag","embeddable":true,"href":"https:\/\/www.grupoxcaret.com\/es\/wp-json\/wp\/v2\/tags?post=3456"}],"curies":[{"name":"wp","href":"https:\/\/api.w.org\/{rel}","templated":true}]}}