{"id":2570,"date":"2019-03-13T20:12:05","date_gmt":"2019-03-13T20:12:05","guid":{"rendered":"https:\/\/www.grupoxcaret.com\/es\/?p=2570"},"modified":"2019-04-26T23:15:40","modified_gmt":"2019-04-26T23:15:40","slug":"refrenda-grupo-xcaret-su-compromiso-en-mexico-y-el-desarrollo","status":"publish","type":"post","link":"https:\/\/www.grupoxcaret.com\/es\/refrenda-grupo-xcaret-su-compromiso-en-mexico-y-el-desarrollo\/","title":{"rendered":"Refrenda Grupo Xcaret su Compromiso de Invertir en M\u00e9xico y Promover el Desarrollo con Bienestar"},"content":{"rendered":"\r\n<p>CIUDAD DE M\u00c9XICO; MARZO, 2019.- Con la apertura de <a href=\"https:\/\/www.grupoxcaret.com\/es\/sala-de-prensa\/bienvenidos-a-xavage\/\">Xavage<\/a>, su tercer parque de aventura en Quintana Roo, Grupo Xcaret tendr\u00e1 la oferta de parques de aventura en espacios naturales m\u00e1s importante de M\u00e9xico, con actividades que pueden practicarse de d\u00eda o de noche, durante todo el a\u00f1o, afirm\u00f3 Carlos Constandse, Vicepresidente y socio fundador de esa organizaci\u00f3n l\u00edder en recreaci\u00f3n tur\u00edstica sostenible.<\/p>\r\n\r\n\r\n\r\n<p>El empresario refrend\u00f3 el compromiso contra\u00eddo hace casi 3 d\u00e9cadas por Grupo Xcaret, de contribuir al desarrollo de Quintana Roo, a trav\u00e9s de inversiones que generen beneficios y desarrollo para socios, colaboradores y comunidad.<\/p>\r\n\r\n\r\n\r\n<h3>Xavage abre sus puertas<\/h3>\r\n\r\n\r\n\r\n<figure class=\"wp-block-image\"><img loading=\"lazy\" width=\"793\" height=\"1024\" class=\"wp-image-2399\" src=\"https:\/\/www.grupoxcaret.com\/es\/wp-content\/uploads\/2018\/09\/001_Barracuda-793x1024.jpg\" alt=\"\" srcset=\"https:\/\/www.grupoxcaret.com\/es\/wp-content\/uploads\/2018\/09\/001_Barracuda-793x1024.jpg 793w, https:\/\/www.grupoxcaret.com\/es\/wp-content\/uploads\/2018\/09\/001_Barracuda-696x899.jpg 696w, https:\/\/www.grupoxcaret.com\/es\/wp-content\/uploads\/2018\/09\/001_Barracuda-1068x1380.jpg 1068w, https:\/\/www.grupoxcaret.com\/es\/wp-content\/uploads\/2018\/09\/001_Barracuda-325x420.jpg 325w, https:\/\/www.grupoxcaret.com\/es\/wp-content\/uploads\/2018\/09\/001_Barracuda-232x300.jpg 232w, https:\/\/www.grupoxcaret.com\/es\/wp-content\/uploads\/2018\/09\/001_Barracuda-768x992.jpg 768w, https:\/\/www.grupoxcaret.com\/es\/wp-content\/uploads\/2018\/09\/001_Barracuda.jpg 1800w\" sizes=\"(max-width: 793px) 100vw, 793px\" \/>\r\n<figcaption>Actividad Barracuda &#8211; Xavage<\/figcaption>\r\n<\/figure>\r\n\r\n\r\n\r\n<p><a href=\"http:\/\/www.xavage.com\">Xavage<\/a> abrir\u00e1 sus puertas en la Semana Santa de este a\u00f1o, tras una inversi\u00f3n de 78 millones de d\u00f3lares, en una superficie de 57 hect\u00e1reas. Es el primer parque de d\u00eda en Canc\u00fan que tiene Grupo Xcaret y complementar\u00e1 la oferta de sus parques <a href=\"http:\/\/www.xplor.travel\">Xplor<\/a> y <a href=\"http:\/\/www.xplor.travel\/es\/entrada-xplor-fuego\/\">Xplor Fuego<\/a>, al integrar 6 actividades con diferentes grados de dificultad, que van desde lo ligero hasta lo m\u00e1s extremo.<\/p>\r\n\r\n\r\n\r\n<h4>Las actividades son:<\/h4>\r\n\r\n\r\n\r\n<p>Barracuda: M\u00e1s que un paseo en bote, probar\u00e1s tu valent\u00eda en los \u00fanicos r\u00e1pidos del destino. Aborda la lancha con nuestro gu\u00eda calificado de rafting y otros compa\u00f1eros m\u00e1s, toma los remos y \u00a1l\u00e1nzate a la aventura! Te espera un desafiante recorrido de 600 metros de largo en el r\u00edo de aguas bravas, con la actitud de una feroz barracuda.<\/p>\r\n\r\n\r\n\r\n<p>Puma: Emoci\u00f3n y adrenalina en un recorrido extremo, a bordo de un veh\u00edculo todo terreno manejado por ti. Conquista la pista de obst\u00e1culos en donde mostrar\u00e1s tus habilidades como piloto y tus nervios de acero en los terrenos m\u00e1s salvajes.<\/p>\r\n\r\n\r\n\r\n<p>Dragonfly: Lo que cre\u00edas que solo se pod\u00eda hacer en la amplitud del mar, en <a href=\"http:\/\/www.xavage.com\">Xavage<\/a> se vive con mayor intensidad y con la agilidad de una lib\u00e9lula. Vive un recorrido de 85 km por hora por estrechos canales, con giros de 360\u00b0 \u00a1especial para probar tu audacia!<\/p>\r\n\r\n\r\n\r\n<p>Hawk: Es momento de conquistar las alturas como un poderoso halc\u00f3n. Desl\u00edzate en un circuito de tirolesa en posici\u00f3n horizontal desde 20 metros de altura, por un recorrido de 450 metros de largo. Despliega tus alas y agudiza la vista, los paisajes y la velocidad ser\u00e1n los elementos infaltables en esta aventura.<\/p>\r\n\r\n\r\n\r\n<p>Howler Monkey: Muestra tus habilidades y atr\u00e9vete a enfrentar diversos obst\u00e1culos en este juego de cuerdas suspendido en el aire, con diferentes niveles de complejidad y altura. En todo momento estar\u00e1s sostenido por un c\u00f3modo arn\u00e9s. \u00a1Completa el desaf\u00edo y sigue tus instintos<\/p>\r\n\r\n\r\n\r\n<p>Crocodile: Olv\u00eddate de los tranquilos paseos y desl\u00edzate como todo un cocodrilo, fuerte y sigiloso, por un emocionante circuito en kayak que pondr\u00e1 a prueba tu destreza en los \u00fanicos canales de Canc\u00fan.<\/p>\r\n\r\n\r\n\r\n<p>Las inversiones que se concretan este a\u00f1o incluyen la renovaci\u00f3n del parque <a href=\"http:\/\/www.xoximilco.com\">Xoximilco<\/a>, cuyas instalaciones y experiencia sorprender\u00e1n a nuestros visitantes de manera notable, afirm\u00f3 el empresario.<\/p>\r\n\r\n\r\n\r\n<h3>La Casa de la Playa<\/h3>\r\n\r\n\r\n\r\n<figure class=\"wp-block-image\"><img loading=\"lazy\" width=\"1024\" height=\"512\" class=\"wp-image-2573\" src=\"https:\/\/www.grupoxcaret.com\/es\/wp-content\/uploads\/2019\/03\/20180810_FACHADA-MAR_web-1024x512.jpg\" alt=\"\" srcset=\"https:\/\/www.grupoxcaret.com\/es\/wp-content\/uploads\/2019\/03\/20180810_FACHADA-MAR_web-1024x512.jpg 1024w, https:\/\/www.grupoxcaret.com\/es\/wp-content\/uploads\/2019\/03\/20180810_FACHADA-MAR_web-696x348.jpg 696w, https:\/\/www.grupoxcaret.com\/es\/wp-content\/uploads\/2019\/03\/20180810_FACHADA-MAR_web-1068x534.jpg 1068w, https:\/\/www.grupoxcaret.com\/es\/wp-content\/uploads\/2019\/03\/20180810_FACHADA-MAR_web-840x420.jpg 840w, https:\/\/www.grupoxcaret.com\/es\/wp-content\/uploads\/2019\/03\/20180810_FACHADA-MAR_web-300x150.jpg 300w, https:\/\/www.grupoxcaret.com\/es\/wp-content\/uploads\/2019\/03\/20180810_FACHADA-MAR_web-768x384.jpg 768w, https:\/\/www.grupoxcaret.com\/es\/wp-content\/uploads\/2019\/03\/20180810_FACHADA-MAR_web.jpg 1600w\" sizes=\"(max-width: 1024px) 100vw, 1024px\" \/>\r\n<figcaption>La Casa de la Playa &#8211; Grupo Xcaret<\/figcaption>\r\n<\/figure>\r\n\r\n\r\n\r\n<p>Asimismo, Grupo Xcaret tiene prevista la apertura de su segundo hotel, La Casa de la Playa. Su inauguraci\u00f3n tendr\u00e1 lugar en 2020 tras una inversi\u00f3n de 85 millones de d\u00f3lares. Ofrecer\u00e1 63 suites de m\u00e1s de 100 metros cuadrados con alberca privada, distribuidas en tres conceptos: Naturaleza, Diversi\u00f3n y Bienestar.<br \/>Ser\u00e1 la mejor experiencia gastron\u00f3mica mexicana con la participaci\u00f3n de los reconocidos Chefs Martha Ortiz y Ricardo Mu\u00f1oz Zurita. Contar\u00e1 con 4 restaurantes, 2 piscinas, spa, mezcaler\u00eda, chocolater\u00eda, cava, sal\u00f3n para de reuniones para 120 personas, salas de consejo y biblioteca.<br \/>El proyecto arquitect\u00f3nico fue concebido por el Arq. David Quintana como una escultura viva basada en un estilo sofisticado y sostenible. La Casa de la Playa ser\u00e1 un resort, con los m\u00e1s altos est\u00e1ndares en la industria tur\u00edstica internacional y promete ofrecer una experiencia de lujo como ninguna otra en M\u00e9xico.<\/p>\r\n\r\n\r\n\r\n<h3>Renovaci\u00f3n de instalaciones<\/h3>\r\n\r\n\r\n\r\n<p>Otros 12 millones de d\u00f3lares se invierten en la renovaci\u00f3n del parque <a href=\"http:\/\/www.xoximilco.com\">Xoximilco<\/a>, cuyas instalaciones enriquecer\u00e1n la oferta de los visitantes que disfrutan una experiencia singular, con una fiesta mexicana a bordo de trajineras.<\/p>\r\n\r\n\r\n\r\n<p><a href=\"http:\/\/www.xcaret.com\">www.xcaret.com<\/a><\/p>\r\n","protected":false},"excerpt":{"rendered":"<p>CIUDAD DE M\u00c9XICO; MARZO, 2019.- Con la apertura de Xavage, su tercer parque de aventura en Quintana Roo, Grupo Xcaret tendr\u00e1 la oferta de parques de aventura en espacios naturales m\u00e1s importante de M\u00e9xico, con actividades que pueden practicarse de d\u00eda o de noche, durante todo el a\u00f1o, afirm\u00f3 Carlos Constandse, Vicepresidente y socio fundador [&hellip;]<\/p>\n","protected":false},"author":8,"featured_media":2827,"comment_status":"open","ping_status":"open","sticky":false,"template":"","format":"standard","meta":[],"categories":[97,4,72,3],"tags":[],"yoast_head":"<!-- This site is optimized with the Yoast SEO plugin v17.6 - https:\/\/yoast.com\/wordpress\/plugins\/seo\/ -->\n<meta name=\"description\" content=\"Inversiones en desarrollo por 175 millones de d\u00f3lares, con la creaci\u00f3n del parque Xavage, el hotel La Casa de la Playa y la renovaci\u00f3n del parque Xoximilco.\" \/>\n<meta name=\"robots\" content=\"index, follow, max-snippet:-1, max-image-preview:large, max-video-preview:-1\" \/>\n<link rel=\"canonical\" href=\"https:\/\/www.grupoxcaret.com\/es\/refrenda-grupo-xcaret-su-compromiso-en-mexico-y-el-desarrollo\/\" \/>\n<meta property=\"og:locale\" content=\"es_ES\" \/>\n<meta property=\"og:type\" content=\"article\" \/>\n<meta property=\"og:title\" content=\"Refrenda Grupo Xcaret su Compromiso en M\u00e9xico y el Desarrollo\" \/>\n<meta property=\"og:description\" content=\"Inversiones en desarrollo por 175 millones de d\u00f3lares, con la creaci\u00f3n del parque Xavage, el hotel La Casa de la Playa y la renovaci\u00f3n del parque Xoximilco.\" \/>\n<meta property=\"og:url\" content=\"https:\/\/www.grupoxcaret.com\/es\/refrenda-grupo-xcaret-su-compromiso-en-mexico-y-el-desarrollo\/\" \/>\n<meta property=\"og:site_name\" content=\"Grupo Xcaret Sitio Corporativo\" \/>\n<meta property=\"article:published_time\" content=\"2019-03-13T20:12:05+00:00\" \/>\n<meta property=\"article:modified_time\" content=\"2019-04-26T23:15:40+00:00\" \/>\n<meta property=\"og:image\" content=\"https:\/\/www.grupoxcaret.com\/es\/wp-content\/uploads\/2019\/03\/001_Dragonfly.jpg\" \/>\n\t<meta property=\"og:image:width\" content=\"1800\" \/>\n\t<meta property=\"og:image:height\" content=\"1200\" \/>\n<meta name=\"twitter:card\" content=\"summary_large_image\" \/>\n<meta name=\"twitter:label1\" content=\"Escrito por\" \/>\n\t<meta name=\"twitter:data1\" content=\"dmendozav\" \/>\n\t<meta name=\"twitter:label2\" content=\"Tiempo de lectura\" \/>\n\t<meta name=\"twitter:data2\" content=\"4 minutos\" \/>\n<script type=\"application\/ld+json\" class=\"yoast-schema-graph\">{\"@context\":\"https:\/\/schema.org\",\"@graph\":[{\"@type\":\"Organization\",\"@id\":\"https:\/\/www.grupoxcaret.com\/es\/#organization\",\"name\":\"Grupo Xcaret\",\"url\":\"https:\/\/www.grupoxcaret.com\/es\/\",\"sameAs\":[],\"logo\":{\"@type\":\"ImageObject\",\"@id\":\"https:\/\/www.grupoxcaret.com\/es\/#logo\",\"inLanguage\":\"es\",\"url\":\"https:\/\/www.grupoxcaret.com\/es\/wp-content\/uploads\/2015\/04\/exx.png\",\"contentUrl\":\"https:\/\/www.grupoxcaret.com\/es\/wp-content\/uploads\/2015\/04\/exx.png\",\"width\":400,\"height\":136,\"caption\":\"Grupo Xcaret\"},\"image\":{\"@id\":\"https:\/\/www.grupoxcaret.com\/es\/#logo\"}},{\"@type\":\"WebSite\",\"@id\":\"https:\/\/www.grupoxcaret.com\/es\/#website\",\"url\":\"https:\/\/www.grupoxcaret.com\/es\/\",\"name\":\"Grupo Xcaret Sitio Corporativo\",\"description\":\"Conoce el sitio corporativo de Grupo Xcaret. Encuentra informaci\\u00f3n relevante acerca de nuestra historia, marcas, filosof\\u00eda empresarial, pol\\u00edtica de sostenibilidad y mucho m\\u00e1s.\",\"publisher\":{\"@id\":\"https:\/\/www.grupoxcaret.com\/es\/#organization\"},\"potentialAction\":[{\"@type\":\"SearchAction\",\"target\":{\"@type\":\"EntryPoint\",\"urlTemplate\":\"https:\/\/www.grupoxcaret.com\/es\/?s={search_term_string}\"},\"query-input\":\"required name=search_term_string\"}],\"inLanguage\":\"es\"},{\"@type\":\"ImageObject\",\"@id\":\"https:\/\/www.grupoxcaret.com\/es\/refrenda-grupo-xcaret-su-compromiso-en-mexico-y-el-desarrollo\/#primaryimage\",\"inLanguage\":\"es\",\"url\":\"https:\/\/www.grupoxcaret.com\/es\/wp-content\/uploads\/2019\/03\/001_Dragonfly.jpg\",\"contentUrl\":\"https:\/\/www.grupoxcaret.com\/es\/wp-content\/uploads\/2019\/03\/001_Dragonfly.jpg\",\"width\":1800,\"height\":1200},{\"@type\":\"WebPage\",\"@id\":\"https:\/\/www.grupoxcaret.com\/es\/refrenda-grupo-xcaret-su-compromiso-en-mexico-y-el-desarrollo\/#webpage\",\"url\":\"https:\/\/www.grupoxcaret.com\/es\/refrenda-grupo-xcaret-su-compromiso-en-mexico-y-el-desarrollo\/\",\"name\":\"Refrenda Grupo Xcaret su Compromiso en M\\u00e9xico y el Desarrollo\",\"isPartOf\":{\"@id\":\"https:\/\/www.grupoxcaret.com\/es\/#website\"},\"primaryImageOfPage\":{\"@id\":\"https:\/\/www.grupoxcaret.com\/es\/refrenda-grupo-xcaret-su-compromiso-en-mexico-y-el-desarrollo\/#primaryimage\"},\"datePublished\":\"2019-03-13T20:12:05+00:00\",\"dateModified\":\"2019-04-26T23:15:40+00:00\",\"description\":\"Inversiones en desarrollo por 175 millones de d\\u00f3lares, con la creaci\\u00f3n del parque Xavage, el hotel La Casa de la Playa y la renovaci\\u00f3n del parque Xoximilco.\",\"breadcrumb\":{\"@id\":\"https:\/\/www.grupoxcaret.com\/es\/refrenda-grupo-xcaret-su-compromiso-en-mexico-y-el-desarrollo\/#breadcrumb\"},\"inLanguage\":\"es\",\"potentialAction\":[{\"@type\":\"ReadAction\",\"target\":[\"https:\/\/www.grupoxcaret.com\/es\/refrenda-grupo-xcaret-su-compromiso-en-mexico-y-el-desarrollo\/\"]}]},{\"@type\":\"BreadcrumbList\",\"@id\":\"https:\/\/www.grupoxcaret.com\/es\/refrenda-grupo-xcaret-su-compromiso-en-mexico-y-el-desarrollo\/#breadcrumb\",\"itemListElement\":[{\"@type\":\"ListItem\",\"position\":1,\"name\":\"Inicio\",\"item\":\"https:\/\/www.grupoxcaret.com\/es\/\"},{\"@type\":\"ListItem\",\"position\":2,\"name\":\"Sala de Prensa\",\"item\":\"https:\/\/www.grupoxcaret.com\/es\/seccion\/sala-de-prensa\/\"},{\"@type\":\"ListItem\",\"position\":3,\"name\":\"Refrenda Grupo Xcaret su Compromiso de Invertir en M\\u00e9xico y Promover el Desarrollo con Bienestar\"}]},{\"@type\":\"Article\",\"@id\":\"https:\/\/www.grupoxcaret.com\/es\/refrenda-grupo-xcaret-su-compromiso-en-mexico-y-el-desarrollo\/#article\",\"isPartOf\":{\"@id\":\"https:\/\/www.grupoxcaret.com\/es\/refrenda-grupo-xcaret-su-compromiso-en-mexico-y-el-desarrollo\/#webpage\"},\"author\":{\"@id\":\"https:\/\/www.grupoxcaret.com\/es\/#\/schema\/person\/a063bfd3f2c8806ec176d4b2afba737f\"},\"headline\":\"Refrenda Grupo Xcaret su Compromiso de Invertir en M\\u00e9xico y Promover el Desarrollo con Bienestar\",\"datePublished\":\"2019-03-13T20:12:05+00:00\",\"dateModified\":\"2019-04-26T23:15:40+00:00\",\"mainEntityOfPage\":{\"@id\":\"https:\/\/www.grupoxcaret.com\/es\/refrenda-grupo-xcaret-su-compromiso-en-mexico-y-el-desarrollo\/#webpage\"},\"wordCount\":743,\"commentCount\":0,\"publisher\":{\"@id\":\"https:\/\/www.grupoxcaret.com\/es\/#organization\"},\"image\":{\"@id\":\"https:\/\/www.grupoxcaret.com\/es\/refrenda-grupo-xcaret-su-compromiso-en-mexico-y-el-desarrollo\/#primaryimage\"},\"thumbnailUrl\":\"https:\/\/www.grupoxcaret.com\/es\/wp-content\/uploads\/2019\/03\/001_Dragonfly.jpg\",\"articleSection\":[\"Acerca de\",\"Boletines de Prensa\",\"Destacados\",\"Sala de Prensa\"],\"inLanguage\":\"es\",\"potentialAction\":[{\"@type\":\"CommentAction\",\"name\":\"Comment\",\"target\":[\"https:\/\/www.grupoxcaret.com\/es\/refrenda-grupo-xcaret-su-compromiso-en-mexico-y-el-desarrollo\/#respond\"]}]},{\"@type\":\"Person\",\"@id\":\"https:\/\/www.grupoxcaret.com\/es\/#\/schema\/person\/a063bfd3f2c8806ec176d4b2afba737f\",\"name\":\"dmendozav\",\"image\":{\"@type\":\"ImageObject\",\"@id\":\"https:\/\/www.grupoxcaret.com\/es\/#personlogo\",\"inLanguage\":\"es\",\"url\":\"https:\/\/secure.gravatar.com\/avatar\/d0971a818d7242eb0e6a9b000cb0cb6c?s=96&d=mm&r=g\",\"contentUrl\":\"https:\/\/secure.gravatar.com\/avatar\/d0971a818d7242eb0e6a9b000cb0cb6c?s=96&d=mm&r=g\",\"caption\":\"dmendozav\"},\"url\":\"https:\/\/www.grupoxcaret.com\/es\/author\/dmendozav\/\"}]}<\/script>\n<!-- \/ Yoast SEO plugin. -->","yoast_head_json":{"description":"Inversiones en desarrollo por 175 millones de d\u00f3lares, con la creaci\u00f3n del parque Xavage, el hotel La Casa de la Playa y la renovaci\u00f3n del parque Xoximilco.","robots":{"index":"index","follow":"follow","max-snippet":"max-snippet:-1","max-image-preview":"max-image-preview:large","max-video-preview":"max-video-preview:-1"},"canonical":"https:\/\/www.grupoxcaret.com\/es\/refrenda-grupo-xcaret-su-compromiso-en-mexico-y-el-desarrollo\/","og_locale":"es_ES","og_type":"article","og_title":"Refrenda Grupo Xcaret su Compromiso en M\u00e9xico y el Desarrollo","og_description":"Inversiones en desarrollo por 175 millones de d\u00f3lares, con la creaci\u00f3n del parque Xavage, el hotel La Casa de la Playa y la renovaci\u00f3n del parque Xoximilco.","og_url":"https:\/\/www.grupoxcaret.com\/es\/refrenda-grupo-xcaret-su-compromiso-en-mexico-y-el-desarrollo\/","og_site_name":"Grupo Xcaret Sitio Corporativo","article_published_time":"2019-03-13T20:12:05+00:00","article_modified_time":"2019-04-26T23:15:40+00:00","og_image":[{"width":1800,"height":1200,"url":"https:\/\/www.grupoxcaret.com\/es\/wp-content\/uploads\/2019\/03\/001_Dragonfly.jpg","type":"image\/jpeg"}],"twitter_card":"summary_large_image","twitter_misc":{"Escrito por":"dmendozav","Tiempo de lectura":"4 minutos"},"schema":{"@context":"https:\/\/schema.org","@graph":[{"@type":"Organization","@id":"https:\/\/www.grupoxcaret.com\/es\/#organization","name":"Grupo Xcaret","url":"https:\/\/www.grupoxcaret.com\/es\/","sameAs":[],"logo":{"@type":"ImageObject","@id":"https:\/\/www.grupoxcaret.com\/es\/#logo","inLanguage":"es","url":"https:\/\/www.grupoxcaret.com\/es\/wp-content\/uploads\/2015\/04\/exx.png","contentUrl":"https:\/\/www.grupoxcaret.com\/es\/wp-content\/uploads\/2015\/04\/exx.png","width":400,"height":136,"caption":"Grupo Xcaret"},"image":{"@id":"https:\/\/www.grupoxcaret.com\/es\/#logo"}},{"@type":"WebSite","@id":"https:\/\/www.grupoxcaret.com\/es\/#website","url":"https:\/\/www.grupoxcaret.com\/es\/","name":"Grupo Xcaret Sitio Corporativo","description":"Conoce el sitio corporativo de Grupo Xcaret. Encuentra informaci\u00f3n relevante acerca de nuestra historia, marcas, filosof\u00eda empresarial, pol\u00edtica de sostenibilidad y mucho m\u00e1s.","publisher":{"@id":"https:\/\/www.grupoxcaret.com\/es\/#organization"},"potentialAction":[{"@type":"SearchAction","target":{"@type":"EntryPoint","urlTemplate":"https:\/\/www.grupoxcaret.com\/es\/?s={search_term_string}"},"query-input":"required name=search_term_string"}],"inLanguage":"es"},{"@type":"ImageObject","@id":"https:\/\/www.grupoxcaret.com\/es\/refrenda-grupo-xcaret-su-compromiso-en-mexico-y-el-desarrollo\/#primaryimage","inLanguage":"es","url":"https:\/\/www.grupoxcaret.com\/es\/wp-content\/uploads\/2019\/03\/001_Dragonfly.jpg","contentUrl":"https:\/\/www.grupoxcaret.com\/es\/wp-content\/uploads\/2019\/03\/001_Dragonfly.jpg","width":1800,"height":1200},{"@type":"WebPage","@id":"https:\/\/www.grupoxcaret.com\/es\/refrenda-grupo-xcaret-su-compromiso-en-mexico-y-el-desarrollo\/#webpage","url":"https:\/\/www.grupoxcaret.com\/es\/refrenda-grupo-xcaret-su-compromiso-en-mexico-y-el-desarrollo\/","name":"Refrenda Grupo Xcaret su Compromiso en M\u00e9xico y el Desarrollo","isPartOf":{"@id":"https:\/\/www.grupoxcaret.com\/es\/#website"},"primaryImageOfPage":{"@id":"https:\/\/www.grupoxcaret.com\/es\/refrenda-grupo-xcaret-su-compromiso-en-mexico-y-el-desarrollo\/#primaryimage"},"datePublished":"2019-03-13T20:12:05+00:00","dateModified":"2019-04-26T23:15:40+00:00","description":"Inversiones en desarrollo por 175 millones de d\u00f3lares, con la creaci\u00f3n del parque Xavage, el hotel La Casa de la Playa y la renovaci\u00f3n del parque Xoximilco.","breadcrumb":{"@id":"https:\/\/www.grupoxcaret.com\/es\/refrenda-grupo-xcaret-su-compromiso-en-mexico-y-el-desarrollo\/#breadcrumb"},"inLanguage":"es","potentialAction":[{"@type":"ReadAction","target":["https:\/\/www.grupoxcaret.com\/es\/refrenda-grupo-xcaret-su-compromiso-en-mexico-y-el-desarrollo\/"]}]},{"@type":"BreadcrumbList","@id":"https:\/\/www.grupoxcaret.com\/es\/refrenda-grupo-xcaret-su-compromiso-en-mexico-y-el-desarrollo\/#breadcrumb","itemListElement":[{"@type":"ListItem","position":1,"name":"Inicio","item":"https:\/\/www.grupoxcaret.com\/es\/"},{"@type":"ListItem","position":2,"name":"Sala de Prensa","item":"https:\/\/www.grupoxcaret.com\/es\/seccion\/sala-de-prensa\/"},{"@type":"ListItem","position":3,"name":"Refrenda Grupo Xcaret su Compromiso de Invertir en M\u00e9xico y Promover el Desarrollo con Bienestar"}]},{"@type":"Article","@id":"https:\/\/www.grupoxcaret.com\/es\/refrenda-grupo-xcaret-su-compromiso-en-mexico-y-el-desarrollo\/#article","isPartOf":{"@id":"https:\/\/www.grupoxcaret.com\/es\/refrenda-grupo-xcaret-su-compromiso-en-mexico-y-el-desarrollo\/#webpage"},"author":{"@id":"https:\/\/www.grupoxcaret.com\/es\/#\/schema\/person\/a063bfd3f2c8806ec176d4b2afba737f"},"headline":"Refrenda Grupo Xcaret su Compromiso de Invertir en M\u00e9xico y Promover el Desarrollo con Bienestar","datePublished":"2019-03-13T20:12:05+00:00","dateModified":"2019-04-26T23:15:40+00:00","mainEntityOfPage":{"@id":"https:\/\/www.grupoxcaret.com\/es\/refrenda-grupo-xcaret-su-compromiso-en-mexico-y-el-desarrollo\/#webpage"},"wordCount":743,"commentCount":0,"publisher":{"@id":"https:\/\/www.grupoxcaret.com\/es\/#organization"},"image":{"@id":"https:\/\/www.grupoxcaret.com\/es\/refrenda-grupo-xcaret-su-compromiso-en-mexico-y-el-desarrollo\/#primaryimage"},"thumbnailUrl":"https:\/\/www.grupoxcaret.com\/es\/wp-content\/uploads\/2019\/03\/001_Dragonfly.jpg","articleSection":["Acerca de","Boletines de Prensa","Destacados","Sala de Prensa"],"inLanguage":"es","potentialAction":[{"@type":"CommentAction","name":"Comment","target":["https:\/\/www.grupoxcaret.com\/es\/refrenda-grupo-xcaret-su-compromiso-en-mexico-y-el-desarrollo\/#respond"]}]},{"@type":"Person","@id":"https:\/\/www.grupoxcaret.com\/es\/#\/schema\/person\/a063bfd3f2c8806ec176d4b2afba737f","name":"dmendozav","image":{"@type":"ImageObject","@id":"https:\/\/www.grupoxcaret.com\/es\/#personlogo","inLanguage":"es","url":"https:\/\/secure.gravatar.com\/avatar\/d0971a818d7242eb0e6a9b000cb0cb6c?s=96&d=mm&r=g","contentUrl":"https:\/\/secure.gravatar.com\/avatar\/d0971a818d7242eb0e6a9b000cb0cb6c?s=96&d=mm&r=g","caption":"dmendozav"},"url":"https:\/\/www.grupoxcaret.com\/es\/author\/dmendozav\/"}]}},"amp_enabled":true,"_links":{"self":[{"href":"https:\/\/www.grupoxcaret.com\/es\/wp-json\/wp\/v2\/posts\/2570"}],"collection":[{"href":"https:\/\/www.grupoxcaret.com\/es\/wp-json\/wp\/v2\/posts"}],"about":[{"href":"https:\/\/www.grupoxcaret.com\/es\/wp-json\/wp\/v2\/types\/post"}],"author":[{"embeddable":true,"href":"https:\/\/www.grupoxcaret.com\/es\/wp-json\/wp\/v2\/users\/8"}],"replies":[{"embeddable":true,"href":"https:\/\/www.grupoxcaret.com\/es\/wp-json\/wp\/v2\/comments?post=2570"}],"version-history":[{"count":0,"href":"https:\/\/www.grupoxcaret.com\/es\/wp-json\/wp\/v2\/posts\/2570\/revisions"}],"wp:featuredmedia":[{"embeddable":true,"href":"https:\/\/www.grupoxcaret.com\/es\/wp-json\/wp\/v2\/media\/2827"}],"wp:attachment":[{"href":"https:\/\/www.grupoxcaret.com\/es\/wp-json\/wp\/v2\/media?parent=2570"}],"wp:term":[{"taxonomy":"category","embeddable":true,"href":"https:\/\/www.grupoxcaret.com\/es\/wp-json\/wp\/v2\/categories?post=2570"},{"taxonomy":"post_tag","embeddable":true,"href":"https:\/\/www.grupoxcaret.com\/es\/wp-json\/wp\/v2\/tags?post=2570"}],"curies":[{"name":"wp","href":"https:\/\/api.w.org\/{rel}","templated":true}]}}