{"id":2540,"date":"2019-02-06T14:32:35","date_gmt":"2019-02-06T14:32:35","guid":{"rendered":"https:\/\/www.grupoxcaret.com\/es\/?p=2540"},"modified":"2023-01-21T17:59:51","modified_gmt":"2023-01-21T17:59:51","slug":"anuncia-grupo-xcaret-el-inicio-de-una-nueva-era","status":"publish","type":"post","link":"https:\/\/www.grupoxcaret.com\/es\/anuncia-grupo-xcaret-el-inicio-de-una-nueva-era\/","title":{"rendered":"Anuncia Grupo Xcaret el inicio de una Nueva Era"},"content":{"rendered":"<p><span style=\"font-weight: 400;\">Por acuerdo del fideicomiso que rige las decisiones corporativas de la organizaci\u00f3n, a partir de esta fecha Grupo Xcaret dejar\u00e1 de utilizar la palabra \u201cExperiencias\u201d en su nomenclatura, a fin de simplificar su denominaci\u00f3n y avanzar en el posicionamiento estrat\u00e9gico que regir\u00e1 el crecimiento en los a\u00f1os por venir, inform\u00f3 Carlos Constandse Madrazo, su Vicepresidente.<\/span><\/p>\n<p><span style=\"font-weight: 400;\">El empresario present\u00f3 hoy el nuevo emblema de Grupo Xcaret: una equis tridimensional de colores, que representa sus diferentes unidades de negocio, parques, hoteles y tours. La organizaci\u00f3n est\u00e1 por cumplir 30 a\u00f1os de existencia en los que ha consolidado su liderazgo en recreaci\u00f3n tur\u00edstica sostenible.<\/span><\/p>\n<p><span style=\"font-weight: 400;\"><img loading=\"lazy\" class=\"alignnone size-full wp-image-2546\" src=\"https:\/\/www.grupoxcaret.com\/es\/wp-content\/uploads\/2019\/02\/LOGOTIPO-GRUPO-XCARET-1FEB19_COLOR.png\" alt=\"\" width=\"841\" height=\"1096\" srcset=\"https:\/\/www.grupoxcaret.com\/es\/wp-content\/uploads\/2019\/02\/LOGOTIPO-GRUPO-XCARET-1FEB19_COLOR.png 841w, https:\/\/www.grupoxcaret.com\/es\/wp-content\/uploads\/2019\/02\/LOGOTIPO-GRUPO-XCARET-1FEB19_COLOR-696x907.png 696w, https:\/\/www.grupoxcaret.com\/es\/wp-content\/uploads\/2019\/02\/LOGOTIPO-GRUPO-XCARET-1FEB19_COLOR-322x420.png 322w, https:\/\/www.grupoxcaret.com\/es\/wp-content\/uploads\/2019\/02\/LOGOTIPO-GRUPO-XCARET-1FEB19_COLOR-230x300.png 230w, https:\/\/www.grupoxcaret.com\/es\/wp-content\/uploads\/2019\/02\/LOGOTIPO-GRUPO-XCARET-1FEB19_COLOR-768x1001.png 768w, https:\/\/www.grupoxcaret.com\/es\/wp-content\/uploads\/2019\/02\/LOGOTIPO-GRUPO-XCARET-1FEB19_COLOR-786x1024.png 786w\" sizes=\"(max-width: 841px) 100vw, 841px\" \/><\/span><\/p>\n<p><span style=\"font-weight: 400;\">Grupo Xcaret concentra los parques m\u00e1s emblem\u00e1ticos de Canc\u00fan: <\/span><i><span style=\"font-weight: 400;\">Xcaret<\/span><\/i><span style=\"font-weight: 400;\">, <\/span><i><span style=\"font-weight: 400;\">Xel-H\u00e1<\/span><\/i><span style=\"font-weight: 400;\">, <\/span><i><span style=\"font-weight: 400;\">Xplor<\/span><\/i><span style=\"font-weight: 400;\">, <\/span><i><span style=\"font-weight: 400;\">Xplor Fuego<\/span><\/i><span style=\"font-weight: 400;\">, <\/span><i><span style=\"font-weight: 400;\">Xenses<\/span><\/i><span style=\"font-weight: 400;\">, <\/span><i><span style=\"font-weight: 400;\">Xoximilco<\/span><\/i><span style=\"font-weight: 400;\"> y <\/span><i><span style=\"font-weight: 400;\">Xavage<\/span><\/i><span style=\"font-weight: 400;\"> (Que abre pr\u00f3ximamente); el <\/span><i><span style=\"font-weight: 400;\">Hotel Xcaret M\u00e9xico<\/span><\/i><span style=\"font-weight: 400;\"> y el hotel boutique de lujo <\/span><i><span style=\"font-weight: 400;\">La Casa de la Playa<\/span><\/i><span style=\"font-weight: 400;\"> (Que se inaugura en diciembre 2019); as\u00ed como los tours <\/span><i><span style=\"font-weight: 400;\">Xich\u00e9n<\/span><\/i><span style=\"font-weight: 400;\">, <\/span><i><span style=\"font-weight: 400;\">Xenotes<\/span><\/i><span style=\"font-weight: 400;\">, <\/span><i><span style=\"font-weight: 400;\">Xich\u00e9n de Luxe<\/span><\/i><span style=\"font-weight: 400;\">, <\/span><i><span style=\"font-weight: 400;\">Xich\u00e9n Cl\u00e1sico, Cob\u00e1 Tulum<\/span><\/i><span style=\"font-weight: 400;\">, con el restaurante \u00a0<\/span><i><span style=\"font-weight: 400;\">La Casona de Valladolid<\/span><\/i><span style=\"font-weight: 400;\">, <\/span><\/p>\n<p><span style=\"font-weight: 400;\">Carlos Constandse inform\u00f3 tambi\u00e9n que por acuerdo del Fideicomiso se crean 2 vicepresidencias, la de Administraci\u00f3n y Finanzas, a cargo del Arq. Marcos Constandse Redko y la de Estrategia y Desarrollo, a cargo del Arq. David Quintana Morones. Aunque ambos ejecutivos han formado parte del grupo y han participado en la toma de decisiones en los \u00faltimos a\u00f1os, esta nueva estructura consolidar\u00e1 la transici\u00f3n generacional del grupo, de cara a los proyectos para los pr\u00f3ximos a\u00f1os, asegur\u00f3 Constandse Madrazo.<\/span><\/p>\n<p><span style=\"font-weight: 400;\">Carlos Constandse precis\u00f3 que desde hace casi 30 a\u00f1os Grupo Xcaret ha sido una organizaci\u00f3n comprometida con M\u00e9xico, que genera fuentes de trabajo dignas, con prestaciones superiores a la ley y bien remuneradas. \u201cFavorecemos a proveedores locales, regionales y nacionales prioritariamente; el 95 por ciento de las compras que hacemos son a \u00a0empresas establecidas en M\u00e9xico. Nuestro compromiso es inalterable\u201d precis\u00f3 el empresario. <\/span><\/p>\n<p><span style=\"font-weight: 400;\">\u201cNuestros programas de vinculaci\u00f3n con la comunidad generan permanentemente beneficios para ni\u00f1os, j\u00f3venes y adultos de nuestras zonas de influencia, y m\u00e1s all\u00e1. Creemos en la sostenibilidad como la \u00fanica manera de hacer las cosas bien y estamos convencidos que turismo y sostenibilidad constituyen una gran oportunidad para el desarrollo de M\u00e9xico en las pr\u00f3ximas d\u00e9cadas\u201d, puntualiz\u00f3.<\/span><\/p>\n<p>https:\/\/vimeo.com\/315576408<\/p>\n<p><span style=\"font-weight: 400;\">En su intervenci\u00f3n, el Arq. Marcos Constandse Madrazo, Vicepresidente de Administraci\u00f3n y Finanzas inform\u00f3 que Grupo Xcaret tiene en curso inversiones en proyectos en curso por 175 millones de d\u00f3lares, con la creaci\u00f3n del parque <\/span><i><span style=\"font-weight: 400;\">Xavage<\/span><\/i><span style=\"font-weight: 400;\"> y el hotel <\/span><i><span style=\"font-weight: 400;\">La Casa de la Playa<\/span><\/i><span style=\"font-weight: 400;\"> y la renovaci\u00f3n del parque <\/span><i><span style=\"font-weight: 400;\">Xoximilco<\/span><\/i><span style=\"font-weight: 400;\">. <\/span><\/p>\n<p><span style=\"font-weight: 400;\">Dijo que hoy en d\u00eda Grupo Xcaret tiene una rotaci\u00f3n de colaboradores del 28% anual, \u00a0y es reconocido por Great Place To Work como una de las mejores empresas para trabajar en M\u00e9xico y una de las 3 mejores empresas para trabajar para la generaci\u00f3n del milenio. Precis\u00f3 que, en su transformaci\u00f3n digital, Grupo Xcaret ha hecho alianzas estrat\u00e9gicas con importantes empresas globales como Amazon, SAP, Google y Facebook.<\/span><\/p>\n<p><img loading=\"lazy\" class=\"alignnone size-full wp-image-2555\" src=\"https:\/\/www.grupoxcaret.com\/es\/wp-content\/uploads\/2019\/02\/Constandse-35_web.jpg\" alt=\"\" width=\"1800\" height=\"1200\" srcset=\"https:\/\/www.grupoxcaret.com\/es\/wp-content\/uploads\/2019\/02\/Constandse-35_web.jpg 1800w, https:\/\/www.grupoxcaret.com\/es\/wp-content\/uploads\/2019\/02\/Constandse-35_web-696x464.jpg 696w, https:\/\/www.grupoxcaret.com\/es\/wp-content\/uploads\/2019\/02\/Constandse-35_web-1068x712.jpg 1068w, https:\/\/www.grupoxcaret.com\/es\/wp-content\/uploads\/2019\/02\/Constandse-35_web-630x420.jpg 630w, https:\/\/www.grupoxcaret.com\/es\/wp-content\/uploads\/2019\/02\/Constandse-35_web-300x200.jpg 300w, https:\/\/www.grupoxcaret.com\/es\/wp-content\/uploads\/2019\/02\/Constandse-35_web-768x512.jpg 768w, https:\/\/www.grupoxcaret.com\/es\/wp-content\/uploads\/2019\/02\/Constandse-35_web-1024x683.jpg 1024w\" sizes=\"(max-width: 1800px) 100vw, 1800px\" \/><\/p>\n<p><span style=\"font-weight: 400;\">Por su parte el Arq. David Quintana, Vicepresidente de Estrategia y Desarrollo inform\u00f3 que durante 2018 los parques del grupo tuvieron una afluencia de 3 millones 964 mil 848 visitantes pagados, con lo que registraron un crecimiento del 19% respecto a 2017. Adem\u00e1s se otorgaron 230 mil cortes\u00edas a la comunidad y aliados estrat\u00e9gicos.<\/span> <span style=\"font-weight: 400;\">El Hotel Xcaret M\u00e9xico registr\u00f3 \u00a0ocupaci\u00f3n promedio anual del 85% con la llegada de 586 mil hu\u00e9spedes.<\/span><\/p>\n<p><img loading=\"lazy\" class=\"alignnone size-full wp-image-2554\" src=\"https:\/\/www.grupoxcaret.com\/es\/wp-content\/uploads\/2019\/02\/Arq.-David-Quintana-Vicepresidente-de-Estrategia-y-Desarrollo_web.jpg\" alt=\"\" width=\"1800\" height=\"2700\" srcset=\"https:\/\/www.grupoxcaret.com\/es\/wp-content\/uploads\/2019\/02\/Arq.-David-Quintana-Vicepresidente-de-Estrategia-y-Desarrollo_web.jpg 1800w, https:\/\/www.grupoxcaret.com\/es\/wp-content\/uploads\/2019\/02\/Arq.-David-Quintana-Vicepresidente-de-Estrategia-y-Desarrollo_web-696x1044.jpg 696w, https:\/\/www.grupoxcaret.com\/es\/wp-content\/uploads\/2019\/02\/Arq.-David-Quintana-Vicepresidente-de-Estrategia-y-Desarrollo_web-1068x1602.jpg 1068w, https:\/\/www.grupoxcaret.com\/es\/wp-content\/uploads\/2019\/02\/Arq.-David-Quintana-Vicepresidente-de-Estrategia-y-Desarrollo_web-280x420.jpg 280w, https:\/\/www.grupoxcaret.com\/es\/wp-content\/uploads\/2019\/02\/Arq.-David-Quintana-Vicepresidente-de-Estrategia-y-Desarrollo_web-200x300.jpg 200w, https:\/\/www.grupoxcaret.com\/es\/wp-content\/uploads\/2019\/02\/Arq.-David-Quintana-Vicepresidente-de-Estrategia-y-Desarrollo_web-768x1152.jpg 768w, https:\/\/www.grupoxcaret.com\/es\/wp-content\/uploads\/2019\/02\/Arq.-David-Quintana-Vicepresidente-de-Estrategia-y-Desarrollo_web-683x1024.jpg 683w\" sizes=\"(max-width: 1800px) 100vw, 1800px\" \/><\/p>\n<p><span style=\"font-weight: 400;\">Dijo que Grupo Xcaret recibir\u00e1 este a\u00f1o el visitante 50 millones de su historia. Se\u00f1al\u00f3 que Xavage, el parque de Canc\u00fan que ten\u00eda programada una inversi\u00f3n inicial de 50 millones de d\u00f3lares, se concretar\u00e1 finalmente con recursos por m\u00e1s de 75 millones de d\u00f3lares, en virtud de que durante el proceso de construcci\u00f3n se identificaron oportunidades para enriquecer los conceptos y hacerlo un producto tur\u00edstico de valor superior para el destino.<\/span><\/p>\n","protected":false},"excerpt":{"rendered":"<p>Por acuerdo del fideicomiso que rige las decisiones corporativas de la organizaci\u00f3n, a partir de esta fecha Grupo Xcaret dejar\u00e1 de utilizar la palabra \u201cExperiencias\u201d en su nomenclatura, a fin de simplificar su denominaci\u00f3n y avanzar en el posicionamiento estrat\u00e9gico que regir\u00e1 el crecimiento en los a\u00f1os por venir, inform\u00f3 Carlos Constandse Madrazo, su Vicepresidente. [&hellip;]<\/p>\n","protected":false},"author":8,"featured_media":2166,"comment_status":"open","ping_status":"open","sticky":false,"template":"","format":"standard","meta":[],"categories":[4,72,3],"tags":[],"yoast_head":"<!-- This site is optimized with the Yoast SEO plugin v17.6 - https:\/\/yoast.com\/wordpress\/plugins\/seo\/ -->\n<meta name=\"robots\" content=\"index, follow, max-snippet:-1, max-image-preview:large, max-video-preview:-1\" \/>\n<link rel=\"canonical\" href=\"https:\/\/www.grupoxcaret.com\/es\/anuncia-grupo-xcaret-el-inicio-de-una-nueva-era\/\" \/>\n<meta property=\"og:locale\" content=\"es_ES\" \/>\n<meta property=\"og:type\" content=\"article\" \/>\n<meta property=\"og:title\" content=\"Anuncia Grupo Xcaret el inicio de una Nueva Era - Grupo Xcaret Sitio Corporativo\" \/>\n<meta property=\"og:description\" content=\"Por acuerdo del fideicomiso que rige las decisiones corporativas de la organizaci\u00f3n, a partir de esta fecha Grupo Xcaret dejar\u00e1 de utilizar la palabra \u201cExperiencias\u201d en su nomenclatura, a fin de simplificar su denominaci\u00f3n y avanzar en el posicionamiento estrat\u00e9gico que regir\u00e1 el crecimiento en los a\u00f1os por venir, inform\u00f3 Carlos Constandse Madrazo, su Vicepresidente. [&hellip;]\" \/>\n<meta property=\"og:url\" content=\"https:\/\/www.grupoxcaret.com\/es\/anuncia-grupo-xcaret-el-inicio-de-una-nueva-era\/\" \/>\n<meta property=\"og:site_name\" content=\"Grupo Xcaret Sitio Corporativo\" \/>\n<meta property=\"article:published_time\" content=\"2019-02-06T14:32:35+00:00\" \/>\n<meta property=\"article:modified_time\" content=\"2023-01-21T17:59:51+00:00\" \/>\n<meta property=\"og:image\" content=\"https:\/\/www.grupoxcaret.com\/es\/wp-content\/uploads\/2017\/10\/xcaret-mexico-espectacular-02-e1553529445942.jpg\" \/>\n\t<meta property=\"og:image:width\" content=\"609\" \/>\n\t<meta property=\"og:image:height\" content=\"437\" \/>\n<meta name=\"twitter:card\" content=\"summary_large_image\" \/>\n<meta name=\"twitter:label1\" content=\"Escrito por\" \/>\n\t<meta name=\"twitter:data1\" content=\"dmendozav\" \/>\n\t<meta name=\"twitter:label2\" content=\"Tiempo de lectura\" \/>\n\t<meta name=\"twitter:data2\" content=\"4 minutos\" \/>\n<script type=\"application\/ld+json\" class=\"yoast-schema-graph\">{\"@context\":\"https:\/\/schema.org\",\"@graph\":[{\"@type\":\"Organization\",\"@id\":\"https:\/\/www.grupoxcaret.com\/es\/#organization\",\"name\":\"Grupo Xcaret\",\"url\":\"https:\/\/www.grupoxcaret.com\/es\/\",\"sameAs\":[],\"logo\":{\"@type\":\"ImageObject\",\"@id\":\"https:\/\/www.grupoxcaret.com\/es\/#logo\",\"inLanguage\":\"es\",\"url\":\"https:\/\/www.grupoxcaret.com\/es\/wp-content\/uploads\/2015\/04\/exx.png\",\"contentUrl\":\"https:\/\/www.grupoxcaret.com\/es\/wp-content\/uploads\/2015\/04\/exx.png\",\"width\":400,\"height\":136,\"caption\":\"Grupo Xcaret\"},\"image\":{\"@id\":\"https:\/\/www.grupoxcaret.com\/es\/#logo\"}},{\"@type\":\"WebSite\",\"@id\":\"https:\/\/www.grupoxcaret.com\/es\/#website\",\"url\":\"https:\/\/www.grupoxcaret.com\/es\/\",\"name\":\"Grupo Xcaret Sitio Corporativo\",\"description\":\"Conoce el sitio corporativo de Grupo Xcaret. Encuentra informaci\\u00f3n relevante acerca de nuestra historia, marcas, filosof\\u00eda empresarial, pol\\u00edtica de sostenibilidad y mucho m\\u00e1s.\",\"publisher\":{\"@id\":\"https:\/\/www.grupoxcaret.com\/es\/#organization\"},\"potentialAction\":[{\"@type\":\"SearchAction\",\"target\":{\"@type\":\"EntryPoint\",\"urlTemplate\":\"https:\/\/www.grupoxcaret.com\/es\/?s={search_term_string}\"},\"query-input\":\"required name=search_term_string\"}],\"inLanguage\":\"es\"},{\"@type\":\"ImageObject\",\"@id\":\"https:\/\/www.grupoxcaret.com\/es\/anuncia-grupo-xcaret-el-inicio-de-una-nueva-era\/#primaryimage\",\"inLanguage\":\"es\",\"url\":\"https:\/\/www.grupoxcaret.com\/es\/wp-content\/uploads\/2017\/10\/xcaret-mexico-espectacular-02-e1553529445942.jpg\",\"contentUrl\":\"https:\/\/www.grupoxcaret.com\/es\/wp-content\/uploads\/2017\/10\/xcaret-mexico-espectacular-02-e1553529445942.jpg\",\"width\":609,\"height\":437},{\"@type\":\"WebPage\",\"@id\":\"https:\/\/www.grupoxcaret.com\/es\/anuncia-grupo-xcaret-el-inicio-de-una-nueva-era\/#webpage\",\"url\":\"https:\/\/www.grupoxcaret.com\/es\/anuncia-grupo-xcaret-el-inicio-de-una-nueva-era\/\",\"name\":\"Anuncia Grupo Xcaret el inicio de una Nueva Era - Grupo Xcaret Sitio Corporativo\",\"isPartOf\":{\"@id\":\"https:\/\/www.grupoxcaret.com\/es\/#website\"},\"primaryImageOfPage\":{\"@id\":\"https:\/\/www.grupoxcaret.com\/es\/anuncia-grupo-xcaret-el-inicio-de-una-nueva-era\/#primaryimage\"},\"datePublished\":\"2019-02-06T14:32:35+00:00\",\"dateModified\":\"2023-01-21T17:59:51+00:00\",\"breadcrumb\":{\"@id\":\"https:\/\/www.grupoxcaret.com\/es\/anuncia-grupo-xcaret-el-inicio-de-una-nueva-era\/#breadcrumb\"},\"inLanguage\":\"es\",\"potentialAction\":[{\"@type\":\"ReadAction\",\"target\":[\"https:\/\/www.grupoxcaret.com\/es\/anuncia-grupo-xcaret-el-inicio-de-una-nueva-era\/\"]}]},{\"@type\":\"BreadcrumbList\",\"@id\":\"https:\/\/www.grupoxcaret.com\/es\/anuncia-grupo-xcaret-el-inicio-de-una-nueva-era\/#breadcrumb\",\"itemListElement\":[{\"@type\":\"ListItem\",\"position\":1,\"name\":\"Inicio\",\"item\":\"https:\/\/www.grupoxcaret.com\/es\/\"},{\"@type\":\"ListItem\",\"position\":2,\"name\":\"Sala de Prensa\",\"item\":\"https:\/\/www.grupoxcaret.com\/es\/seccion\/sala-de-prensa\/\"},{\"@type\":\"ListItem\",\"position\":3,\"name\":\"Anuncia Grupo Xcaret el inicio de una Nueva Era\"}]},{\"@type\":\"Article\",\"@id\":\"https:\/\/www.grupoxcaret.com\/es\/anuncia-grupo-xcaret-el-inicio-de-una-nueva-era\/#article\",\"isPartOf\":{\"@id\":\"https:\/\/www.grupoxcaret.com\/es\/anuncia-grupo-xcaret-el-inicio-de-una-nueva-era\/#webpage\"},\"author\":{\"@id\":\"https:\/\/www.grupoxcaret.com\/es\/#\/schema\/person\/a063bfd3f2c8806ec176d4b2afba737f\"},\"headline\":\"Anuncia Grupo Xcaret el inicio de una Nueva Era\",\"datePublished\":\"2019-02-06T14:32:35+00:00\",\"dateModified\":\"2023-01-21T17:59:51+00:00\",\"mainEntityOfPage\":{\"@id\":\"https:\/\/www.grupoxcaret.com\/es\/anuncia-grupo-xcaret-el-inicio-de-una-nueva-era\/#webpage\"},\"wordCount\":676,\"commentCount\":0,\"publisher\":{\"@id\":\"https:\/\/www.grupoxcaret.com\/es\/#organization\"},\"image\":{\"@id\":\"https:\/\/www.grupoxcaret.com\/es\/anuncia-grupo-xcaret-el-inicio-de-una-nueva-era\/#primaryimage\"},\"thumbnailUrl\":\"https:\/\/www.grupoxcaret.com\/es\/wp-content\/uploads\/2017\/10\/xcaret-mexico-espectacular-02-e1553529445942.jpg\",\"articleSection\":[\"Boletines de Prensa\",\"Destacados\",\"Sala de Prensa\"],\"inLanguage\":\"es\",\"potentialAction\":[{\"@type\":\"CommentAction\",\"name\":\"Comment\",\"target\":[\"https:\/\/www.grupoxcaret.com\/es\/anuncia-grupo-xcaret-el-inicio-de-una-nueva-era\/#respond\"]}]},{\"@type\":\"Person\",\"@id\":\"https:\/\/www.grupoxcaret.com\/es\/#\/schema\/person\/a063bfd3f2c8806ec176d4b2afba737f\",\"name\":\"dmendozav\",\"image\":{\"@type\":\"ImageObject\",\"@id\":\"https:\/\/www.grupoxcaret.com\/es\/#personlogo\",\"inLanguage\":\"es\",\"url\":\"https:\/\/secure.gravatar.com\/avatar\/d0971a818d7242eb0e6a9b000cb0cb6c?s=96&d=mm&r=g\",\"contentUrl\":\"https:\/\/secure.gravatar.com\/avatar\/d0971a818d7242eb0e6a9b000cb0cb6c?s=96&d=mm&r=g\",\"caption\":\"dmendozav\"},\"url\":\"https:\/\/www.grupoxcaret.com\/es\/author\/dmendozav\/\"}]}<\/script>\n<!-- \/ Yoast SEO plugin. -->","yoast_head_json":{"robots":{"index":"index","follow":"follow","max-snippet":"max-snippet:-1","max-image-preview":"max-image-preview:large","max-video-preview":"max-video-preview:-1"},"canonical":"https:\/\/www.grupoxcaret.com\/es\/anuncia-grupo-xcaret-el-inicio-de-una-nueva-era\/","og_locale":"es_ES","og_type":"article","og_title":"Anuncia Grupo Xcaret el inicio de una Nueva Era - Grupo Xcaret Sitio Corporativo","og_description":"Por acuerdo del fideicomiso que rige las decisiones corporativas de la organizaci\u00f3n, a partir de esta fecha Grupo Xcaret dejar\u00e1 de utilizar la palabra \u201cExperiencias\u201d en su nomenclatura, a fin de simplificar su denominaci\u00f3n y avanzar en el posicionamiento estrat\u00e9gico que regir\u00e1 el crecimiento en los a\u00f1os por venir, inform\u00f3 Carlos Constandse Madrazo, su Vicepresidente. [&hellip;]","og_url":"https:\/\/www.grupoxcaret.com\/es\/anuncia-grupo-xcaret-el-inicio-de-una-nueva-era\/","og_site_name":"Grupo Xcaret Sitio Corporativo","article_published_time":"2019-02-06T14:32:35+00:00","article_modified_time":"2023-01-21T17:59:51+00:00","og_image":[{"width":609,"height":437,"url":"https:\/\/www.grupoxcaret.com\/es\/wp-content\/uploads\/2017\/10\/xcaret-mexico-espectacular-02-e1553529445942.jpg","type":"image\/jpeg"}],"twitter_card":"summary_large_image","twitter_misc":{"Escrito por":"dmendozav","Tiempo de lectura":"4 minutos"},"schema":{"@context":"https:\/\/schema.org","@graph":[{"@type":"Organization","@id":"https:\/\/www.grupoxcaret.com\/es\/#organization","name":"Grupo Xcaret","url":"https:\/\/www.grupoxcaret.com\/es\/","sameAs":[],"logo":{"@type":"ImageObject","@id":"https:\/\/www.grupoxcaret.com\/es\/#logo","inLanguage":"es","url":"https:\/\/www.grupoxcaret.com\/es\/wp-content\/uploads\/2015\/04\/exx.png","contentUrl":"https:\/\/www.grupoxcaret.com\/es\/wp-content\/uploads\/2015\/04\/exx.png","width":400,"height":136,"caption":"Grupo Xcaret"},"image":{"@id":"https:\/\/www.grupoxcaret.com\/es\/#logo"}},{"@type":"WebSite","@id":"https:\/\/www.grupoxcaret.com\/es\/#website","url":"https:\/\/www.grupoxcaret.com\/es\/","name":"Grupo Xcaret Sitio Corporativo","description":"Conoce el sitio corporativo de Grupo Xcaret. Encuentra informaci\u00f3n relevante acerca de nuestra historia, marcas, filosof\u00eda empresarial, pol\u00edtica de sostenibilidad y mucho m\u00e1s.","publisher":{"@id":"https:\/\/www.grupoxcaret.com\/es\/#organization"},"potentialAction":[{"@type":"SearchAction","target":{"@type":"EntryPoint","urlTemplate":"https:\/\/www.grupoxcaret.com\/es\/?s={search_term_string}"},"query-input":"required name=search_term_string"}],"inLanguage":"es"},{"@type":"ImageObject","@id":"https:\/\/www.grupoxcaret.com\/es\/anuncia-grupo-xcaret-el-inicio-de-una-nueva-era\/#primaryimage","inLanguage":"es","url":"https:\/\/www.grupoxcaret.com\/es\/wp-content\/uploads\/2017\/10\/xcaret-mexico-espectacular-02-e1553529445942.jpg","contentUrl":"https:\/\/www.grupoxcaret.com\/es\/wp-content\/uploads\/2017\/10\/xcaret-mexico-espectacular-02-e1553529445942.jpg","width":609,"height":437},{"@type":"WebPage","@id":"https:\/\/www.grupoxcaret.com\/es\/anuncia-grupo-xcaret-el-inicio-de-una-nueva-era\/#webpage","url":"https:\/\/www.grupoxcaret.com\/es\/anuncia-grupo-xcaret-el-inicio-de-una-nueva-era\/","name":"Anuncia Grupo Xcaret el inicio de una Nueva Era - Grupo Xcaret Sitio Corporativo","isPartOf":{"@id":"https:\/\/www.grupoxcaret.com\/es\/#website"},"primaryImageOfPage":{"@id":"https:\/\/www.grupoxcaret.com\/es\/anuncia-grupo-xcaret-el-inicio-de-una-nueva-era\/#primaryimage"},"datePublished":"2019-02-06T14:32:35+00:00","dateModified":"2023-01-21T17:59:51+00:00","breadcrumb":{"@id":"https:\/\/www.grupoxcaret.com\/es\/anuncia-grupo-xcaret-el-inicio-de-una-nueva-era\/#breadcrumb"},"inLanguage":"es","potentialAction":[{"@type":"ReadAction","target":["https:\/\/www.grupoxcaret.com\/es\/anuncia-grupo-xcaret-el-inicio-de-una-nueva-era\/"]}]},{"@type":"BreadcrumbList","@id":"https:\/\/www.grupoxcaret.com\/es\/anuncia-grupo-xcaret-el-inicio-de-una-nueva-era\/#breadcrumb","itemListElement":[{"@type":"ListItem","position":1,"name":"Inicio","item":"https:\/\/www.grupoxcaret.com\/es\/"},{"@type":"ListItem","position":2,"name":"Sala de Prensa","item":"https:\/\/www.grupoxcaret.com\/es\/seccion\/sala-de-prensa\/"},{"@type":"ListItem","position":3,"name":"Anuncia Grupo Xcaret el inicio de una Nueva Era"}]},{"@type":"Article","@id":"https:\/\/www.grupoxcaret.com\/es\/anuncia-grupo-xcaret-el-inicio-de-una-nueva-era\/#article","isPartOf":{"@id":"https:\/\/www.grupoxcaret.com\/es\/anuncia-grupo-xcaret-el-inicio-de-una-nueva-era\/#webpage"},"author":{"@id":"https:\/\/www.grupoxcaret.com\/es\/#\/schema\/person\/a063bfd3f2c8806ec176d4b2afba737f"},"headline":"Anuncia Grupo Xcaret el inicio de una Nueva Era","datePublished":"2019-02-06T14:32:35+00:00","dateModified":"2023-01-21T17:59:51+00:00","mainEntityOfPage":{"@id":"https:\/\/www.grupoxcaret.com\/es\/anuncia-grupo-xcaret-el-inicio-de-una-nueva-era\/#webpage"},"wordCount":676,"commentCount":0,"publisher":{"@id":"https:\/\/www.grupoxcaret.com\/es\/#organization"},"image":{"@id":"https:\/\/www.grupoxcaret.com\/es\/anuncia-grupo-xcaret-el-inicio-de-una-nueva-era\/#primaryimage"},"thumbnailUrl":"https:\/\/www.grupoxcaret.com\/es\/wp-content\/uploads\/2017\/10\/xcaret-mexico-espectacular-02-e1553529445942.jpg","articleSection":["Boletines de Prensa","Destacados","Sala de Prensa"],"inLanguage":"es","potentialAction":[{"@type":"CommentAction","name":"Comment","target":["https:\/\/www.grupoxcaret.com\/es\/anuncia-grupo-xcaret-el-inicio-de-una-nueva-era\/#respond"]}]},{"@type":"Person","@id":"https:\/\/www.grupoxcaret.com\/es\/#\/schema\/person\/a063bfd3f2c8806ec176d4b2afba737f","name":"dmendozav","image":{"@type":"ImageObject","@id":"https:\/\/www.grupoxcaret.com\/es\/#personlogo","inLanguage":"es","url":"https:\/\/secure.gravatar.com\/avatar\/d0971a818d7242eb0e6a9b000cb0cb6c?s=96&d=mm&r=g","contentUrl":"https:\/\/secure.gravatar.com\/avatar\/d0971a818d7242eb0e6a9b000cb0cb6c?s=96&d=mm&r=g","caption":"dmendozav"},"url":"https:\/\/www.grupoxcaret.com\/es\/author\/dmendozav\/"}]}},"amp_enabled":true,"_links":{"self":[{"href":"https:\/\/www.grupoxcaret.com\/es\/wp-json\/wp\/v2\/posts\/2540"}],"collection":[{"href":"https:\/\/www.grupoxcaret.com\/es\/wp-json\/wp\/v2\/posts"}],"about":[{"href":"https:\/\/www.grupoxcaret.com\/es\/wp-json\/wp\/v2\/types\/post"}],"author":[{"embeddable":true,"href":"https:\/\/www.grupoxcaret.com\/es\/wp-json\/wp\/v2\/users\/8"}],"replies":[{"embeddable":true,"href":"https:\/\/www.grupoxcaret.com\/es\/wp-json\/wp\/v2\/comments?post=2540"}],"version-history":[{"count":1,"href":"https:\/\/www.grupoxcaret.com\/es\/wp-json\/wp\/v2\/posts\/2540\/revisions"}],"predecessor-version":[{"id":5306,"href":"https:\/\/www.grupoxcaret.com\/es\/wp-json\/wp\/v2\/posts\/2540\/revisions\/5306"}],"wp:featuredmedia":[{"embeddable":true,"href":"https:\/\/www.grupoxcaret.com\/es\/wp-json\/wp\/v2\/media\/2166"}],"wp:attachment":[{"href":"https:\/\/www.grupoxcaret.com\/es\/wp-json\/wp\/v2\/media?parent=2540"}],"wp:term":[{"taxonomy":"category","embeddable":true,"href":"https:\/\/www.grupoxcaret.com\/es\/wp-json\/wp\/v2\/categories?post=2540"},{"taxonomy":"post_tag","embeddable":true,"href":"https:\/\/www.grupoxcaret.com\/es\/wp-json\/wp\/v2\/tags?post=2540"}],"curies":[{"name":"wp","href":"https:\/\/api.w.org\/{rel}","templated":true}]}}