{"id":2485,"date":"2018-10-17T15:43:12","date_gmt":"2018-10-17T15:43:12","guid":{"rendered":"https:\/\/www.grupoxcaret.com\/es\/?p=2485"},"modified":"2023-01-21T17:54:08","modified_gmt":"2023-01-21T17:54:08","slug":"celebra-dia-muertos-hotel-xcaret-mexico","status":"publish","type":"post","link":"https:\/\/www.grupoxcaret.com\/es\/celebra-dia-muertos-hotel-xcaret-mexico\/","title":{"rendered":"Celebra el D\u00eda de Muertos en Hotel Xcaret M\u00e9xico"},"content":{"rendered":"<p><b>Canc\u00fan, M\u00e9xico, octubre de 2018 \u2013<\/b><span style=\"font-weight: 400;\"> Tradici\u00f3n, color, m\u00fasica, sabores y aromas ser\u00e1n parte de la experiencia que podr\u00e1s disfrutar del 30 de octubre al 02 de noviembre en Hotel Xcaret M\u00e9xico, el primer resort All-Fun Inclusive&#x2122; del Grupo Experiencias Xcaret, que a trav\u00e9s de diversas actividades busca convertirse en una plataforma multiplicadora del arte mexicano. Por ello tiene preparada una interesante agenda de eventos y actuaciones para conmemorar el D\u00eda de Muertos, complementando las actividades del ya representativo Festival de Tradiciones de Vida y Muerte del parque Xcaret que este a\u00f1o lleva por nombre \u201cAlmas de Plata\u201d.<\/span><\/p>\n<p><span style=\"font-weight: 400;\">Declarado \u00abPatrimonio Cultural Inmaterial\u00bb por la UNESCO, el D\u00eda de Muertos es una gran fiesta para recordar y celebrar la vida de familiares y amigos que se adelantaron en el camino. La celebraci\u00f3n de este a\u00f1o del Festival de Tradiciones de Vida y Muerte marca la 13\u00aa edici\u00f3n del evento que promete una semana llena de aut\u00e9ntica historia, arte y entretenimiento mexicano en el que se resaltar\u00e1 el atractivo colonial y la riqueza cultural del estado de Zacatecas, que es el estado invitado de este 2018.<\/span><\/p>\n<p><span style=\"font-weight: 400;\">\u00abContinuamos con la tradici\u00f3n que iniciamos hace trece a\u00f1os en Xcaret, y estamos comprometidos en seguir ofreciendo experiencias que enaltezcan y representen el significado simb\u00f3lico del D\u00eda de Muertos, pero ahora desde nuestro proyecto Destino Xcaret. Este a\u00f1o hemos elegido al estado de Zacatecas como invitado por ser el hogar de una cultura vibrante y excepcional que nos permitir\u00e1 presentar una serie de eventos creativos que, sin duda, impresionar\u00e1n a cada uno de nuestros hu\u00e9spedes. Estamos orgullosos de contar con la participaci\u00f3n de grandes talentos en nuestro Hotel Xcaret M\u00e9xico para exhibir uno de los tesoros nacionales de M\u00e9xico en el mundo\u00bb, asegur\u00f3 el Arquitecto Marcos Constandse, Director General de Destino Xcaret y Consejero Delegado de Grupo Experiencias Xcaret.<\/span><\/p>\n<p><span style=\"font-weight: 400;\">Entre las actividades que el resort tiene preparadas para celebrar a los que ya no est\u00e1n, destacan, la cena en el restaurante H\u00e1 en la que el reconocido chef Carlos Gayt\u00e1n, primer latinoamericano en obtener una estrella Michelin, sorprender\u00e1 a los comensales con un men\u00fa inspirados en la gastronom\u00eda zacatecana, la participaci\u00f3n del \u00a0grupo de bailarines zacatecano, el Grupo Tenamaxtle, que interpretar\u00e1 la danza \u201cBailando con la muerte\u201d inspirada en la colorida historia del estado mexicano, as\u00ed como del grupo de teatro y circo con sede en Quebec, Les Parfaits Inconnus cuyo espect\u00e1culo combinar\u00e1 comedia, acrobacia y malabares con m\u00fasica de rock, creando una experiencia emocionante para todos los hu\u00e9spedes del hotel.<\/span><\/p>\n<p><span style=\"font-weight: 400;\">La agenda completa de actividades se divide en 4 disciplinas art\u00edsticas: teatro, m\u00fasica, danza y gastronom\u00eda, que los hu\u00e9spedes podr\u00e1n disfrutar a lo largo de todo el resort:<\/span><\/p>\n<p><b>Teatro<\/b><span style=\"font-weight: 400;\">:<\/span><\/p>\n<ul>\n<li style=\"font-weight: 400;\"><b>Jekyll On Ice por Pablo Nani:<\/b><span style=\"font-weight: 400;\"> Globos, humor y una carreta enorme de helados son algunos de los elementos que se incorporan en esta presentaci\u00f3n \u00fanica.<\/span><\/li>\n<li style=\"font-weight: 400;\"><b>Del Cenote Misterioso al Cerro de la Bufa por Marcela Romero:<\/b><span style=\"font-weight: 400;\"> Una jovencita lucha entre la vida y la muerte mientras intenta salvar a la tierra de las amenazas humanas.<\/span><\/li>\n<\/ul>\n<p><b>M\u00fasica<\/b><\/p>\n<ul>\n<li style=\"font-weight: 400;\"><b>Corridos Revolucionarios de Zacatecas por Los Pitacoches:<\/b><span style=\"font-weight: 400;\"> Los corridistas m\u00e1s famosos del estado, especialistas en el rescate y difusi\u00f3n de la m\u00fasica popular y folcl\u00f3rica de Zacatecas, presentar\u00e1n los tradicionales corridos del siglo XX como \u201cEl tiempo de los abuelos\u201d, \u201cElisa\u201d, entre otros.<\/span><\/li>\n<li style=\"font-weight: 400;\"><b>Puras Calacas por Mexicantares Zacatecas:<\/b><span style=\"font-weight: 400;\"> el grupo local Zacatecano rescata la m\u00fasica tradicional del sur del estado caracter\u00edstica por el predominio de los instrumentos con cuerdas, que interpretan sones abaje\u00f1os, arribe\u00f1os, norte\u00f1os sobre la vida campestre y rural de los Ca\u00f1ones de Zacatecas.<\/span><\/li>\n<li style=\"font-weight: 400;\"><b>Convite de Bienvenida Zacatecana de la banda de Xcaret:<\/b><span style=\"font-weight: 400;\"> la propia banda del hotel interpreta su versi\u00f3n del himno nacional de Zacatecas y otras m\u00fasicas tradicionales.<\/span><\/li>\n<li style=\"font-weight: 400;\"><b>De Vida y Muerte Amor, Todos Estamos Hechos por Ensamble:<\/b><span style=\"font-weight: 400;\"> La agrupaci\u00f3n expande sus fronteras presentando m\u00fasicas de pa\u00edses Iberoamericanos. El contenido l\u00edrico de las obras hace alegor\u00edas a la eterna dualidad de la vida y la muerte, destacando tanto la riqueza musical como su contenido po\u00e9tico.<\/span><\/li>\n<\/ul>\n<p><b>Gastronom\u00eda:<\/b><\/p>\n<ul>\n<li style=\"font-weight: 400;\"><b>Cena de Hanal Pixan:<\/b><span style=\"font-weight: 400;\"> un men\u00fa especial inspirado en el D\u00eda de Muertos se servir\u00e1 en el Restaurante Las Cuevas, un restaurante ubicado entre las cuevas y las caletas de la propiedad.<\/span><\/li>\n<li style=\"font-weight: 400;\"><b>Cena en H\u00e1: <\/b><span style=\"font-weight: 400;\">El reconocido Chef Carlos Gayt\u00e1n llevar\u00e1 a los comensales a un recorrido culinario por los sabores del estado de Zacatecas a trav\u00e9s de un men\u00fa degustaci\u00f3n.<\/span><\/li>\n<\/ul>\n<p><span style=\"font-weight: 400;\">Sin duda, en Hotel Xcaret M\u00e9xico podr\u00e1s disfrutar de esta tradicional celebraci\u00f3n de una forma \u00fanica y diferente, adem\u00e1s, podr\u00e1s vivir el revolucionario concepto All-Fun Inclusive&#x2122; que brinda el acceso a los ocho parques naturales y tours arqueol\u00f3gicos de Grupo Experiencias Xcaret, en los cuales se encontrar\u00e1n eventos y actividades adicionales del D\u00eda de Muertos. Cabe destacar que, los hu\u00e9spedes del hotel cuentan con transportaci\u00f3n aeropuerto-hotel-aeropuerto, servicio de concierge, conexi\u00f3n Wi-Fi ilimitada, entre otros beneficios. <\/span><\/p>\n<p><span style=\"font-weight: 400;\">Para m\u00e1s informaci\u00f3n, visite <\/span><a href=\"http:\/\/www.hotelxcaret.com\"><span style=\"font-weight: 400;\">http:\/\/www.hotelxcaret.com<\/span><\/a><\/p>\n","protected":false},"excerpt":{"rendered":"<p>Canc\u00fan, M\u00e9xico, octubre de 2018 \u2013 Tradici\u00f3n, color, m\u00fasica, sabores y aromas ser\u00e1n parte de la experiencia que podr\u00e1s disfrutar del 30 de octubre al 02 de noviembre en Hotel Xcaret M\u00e9xico, el primer resort All-Fun Inclusive&#x2122; del Grupo Experiencias Xcaret, que a trav\u00e9s de diversas actividades busca convertirse en una plataforma multiplicadora del arte [&hellip;]<\/p>\n","protected":false},"author":8,"featured_media":2451,"comment_status":"open","ping_status":"open","sticky":false,"template":"","format":"standard","meta":[],"categories":[4,3],"tags":[],"yoast_head":"<!-- This site is optimized with the Yoast SEO plugin v17.6 - https:\/\/yoast.com\/wordpress\/plugins\/seo\/ -->\n<meta name=\"description\" content=\"Hotel Xcaret tiene preparada una interesante agenda de eventos y actuaciones para conmemorar el D\u00eda de Muertos junto con el parque Xcaret.\" \/>\n<meta name=\"robots\" content=\"index, follow, max-snippet:-1, max-image-preview:large, max-video-preview:-1\" \/>\n<link rel=\"canonical\" href=\"https:\/\/www.grupoxcaret.com\/es\/celebra-dia-muertos-hotel-xcaret-mexico\/\" \/>\n<meta property=\"og:locale\" content=\"es_ES\" \/>\n<meta property=\"og:type\" content=\"article\" \/>\n<meta property=\"og:title\" content=\"Celebra el D\u00eda de Muertos en Hotel Xcaret M\u00e9xico - Grupo Xcaret Sitio Corporativo\" \/>\n<meta property=\"og:description\" content=\"Hotel Xcaret tiene preparada una interesante agenda de eventos y actuaciones para conmemorar el D\u00eda de Muertos junto con el parque Xcaret.\" \/>\n<meta property=\"og:url\" content=\"https:\/\/www.grupoxcaret.com\/es\/celebra-dia-muertos-hotel-xcaret-mexico\/\" \/>\n<meta property=\"og:site_name\" content=\"Grupo Xcaret Sitio Corporativo\" \/>\n<meta property=\"article:published_time\" content=\"2018-10-17T15:43:12+00:00\" \/>\n<meta property=\"article:modified_time\" content=\"2023-01-21T17:54:08+00:00\" \/>\n<meta property=\"og:image\" content=\"https:\/\/www.grupoxcaret.com\/es\/wp-content\/uploads\/2018\/09\/Les-Foutoukours.jpg\" \/>\n\t<meta property=\"og:image:width\" content=\"762\" \/>\n\t<meta property=\"og:image:height\" content=\"762\" \/>\n<meta name=\"twitter:card\" content=\"summary_large_image\" \/>\n<meta name=\"twitter:label1\" content=\"Escrito por\" \/>\n\t<meta name=\"twitter:data1\" content=\"dmendozav\" \/>\n\t<meta name=\"twitter:label2\" content=\"Tiempo de lectura\" \/>\n\t<meta name=\"twitter:data2\" content=\"4 minutos\" \/>\n<script type=\"application\/ld+json\" class=\"yoast-schema-graph\">{\"@context\":\"https:\/\/schema.org\",\"@graph\":[{\"@type\":\"Organization\",\"@id\":\"https:\/\/www.grupoxcaret.com\/es\/#organization\",\"name\":\"Grupo Xcaret\",\"url\":\"https:\/\/www.grupoxcaret.com\/es\/\",\"sameAs\":[],\"logo\":{\"@type\":\"ImageObject\",\"@id\":\"https:\/\/www.grupoxcaret.com\/es\/#logo\",\"inLanguage\":\"es\",\"url\":\"https:\/\/www.grupoxcaret.com\/es\/wp-content\/uploads\/2015\/04\/exx.png\",\"contentUrl\":\"https:\/\/www.grupoxcaret.com\/es\/wp-content\/uploads\/2015\/04\/exx.png\",\"width\":400,\"height\":136,\"caption\":\"Grupo Xcaret\"},\"image\":{\"@id\":\"https:\/\/www.grupoxcaret.com\/es\/#logo\"}},{\"@type\":\"WebSite\",\"@id\":\"https:\/\/www.grupoxcaret.com\/es\/#website\",\"url\":\"https:\/\/www.grupoxcaret.com\/es\/\",\"name\":\"Grupo Xcaret Sitio Corporativo\",\"description\":\"Conoce el sitio corporativo de Grupo Xcaret. Encuentra informaci\\u00f3n relevante acerca de nuestra historia, marcas, filosof\\u00eda empresarial, pol\\u00edtica de sostenibilidad y mucho m\\u00e1s.\",\"publisher\":{\"@id\":\"https:\/\/www.grupoxcaret.com\/es\/#organization\"},\"potentialAction\":[{\"@type\":\"SearchAction\",\"target\":{\"@type\":\"EntryPoint\",\"urlTemplate\":\"https:\/\/www.grupoxcaret.com\/es\/?s={search_term_string}\"},\"query-input\":\"required name=search_term_string\"}],\"inLanguage\":\"es\"},{\"@type\":\"ImageObject\",\"@id\":\"https:\/\/www.grupoxcaret.com\/es\/celebra-dia-muertos-hotel-xcaret-mexico\/#primaryimage\",\"inLanguage\":\"es\",\"url\":\"https:\/\/www.grupoxcaret.com\/es\/wp-content\/uploads\/2018\/09\/Les-Foutoukours.jpg\",\"contentUrl\":\"https:\/\/www.grupoxcaret.com\/es\/wp-content\/uploads\/2018\/09\/Les-Foutoukours.jpg\",\"width\":762,\"height\":762},{\"@type\":\"WebPage\",\"@id\":\"https:\/\/www.grupoxcaret.com\/es\/celebra-dia-muertos-hotel-xcaret-mexico\/#webpage\",\"url\":\"https:\/\/www.grupoxcaret.com\/es\/celebra-dia-muertos-hotel-xcaret-mexico\/\",\"name\":\"Celebra el D\\u00eda de Muertos en Hotel Xcaret M\\u00e9xico - Grupo Xcaret Sitio Corporativo\",\"isPartOf\":{\"@id\":\"https:\/\/www.grupoxcaret.com\/es\/#website\"},\"primaryImageOfPage\":{\"@id\":\"https:\/\/www.grupoxcaret.com\/es\/celebra-dia-muertos-hotel-xcaret-mexico\/#primaryimage\"},\"datePublished\":\"2018-10-17T15:43:12+00:00\",\"dateModified\":\"2023-01-21T17:54:08+00:00\",\"description\":\"Hotel Xcaret tiene preparada una interesante agenda de eventos y actuaciones para conmemorar el D\\u00eda de Muertos junto con el parque Xcaret.\",\"breadcrumb\":{\"@id\":\"https:\/\/www.grupoxcaret.com\/es\/celebra-dia-muertos-hotel-xcaret-mexico\/#breadcrumb\"},\"inLanguage\":\"es\",\"potentialAction\":[{\"@type\":\"ReadAction\",\"target\":[\"https:\/\/www.grupoxcaret.com\/es\/celebra-dia-muertos-hotel-xcaret-mexico\/\"]}]},{\"@type\":\"BreadcrumbList\",\"@id\":\"https:\/\/www.grupoxcaret.com\/es\/celebra-dia-muertos-hotel-xcaret-mexico\/#breadcrumb\",\"itemListElement\":[{\"@type\":\"ListItem\",\"position\":1,\"name\":\"Inicio\",\"item\":\"https:\/\/www.grupoxcaret.com\/es\/\"},{\"@type\":\"ListItem\",\"position\":2,\"name\":\"Sala de Prensa\",\"item\":\"https:\/\/www.grupoxcaret.com\/es\/seccion\/sala-de-prensa\/\"},{\"@type\":\"ListItem\",\"position\":3,\"name\":\"Celebra el D\\u00eda de Muertos en Hotel Xcaret M\\u00e9xico\"}]},{\"@type\":\"Article\",\"@id\":\"https:\/\/www.grupoxcaret.com\/es\/celebra-dia-muertos-hotel-xcaret-mexico\/#article\",\"isPartOf\":{\"@id\":\"https:\/\/www.grupoxcaret.com\/es\/celebra-dia-muertos-hotel-xcaret-mexico\/#webpage\"},\"author\":{\"@id\":\"https:\/\/www.grupoxcaret.com\/es\/#\/schema\/person\/a063bfd3f2c8806ec176d4b2afba737f\"},\"headline\":\"Celebra el D\\u00eda de Muertos en Hotel Xcaret M\\u00e9xico\",\"datePublished\":\"2018-10-17T15:43:12+00:00\",\"dateModified\":\"2023-01-21T17:54:08+00:00\",\"mainEntityOfPage\":{\"@id\":\"https:\/\/www.grupoxcaret.com\/es\/celebra-dia-muertos-hotel-xcaret-mexico\/#webpage\"},\"wordCount\":887,\"commentCount\":0,\"publisher\":{\"@id\":\"https:\/\/www.grupoxcaret.com\/es\/#organization\"},\"image\":{\"@id\":\"https:\/\/www.grupoxcaret.com\/es\/celebra-dia-muertos-hotel-xcaret-mexico\/#primaryimage\"},\"thumbnailUrl\":\"https:\/\/www.grupoxcaret.com\/es\/wp-content\/uploads\/2018\/09\/Les-Foutoukours.jpg\",\"articleSection\":[\"Boletines de Prensa\",\"Sala de Prensa\"],\"inLanguage\":\"es\",\"potentialAction\":[{\"@type\":\"CommentAction\",\"name\":\"Comment\",\"target\":[\"https:\/\/www.grupoxcaret.com\/es\/celebra-dia-muertos-hotel-xcaret-mexico\/#respond\"]}]},{\"@type\":\"Person\",\"@id\":\"https:\/\/www.grupoxcaret.com\/es\/#\/schema\/person\/a063bfd3f2c8806ec176d4b2afba737f\",\"name\":\"dmendozav\",\"image\":{\"@type\":\"ImageObject\",\"@id\":\"https:\/\/www.grupoxcaret.com\/es\/#personlogo\",\"inLanguage\":\"es\",\"url\":\"https:\/\/secure.gravatar.com\/avatar\/d0971a818d7242eb0e6a9b000cb0cb6c?s=96&d=mm&r=g\",\"contentUrl\":\"https:\/\/secure.gravatar.com\/avatar\/d0971a818d7242eb0e6a9b000cb0cb6c?s=96&d=mm&r=g\",\"caption\":\"dmendozav\"},\"url\":\"https:\/\/www.grupoxcaret.com\/es\/author\/dmendozav\/\"}]}<\/script>\n<!-- \/ Yoast SEO plugin. -->","yoast_head_json":{"description":"Hotel Xcaret tiene preparada una interesante agenda de eventos y actuaciones para conmemorar el D\u00eda de Muertos junto con el parque Xcaret.","robots":{"index":"index","follow":"follow","max-snippet":"max-snippet:-1","max-image-preview":"max-image-preview:large","max-video-preview":"max-video-preview:-1"},"canonical":"https:\/\/www.grupoxcaret.com\/es\/celebra-dia-muertos-hotel-xcaret-mexico\/","og_locale":"es_ES","og_type":"article","og_title":"Celebra el D\u00eda de Muertos en Hotel Xcaret M\u00e9xico - Grupo Xcaret Sitio Corporativo","og_description":"Hotel Xcaret tiene preparada una interesante agenda de eventos y actuaciones para conmemorar el D\u00eda de Muertos junto con el parque Xcaret.","og_url":"https:\/\/www.grupoxcaret.com\/es\/celebra-dia-muertos-hotel-xcaret-mexico\/","og_site_name":"Grupo Xcaret Sitio Corporativo","article_published_time":"2018-10-17T15:43:12+00:00","article_modified_time":"2023-01-21T17:54:08+00:00","og_image":[{"width":762,"height":762,"url":"https:\/\/www.grupoxcaret.com\/es\/wp-content\/uploads\/2018\/09\/Les-Foutoukours.jpg","type":"image\/jpeg"}],"twitter_card":"summary_large_image","twitter_misc":{"Escrito por":"dmendozav","Tiempo de lectura":"4 minutos"},"schema":{"@context":"https:\/\/schema.org","@graph":[{"@type":"Organization","@id":"https:\/\/www.grupoxcaret.com\/es\/#organization","name":"Grupo Xcaret","url":"https:\/\/www.grupoxcaret.com\/es\/","sameAs":[],"logo":{"@type":"ImageObject","@id":"https:\/\/www.grupoxcaret.com\/es\/#logo","inLanguage":"es","url":"https:\/\/www.grupoxcaret.com\/es\/wp-content\/uploads\/2015\/04\/exx.png","contentUrl":"https:\/\/www.grupoxcaret.com\/es\/wp-content\/uploads\/2015\/04\/exx.png","width":400,"height":136,"caption":"Grupo Xcaret"},"image":{"@id":"https:\/\/www.grupoxcaret.com\/es\/#logo"}},{"@type":"WebSite","@id":"https:\/\/www.grupoxcaret.com\/es\/#website","url":"https:\/\/www.grupoxcaret.com\/es\/","name":"Grupo Xcaret Sitio Corporativo","description":"Conoce el sitio corporativo de Grupo Xcaret. Encuentra informaci\u00f3n relevante acerca de nuestra historia, marcas, filosof\u00eda empresarial, pol\u00edtica de sostenibilidad y mucho m\u00e1s.","publisher":{"@id":"https:\/\/www.grupoxcaret.com\/es\/#organization"},"potentialAction":[{"@type":"SearchAction","target":{"@type":"EntryPoint","urlTemplate":"https:\/\/www.grupoxcaret.com\/es\/?s={search_term_string}"},"query-input":"required name=search_term_string"}],"inLanguage":"es"},{"@type":"ImageObject","@id":"https:\/\/www.grupoxcaret.com\/es\/celebra-dia-muertos-hotel-xcaret-mexico\/#primaryimage","inLanguage":"es","url":"https:\/\/www.grupoxcaret.com\/es\/wp-content\/uploads\/2018\/09\/Les-Foutoukours.jpg","contentUrl":"https:\/\/www.grupoxcaret.com\/es\/wp-content\/uploads\/2018\/09\/Les-Foutoukours.jpg","width":762,"height":762},{"@type":"WebPage","@id":"https:\/\/www.grupoxcaret.com\/es\/celebra-dia-muertos-hotel-xcaret-mexico\/#webpage","url":"https:\/\/www.grupoxcaret.com\/es\/celebra-dia-muertos-hotel-xcaret-mexico\/","name":"Celebra el D\u00eda de Muertos en Hotel Xcaret M\u00e9xico - Grupo Xcaret Sitio Corporativo","isPartOf":{"@id":"https:\/\/www.grupoxcaret.com\/es\/#website"},"primaryImageOfPage":{"@id":"https:\/\/www.grupoxcaret.com\/es\/celebra-dia-muertos-hotel-xcaret-mexico\/#primaryimage"},"datePublished":"2018-10-17T15:43:12+00:00","dateModified":"2023-01-21T17:54:08+00:00","description":"Hotel Xcaret tiene preparada una interesante agenda de eventos y actuaciones para conmemorar el D\u00eda de Muertos junto con el parque Xcaret.","breadcrumb":{"@id":"https:\/\/www.grupoxcaret.com\/es\/celebra-dia-muertos-hotel-xcaret-mexico\/#breadcrumb"},"inLanguage":"es","potentialAction":[{"@type":"ReadAction","target":["https:\/\/www.grupoxcaret.com\/es\/celebra-dia-muertos-hotel-xcaret-mexico\/"]}]},{"@type":"BreadcrumbList","@id":"https:\/\/www.grupoxcaret.com\/es\/celebra-dia-muertos-hotel-xcaret-mexico\/#breadcrumb","itemListElement":[{"@type":"ListItem","position":1,"name":"Inicio","item":"https:\/\/www.grupoxcaret.com\/es\/"},{"@type":"ListItem","position":2,"name":"Sala de Prensa","item":"https:\/\/www.grupoxcaret.com\/es\/seccion\/sala-de-prensa\/"},{"@type":"ListItem","position":3,"name":"Celebra el D\u00eda de Muertos en Hotel Xcaret M\u00e9xico"}]},{"@type":"Article","@id":"https:\/\/www.grupoxcaret.com\/es\/celebra-dia-muertos-hotel-xcaret-mexico\/#article","isPartOf":{"@id":"https:\/\/www.grupoxcaret.com\/es\/celebra-dia-muertos-hotel-xcaret-mexico\/#webpage"},"author":{"@id":"https:\/\/www.grupoxcaret.com\/es\/#\/schema\/person\/a063bfd3f2c8806ec176d4b2afba737f"},"headline":"Celebra el D\u00eda de Muertos en Hotel Xcaret M\u00e9xico","datePublished":"2018-10-17T15:43:12+00:00","dateModified":"2023-01-21T17:54:08+00:00","mainEntityOfPage":{"@id":"https:\/\/www.grupoxcaret.com\/es\/celebra-dia-muertos-hotel-xcaret-mexico\/#webpage"},"wordCount":887,"commentCount":0,"publisher":{"@id":"https:\/\/www.grupoxcaret.com\/es\/#organization"},"image":{"@id":"https:\/\/www.grupoxcaret.com\/es\/celebra-dia-muertos-hotel-xcaret-mexico\/#primaryimage"},"thumbnailUrl":"https:\/\/www.grupoxcaret.com\/es\/wp-content\/uploads\/2018\/09\/Les-Foutoukours.jpg","articleSection":["Boletines de Prensa","Sala de Prensa"],"inLanguage":"es","potentialAction":[{"@type":"CommentAction","name":"Comment","target":["https:\/\/www.grupoxcaret.com\/es\/celebra-dia-muertos-hotel-xcaret-mexico\/#respond"]}]},{"@type":"Person","@id":"https:\/\/www.grupoxcaret.com\/es\/#\/schema\/person\/a063bfd3f2c8806ec176d4b2afba737f","name":"dmendozav","image":{"@type":"ImageObject","@id":"https:\/\/www.grupoxcaret.com\/es\/#personlogo","inLanguage":"es","url":"https:\/\/secure.gravatar.com\/avatar\/d0971a818d7242eb0e6a9b000cb0cb6c?s=96&d=mm&r=g","contentUrl":"https:\/\/secure.gravatar.com\/avatar\/d0971a818d7242eb0e6a9b000cb0cb6c?s=96&d=mm&r=g","caption":"dmendozav"},"url":"https:\/\/www.grupoxcaret.com\/es\/author\/dmendozav\/"}]}},"amp_enabled":true,"_links":{"self":[{"href":"https:\/\/www.grupoxcaret.com\/es\/wp-json\/wp\/v2\/posts\/2485"}],"collection":[{"href":"https:\/\/www.grupoxcaret.com\/es\/wp-json\/wp\/v2\/posts"}],"about":[{"href":"https:\/\/www.grupoxcaret.com\/es\/wp-json\/wp\/v2\/types\/post"}],"author":[{"embeddable":true,"href":"https:\/\/www.grupoxcaret.com\/es\/wp-json\/wp\/v2\/users\/8"}],"replies":[{"embeddable":true,"href":"https:\/\/www.grupoxcaret.com\/es\/wp-json\/wp\/v2\/comments?post=2485"}],"version-history":[{"count":1,"href":"https:\/\/www.grupoxcaret.com\/es\/wp-json\/wp\/v2\/posts\/2485\/revisions"}],"predecessor-version":[{"id":5300,"href":"https:\/\/www.grupoxcaret.com\/es\/wp-json\/wp\/v2\/posts\/2485\/revisions\/5300"}],"wp:featuredmedia":[{"embeddable":true,"href":"https:\/\/www.grupoxcaret.com\/es\/wp-json\/wp\/v2\/media\/2451"}],"wp:attachment":[{"href":"https:\/\/www.grupoxcaret.com\/es\/wp-json\/wp\/v2\/media?parent=2485"}],"wp:term":[{"taxonomy":"category","embeddable":true,"href":"https:\/\/www.grupoxcaret.com\/es\/wp-json\/wp\/v2\/categories?post=2485"},{"taxonomy":"post_tag","embeddable":true,"href":"https:\/\/www.grupoxcaret.com\/es\/wp-json\/wp\/v2\/tags?post=2485"}],"curies":[{"name":"wp","href":"https:\/\/api.w.org\/{rel}","templated":true}]}}