{"id":2172,"date":"2017-10-19T18:39:40","date_gmt":"2017-10-19T18:39:40","guid":{"rendered":"https:\/\/www.grupoxcaret.com\/es\/?p=2172"},"modified":"2017-10-19T18:39:40","modified_gmt":"2017-10-19T18:39:40","slug":"xcaret-sitio-ideal-vivir-celebracion-dia-muertos-mexico","status":"publish","type":"post","link":"https:\/\/www.grupoxcaret.com\/es\/xcaret-sitio-ideal-vivir-celebracion-dia-muertos-mexico\/","title":{"rendered":"Xcaret: Sitio Ideal para Vivir Celebraci\u00f3n de D\u00eda de Muertos en M\u00e9xico"},"content":{"rendered":"<p><span style=\"font-weight: 400;\">El estado de Yucat\u00e1n es el invitado especial en el 12\u00ba. Festival de Tradiciones de Vida y Muerte de Xcaret, que se realizar\u00e1 del 30 de octubre al 2 de noviembre, en Canc\u00fan y la Riviera Maya, en Quintana Roo, M\u00e9xico, y que cada a\u00f1o recibe cerca de 50 mil visitantes.<\/span><\/p>\n<p><span style=\"font-weight: 400;\">Se trata de un evento que conjunta teatro, m\u00fasica, danza, recorridos, exposiciones y exhibiciones, as\u00ed como talleres interactivos. Desde su creaci\u00f3n en 2006, los visitantes tienen la oportunidad de entrar en contacto con una de las celebraciones m\u00e1s representativas de M\u00e9xico: el D\u00eda de Muertos, ritual catalogado por la UNESCO como Patrimonio Cultural Inmaterial de la Humanidad.<\/span><\/p>\n<p><span style=\"font-weight: 400;\">Durante el festival (www.festivaldevidaymuerte.com) los asistentes pueden visitar un pante\u00f3n mexicano adornado con flores y velas encendidas, conocer c\u00f3mo se prepara la comida tradicional de D\u00eda de Muertos y apreciar los famosos altares, con los que las familias se preparan para recibir las almas de sus familiares ya fallecidos.<\/span><\/p>\n<p><span style=\"font-weight: 400;\">La delegaci\u00f3n de Yucat\u00e1n asiste al festival con un grupo de cocineras tradicionales, artesanos y grupos art\u00edsticos comunitarios, que directamente ofrecen sus productos a los visitantes y participan en las presentaciones, en diversos foros.<\/span><\/p>\n<p><span style=\"font-weight: 400;\">En las noches del festival es com\u00fan apreciar personajes ataviados como \u201cLa Catrina\u201d, una representaci\u00f3n de la muerte, que se caracteriza por tener una actitud alegre y festiva. En M\u00e9xico se ha popularizado como una representaci\u00f3n del car\u00e1cter optimista del mexicano frente a las adversidades.<\/span><\/p>\n<p><span style=\"font-weight: 400;\">Durante estas fechas los visitantes se pintan el rostro con la imagen de una calavera y disfrutan de la gran fiesta entre escenarios de m\u00fasica, danza y teatro, con obras inspiradas en el tema de la vida y la muerte. <\/span><\/p>\n<p><span style=\"font-weight: 400;\">Las culturas prehisp\u00e1nicas de M\u00e9xico han rendido culto a la muerte desde sus or\u00edgenes, y la han concebido como una dualidad de vida, parte fundamental del ciclo de la naturaleza. Con la llegada de los conquistadores, los rituales se fusionaron y dieron origen a la tradici\u00f3n del D\u00eda de Muertos.<\/span><\/p>\n<p><span style=\"font-weight: 400;\">El programa de actividades puede consultarse en el sitio: www.festivaldevidaymuerte.com<\/span><\/p>\n<p><img loading=\"lazy\" class=\"alignnone size-full wp-image-2174\" src=\"https:\/\/www.grupoxcaret.com\/es\/wp-content\/uploads\/2017\/10\/No-te-asuste-mi-nombre..jpg\" alt=\"\" width=\"1800\" height=\"1200\" srcset=\"https:\/\/www.grupoxcaret.com\/es\/wp-content\/uploads\/2017\/10\/No-te-asuste-mi-nombre..jpg 1800w, https:\/\/www.grupoxcaret.com\/es\/wp-content\/uploads\/2017\/10\/No-te-asuste-mi-nombre.-696x464.jpg 696w, https:\/\/www.grupoxcaret.com\/es\/wp-content\/uploads\/2017\/10\/No-te-asuste-mi-nombre.-1068x712.jpg 1068w, https:\/\/www.grupoxcaret.com\/es\/wp-content\/uploads\/2017\/10\/No-te-asuste-mi-nombre.-630x420.jpg 630w, https:\/\/www.grupoxcaret.com\/es\/wp-content\/uploads\/2017\/10\/No-te-asuste-mi-nombre.-300x200.jpg 300w, https:\/\/www.grupoxcaret.com\/es\/wp-content\/uploads\/2017\/10\/No-te-asuste-mi-nombre.-768x512.jpg 768w, https:\/\/www.grupoxcaret.com\/es\/wp-content\/uploads\/2017\/10\/No-te-asuste-mi-nombre.-1024x683.jpg 1024w\" sizes=\"(max-width: 1800px) 100vw, 1800px\" \/><\/p>\n<p><b>ACERCA DE XCARET<\/b><\/p>\n<p><span style=\"font-weight: 400;\">Xcaret (<\/span><a href=\"http:\/\/www.xcaret.com\"><span style=\"font-weight: 400;\">www.xcaret.com<\/span><\/a><span style=\"font-weight: 400;\">) es un majestuoso parque a la orilla del mar, con actividades \u00fanicas en medio de la selva, \u00a0en donde sus visitantes se divierten descubriendo el patrimonio natural y cultural de M\u00e9xico, a trav\u00e9s de r\u00edos subterr\u00e1neos, su fauna silvestre terrestre y acu\u00e1tica, gastronom\u00eda y expresiones art\u00edsticas.<\/span><\/p>\n<p><span style=\"font-weight: 400;\">Para mayor informaci\u00f3n: <\/span><a href=\"https:\/\/www.grupoxcaret.com\/es\"><span style=\"font-weight: 400;\">www.grupoexperienciasxcaret.com<\/span><\/a><\/p>\n","protected":false},"excerpt":{"rendered":"<p>El estado de Yucat\u00e1n es el invitado especial en el 12\u00ba. Festival de Tradiciones de Vida y Muerte de Xcaret, que se realizar\u00e1 del 30 de octubre al 2 de noviembre, en Canc\u00fan y la Riviera Maya, en Quintana Roo, M\u00e9xico, y que cada a\u00f1o recibe cerca de 50 mil visitantes. Se trata de un [&hellip;]<\/p>\n","protected":false},"author":8,"featured_media":2173,"comment_status":"open","ping_status":"open","sticky":false,"template":"","format":"standard","meta":[],"categories":[9,3],"tags":[],"yoast_head":"<!-- This site is optimized with the Yoast SEO plugin v17.6 - https:\/\/yoast.com\/wordpress\/plugins\/seo\/ -->\n<meta name=\"robots\" content=\"index, follow, max-snippet:-1, max-image-preview:large, max-video-preview:-1\" \/>\n<link rel=\"canonical\" href=\"https:\/\/www.grupoxcaret.com\/es\/xcaret-sitio-ideal-vivir-celebracion-dia-muertos-mexico\/\" \/>\n<meta property=\"og:locale\" content=\"es_ES\" \/>\n<meta property=\"og:type\" content=\"article\" \/>\n<meta property=\"og:title\" content=\"Xcaret: Sitio Ideal para Vivir Celebraci\u00f3n de D\u00eda de Muertos en M\u00e9xico - Grupo Xcaret Sitio Corporativo\" \/>\n<meta property=\"og:description\" content=\"El estado de Yucat\u00e1n es el invitado especial en el 12\u00ba. Festival de Tradiciones de Vida y Muerte de Xcaret, que se realizar\u00e1 del 30 de octubre al 2 de noviembre, en Canc\u00fan y la Riviera Maya, en Quintana Roo, M\u00e9xico, y que cada a\u00f1o recibe cerca de 50 mil visitantes. Se trata de un [&hellip;]\" \/>\n<meta property=\"og:url\" content=\"https:\/\/www.grupoxcaret.com\/es\/xcaret-sitio-ideal-vivir-celebracion-dia-muertos-mexico\/\" \/>\n<meta property=\"og:site_name\" content=\"Grupo Xcaret Sitio Corporativo\" \/>\n<meta property=\"article:published_time\" content=\"2017-10-19T18:39:40+00:00\" \/>\n<meta property=\"og:image\" content=\"https:\/\/www.grupoxcaret.com\/es\/wp-content\/uploads\/2017\/10\/Life-and-Death-Xcaret\u00b4s-Festival.-.jpg\" \/>\n\t<meta property=\"og:image:width\" content=\"1800\" \/>\n\t<meta property=\"og:image:height\" content=\"1201\" \/>\n<meta name=\"twitter:card\" content=\"summary_large_image\" \/>\n<meta name=\"twitter:label1\" content=\"Escrito por\" \/>\n\t<meta name=\"twitter:data1\" content=\"dmendozav\" \/>\n\t<meta name=\"twitter:label2\" content=\"Tiempo de lectura\" \/>\n\t<meta name=\"twitter:data2\" content=\"2 minutos\" \/>\n<script type=\"application\/ld+json\" class=\"yoast-schema-graph\">{\"@context\":\"https:\/\/schema.org\",\"@graph\":[{\"@type\":\"Organization\",\"@id\":\"https:\/\/www.grupoxcaret.com\/es\/#organization\",\"name\":\"Grupo Xcaret\",\"url\":\"https:\/\/www.grupoxcaret.com\/es\/\",\"sameAs\":[],\"logo\":{\"@type\":\"ImageObject\",\"@id\":\"https:\/\/www.grupoxcaret.com\/es\/#logo\",\"inLanguage\":\"es\",\"url\":\"https:\/\/www.grupoxcaret.com\/es\/wp-content\/uploads\/2015\/04\/exx.png\",\"contentUrl\":\"https:\/\/www.grupoxcaret.com\/es\/wp-content\/uploads\/2015\/04\/exx.png\",\"width\":400,\"height\":136,\"caption\":\"Grupo Xcaret\"},\"image\":{\"@id\":\"https:\/\/www.grupoxcaret.com\/es\/#logo\"}},{\"@type\":\"WebSite\",\"@id\":\"https:\/\/www.grupoxcaret.com\/es\/#website\",\"url\":\"https:\/\/www.grupoxcaret.com\/es\/\",\"name\":\"Grupo Xcaret Sitio Corporativo\",\"description\":\"Conoce el sitio corporativo de Grupo Xcaret. Encuentra informaci\\u00f3n relevante acerca de nuestra historia, marcas, filosof\\u00eda empresarial, pol\\u00edtica de sostenibilidad y mucho m\\u00e1s.\",\"publisher\":{\"@id\":\"https:\/\/www.grupoxcaret.com\/es\/#organization\"},\"potentialAction\":[{\"@type\":\"SearchAction\",\"target\":{\"@type\":\"EntryPoint\",\"urlTemplate\":\"https:\/\/www.grupoxcaret.com\/es\/?s={search_term_string}\"},\"query-input\":\"required name=search_term_string\"}],\"inLanguage\":\"es\"},{\"@type\":\"ImageObject\",\"@id\":\"https:\/\/www.grupoxcaret.com\/es\/xcaret-sitio-ideal-vivir-celebracion-dia-muertos-mexico\/#primaryimage\",\"inLanguage\":\"es\",\"url\":\"https:\/\/www.grupoxcaret.com\/es\/wp-content\/uploads\/2017\/10\/Life-and-Death-Xcaret\\u00b4s-Festival.-.jpg\",\"contentUrl\":\"https:\/\/www.grupoxcaret.com\/es\/wp-content\/uploads\/2017\/10\/Life-and-Death-Xcaret\\u00b4s-Festival.-.jpg\",\"width\":1800,\"height\":1201},{\"@type\":\"WebPage\",\"@id\":\"https:\/\/www.grupoxcaret.com\/es\/xcaret-sitio-ideal-vivir-celebracion-dia-muertos-mexico\/#webpage\",\"url\":\"https:\/\/www.grupoxcaret.com\/es\/xcaret-sitio-ideal-vivir-celebracion-dia-muertos-mexico\/\",\"name\":\"Xcaret: Sitio Ideal para Vivir Celebraci\\u00f3n de D\\u00eda de Muertos en M\\u00e9xico - Grupo Xcaret Sitio Corporativo\",\"isPartOf\":{\"@id\":\"https:\/\/www.grupoxcaret.com\/es\/#website\"},\"primaryImageOfPage\":{\"@id\":\"https:\/\/www.grupoxcaret.com\/es\/xcaret-sitio-ideal-vivir-celebracion-dia-muertos-mexico\/#primaryimage\"},\"datePublished\":\"2017-10-19T18:39:40+00:00\",\"dateModified\":\"2017-10-19T18:39:40+00:00\",\"breadcrumb\":{\"@id\":\"https:\/\/www.grupoxcaret.com\/es\/xcaret-sitio-ideal-vivir-celebracion-dia-muertos-mexico\/#breadcrumb\"},\"inLanguage\":\"es\",\"potentialAction\":[{\"@type\":\"ReadAction\",\"target\":[\"https:\/\/www.grupoxcaret.com\/es\/xcaret-sitio-ideal-vivir-celebracion-dia-muertos-mexico\/\"]}]},{\"@type\":\"BreadcrumbList\",\"@id\":\"https:\/\/www.grupoxcaret.com\/es\/xcaret-sitio-ideal-vivir-celebracion-dia-muertos-mexico\/#breadcrumb\",\"itemListElement\":[{\"@type\":\"ListItem\",\"position\":1,\"name\":\"Inicio\",\"item\":\"https:\/\/www.grupoxcaret.com\/es\/\"},{\"@type\":\"ListItem\",\"position\":2,\"name\":\"Sala de Prensa\",\"item\":\"https:\/\/www.grupoxcaret.com\/es\/seccion\/sala-de-prensa\/\"},{\"@type\":\"ListItem\",\"position\":3,\"name\":\"Xcaret: Sitio Ideal para Vivir Celebraci\\u00f3n de D\\u00eda de Muertos en M\\u00e9xico\"}]},{\"@type\":\"Article\",\"@id\":\"https:\/\/www.grupoxcaret.com\/es\/xcaret-sitio-ideal-vivir-celebracion-dia-muertos-mexico\/#article\",\"isPartOf\":{\"@id\":\"https:\/\/www.grupoxcaret.com\/es\/xcaret-sitio-ideal-vivir-celebracion-dia-muertos-mexico\/#webpage\"},\"author\":{\"@id\":\"https:\/\/www.grupoxcaret.com\/es\/#\/schema\/person\/a063bfd3f2c8806ec176d4b2afba737f\"},\"headline\":\"Xcaret: Sitio Ideal para Vivir Celebraci\\u00f3n de D\\u00eda de Muertos en M\\u00e9xico\",\"datePublished\":\"2017-10-19T18:39:40+00:00\",\"dateModified\":\"2017-10-19T18:39:40+00:00\",\"mainEntityOfPage\":{\"@id\":\"https:\/\/www.grupoxcaret.com\/es\/xcaret-sitio-ideal-vivir-celebracion-dia-muertos-mexico\/#webpage\"},\"wordCount\":443,\"commentCount\":0,\"publisher\":{\"@id\":\"https:\/\/www.grupoxcaret.com\/es\/#organization\"},\"image\":{\"@id\":\"https:\/\/www.grupoxcaret.com\/es\/xcaret-sitio-ideal-vivir-celebracion-dia-muertos-mexico\/#primaryimage\"},\"thumbnailUrl\":\"https:\/\/www.grupoxcaret.com\/es\/wp-content\/uploads\/2017\/10\/Life-and-Death-Xcaret\\u00b4s-Festival.-.jpg\",\"articleSection\":[\"Festival de Tradiciones de Vida y Muerte\",\"Sala de Prensa\"],\"inLanguage\":\"es\",\"potentialAction\":[{\"@type\":\"CommentAction\",\"name\":\"Comment\",\"target\":[\"https:\/\/www.grupoxcaret.com\/es\/xcaret-sitio-ideal-vivir-celebracion-dia-muertos-mexico\/#respond\"]}]},{\"@type\":\"Person\",\"@id\":\"https:\/\/www.grupoxcaret.com\/es\/#\/schema\/person\/a063bfd3f2c8806ec176d4b2afba737f\",\"name\":\"dmendozav\",\"image\":{\"@type\":\"ImageObject\",\"@id\":\"https:\/\/www.grupoxcaret.com\/es\/#personlogo\",\"inLanguage\":\"es\",\"url\":\"https:\/\/secure.gravatar.com\/avatar\/d0971a818d7242eb0e6a9b000cb0cb6c?s=96&d=mm&r=g\",\"contentUrl\":\"https:\/\/secure.gravatar.com\/avatar\/d0971a818d7242eb0e6a9b000cb0cb6c?s=96&d=mm&r=g\",\"caption\":\"dmendozav\"},\"url\":\"https:\/\/www.grupoxcaret.com\/es\/author\/dmendozav\/\"}]}<\/script>\n<!-- \/ Yoast SEO plugin. -->","yoast_head_json":{"robots":{"index":"index","follow":"follow","max-snippet":"max-snippet:-1","max-image-preview":"max-image-preview:large","max-video-preview":"max-video-preview:-1"},"canonical":"https:\/\/www.grupoxcaret.com\/es\/xcaret-sitio-ideal-vivir-celebracion-dia-muertos-mexico\/","og_locale":"es_ES","og_type":"article","og_title":"Xcaret: Sitio Ideal para Vivir Celebraci\u00f3n de D\u00eda de Muertos en M\u00e9xico - Grupo Xcaret Sitio Corporativo","og_description":"El estado de Yucat\u00e1n es el invitado especial en el 12\u00ba. Festival de Tradiciones de Vida y Muerte de Xcaret, que se realizar\u00e1 del 30 de octubre al 2 de noviembre, en Canc\u00fan y la Riviera Maya, en Quintana Roo, M\u00e9xico, y que cada a\u00f1o recibe cerca de 50 mil visitantes. Se trata de un [&hellip;]","og_url":"https:\/\/www.grupoxcaret.com\/es\/xcaret-sitio-ideal-vivir-celebracion-dia-muertos-mexico\/","og_site_name":"Grupo Xcaret Sitio Corporativo","article_published_time":"2017-10-19T18:39:40+00:00","og_image":[{"width":1800,"height":1201,"url":"https:\/\/www.grupoxcaret.com\/es\/wp-content\/uploads\/2017\/10\/Life-and-Death-Xcaret\u00b4s-Festival.-.jpg","type":"image\/jpeg"}],"twitter_card":"summary_large_image","twitter_misc":{"Escrito por":"dmendozav","Tiempo de lectura":"2 minutos"},"schema":{"@context":"https:\/\/schema.org","@graph":[{"@type":"Organization","@id":"https:\/\/www.grupoxcaret.com\/es\/#organization","name":"Grupo Xcaret","url":"https:\/\/www.grupoxcaret.com\/es\/","sameAs":[],"logo":{"@type":"ImageObject","@id":"https:\/\/www.grupoxcaret.com\/es\/#logo","inLanguage":"es","url":"https:\/\/www.grupoxcaret.com\/es\/wp-content\/uploads\/2015\/04\/exx.png","contentUrl":"https:\/\/www.grupoxcaret.com\/es\/wp-content\/uploads\/2015\/04\/exx.png","width":400,"height":136,"caption":"Grupo Xcaret"},"image":{"@id":"https:\/\/www.grupoxcaret.com\/es\/#logo"}},{"@type":"WebSite","@id":"https:\/\/www.grupoxcaret.com\/es\/#website","url":"https:\/\/www.grupoxcaret.com\/es\/","name":"Grupo Xcaret Sitio Corporativo","description":"Conoce el sitio corporativo de Grupo Xcaret. Encuentra informaci\u00f3n relevante acerca de nuestra historia, marcas, filosof\u00eda empresarial, pol\u00edtica de sostenibilidad y mucho m\u00e1s.","publisher":{"@id":"https:\/\/www.grupoxcaret.com\/es\/#organization"},"potentialAction":[{"@type":"SearchAction","target":{"@type":"EntryPoint","urlTemplate":"https:\/\/www.grupoxcaret.com\/es\/?s={search_term_string}"},"query-input":"required name=search_term_string"}],"inLanguage":"es"},{"@type":"ImageObject","@id":"https:\/\/www.grupoxcaret.com\/es\/xcaret-sitio-ideal-vivir-celebracion-dia-muertos-mexico\/#primaryimage","inLanguage":"es","url":"https:\/\/www.grupoxcaret.com\/es\/wp-content\/uploads\/2017\/10\/Life-and-Death-Xcaret\u00b4s-Festival.-.jpg","contentUrl":"https:\/\/www.grupoxcaret.com\/es\/wp-content\/uploads\/2017\/10\/Life-and-Death-Xcaret\u00b4s-Festival.-.jpg","width":1800,"height":1201},{"@type":"WebPage","@id":"https:\/\/www.grupoxcaret.com\/es\/xcaret-sitio-ideal-vivir-celebracion-dia-muertos-mexico\/#webpage","url":"https:\/\/www.grupoxcaret.com\/es\/xcaret-sitio-ideal-vivir-celebracion-dia-muertos-mexico\/","name":"Xcaret: Sitio Ideal para Vivir Celebraci\u00f3n de D\u00eda de Muertos en M\u00e9xico - Grupo Xcaret Sitio Corporativo","isPartOf":{"@id":"https:\/\/www.grupoxcaret.com\/es\/#website"},"primaryImageOfPage":{"@id":"https:\/\/www.grupoxcaret.com\/es\/xcaret-sitio-ideal-vivir-celebracion-dia-muertos-mexico\/#primaryimage"},"datePublished":"2017-10-19T18:39:40+00:00","dateModified":"2017-10-19T18:39:40+00:00","breadcrumb":{"@id":"https:\/\/www.grupoxcaret.com\/es\/xcaret-sitio-ideal-vivir-celebracion-dia-muertos-mexico\/#breadcrumb"},"inLanguage":"es","potentialAction":[{"@type":"ReadAction","target":["https:\/\/www.grupoxcaret.com\/es\/xcaret-sitio-ideal-vivir-celebracion-dia-muertos-mexico\/"]}]},{"@type":"BreadcrumbList","@id":"https:\/\/www.grupoxcaret.com\/es\/xcaret-sitio-ideal-vivir-celebracion-dia-muertos-mexico\/#breadcrumb","itemListElement":[{"@type":"ListItem","position":1,"name":"Inicio","item":"https:\/\/www.grupoxcaret.com\/es\/"},{"@type":"ListItem","position":2,"name":"Sala de Prensa","item":"https:\/\/www.grupoxcaret.com\/es\/seccion\/sala-de-prensa\/"},{"@type":"ListItem","position":3,"name":"Xcaret: Sitio Ideal para Vivir Celebraci\u00f3n de D\u00eda de Muertos en M\u00e9xico"}]},{"@type":"Article","@id":"https:\/\/www.grupoxcaret.com\/es\/xcaret-sitio-ideal-vivir-celebracion-dia-muertos-mexico\/#article","isPartOf":{"@id":"https:\/\/www.grupoxcaret.com\/es\/xcaret-sitio-ideal-vivir-celebracion-dia-muertos-mexico\/#webpage"},"author":{"@id":"https:\/\/www.grupoxcaret.com\/es\/#\/schema\/person\/a063bfd3f2c8806ec176d4b2afba737f"},"headline":"Xcaret: Sitio Ideal para Vivir Celebraci\u00f3n de D\u00eda de Muertos en M\u00e9xico","datePublished":"2017-10-19T18:39:40+00:00","dateModified":"2017-10-19T18:39:40+00:00","mainEntityOfPage":{"@id":"https:\/\/www.grupoxcaret.com\/es\/xcaret-sitio-ideal-vivir-celebracion-dia-muertos-mexico\/#webpage"},"wordCount":443,"commentCount":0,"publisher":{"@id":"https:\/\/www.grupoxcaret.com\/es\/#organization"},"image":{"@id":"https:\/\/www.grupoxcaret.com\/es\/xcaret-sitio-ideal-vivir-celebracion-dia-muertos-mexico\/#primaryimage"},"thumbnailUrl":"https:\/\/www.grupoxcaret.com\/es\/wp-content\/uploads\/2017\/10\/Life-and-Death-Xcaret\u00b4s-Festival.-.jpg","articleSection":["Festival de Tradiciones de Vida y Muerte","Sala de Prensa"],"inLanguage":"es","potentialAction":[{"@type":"CommentAction","name":"Comment","target":["https:\/\/www.grupoxcaret.com\/es\/xcaret-sitio-ideal-vivir-celebracion-dia-muertos-mexico\/#respond"]}]},{"@type":"Person","@id":"https:\/\/www.grupoxcaret.com\/es\/#\/schema\/person\/a063bfd3f2c8806ec176d4b2afba737f","name":"dmendozav","image":{"@type":"ImageObject","@id":"https:\/\/www.grupoxcaret.com\/es\/#personlogo","inLanguage":"es","url":"https:\/\/secure.gravatar.com\/avatar\/d0971a818d7242eb0e6a9b000cb0cb6c?s=96&d=mm&r=g","contentUrl":"https:\/\/secure.gravatar.com\/avatar\/d0971a818d7242eb0e6a9b000cb0cb6c?s=96&d=mm&r=g","caption":"dmendozav"},"url":"https:\/\/www.grupoxcaret.com\/es\/author\/dmendozav\/"}]}},"amp_enabled":true,"_links":{"self":[{"href":"https:\/\/www.grupoxcaret.com\/es\/wp-json\/wp\/v2\/posts\/2172"}],"collection":[{"href":"https:\/\/www.grupoxcaret.com\/es\/wp-json\/wp\/v2\/posts"}],"about":[{"href":"https:\/\/www.grupoxcaret.com\/es\/wp-json\/wp\/v2\/types\/post"}],"author":[{"embeddable":true,"href":"https:\/\/www.grupoxcaret.com\/es\/wp-json\/wp\/v2\/users\/8"}],"replies":[{"embeddable":true,"href":"https:\/\/www.grupoxcaret.com\/es\/wp-json\/wp\/v2\/comments?post=2172"}],"version-history":[{"count":0,"href":"https:\/\/www.grupoxcaret.com\/es\/wp-json\/wp\/v2\/posts\/2172\/revisions"}],"wp:featuredmedia":[{"embeddable":true,"href":"https:\/\/www.grupoxcaret.com\/es\/wp-json\/wp\/v2\/media\/2173"}],"wp:attachment":[{"href":"https:\/\/www.grupoxcaret.com\/es\/wp-json\/wp\/v2\/media?parent=2172"}],"wp:term":[{"taxonomy":"category","embeddable":true,"href":"https:\/\/www.grupoxcaret.com\/es\/wp-json\/wp\/v2\/categories?post=2172"},{"taxonomy":"post_tag","embeddable":true,"href":"https:\/\/www.grupoxcaret.com\/es\/wp-json\/wp\/v2\/tags?post=2172"}],"curies":[{"name":"wp","href":"https:\/\/api.w.org\/{rel}","templated":true}]}}