{"id":2163,"date":"2017-10-10T20:32:19","date_gmt":"2017-10-10T20:32:19","guid":{"rendered":"https:\/\/www.grupoxcaret.com\/es\/?p=2163"},"modified":"2017-10-10T20:32:19","modified_gmt":"2017-10-10T20:32:19","slug":"xcaret-postulado-nuevamente-mejor-parque-tematico-acuatico-del-mundo","status":"publish","type":"post","link":"https:\/\/www.grupoxcaret.com\/es\/xcaret-postulado-nuevamente-mejor-parque-tematico-acuatico-del-mundo\/","title":{"rendered":"Xcaret, Postulado Nuevamente Como Mejor Parque Tem\u00e1tico y Acu\u00e1tico del Mundo"},"content":{"rendered":"<p><span style=\"font-weight: 400;\">El parque Xcaret, de Canc\u00fan y la Riviera Maya, ha sido nominado para ser galardonado en los premios Travvy Awards 2018, presentados anualmente por la empresa TravAlliancemedia, la cual reconoce los m\u00e1s altos est\u00e1ndares de excelencia en la industria tur\u00edstica internacional.<\/span><\/p>\n<p><span style=\"font-weight: 400;\">Xcaret ha sido nominado finalista en las categor\u00edas de \u201cMejor Parque Tem\u00e1tico del Mundo\u201d y \u201cMejor Parque Acu\u00e1tico Internacional\u201d y actualmente participa en el proceso de votaciones que determinar\u00e1 a los ganadores.<\/span><\/p>\n<p><span style=\"font-weight: 400;\">Los premios, que se entregan de acuerdo con la opini\u00f3n que dan los m\u00e1s importantes agentes de viajes de Estados Unidos, reconocen los m\u00e1s altos est\u00e1ndares de excelencia en la industria y los logros excepcionales que tienen empresas, productos y agencias de viajes, as\u00ed como viajes ejecutivos y destinos, para lo cual los participantes son sometidos a un riguroso proceso de selecci\u00f3n.<\/span><\/p>\n<p><span style=\"font-weight: 400;\">Las votaciones ya pueden realizarse directamente en el sitio web <\/span><a href=\"http:\/\/vote.travvyawards.com\/\"><span style=\"font-weight: 400;\">http:\/\/vote.travvyawards.com\/<\/span><\/a><span style=\"font-weight: 400;\"> El registro cierra el 17 de Noviembre de este a\u00f1o. Los agentes de viajes interesados en votar por el Parque Xcaret podr\u00e1n ingresar a la direcci\u00f3n web y llenar el formato de registro. Los ganadores ser\u00e1n anunciados en vivo durante la ceremonia de gala de los Travvy Awards en Nueva York, el 24 de enero del 2018. <\/span><\/p>\n<p><span style=\"font-weight: 400;\">Xcaret ha sido ganador de los Travvy Awards tanto en 2016 \u00a0como en 2017, en los que ha recibido el distintivo oro y plata del ranking internacional.<\/span><\/p>\n<p><b>ACERCA DE XCARET<\/b><\/p>\n<p><span style=\"font-weight: 400;\">Xcaret (www.xcaret.com) es un majestuoso parque a la orilla del mar, con actividades \u00fanicas en medio de la selva, \u00a0en donde sus visitantes se divierten descubriendo el patrimonio natural y cultural de M\u00e9xico, a trav\u00e9s de r\u00edos subterr\u00e1neos, su fauna silvestre terrestre y acu\u00e1tica, gastronom\u00eda y expresiones art\u00edsticas. Mayor informaci\u00f3n: www.grupoexperienciasxcaret.com<\/span><\/p>\n","protected":false},"excerpt":{"rendered":"<p>El parque Xcaret, de Canc\u00fan y la Riviera Maya, ha sido nominado para ser galardonado en los premios Travvy Awards 2018, presentados anualmente por la empresa TravAlliancemedia, la cual reconoce los m\u00e1s altos est\u00e1ndares de excelencia en la industria tur\u00edstica internacional. Xcaret ha sido nominado finalista en las categor\u00edas de \u201cMejor Parque Tem\u00e1tico del Mundo\u201d [&hellip;]<\/p>\n","protected":false},"author":8,"featured_media":2166,"comment_status":"open","ping_status":"open","sticky":false,"template":"","format":"standard","meta":[],"categories":[3],"tags":[],"yoast_head":"<!-- This site is optimized with the Yoast SEO plugin v17.6 - https:\/\/yoast.com\/wordpress\/plugins\/seo\/ -->\n<meta name=\"robots\" content=\"index, follow, max-snippet:-1, max-image-preview:large, max-video-preview:-1\" \/>\n<link rel=\"canonical\" href=\"https:\/\/www.grupoxcaret.com\/es\/xcaret-postulado-nuevamente-mejor-parque-tematico-acuatico-del-mundo\/\" \/>\n<meta property=\"og:locale\" content=\"es_ES\" \/>\n<meta property=\"og:type\" content=\"article\" \/>\n<meta property=\"og:title\" content=\"Xcaret, Postulado Nuevamente Como Mejor Parque Tem\u00e1tico y Acu\u00e1tico del Mundo - Grupo Xcaret Sitio Corporativo\" \/>\n<meta property=\"og:description\" content=\"El parque Xcaret, de Canc\u00fan y la Riviera Maya, ha sido nominado para ser galardonado en los premios Travvy Awards 2018, presentados anualmente por la empresa TravAlliancemedia, la cual reconoce los m\u00e1s altos est\u00e1ndares de excelencia en la industria tur\u00edstica internacional. Xcaret ha sido nominado finalista en las categor\u00edas de \u201cMejor Parque Tem\u00e1tico del Mundo\u201d [&hellip;]\" \/>\n<meta property=\"og:url\" content=\"https:\/\/www.grupoxcaret.com\/es\/xcaret-postulado-nuevamente-mejor-parque-tematico-acuatico-del-mundo\/\" \/>\n<meta property=\"og:site_name\" content=\"Grupo Xcaret Sitio Corporativo\" \/>\n<meta property=\"article:published_time\" content=\"2017-10-10T20:32:19+00:00\" \/>\n<meta property=\"og:image\" content=\"https:\/\/www.grupoxcaret.com\/es\/wp-content\/uploads\/2017\/10\/xcaret-mexico-espectacular-02-e1553529445942.jpg\" \/>\n\t<meta property=\"og:image:width\" content=\"609\" \/>\n\t<meta property=\"og:image:height\" content=\"437\" \/>\n<meta name=\"twitter:card\" content=\"summary_large_image\" \/>\n<meta name=\"twitter:label1\" content=\"Escrito por\" \/>\n\t<meta name=\"twitter:data1\" content=\"dmendozav\" \/>\n\t<meta name=\"twitter:label2\" content=\"Tiempo de lectura\" \/>\n\t<meta name=\"twitter:data2\" content=\"2 minutos\" \/>\n<script type=\"application\/ld+json\" class=\"yoast-schema-graph\">{\"@context\":\"https:\/\/schema.org\",\"@graph\":[{\"@type\":\"Organization\",\"@id\":\"https:\/\/www.grupoxcaret.com\/es\/#organization\",\"name\":\"Grupo Xcaret\",\"url\":\"https:\/\/www.grupoxcaret.com\/es\/\",\"sameAs\":[],\"logo\":{\"@type\":\"ImageObject\",\"@id\":\"https:\/\/www.grupoxcaret.com\/es\/#logo\",\"inLanguage\":\"es\",\"url\":\"https:\/\/www.grupoxcaret.com\/es\/wp-content\/uploads\/2015\/04\/exx.png\",\"contentUrl\":\"https:\/\/www.grupoxcaret.com\/es\/wp-content\/uploads\/2015\/04\/exx.png\",\"width\":400,\"height\":136,\"caption\":\"Grupo Xcaret\"},\"image\":{\"@id\":\"https:\/\/www.grupoxcaret.com\/es\/#logo\"}},{\"@type\":\"WebSite\",\"@id\":\"https:\/\/www.grupoxcaret.com\/es\/#website\",\"url\":\"https:\/\/www.grupoxcaret.com\/es\/\",\"name\":\"Grupo Xcaret Sitio Corporativo\",\"description\":\"Conoce el sitio corporativo de Grupo Xcaret. Encuentra informaci\\u00f3n relevante acerca de nuestra historia, marcas, filosof\\u00eda empresarial, pol\\u00edtica de sostenibilidad y mucho m\\u00e1s.\",\"publisher\":{\"@id\":\"https:\/\/www.grupoxcaret.com\/es\/#organization\"},\"potentialAction\":[{\"@type\":\"SearchAction\",\"target\":{\"@type\":\"EntryPoint\",\"urlTemplate\":\"https:\/\/www.grupoxcaret.com\/es\/?s={search_term_string}\"},\"query-input\":\"required name=search_term_string\"}],\"inLanguage\":\"es\"},{\"@type\":\"ImageObject\",\"@id\":\"https:\/\/www.grupoxcaret.com\/es\/xcaret-postulado-nuevamente-mejor-parque-tematico-acuatico-del-mundo\/#primaryimage\",\"inLanguage\":\"es\",\"url\":\"https:\/\/www.grupoxcaret.com\/es\/wp-content\/uploads\/2017\/10\/xcaret-mexico-espectacular-02-e1553529445942.jpg\",\"contentUrl\":\"https:\/\/www.grupoxcaret.com\/es\/wp-content\/uploads\/2017\/10\/xcaret-mexico-espectacular-02-e1553529445942.jpg\",\"width\":609,\"height\":437},{\"@type\":\"WebPage\",\"@id\":\"https:\/\/www.grupoxcaret.com\/es\/xcaret-postulado-nuevamente-mejor-parque-tematico-acuatico-del-mundo\/#webpage\",\"url\":\"https:\/\/www.grupoxcaret.com\/es\/xcaret-postulado-nuevamente-mejor-parque-tematico-acuatico-del-mundo\/\",\"name\":\"Xcaret, Postulado Nuevamente Como Mejor Parque Tem\\u00e1tico y Acu\\u00e1tico del Mundo - Grupo Xcaret Sitio Corporativo\",\"isPartOf\":{\"@id\":\"https:\/\/www.grupoxcaret.com\/es\/#website\"},\"primaryImageOfPage\":{\"@id\":\"https:\/\/www.grupoxcaret.com\/es\/xcaret-postulado-nuevamente-mejor-parque-tematico-acuatico-del-mundo\/#primaryimage\"},\"datePublished\":\"2017-10-10T20:32:19+00:00\",\"dateModified\":\"2017-10-10T20:32:19+00:00\",\"breadcrumb\":{\"@id\":\"https:\/\/www.grupoxcaret.com\/es\/xcaret-postulado-nuevamente-mejor-parque-tematico-acuatico-del-mundo\/#breadcrumb\"},\"inLanguage\":\"es\",\"potentialAction\":[{\"@type\":\"ReadAction\",\"target\":[\"https:\/\/www.grupoxcaret.com\/es\/xcaret-postulado-nuevamente-mejor-parque-tematico-acuatico-del-mundo\/\"]}]},{\"@type\":\"BreadcrumbList\",\"@id\":\"https:\/\/www.grupoxcaret.com\/es\/xcaret-postulado-nuevamente-mejor-parque-tematico-acuatico-del-mundo\/#breadcrumb\",\"itemListElement\":[{\"@type\":\"ListItem\",\"position\":1,\"name\":\"Inicio\",\"item\":\"https:\/\/www.grupoxcaret.com\/es\/\"},{\"@type\":\"ListItem\",\"position\":2,\"name\":\"Sala de Prensa\",\"item\":\"https:\/\/www.grupoxcaret.com\/es\/seccion\/sala-de-prensa\/\"},{\"@type\":\"ListItem\",\"position\":3,\"name\":\"Xcaret, Postulado Nuevamente Como Mejor Parque Tem\\u00e1tico y Acu\\u00e1tico del Mundo\"}]},{\"@type\":\"Article\",\"@id\":\"https:\/\/www.grupoxcaret.com\/es\/xcaret-postulado-nuevamente-mejor-parque-tematico-acuatico-del-mundo\/#article\",\"isPartOf\":{\"@id\":\"https:\/\/www.grupoxcaret.com\/es\/xcaret-postulado-nuevamente-mejor-parque-tematico-acuatico-del-mundo\/#webpage\"},\"author\":{\"@id\":\"https:\/\/www.grupoxcaret.com\/es\/#\/schema\/person\/a063bfd3f2c8806ec176d4b2afba737f\"},\"headline\":\"Xcaret, Postulado Nuevamente Como Mejor Parque Tem\\u00e1tico y Acu\\u00e1tico del Mundo\",\"datePublished\":\"2017-10-10T20:32:19+00:00\",\"dateModified\":\"2017-10-10T20:32:19+00:00\",\"mainEntityOfPage\":{\"@id\":\"https:\/\/www.grupoxcaret.com\/es\/xcaret-postulado-nuevamente-mejor-parque-tematico-acuatico-del-mundo\/#webpage\"},\"wordCount\":322,\"commentCount\":0,\"publisher\":{\"@id\":\"https:\/\/www.grupoxcaret.com\/es\/#organization\"},\"image\":{\"@id\":\"https:\/\/www.grupoxcaret.com\/es\/xcaret-postulado-nuevamente-mejor-parque-tematico-acuatico-del-mundo\/#primaryimage\"},\"thumbnailUrl\":\"https:\/\/www.grupoxcaret.com\/es\/wp-content\/uploads\/2017\/10\/xcaret-mexico-espectacular-02-e1553529445942.jpg\",\"articleSection\":[\"Sala de Prensa\"],\"inLanguage\":\"es\",\"potentialAction\":[{\"@type\":\"CommentAction\",\"name\":\"Comment\",\"target\":[\"https:\/\/www.grupoxcaret.com\/es\/xcaret-postulado-nuevamente-mejor-parque-tematico-acuatico-del-mundo\/#respond\"]}]},{\"@type\":\"Person\",\"@id\":\"https:\/\/www.grupoxcaret.com\/es\/#\/schema\/person\/a063bfd3f2c8806ec176d4b2afba737f\",\"name\":\"dmendozav\",\"image\":{\"@type\":\"ImageObject\",\"@id\":\"https:\/\/www.grupoxcaret.com\/es\/#personlogo\",\"inLanguage\":\"es\",\"url\":\"https:\/\/secure.gravatar.com\/avatar\/d0971a818d7242eb0e6a9b000cb0cb6c?s=96&d=mm&r=g\",\"contentUrl\":\"https:\/\/secure.gravatar.com\/avatar\/d0971a818d7242eb0e6a9b000cb0cb6c?s=96&d=mm&r=g\",\"caption\":\"dmendozav\"},\"url\":\"https:\/\/www.grupoxcaret.com\/es\/author\/dmendozav\/\"}]}<\/script>\n<!-- \/ Yoast SEO plugin. -->","yoast_head_json":{"robots":{"index":"index","follow":"follow","max-snippet":"max-snippet:-1","max-image-preview":"max-image-preview:large","max-video-preview":"max-video-preview:-1"},"canonical":"https:\/\/www.grupoxcaret.com\/es\/xcaret-postulado-nuevamente-mejor-parque-tematico-acuatico-del-mundo\/","og_locale":"es_ES","og_type":"article","og_title":"Xcaret, Postulado Nuevamente Como Mejor Parque Tem\u00e1tico y Acu\u00e1tico del Mundo - Grupo Xcaret Sitio Corporativo","og_description":"El parque Xcaret, de Canc\u00fan y la Riviera Maya, ha sido nominado para ser galardonado en los premios Travvy Awards 2018, presentados anualmente por la empresa TravAlliancemedia, la cual reconoce los m\u00e1s altos est\u00e1ndares de excelencia en la industria tur\u00edstica internacional. Xcaret ha sido nominado finalista en las categor\u00edas de \u201cMejor Parque Tem\u00e1tico del Mundo\u201d [&hellip;]","og_url":"https:\/\/www.grupoxcaret.com\/es\/xcaret-postulado-nuevamente-mejor-parque-tematico-acuatico-del-mundo\/","og_site_name":"Grupo Xcaret Sitio Corporativo","article_published_time":"2017-10-10T20:32:19+00:00","og_image":[{"width":609,"height":437,"url":"https:\/\/www.grupoxcaret.com\/es\/wp-content\/uploads\/2017\/10\/xcaret-mexico-espectacular-02-e1553529445942.jpg","type":"image\/jpeg"}],"twitter_card":"summary_large_image","twitter_misc":{"Escrito por":"dmendozav","Tiempo de lectura":"2 minutos"},"schema":{"@context":"https:\/\/schema.org","@graph":[{"@type":"Organization","@id":"https:\/\/www.grupoxcaret.com\/es\/#organization","name":"Grupo Xcaret","url":"https:\/\/www.grupoxcaret.com\/es\/","sameAs":[],"logo":{"@type":"ImageObject","@id":"https:\/\/www.grupoxcaret.com\/es\/#logo","inLanguage":"es","url":"https:\/\/www.grupoxcaret.com\/es\/wp-content\/uploads\/2015\/04\/exx.png","contentUrl":"https:\/\/www.grupoxcaret.com\/es\/wp-content\/uploads\/2015\/04\/exx.png","width":400,"height":136,"caption":"Grupo Xcaret"},"image":{"@id":"https:\/\/www.grupoxcaret.com\/es\/#logo"}},{"@type":"WebSite","@id":"https:\/\/www.grupoxcaret.com\/es\/#website","url":"https:\/\/www.grupoxcaret.com\/es\/","name":"Grupo Xcaret Sitio Corporativo","description":"Conoce el sitio corporativo de Grupo Xcaret. Encuentra informaci\u00f3n relevante acerca de nuestra historia, marcas, filosof\u00eda empresarial, pol\u00edtica de sostenibilidad y mucho m\u00e1s.","publisher":{"@id":"https:\/\/www.grupoxcaret.com\/es\/#organization"},"potentialAction":[{"@type":"SearchAction","target":{"@type":"EntryPoint","urlTemplate":"https:\/\/www.grupoxcaret.com\/es\/?s={search_term_string}"},"query-input":"required name=search_term_string"}],"inLanguage":"es"},{"@type":"ImageObject","@id":"https:\/\/www.grupoxcaret.com\/es\/xcaret-postulado-nuevamente-mejor-parque-tematico-acuatico-del-mundo\/#primaryimage","inLanguage":"es","url":"https:\/\/www.grupoxcaret.com\/es\/wp-content\/uploads\/2017\/10\/xcaret-mexico-espectacular-02-e1553529445942.jpg","contentUrl":"https:\/\/www.grupoxcaret.com\/es\/wp-content\/uploads\/2017\/10\/xcaret-mexico-espectacular-02-e1553529445942.jpg","width":609,"height":437},{"@type":"WebPage","@id":"https:\/\/www.grupoxcaret.com\/es\/xcaret-postulado-nuevamente-mejor-parque-tematico-acuatico-del-mundo\/#webpage","url":"https:\/\/www.grupoxcaret.com\/es\/xcaret-postulado-nuevamente-mejor-parque-tematico-acuatico-del-mundo\/","name":"Xcaret, Postulado Nuevamente Como Mejor Parque Tem\u00e1tico y Acu\u00e1tico del Mundo - Grupo Xcaret Sitio Corporativo","isPartOf":{"@id":"https:\/\/www.grupoxcaret.com\/es\/#website"},"primaryImageOfPage":{"@id":"https:\/\/www.grupoxcaret.com\/es\/xcaret-postulado-nuevamente-mejor-parque-tematico-acuatico-del-mundo\/#primaryimage"},"datePublished":"2017-10-10T20:32:19+00:00","dateModified":"2017-10-10T20:32:19+00:00","breadcrumb":{"@id":"https:\/\/www.grupoxcaret.com\/es\/xcaret-postulado-nuevamente-mejor-parque-tematico-acuatico-del-mundo\/#breadcrumb"},"inLanguage":"es","potentialAction":[{"@type":"ReadAction","target":["https:\/\/www.grupoxcaret.com\/es\/xcaret-postulado-nuevamente-mejor-parque-tematico-acuatico-del-mundo\/"]}]},{"@type":"BreadcrumbList","@id":"https:\/\/www.grupoxcaret.com\/es\/xcaret-postulado-nuevamente-mejor-parque-tematico-acuatico-del-mundo\/#breadcrumb","itemListElement":[{"@type":"ListItem","position":1,"name":"Inicio","item":"https:\/\/www.grupoxcaret.com\/es\/"},{"@type":"ListItem","position":2,"name":"Sala de Prensa","item":"https:\/\/www.grupoxcaret.com\/es\/seccion\/sala-de-prensa\/"},{"@type":"ListItem","position":3,"name":"Xcaret, Postulado Nuevamente Como Mejor Parque Tem\u00e1tico y Acu\u00e1tico del Mundo"}]},{"@type":"Article","@id":"https:\/\/www.grupoxcaret.com\/es\/xcaret-postulado-nuevamente-mejor-parque-tematico-acuatico-del-mundo\/#article","isPartOf":{"@id":"https:\/\/www.grupoxcaret.com\/es\/xcaret-postulado-nuevamente-mejor-parque-tematico-acuatico-del-mundo\/#webpage"},"author":{"@id":"https:\/\/www.grupoxcaret.com\/es\/#\/schema\/person\/a063bfd3f2c8806ec176d4b2afba737f"},"headline":"Xcaret, Postulado Nuevamente Como Mejor Parque Tem\u00e1tico y Acu\u00e1tico del Mundo","datePublished":"2017-10-10T20:32:19+00:00","dateModified":"2017-10-10T20:32:19+00:00","mainEntityOfPage":{"@id":"https:\/\/www.grupoxcaret.com\/es\/xcaret-postulado-nuevamente-mejor-parque-tematico-acuatico-del-mundo\/#webpage"},"wordCount":322,"commentCount":0,"publisher":{"@id":"https:\/\/www.grupoxcaret.com\/es\/#organization"},"image":{"@id":"https:\/\/www.grupoxcaret.com\/es\/xcaret-postulado-nuevamente-mejor-parque-tematico-acuatico-del-mundo\/#primaryimage"},"thumbnailUrl":"https:\/\/www.grupoxcaret.com\/es\/wp-content\/uploads\/2017\/10\/xcaret-mexico-espectacular-02-e1553529445942.jpg","articleSection":["Sala de Prensa"],"inLanguage":"es","potentialAction":[{"@type":"CommentAction","name":"Comment","target":["https:\/\/www.grupoxcaret.com\/es\/xcaret-postulado-nuevamente-mejor-parque-tematico-acuatico-del-mundo\/#respond"]}]},{"@type":"Person","@id":"https:\/\/www.grupoxcaret.com\/es\/#\/schema\/person\/a063bfd3f2c8806ec176d4b2afba737f","name":"dmendozav","image":{"@type":"ImageObject","@id":"https:\/\/www.grupoxcaret.com\/es\/#personlogo","inLanguage":"es","url":"https:\/\/secure.gravatar.com\/avatar\/d0971a818d7242eb0e6a9b000cb0cb6c?s=96&d=mm&r=g","contentUrl":"https:\/\/secure.gravatar.com\/avatar\/d0971a818d7242eb0e6a9b000cb0cb6c?s=96&d=mm&r=g","caption":"dmendozav"},"url":"https:\/\/www.grupoxcaret.com\/es\/author\/dmendozav\/"}]}},"amp_enabled":true,"_links":{"self":[{"href":"https:\/\/www.grupoxcaret.com\/es\/wp-json\/wp\/v2\/posts\/2163"}],"collection":[{"href":"https:\/\/www.grupoxcaret.com\/es\/wp-json\/wp\/v2\/posts"}],"about":[{"href":"https:\/\/www.grupoxcaret.com\/es\/wp-json\/wp\/v2\/types\/post"}],"author":[{"embeddable":true,"href":"https:\/\/www.grupoxcaret.com\/es\/wp-json\/wp\/v2\/users\/8"}],"replies":[{"embeddable":true,"href":"https:\/\/www.grupoxcaret.com\/es\/wp-json\/wp\/v2\/comments?post=2163"}],"version-history":[{"count":0,"href":"https:\/\/www.grupoxcaret.com\/es\/wp-json\/wp\/v2\/posts\/2163\/revisions"}],"wp:featuredmedia":[{"embeddable":true,"href":"https:\/\/www.grupoxcaret.com\/es\/wp-json\/wp\/v2\/media\/2166"}],"wp:attachment":[{"href":"https:\/\/www.grupoxcaret.com\/es\/wp-json\/wp\/v2\/media?parent=2163"}],"wp:term":[{"taxonomy":"category","embeddable":true,"href":"https:\/\/www.grupoxcaret.com\/es\/wp-json\/wp\/v2\/categories?post=2163"},{"taxonomy":"post_tag","embeddable":true,"href":"https:\/\/www.grupoxcaret.com\/es\/wp-json\/wp\/v2\/tags?post=2163"}],"curies":[{"name":"wp","href":"https:\/\/api.w.org\/{rel}","templated":true}]}}