{"id":2120,"date":"2017-07-14T19:50:01","date_gmt":"2017-07-14T19:50:01","guid":{"rendered":"https:\/\/www.grupoxcaret.com\/es\/?p=2120"},"modified":"2017-07-14T19:50:01","modified_gmt":"2017-07-14T19:50:01","slug":"reconocimiento-xcaret-25-anos-excelencia-conservacion-difusion-del-patrimonio-mexico","status":"publish","type":"post","link":"https:\/\/www.grupoxcaret.com\/es\/reconocimiento-xcaret-25-anos-excelencia-conservacion-difusion-del-patrimonio-mexico\/","title":{"rendered":"Reconocimiento a Xcaret por 25 A\u00f1os de  Excelencia  en Conservaci\u00f3n y Difusi\u00f3n del Patrimonio de M\u00e9xico"},"content":{"rendered":"<p><b>XCARET, RIVIERA MAYA, QUINTANA ROO; JULIO 2017<\/b><span style=\"font-weight: 400;\">.- <\/span><span style=\"font-weight: 400;\">El Presidente Internacional de la Federaci\u00f3n de Clubes, Centros y Asociaciones de la UNESCO (WFUCA-UNESCO por sus siglas en ingl\u00e9s), Sr. Pradeep Kaphle, entreg\u00f3 un reconocimiento al arquitecto Miguel Quintana Pali, Presidente de Grupo Experiencias Xcaret, por 25 a\u00f1os de dedicaci\u00f3n, con nivel de excelencia, al rescate, conservaci\u00f3n y difusi\u00f3n del patrimonio natural y cultural de M\u00e9xico.<\/span><\/p>\n<p><span style=\"font-weight: 400;\">Durante el protocolo el Sr. Kaphle felicit\u00f3 al Arq. Miguel Quintana por la labor realizada durante casi tres d\u00e9cadas en el parque Xcaret, para concretar proyectos que salvaguardan el patrimonio de M\u00e9xico, particularmente en aspectos relacionados con su naturaleza y su riqueza cultural.<\/span><\/p>\n<p><span style=\"font-weight: 400;\">Durante el encuentro la Directora de Arte y Cultura de Experiencias Xcaret, Leticia Aguerrebere, destac\u00f3 que la Traves\u00eda Sagrada Maya y el Festival de Tradiciones de Vida y Muerte de Xcaret son proyectos que fortalecen el patrimonio cultural de Quintana Roo y que forman parte del compromiso por generar identidad y enaltecer el amor por M\u00e9xico.<\/span><\/p>\n<p><span style=\"font-weight: 400;\">Por su parte el Director de Conservaci\u00f3n, Rodolfo Raigoza Figueras, asegur\u00f3 que la consistencia en las acciones ha hecho exitosa la conservaci\u00f3n de la tortuga marina y la guacamaya roja, entre otras especies amenazadas cuyas poblaciones est\u00e1n remontando los n\u00fameros rojos en que se encontraban hace varios lustros. \u00a0<\/span><\/p>\n<p><span style=\"font-weight: 400;\">La Directora de Comunicaci\u00f3n y Responsabilidad Social Corporativa, Iliana Rodr\u00edguez, asegur\u00f3 que la filosof\u00eda de la organizaci\u00f3n ha impulsado siempre un crecimiento equilibrado en lo social (personas), ambiental (planeta) y lo econ\u00f3mico (prosperidad), lo cual siempre ha resultado una apuesta exitosa para la organizaci\u00f3n. <\/span><\/p>\n<p><span style=\"font-weight: 400;\">Carlos Serrano Cerrillo, Coordinador de Proyectos de Patrimonio de Experiencias Xcaret, asegur\u00f3 que existe una plena identificaci\u00f3n y compromiso de la empresa con los ideales de la UNESCO, los cuales impulsan acciones que contribuyen al desarrollo de la educaci\u00f3n, la ciencia y la cultura en todo el mundo. <\/span><\/p>\n<p><span style=\"font-weight: 400;\">Afirm\u00f3 que se habr\u00e1 de continuar con la preservaci\u00f3n y revalorizaci\u00f3n del patrimonio cultural y la conservaci\u00f3n del medio ambiente, as\u00ed como potenciar su ejecuci\u00f3n, documentaci\u00f3n y difusi\u00f3n a numerosos organismos educativos, culturales, cient\u00edficos y de la sociedad civil, que comparten el compromiso con la cultura y la naturaleza,<\/span><\/p>\n<p><span style=\"font-weight: 400;\">En el evento, en el que tambi\u00e9n estuvo presente Harriet Turner Rivas, Embajadora Honoraria y Activa de Paz y \u00c9tica Global de la WFUCA para Am\u00e9rica Latina y el Caribe, <\/span><span style=\"font-weight: 400;\">se entreg\u00f3 el registro del Centro Xcaret de Patrimonio Natural y Cultural \u00a0afiliado a la WFUCA-UNESCO, que facilitar\u00e1 las <\/span><span style=\"font-weight: 400;\">sinergias para la ejecuci\u00f3n de proyectos comunes.<\/span><\/p>\n","protected":false},"excerpt":{"rendered":"<p>XCARET, RIVIERA MAYA, QUINTANA ROO; JULIO 2017.- El Presidente Internacional de la Federaci\u00f3n de Clubes, Centros y Asociaciones de la UNESCO (WFUCA-UNESCO por sus siglas en ingl\u00e9s), Sr. Pradeep Kaphle, entreg\u00f3 un reconocimiento al arquitecto Miguel Quintana Pali, Presidente de Grupo Experiencias Xcaret, por 25 a\u00f1os de dedicaci\u00f3n, con nivel de excelencia, al rescate, conservaci\u00f3n [&hellip;]<\/p>\n","protected":false},"author":8,"featured_media":2121,"comment_status":"open","ping_status":"open","sticky":false,"template":"","format":"standard","meta":[],"categories":[3],"tags":[],"yoast_head":"<!-- This site is optimized with the Yoast SEO plugin v17.6 - https:\/\/yoast.com\/wordpress\/plugins\/seo\/ -->\n<meta name=\"robots\" content=\"index, follow, max-snippet:-1, max-image-preview:large, max-video-preview:-1\" \/>\n<link rel=\"canonical\" href=\"https:\/\/www.grupoxcaret.com\/es\/reconocimiento-xcaret-25-anos-excelencia-conservacion-difusion-del-patrimonio-mexico\/\" \/>\n<meta property=\"og:locale\" content=\"es_ES\" \/>\n<meta property=\"og:type\" content=\"article\" \/>\n<meta property=\"og:title\" content=\"Reconocimiento a Xcaret por 25 A\u00f1os de Excelencia en Conservaci\u00f3n y Difusi\u00f3n del Patrimonio de M\u00e9xico - Grupo Xcaret Sitio Corporativo\" \/>\n<meta property=\"og:description\" content=\"XCARET, RIVIERA MAYA, QUINTANA ROO; JULIO 2017.- El Presidente Internacional de la Federaci\u00f3n de Clubes, Centros y Asociaciones de la UNESCO (WFUCA-UNESCO por sus siglas en ingl\u00e9s), Sr. Pradeep Kaphle, entreg\u00f3 un reconocimiento al arquitecto Miguel Quintana Pali, Presidente de Grupo Experiencias Xcaret, por 25 a\u00f1os de dedicaci\u00f3n, con nivel de excelencia, al rescate, conservaci\u00f3n [&hellip;]\" \/>\n<meta property=\"og:url\" content=\"https:\/\/www.grupoxcaret.com\/es\/reconocimiento-xcaret-25-anos-excelencia-conservacion-difusion-del-patrimonio-mexico\/\" \/>\n<meta property=\"og:site_name\" content=\"Grupo Xcaret Sitio Corporativo\" \/>\n<meta property=\"article:published_time\" content=\"2017-07-14T19:50:01+00:00\" \/>\n<meta property=\"og:image\" content=\"https:\/\/www.grupoxcaret.com\/es\/wp-content\/uploads\/2017\/07\/Miguel-Quintana-Pali-recibe-reconocimiento-FWCA-UNESCO.jpg\" \/>\n\t<meta property=\"og:image:width\" content=\"1024\" \/>\n\t<meta property=\"og:image:height\" content=\"683\" \/>\n<meta name=\"twitter:card\" content=\"summary_large_image\" \/>\n<meta name=\"twitter:label1\" content=\"Escrito por\" \/>\n\t<meta name=\"twitter:data1\" content=\"dmendozav\" \/>\n\t<meta name=\"twitter:label2\" content=\"Tiempo de lectura\" \/>\n\t<meta name=\"twitter:data2\" content=\"2 minutos\" \/>\n<script type=\"application\/ld+json\" class=\"yoast-schema-graph\">{\"@context\":\"https:\/\/schema.org\",\"@graph\":[{\"@type\":\"Organization\",\"@id\":\"https:\/\/www.grupoxcaret.com\/es\/#organization\",\"name\":\"Grupo Xcaret\",\"url\":\"https:\/\/www.grupoxcaret.com\/es\/\",\"sameAs\":[],\"logo\":{\"@type\":\"ImageObject\",\"@id\":\"https:\/\/www.grupoxcaret.com\/es\/#logo\",\"inLanguage\":\"es\",\"url\":\"https:\/\/www.grupoxcaret.com\/es\/wp-content\/uploads\/2015\/04\/exx.png\",\"contentUrl\":\"https:\/\/www.grupoxcaret.com\/es\/wp-content\/uploads\/2015\/04\/exx.png\",\"width\":400,\"height\":136,\"caption\":\"Grupo Xcaret\"},\"image\":{\"@id\":\"https:\/\/www.grupoxcaret.com\/es\/#logo\"}},{\"@type\":\"WebSite\",\"@id\":\"https:\/\/www.grupoxcaret.com\/es\/#website\",\"url\":\"https:\/\/www.grupoxcaret.com\/es\/\",\"name\":\"Grupo Xcaret Sitio Corporativo\",\"description\":\"Conoce el sitio corporativo de Grupo Xcaret. Encuentra informaci\\u00f3n relevante acerca de nuestra historia, marcas, filosof\\u00eda empresarial, pol\\u00edtica de sostenibilidad y mucho m\\u00e1s.\",\"publisher\":{\"@id\":\"https:\/\/www.grupoxcaret.com\/es\/#organization\"},\"potentialAction\":[{\"@type\":\"SearchAction\",\"target\":{\"@type\":\"EntryPoint\",\"urlTemplate\":\"https:\/\/www.grupoxcaret.com\/es\/?s={search_term_string}\"},\"query-input\":\"required name=search_term_string\"}],\"inLanguage\":\"es\"},{\"@type\":\"ImageObject\",\"@id\":\"https:\/\/www.grupoxcaret.com\/es\/reconocimiento-xcaret-25-anos-excelencia-conservacion-difusion-del-patrimonio-mexico\/#primaryimage\",\"inLanguage\":\"es\",\"url\":\"https:\/\/www.grupoxcaret.com\/es\/wp-content\/uploads\/2017\/07\/Miguel-Quintana-Pali-recibe-reconocimiento-FWCA-UNESCO.jpg\",\"contentUrl\":\"https:\/\/www.grupoxcaret.com\/es\/wp-content\/uploads\/2017\/07\/Miguel-Quintana-Pali-recibe-reconocimiento-FWCA-UNESCO.jpg\",\"width\":1024,\"height\":683},{\"@type\":\"WebPage\",\"@id\":\"https:\/\/www.grupoxcaret.com\/es\/reconocimiento-xcaret-25-anos-excelencia-conservacion-difusion-del-patrimonio-mexico\/#webpage\",\"url\":\"https:\/\/www.grupoxcaret.com\/es\/reconocimiento-xcaret-25-anos-excelencia-conservacion-difusion-del-patrimonio-mexico\/\",\"name\":\"Reconocimiento a Xcaret por 25 A\\u00f1os de Excelencia en Conservaci\\u00f3n y Difusi\\u00f3n del Patrimonio de M\\u00e9xico - Grupo Xcaret Sitio Corporativo\",\"isPartOf\":{\"@id\":\"https:\/\/www.grupoxcaret.com\/es\/#website\"},\"primaryImageOfPage\":{\"@id\":\"https:\/\/www.grupoxcaret.com\/es\/reconocimiento-xcaret-25-anos-excelencia-conservacion-difusion-del-patrimonio-mexico\/#primaryimage\"},\"datePublished\":\"2017-07-14T19:50:01+00:00\",\"dateModified\":\"2017-07-14T19:50:01+00:00\",\"breadcrumb\":{\"@id\":\"https:\/\/www.grupoxcaret.com\/es\/reconocimiento-xcaret-25-anos-excelencia-conservacion-difusion-del-patrimonio-mexico\/#breadcrumb\"},\"inLanguage\":\"es\",\"potentialAction\":[{\"@type\":\"ReadAction\",\"target\":[\"https:\/\/www.grupoxcaret.com\/es\/reconocimiento-xcaret-25-anos-excelencia-conservacion-difusion-del-patrimonio-mexico\/\"]}]},{\"@type\":\"BreadcrumbList\",\"@id\":\"https:\/\/www.grupoxcaret.com\/es\/reconocimiento-xcaret-25-anos-excelencia-conservacion-difusion-del-patrimonio-mexico\/#breadcrumb\",\"itemListElement\":[{\"@type\":\"ListItem\",\"position\":1,\"name\":\"Inicio\",\"item\":\"https:\/\/www.grupoxcaret.com\/es\/\"},{\"@type\":\"ListItem\",\"position\":2,\"name\":\"Sala de Prensa\",\"item\":\"https:\/\/www.grupoxcaret.com\/es\/seccion\/sala-de-prensa\/\"},{\"@type\":\"ListItem\",\"position\":3,\"name\":\"Reconocimiento a Xcaret por 25 A\\u00f1os de Excelencia en Conservaci\\u00f3n y Difusi\\u00f3n del Patrimonio de M\\u00e9xico\"}]},{\"@type\":\"Article\",\"@id\":\"https:\/\/www.grupoxcaret.com\/es\/reconocimiento-xcaret-25-anos-excelencia-conservacion-difusion-del-patrimonio-mexico\/#article\",\"isPartOf\":{\"@id\":\"https:\/\/www.grupoxcaret.com\/es\/reconocimiento-xcaret-25-anos-excelencia-conservacion-difusion-del-patrimonio-mexico\/#webpage\"},\"author\":{\"@id\":\"https:\/\/www.grupoxcaret.com\/es\/#\/schema\/person\/a063bfd3f2c8806ec176d4b2afba737f\"},\"headline\":\"Reconocimiento a Xcaret por 25 A\\u00f1os de Excelencia en Conservaci\\u00f3n y Difusi\\u00f3n del Patrimonio de M\\u00e9xico\",\"datePublished\":\"2017-07-14T19:50:01+00:00\",\"dateModified\":\"2017-07-14T19:50:01+00:00\",\"mainEntityOfPage\":{\"@id\":\"https:\/\/www.grupoxcaret.com\/es\/reconocimiento-xcaret-25-anos-excelencia-conservacion-difusion-del-patrimonio-mexico\/#webpage\"},\"wordCount\":459,\"commentCount\":0,\"publisher\":{\"@id\":\"https:\/\/www.grupoxcaret.com\/es\/#organization\"},\"image\":{\"@id\":\"https:\/\/www.grupoxcaret.com\/es\/reconocimiento-xcaret-25-anos-excelencia-conservacion-difusion-del-patrimonio-mexico\/#primaryimage\"},\"thumbnailUrl\":\"https:\/\/www.grupoxcaret.com\/es\/wp-content\/uploads\/2017\/07\/Miguel-Quintana-Pali-recibe-reconocimiento-FWCA-UNESCO.jpg\",\"articleSection\":[\"Sala de Prensa\"],\"inLanguage\":\"es\",\"potentialAction\":[{\"@type\":\"CommentAction\",\"name\":\"Comment\",\"target\":[\"https:\/\/www.grupoxcaret.com\/es\/reconocimiento-xcaret-25-anos-excelencia-conservacion-difusion-del-patrimonio-mexico\/#respond\"]}]},{\"@type\":\"Person\",\"@id\":\"https:\/\/www.grupoxcaret.com\/es\/#\/schema\/person\/a063bfd3f2c8806ec176d4b2afba737f\",\"name\":\"dmendozav\",\"image\":{\"@type\":\"ImageObject\",\"@id\":\"https:\/\/www.grupoxcaret.com\/es\/#personlogo\",\"inLanguage\":\"es\",\"url\":\"https:\/\/secure.gravatar.com\/avatar\/d0971a818d7242eb0e6a9b000cb0cb6c?s=96&d=mm&r=g\",\"contentUrl\":\"https:\/\/secure.gravatar.com\/avatar\/d0971a818d7242eb0e6a9b000cb0cb6c?s=96&d=mm&r=g\",\"caption\":\"dmendozav\"},\"url\":\"https:\/\/www.grupoxcaret.com\/es\/author\/dmendozav\/\"}]}<\/script>\n<!-- \/ Yoast SEO plugin. -->","yoast_head_json":{"robots":{"index":"index","follow":"follow","max-snippet":"max-snippet:-1","max-image-preview":"max-image-preview:large","max-video-preview":"max-video-preview:-1"},"canonical":"https:\/\/www.grupoxcaret.com\/es\/reconocimiento-xcaret-25-anos-excelencia-conservacion-difusion-del-patrimonio-mexico\/","og_locale":"es_ES","og_type":"article","og_title":"Reconocimiento a Xcaret por 25 A\u00f1os de Excelencia en Conservaci\u00f3n y Difusi\u00f3n del Patrimonio de M\u00e9xico - Grupo Xcaret Sitio Corporativo","og_description":"XCARET, RIVIERA MAYA, QUINTANA ROO; JULIO 2017.- El Presidente Internacional de la Federaci\u00f3n de Clubes, Centros y Asociaciones de la UNESCO (WFUCA-UNESCO por sus siglas en ingl\u00e9s), Sr. Pradeep Kaphle, entreg\u00f3 un reconocimiento al arquitecto Miguel Quintana Pali, Presidente de Grupo Experiencias Xcaret, por 25 a\u00f1os de dedicaci\u00f3n, con nivel de excelencia, al rescate, conservaci\u00f3n [&hellip;]","og_url":"https:\/\/www.grupoxcaret.com\/es\/reconocimiento-xcaret-25-anos-excelencia-conservacion-difusion-del-patrimonio-mexico\/","og_site_name":"Grupo Xcaret Sitio Corporativo","article_published_time":"2017-07-14T19:50:01+00:00","og_image":[{"width":1024,"height":683,"url":"https:\/\/www.grupoxcaret.com\/es\/wp-content\/uploads\/2017\/07\/Miguel-Quintana-Pali-recibe-reconocimiento-FWCA-UNESCO.jpg","type":"image\/jpeg"}],"twitter_card":"summary_large_image","twitter_misc":{"Escrito por":"dmendozav","Tiempo de lectura":"2 minutos"},"schema":{"@context":"https:\/\/schema.org","@graph":[{"@type":"Organization","@id":"https:\/\/www.grupoxcaret.com\/es\/#organization","name":"Grupo Xcaret","url":"https:\/\/www.grupoxcaret.com\/es\/","sameAs":[],"logo":{"@type":"ImageObject","@id":"https:\/\/www.grupoxcaret.com\/es\/#logo","inLanguage":"es","url":"https:\/\/www.grupoxcaret.com\/es\/wp-content\/uploads\/2015\/04\/exx.png","contentUrl":"https:\/\/www.grupoxcaret.com\/es\/wp-content\/uploads\/2015\/04\/exx.png","width":400,"height":136,"caption":"Grupo Xcaret"},"image":{"@id":"https:\/\/www.grupoxcaret.com\/es\/#logo"}},{"@type":"WebSite","@id":"https:\/\/www.grupoxcaret.com\/es\/#website","url":"https:\/\/www.grupoxcaret.com\/es\/","name":"Grupo Xcaret Sitio Corporativo","description":"Conoce el sitio corporativo de Grupo Xcaret. Encuentra informaci\u00f3n relevante acerca de nuestra historia, marcas, filosof\u00eda empresarial, pol\u00edtica de sostenibilidad y mucho m\u00e1s.","publisher":{"@id":"https:\/\/www.grupoxcaret.com\/es\/#organization"},"potentialAction":[{"@type":"SearchAction","target":{"@type":"EntryPoint","urlTemplate":"https:\/\/www.grupoxcaret.com\/es\/?s={search_term_string}"},"query-input":"required name=search_term_string"}],"inLanguage":"es"},{"@type":"ImageObject","@id":"https:\/\/www.grupoxcaret.com\/es\/reconocimiento-xcaret-25-anos-excelencia-conservacion-difusion-del-patrimonio-mexico\/#primaryimage","inLanguage":"es","url":"https:\/\/www.grupoxcaret.com\/es\/wp-content\/uploads\/2017\/07\/Miguel-Quintana-Pali-recibe-reconocimiento-FWCA-UNESCO.jpg","contentUrl":"https:\/\/www.grupoxcaret.com\/es\/wp-content\/uploads\/2017\/07\/Miguel-Quintana-Pali-recibe-reconocimiento-FWCA-UNESCO.jpg","width":1024,"height":683},{"@type":"WebPage","@id":"https:\/\/www.grupoxcaret.com\/es\/reconocimiento-xcaret-25-anos-excelencia-conservacion-difusion-del-patrimonio-mexico\/#webpage","url":"https:\/\/www.grupoxcaret.com\/es\/reconocimiento-xcaret-25-anos-excelencia-conservacion-difusion-del-patrimonio-mexico\/","name":"Reconocimiento a Xcaret por 25 A\u00f1os de Excelencia en Conservaci\u00f3n y Difusi\u00f3n del Patrimonio de M\u00e9xico - Grupo Xcaret Sitio Corporativo","isPartOf":{"@id":"https:\/\/www.grupoxcaret.com\/es\/#website"},"primaryImageOfPage":{"@id":"https:\/\/www.grupoxcaret.com\/es\/reconocimiento-xcaret-25-anos-excelencia-conservacion-difusion-del-patrimonio-mexico\/#primaryimage"},"datePublished":"2017-07-14T19:50:01+00:00","dateModified":"2017-07-14T19:50:01+00:00","breadcrumb":{"@id":"https:\/\/www.grupoxcaret.com\/es\/reconocimiento-xcaret-25-anos-excelencia-conservacion-difusion-del-patrimonio-mexico\/#breadcrumb"},"inLanguage":"es","potentialAction":[{"@type":"ReadAction","target":["https:\/\/www.grupoxcaret.com\/es\/reconocimiento-xcaret-25-anos-excelencia-conservacion-difusion-del-patrimonio-mexico\/"]}]},{"@type":"BreadcrumbList","@id":"https:\/\/www.grupoxcaret.com\/es\/reconocimiento-xcaret-25-anos-excelencia-conservacion-difusion-del-patrimonio-mexico\/#breadcrumb","itemListElement":[{"@type":"ListItem","position":1,"name":"Inicio","item":"https:\/\/www.grupoxcaret.com\/es\/"},{"@type":"ListItem","position":2,"name":"Sala de Prensa","item":"https:\/\/www.grupoxcaret.com\/es\/seccion\/sala-de-prensa\/"},{"@type":"ListItem","position":3,"name":"Reconocimiento a Xcaret por 25 A\u00f1os de Excelencia en Conservaci\u00f3n y Difusi\u00f3n del Patrimonio de M\u00e9xico"}]},{"@type":"Article","@id":"https:\/\/www.grupoxcaret.com\/es\/reconocimiento-xcaret-25-anos-excelencia-conservacion-difusion-del-patrimonio-mexico\/#article","isPartOf":{"@id":"https:\/\/www.grupoxcaret.com\/es\/reconocimiento-xcaret-25-anos-excelencia-conservacion-difusion-del-patrimonio-mexico\/#webpage"},"author":{"@id":"https:\/\/www.grupoxcaret.com\/es\/#\/schema\/person\/a063bfd3f2c8806ec176d4b2afba737f"},"headline":"Reconocimiento a Xcaret por 25 A\u00f1os de Excelencia en Conservaci\u00f3n y Difusi\u00f3n del Patrimonio de M\u00e9xico","datePublished":"2017-07-14T19:50:01+00:00","dateModified":"2017-07-14T19:50:01+00:00","mainEntityOfPage":{"@id":"https:\/\/www.grupoxcaret.com\/es\/reconocimiento-xcaret-25-anos-excelencia-conservacion-difusion-del-patrimonio-mexico\/#webpage"},"wordCount":459,"commentCount":0,"publisher":{"@id":"https:\/\/www.grupoxcaret.com\/es\/#organization"},"image":{"@id":"https:\/\/www.grupoxcaret.com\/es\/reconocimiento-xcaret-25-anos-excelencia-conservacion-difusion-del-patrimonio-mexico\/#primaryimage"},"thumbnailUrl":"https:\/\/www.grupoxcaret.com\/es\/wp-content\/uploads\/2017\/07\/Miguel-Quintana-Pali-recibe-reconocimiento-FWCA-UNESCO.jpg","articleSection":["Sala de Prensa"],"inLanguage":"es","potentialAction":[{"@type":"CommentAction","name":"Comment","target":["https:\/\/www.grupoxcaret.com\/es\/reconocimiento-xcaret-25-anos-excelencia-conservacion-difusion-del-patrimonio-mexico\/#respond"]}]},{"@type":"Person","@id":"https:\/\/www.grupoxcaret.com\/es\/#\/schema\/person\/a063bfd3f2c8806ec176d4b2afba737f","name":"dmendozav","image":{"@type":"ImageObject","@id":"https:\/\/www.grupoxcaret.com\/es\/#personlogo","inLanguage":"es","url":"https:\/\/secure.gravatar.com\/avatar\/d0971a818d7242eb0e6a9b000cb0cb6c?s=96&d=mm&r=g","contentUrl":"https:\/\/secure.gravatar.com\/avatar\/d0971a818d7242eb0e6a9b000cb0cb6c?s=96&d=mm&r=g","caption":"dmendozav"},"url":"https:\/\/www.grupoxcaret.com\/es\/author\/dmendozav\/"}]}},"amp_enabled":true,"_links":{"self":[{"href":"https:\/\/www.grupoxcaret.com\/es\/wp-json\/wp\/v2\/posts\/2120"}],"collection":[{"href":"https:\/\/www.grupoxcaret.com\/es\/wp-json\/wp\/v2\/posts"}],"about":[{"href":"https:\/\/www.grupoxcaret.com\/es\/wp-json\/wp\/v2\/types\/post"}],"author":[{"embeddable":true,"href":"https:\/\/www.grupoxcaret.com\/es\/wp-json\/wp\/v2\/users\/8"}],"replies":[{"embeddable":true,"href":"https:\/\/www.grupoxcaret.com\/es\/wp-json\/wp\/v2\/comments?post=2120"}],"version-history":[{"count":0,"href":"https:\/\/www.grupoxcaret.com\/es\/wp-json\/wp\/v2\/posts\/2120\/revisions"}],"wp:featuredmedia":[{"embeddable":true,"href":"https:\/\/www.grupoxcaret.com\/es\/wp-json\/wp\/v2\/media\/2121"}],"wp:attachment":[{"href":"https:\/\/www.grupoxcaret.com\/es\/wp-json\/wp\/v2\/media?parent=2120"}],"wp:term":[{"taxonomy":"category","embeddable":true,"href":"https:\/\/www.grupoxcaret.com\/es\/wp-json\/wp\/v2\/categories?post=2120"},{"taxonomy":"post_tag","embeddable":true,"href":"https:\/\/www.grupoxcaret.com\/es\/wp-json\/wp\/v2\/tags?post=2120"}],"curies":[{"name":"wp","href":"https:\/\/api.w.org\/{rel}","templated":true}]}}