{"id":1489,"date":"2015-11-10T17:35:58","date_gmt":"2015-11-10T17:35:58","guid":{"rendered":"https:\/\/www.grupoxcaret.com\/es\/?p=1489"},"modified":"2015-11-10T17:49:35","modified_gmt":"2015-11-10T17:49:35","slug":"grajales-serrano-y-perez-disputaran-la-gloria-en-el-triatlon-xel-ha-2015","status":"publish","type":"post","link":"https:\/\/www.grupoxcaret.com\/es\/grajales-serrano-y-perez-disputaran-la-gloria-en-el-triatlon-xel-ha-2015\/","title":{"rendered":"Grajales y Serrano, disputar\u00e1n la gloria en Triatl\u00f3n Xel-H\u00e1 2015"},"content":{"rendered":"<p><b>CANC\u00daN, RIVIERA MAYA, QUINTANA ROO; NOVIEMBRE, \u00a02015.-<\/b><span style=\"font-weight: 400;\"> Con la participaci\u00f3n de los mejores triatletas de M\u00e9xico, el pr\u00f3ximo fin de semana tendr\u00e1 lugar el Campeonato Nacional de esa disciplina en el parque Xel-H\u00e1, con la participaci\u00f3n de mil 800 deportistas que medir\u00e1n sus talentos para alcanzar un espacio en el p\u00f3dium de vencedores.<\/span><\/p>\n<p><span style=\"font-weight: 400;\">En el evento, avalado por la Federaci\u00f3n Mexicana de Triatl\u00f3n, estar\u00e1 presente Crisanto Grajales, considerado ya el mejor triatleta de en la historia de M\u00e9xico, \u00a0y que s\u00f3lo en este a\u00f1o obtuvo la medalla de oro en los Juegos Centroamericanos; fue 8o. lugar en la Serie Mundial de Auckland, en Nueva Zelanda; ocup\u00f3 el 5o. lugar en la Serie Mundial de Yokohama, Jap\u00f3n; recibi\u00f3 el <\/span><span style=\"font-weight: 400;\">oro en los Juegos Panamericanos \u00a0de Toronto, Canad\u00e1; \u00a0y gan\u00f3 el 4o. lugar en la Serie Mundial de Chicago, en los Estados Unidos.<\/span><\/p>\n<p><span style=\"font-weight: 400;\">Por si fuera poco, el veracruzano ha sido designado Premio Nacional del Deporte 2015, gracias a su notable desempe\u00f1o.<\/span><\/p>\n<p><a href=\"https:\/\/www.grupoxcaret.com\/es\/wp-content\/uploads\/2015\/11\/grajales.jpg\"><img loading=\"lazy\" class=\"alignnone wp-image-1491 size-large\" src=\"https:\/\/www.grupoxcaret.com\/es\/wp-content\/uploads\/2015\/11\/grajales-1024x616.jpg\" alt=\"grajales\" width=\"1024\" height=\"616\" srcset=\"https:\/\/www.grupoxcaret.com\/es\/wp-content\/uploads\/2015\/11\/grajales-1024x616.jpg 1024w, https:\/\/www.grupoxcaret.com\/es\/wp-content\/uploads\/2015\/11\/grajales-768x462.jpg 768w, https:\/\/www.grupoxcaret.com\/es\/wp-content\/uploads\/2015\/11\/grajales-696x418.jpg 696w, https:\/\/www.grupoxcaret.com\/es\/wp-content\/uploads\/2015\/11\/grajales-1068x642.jpg 1068w, https:\/\/www.grupoxcaret.com\/es\/wp-content\/uploads\/2015\/11\/grajales-699x420.jpg 699w, https:\/\/www.grupoxcaret.com\/es\/wp-content\/uploads\/2015\/11\/grajales-300x180.jpg 300w\" sizes=\"(max-width: 1024px) 100vw, 1024px\" \/><\/a><\/p>\n<p><span style=\"font-weight: 400;\">Para el Triatl\u00f3n Xel-H\u00e1 han confirmado tambi\u00e9n su asistencia el regiomontano Francisco Serrano, quien represent\u00f3 a M\u00e9xico en los Juegos Ol\u00edmpicos de Beijing 2008; obtuvo 3 medallas de oro en los Juegos Centroamericanos 2010; consigui\u00f3 el 2o. lugar en el Campeonato Mundial (ITU) en triatl\u00f3n cross, en Italia 2015; gan\u00f3 el 1er. lugar en la edici\u00f3n 70.3 en Los Cabos de este a\u00f1o; y alcanz\u00f3 el 6o. lugar en el Campeonato Mundial Xterra.<\/span><\/p>\n<p><span style=\"font-weight: 400;\">Junto con ellos pelear\u00e1 por alcanzar la gloria en el podium de Xel-H\u00e1 el tapat\u00edo Irving P\u00e9rez, \u00a0quien este a\u00f1o gan\u00f3 el 1er lugar en la \u00a0Copa del Mundo en Huatulco; \u00a0fue 3er lugar \u00a0en los Juegos Panamericanos de \u00a0Toronto; calific\u00f3 18o. en la Serie Mundial en Yokohama, Jap\u00f3n; fue 16o. lugar en la Copa del Mundo en Cozumel M\u00e9xico; y 8o. en la Copa del Mundo en Tongyoung, en Corea.<\/span><\/p>\n<p><span style=\"font-weight: 400;\">El Triatl\u00f3n Xel-H\u00e1 se realizar\u00e1 en su versi\u00f3n ol\u00edmpica el s\u00e1bado 14 de noviembre y en su versi\u00f3n sprint el domingo 15, con 900 competidores en cada una de \u00e9stas facetas.<\/span><\/p>\n<h2><b>Acerca de Xel-H\u00e1<\/b><\/h2>\n<p><span style=\"font-weight: 400;\">Xel-H\u00e1, una Maravilla Natural \u00fanica en la que el agua del mar y de los r\u00edos subterr\u00e1neos se mezcla creando un lugar de impactantes escenarios y vida marina en donde podr\u00e1s practicar el mejor snorkel del destino. Un lugar para todos en donde la diversi\u00f3n no tiene l\u00edmites. Descubre incre\u00edbles senderos por la selva, \u00e1reas de descanso, espectaculares vistas, atracciones naturales y exquisitos restaurantes de clase mundial. Un parque todo incluido en donde la naturaleza armoniza por completo con incre\u00edbles actividades acu\u00e1ticas y terrestres.<\/span><\/p>\n","protected":false},"excerpt":{"rendered":"<p>CANC\u00daN, RIVIERA MAYA, QUINTANA ROO; NOVIEMBRE, \u00a02015.- Con la participaci\u00f3n de los mejores triatletas de M\u00e9xico, el pr\u00f3ximo fin de semana tendr\u00e1 lugar el Campeonato Nacional de esa disciplina en el parque Xel-H\u00e1, con la participaci\u00f3n de mil 800 deportistas que medir\u00e1n sus talentos para alcanzar un espacio en el p\u00f3dium de vencedores. En el [&hellip;]<\/p>\n","protected":false},"author":8,"featured_media":1392,"comment_status":"open","ping_status":"open","sticky":false,"template":"","format":"standard","meta":[],"categories":[3],"tags":[],"yoast_head":"<!-- This site is optimized with the Yoast SEO plugin v17.6 - https:\/\/yoast.com\/wordpress\/plugins\/seo\/ -->\n<meta name=\"robots\" content=\"index, follow, max-snippet:-1, max-image-preview:large, max-video-preview:-1\" \/>\n<link rel=\"canonical\" href=\"https:\/\/www.grupoxcaret.com\/es\/grajales-serrano-y-perez-disputaran-la-gloria-en-el-triatlon-xel-ha-2015\/\" \/>\n<meta property=\"og:locale\" content=\"es_ES\" \/>\n<meta property=\"og:type\" content=\"article\" \/>\n<meta property=\"og:title\" content=\"Grajales y Serrano, disputar\u00e1n la gloria en Triatl\u00f3n Xel-H\u00e1 2015 - Grupo Xcaret Sitio Corporativo\" \/>\n<meta property=\"og:description\" content=\"CANC\u00daN, RIVIERA MAYA, QUINTANA ROO; NOVIEMBRE, \u00a02015.- Con la participaci\u00f3n de los mejores triatletas de M\u00e9xico, el pr\u00f3ximo fin de semana tendr\u00e1 lugar el Campeonato Nacional de esa disciplina en el parque Xel-H\u00e1, con la participaci\u00f3n de mil 800 deportistas que medir\u00e1n sus talentos para alcanzar un espacio en el p\u00f3dium de vencedores. En el [&hellip;]\" \/>\n<meta property=\"og:url\" content=\"https:\/\/www.grupoxcaret.com\/es\/grajales-serrano-y-perez-disputaran-la-gloria-en-el-triatlon-xel-ha-2015\/\" \/>\n<meta property=\"og:site_name\" content=\"Grupo Xcaret Sitio Corporativo\" \/>\n<meta property=\"article:published_time\" content=\"2015-11-10T17:35:58+00:00\" \/>\n<meta property=\"article:modified_time\" content=\"2015-11-10T17:49:35+00:00\" \/>\n<meta property=\"og:image\" content=\"https:\/\/www.grupoxcaret.com\/es\/wp-content\/uploads\/2015\/07\/Triatlon-Xel-h--.jpg\" \/>\n\t<meta property=\"og:image:width\" content=\"1024\" \/>\n\t<meta property=\"og:image:height\" content=\"683\" \/>\n<meta name=\"twitter:card\" content=\"summary_large_image\" \/>\n<meta name=\"twitter:label1\" content=\"Escrito por\" \/>\n\t<meta name=\"twitter:data1\" content=\"dmendozav\" \/>\n\t<meta name=\"twitter:label2\" content=\"Tiempo de lectura\" \/>\n\t<meta name=\"twitter:data2\" content=\"2 minutos\" \/>\n<script type=\"application\/ld+json\" class=\"yoast-schema-graph\">{\"@context\":\"https:\/\/schema.org\",\"@graph\":[{\"@type\":\"Organization\",\"@id\":\"https:\/\/www.grupoxcaret.com\/es\/#organization\",\"name\":\"Grupo Xcaret\",\"url\":\"https:\/\/www.grupoxcaret.com\/es\/\",\"sameAs\":[],\"logo\":{\"@type\":\"ImageObject\",\"@id\":\"https:\/\/www.grupoxcaret.com\/es\/#logo\",\"inLanguage\":\"es\",\"url\":\"https:\/\/www.grupoxcaret.com\/es\/wp-content\/uploads\/2015\/04\/exx.png\",\"contentUrl\":\"https:\/\/www.grupoxcaret.com\/es\/wp-content\/uploads\/2015\/04\/exx.png\",\"width\":400,\"height\":136,\"caption\":\"Grupo Xcaret\"},\"image\":{\"@id\":\"https:\/\/www.grupoxcaret.com\/es\/#logo\"}},{\"@type\":\"WebSite\",\"@id\":\"https:\/\/www.grupoxcaret.com\/es\/#website\",\"url\":\"https:\/\/www.grupoxcaret.com\/es\/\",\"name\":\"Grupo Xcaret Sitio Corporativo\",\"description\":\"Conoce el sitio corporativo de Grupo Xcaret. Encuentra informaci\\u00f3n relevante acerca de nuestra historia, marcas, filosof\\u00eda empresarial, pol\\u00edtica de sostenibilidad y mucho m\\u00e1s.\",\"publisher\":{\"@id\":\"https:\/\/www.grupoxcaret.com\/es\/#organization\"},\"potentialAction\":[{\"@type\":\"SearchAction\",\"target\":{\"@type\":\"EntryPoint\",\"urlTemplate\":\"https:\/\/www.grupoxcaret.com\/es\/?s={search_term_string}\"},\"query-input\":\"required name=search_term_string\"}],\"inLanguage\":\"es\"},{\"@type\":\"ImageObject\",\"@id\":\"https:\/\/www.grupoxcaret.com\/es\/grajales-serrano-y-perez-disputaran-la-gloria-en-el-triatlon-xel-ha-2015\/#primaryimage\",\"inLanguage\":\"es\",\"url\":\"https:\/\/www.grupoxcaret.com\/es\/wp-content\/uploads\/2015\/07\/Triatlon-Xel-h--.jpg\",\"contentUrl\":\"https:\/\/www.grupoxcaret.com\/es\/wp-content\/uploads\/2015\/07\/Triatlon-Xel-h--.jpg\",\"width\":1024,\"height\":683},{\"@type\":\"WebPage\",\"@id\":\"https:\/\/www.grupoxcaret.com\/es\/grajales-serrano-y-perez-disputaran-la-gloria-en-el-triatlon-xel-ha-2015\/#webpage\",\"url\":\"https:\/\/www.grupoxcaret.com\/es\/grajales-serrano-y-perez-disputaran-la-gloria-en-el-triatlon-xel-ha-2015\/\",\"name\":\"Grajales y Serrano, disputar\\u00e1n la gloria en Triatl\\u00f3n Xel-H\\u00e1 2015 - Grupo Xcaret Sitio Corporativo\",\"isPartOf\":{\"@id\":\"https:\/\/www.grupoxcaret.com\/es\/#website\"},\"primaryImageOfPage\":{\"@id\":\"https:\/\/www.grupoxcaret.com\/es\/grajales-serrano-y-perez-disputaran-la-gloria-en-el-triatlon-xel-ha-2015\/#primaryimage\"},\"datePublished\":\"2015-11-10T17:35:58+00:00\",\"dateModified\":\"2015-11-10T17:49:35+00:00\",\"breadcrumb\":{\"@id\":\"https:\/\/www.grupoxcaret.com\/es\/grajales-serrano-y-perez-disputaran-la-gloria-en-el-triatlon-xel-ha-2015\/#breadcrumb\"},\"inLanguage\":\"es\",\"potentialAction\":[{\"@type\":\"ReadAction\",\"target\":[\"https:\/\/www.grupoxcaret.com\/es\/grajales-serrano-y-perez-disputaran-la-gloria-en-el-triatlon-xel-ha-2015\/\"]}]},{\"@type\":\"BreadcrumbList\",\"@id\":\"https:\/\/www.grupoxcaret.com\/es\/grajales-serrano-y-perez-disputaran-la-gloria-en-el-triatlon-xel-ha-2015\/#breadcrumb\",\"itemListElement\":[{\"@type\":\"ListItem\",\"position\":1,\"name\":\"Inicio\",\"item\":\"https:\/\/www.grupoxcaret.com\/es\/\"},{\"@type\":\"ListItem\",\"position\":2,\"name\":\"Sala de Prensa\",\"item\":\"https:\/\/www.grupoxcaret.com\/es\/seccion\/sala-de-prensa\/\"},{\"@type\":\"ListItem\",\"position\":3,\"name\":\"Grajales y Serrano, disputar\\u00e1n la gloria en Triatl\\u00f3n Xel-H\\u00e1 2015\"}]},{\"@type\":\"Article\",\"@id\":\"https:\/\/www.grupoxcaret.com\/es\/grajales-serrano-y-perez-disputaran-la-gloria-en-el-triatlon-xel-ha-2015\/#article\",\"isPartOf\":{\"@id\":\"https:\/\/www.grupoxcaret.com\/es\/grajales-serrano-y-perez-disputaran-la-gloria-en-el-triatlon-xel-ha-2015\/#webpage\"},\"author\":{\"@id\":\"https:\/\/www.grupoxcaret.com\/es\/#\/schema\/person\/a063bfd3f2c8806ec176d4b2afba737f\"},\"headline\":\"Grajales y Serrano, disputar\\u00e1n la gloria en Triatl\\u00f3n Xel-H\\u00e1 2015\",\"datePublished\":\"2015-11-10T17:35:58+00:00\",\"dateModified\":\"2015-11-10T17:49:35+00:00\",\"mainEntityOfPage\":{\"@id\":\"https:\/\/www.grupoxcaret.com\/es\/grajales-serrano-y-perez-disputaran-la-gloria-en-el-triatlon-xel-ha-2015\/#webpage\"},\"wordCount\":462,\"commentCount\":0,\"publisher\":{\"@id\":\"https:\/\/www.grupoxcaret.com\/es\/#organization\"},\"image\":{\"@id\":\"https:\/\/www.grupoxcaret.com\/es\/grajales-serrano-y-perez-disputaran-la-gloria-en-el-triatlon-xel-ha-2015\/#primaryimage\"},\"thumbnailUrl\":\"https:\/\/www.grupoxcaret.com\/es\/wp-content\/uploads\/2015\/07\/Triatlon-Xel-h--.jpg\",\"articleSection\":[\"Sala de Prensa\"],\"inLanguage\":\"es\",\"potentialAction\":[{\"@type\":\"CommentAction\",\"name\":\"Comment\",\"target\":[\"https:\/\/www.grupoxcaret.com\/es\/grajales-serrano-y-perez-disputaran-la-gloria-en-el-triatlon-xel-ha-2015\/#respond\"]}]},{\"@type\":\"Person\",\"@id\":\"https:\/\/www.grupoxcaret.com\/es\/#\/schema\/person\/a063bfd3f2c8806ec176d4b2afba737f\",\"name\":\"dmendozav\",\"image\":{\"@type\":\"ImageObject\",\"@id\":\"https:\/\/www.grupoxcaret.com\/es\/#personlogo\",\"inLanguage\":\"es\",\"url\":\"https:\/\/secure.gravatar.com\/avatar\/d0971a818d7242eb0e6a9b000cb0cb6c?s=96&d=mm&r=g\",\"contentUrl\":\"https:\/\/secure.gravatar.com\/avatar\/d0971a818d7242eb0e6a9b000cb0cb6c?s=96&d=mm&r=g\",\"caption\":\"dmendozav\"},\"url\":\"https:\/\/www.grupoxcaret.com\/es\/author\/dmendozav\/\"}]}<\/script>\n<!-- \/ Yoast SEO plugin. -->","yoast_head_json":{"robots":{"index":"index","follow":"follow","max-snippet":"max-snippet:-1","max-image-preview":"max-image-preview:large","max-video-preview":"max-video-preview:-1"},"canonical":"https:\/\/www.grupoxcaret.com\/es\/grajales-serrano-y-perez-disputaran-la-gloria-en-el-triatlon-xel-ha-2015\/","og_locale":"es_ES","og_type":"article","og_title":"Grajales y Serrano, disputar\u00e1n la gloria en Triatl\u00f3n Xel-H\u00e1 2015 - Grupo Xcaret Sitio Corporativo","og_description":"CANC\u00daN, RIVIERA MAYA, QUINTANA ROO; NOVIEMBRE, \u00a02015.- Con la participaci\u00f3n de los mejores triatletas de M\u00e9xico, el pr\u00f3ximo fin de semana tendr\u00e1 lugar el Campeonato Nacional de esa disciplina en el parque Xel-H\u00e1, con la participaci\u00f3n de mil 800 deportistas que medir\u00e1n sus talentos para alcanzar un espacio en el p\u00f3dium de vencedores. En el [&hellip;]","og_url":"https:\/\/www.grupoxcaret.com\/es\/grajales-serrano-y-perez-disputaran-la-gloria-en-el-triatlon-xel-ha-2015\/","og_site_name":"Grupo Xcaret Sitio Corporativo","article_published_time":"2015-11-10T17:35:58+00:00","article_modified_time":"2015-11-10T17:49:35+00:00","og_image":[{"width":1024,"height":683,"url":"https:\/\/www.grupoxcaret.com\/es\/wp-content\/uploads\/2015\/07\/Triatlon-Xel-h--.jpg","type":"image\/jpeg"}],"twitter_card":"summary_large_image","twitter_misc":{"Escrito por":"dmendozav","Tiempo de lectura":"2 minutos"},"schema":{"@context":"https:\/\/schema.org","@graph":[{"@type":"Organization","@id":"https:\/\/www.grupoxcaret.com\/es\/#organization","name":"Grupo Xcaret","url":"https:\/\/www.grupoxcaret.com\/es\/","sameAs":[],"logo":{"@type":"ImageObject","@id":"https:\/\/www.grupoxcaret.com\/es\/#logo","inLanguage":"es","url":"https:\/\/www.grupoxcaret.com\/es\/wp-content\/uploads\/2015\/04\/exx.png","contentUrl":"https:\/\/www.grupoxcaret.com\/es\/wp-content\/uploads\/2015\/04\/exx.png","width":400,"height":136,"caption":"Grupo Xcaret"},"image":{"@id":"https:\/\/www.grupoxcaret.com\/es\/#logo"}},{"@type":"WebSite","@id":"https:\/\/www.grupoxcaret.com\/es\/#website","url":"https:\/\/www.grupoxcaret.com\/es\/","name":"Grupo Xcaret Sitio Corporativo","description":"Conoce el sitio corporativo de Grupo Xcaret. Encuentra informaci\u00f3n relevante acerca de nuestra historia, marcas, filosof\u00eda empresarial, pol\u00edtica de sostenibilidad y mucho m\u00e1s.","publisher":{"@id":"https:\/\/www.grupoxcaret.com\/es\/#organization"},"potentialAction":[{"@type":"SearchAction","target":{"@type":"EntryPoint","urlTemplate":"https:\/\/www.grupoxcaret.com\/es\/?s={search_term_string}"},"query-input":"required name=search_term_string"}],"inLanguage":"es"},{"@type":"ImageObject","@id":"https:\/\/www.grupoxcaret.com\/es\/grajales-serrano-y-perez-disputaran-la-gloria-en-el-triatlon-xel-ha-2015\/#primaryimage","inLanguage":"es","url":"https:\/\/www.grupoxcaret.com\/es\/wp-content\/uploads\/2015\/07\/Triatlon-Xel-h--.jpg","contentUrl":"https:\/\/www.grupoxcaret.com\/es\/wp-content\/uploads\/2015\/07\/Triatlon-Xel-h--.jpg","width":1024,"height":683},{"@type":"WebPage","@id":"https:\/\/www.grupoxcaret.com\/es\/grajales-serrano-y-perez-disputaran-la-gloria-en-el-triatlon-xel-ha-2015\/#webpage","url":"https:\/\/www.grupoxcaret.com\/es\/grajales-serrano-y-perez-disputaran-la-gloria-en-el-triatlon-xel-ha-2015\/","name":"Grajales y Serrano, disputar\u00e1n la gloria en Triatl\u00f3n Xel-H\u00e1 2015 - Grupo Xcaret Sitio Corporativo","isPartOf":{"@id":"https:\/\/www.grupoxcaret.com\/es\/#website"},"primaryImageOfPage":{"@id":"https:\/\/www.grupoxcaret.com\/es\/grajales-serrano-y-perez-disputaran-la-gloria-en-el-triatlon-xel-ha-2015\/#primaryimage"},"datePublished":"2015-11-10T17:35:58+00:00","dateModified":"2015-11-10T17:49:35+00:00","breadcrumb":{"@id":"https:\/\/www.grupoxcaret.com\/es\/grajales-serrano-y-perez-disputaran-la-gloria-en-el-triatlon-xel-ha-2015\/#breadcrumb"},"inLanguage":"es","potentialAction":[{"@type":"ReadAction","target":["https:\/\/www.grupoxcaret.com\/es\/grajales-serrano-y-perez-disputaran-la-gloria-en-el-triatlon-xel-ha-2015\/"]}]},{"@type":"BreadcrumbList","@id":"https:\/\/www.grupoxcaret.com\/es\/grajales-serrano-y-perez-disputaran-la-gloria-en-el-triatlon-xel-ha-2015\/#breadcrumb","itemListElement":[{"@type":"ListItem","position":1,"name":"Inicio","item":"https:\/\/www.grupoxcaret.com\/es\/"},{"@type":"ListItem","position":2,"name":"Sala de Prensa","item":"https:\/\/www.grupoxcaret.com\/es\/seccion\/sala-de-prensa\/"},{"@type":"ListItem","position":3,"name":"Grajales y Serrano, disputar\u00e1n la gloria en Triatl\u00f3n Xel-H\u00e1 2015"}]},{"@type":"Article","@id":"https:\/\/www.grupoxcaret.com\/es\/grajales-serrano-y-perez-disputaran-la-gloria-en-el-triatlon-xel-ha-2015\/#article","isPartOf":{"@id":"https:\/\/www.grupoxcaret.com\/es\/grajales-serrano-y-perez-disputaran-la-gloria-en-el-triatlon-xel-ha-2015\/#webpage"},"author":{"@id":"https:\/\/www.grupoxcaret.com\/es\/#\/schema\/person\/a063bfd3f2c8806ec176d4b2afba737f"},"headline":"Grajales y Serrano, disputar\u00e1n la gloria en Triatl\u00f3n Xel-H\u00e1 2015","datePublished":"2015-11-10T17:35:58+00:00","dateModified":"2015-11-10T17:49:35+00:00","mainEntityOfPage":{"@id":"https:\/\/www.grupoxcaret.com\/es\/grajales-serrano-y-perez-disputaran-la-gloria-en-el-triatlon-xel-ha-2015\/#webpage"},"wordCount":462,"commentCount":0,"publisher":{"@id":"https:\/\/www.grupoxcaret.com\/es\/#organization"},"image":{"@id":"https:\/\/www.grupoxcaret.com\/es\/grajales-serrano-y-perez-disputaran-la-gloria-en-el-triatlon-xel-ha-2015\/#primaryimage"},"thumbnailUrl":"https:\/\/www.grupoxcaret.com\/es\/wp-content\/uploads\/2015\/07\/Triatlon-Xel-h--.jpg","articleSection":["Sala de Prensa"],"inLanguage":"es","potentialAction":[{"@type":"CommentAction","name":"Comment","target":["https:\/\/www.grupoxcaret.com\/es\/grajales-serrano-y-perez-disputaran-la-gloria-en-el-triatlon-xel-ha-2015\/#respond"]}]},{"@type":"Person","@id":"https:\/\/www.grupoxcaret.com\/es\/#\/schema\/person\/a063bfd3f2c8806ec176d4b2afba737f","name":"dmendozav","image":{"@type":"ImageObject","@id":"https:\/\/www.grupoxcaret.com\/es\/#personlogo","inLanguage":"es","url":"https:\/\/secure.gravatar.com\/avatar\/d0971a818d7242eb0e6a9b000cb0cb6c?s=96&d=mm&r=g","contentUrl":"https:\/\/secure.gravatar.com\/avatar\/d0971a818d7242eb0e6a9b000cb0cb6c?s=96&d=mm&r=g","caption":"dmendozav"},"url":"https:\/\/www.grupoxcaret.com\/es\/author\/dmendozav\/"}]}},"amp_enabled":true,"_links":{"self":[{"href":"https:\/\/www.grupoxcaret.com\/es\/wp-json\/wp\/v2\/posts\/1489"}],"collection":[{"href":"https:\/\/www.grupoxcaret.com\/es\/wp-json\/wp\/v2\/posts"}],"about":[{"href":"https:\/\/www.grupoxcaret.com\/es\/wp-json\/wp\/v2\/types\/post"}],"author":[{"embeddable":true,"href":"https:\/\/www.grupoxcaret.com\/es\/wp-json\/wp\/v2\/users\/8"}],"replies":[{"embeddable":true,"href":"https:\/\/www.grupoxcaret.com\/es\/wp-json\/wp\/v2\/comments?post=1489"}],"version-history":[{"count":0,"href":"https:\/\/www.grupoxcaret.com\/es\/wp-json\/wp\/v2\/posts\/1489\/revisions"}],"wp:featuredmedia":[{"embeddable":true,"href":"https:\/\/www.grupoxcaret.com\/es\/wp-json\/wp\/v2\/media\/1392"}],"wp:attachment":[{"href":"https:\/\/www.grupoxcaret.com\/es\/wp-json\/wp\/v2\/media?parent=1489"}],"wp:term":[{"taxonomy":"category","embeddable":true,"href":"https:\/\/www.grupoxcaret.com\/es\/wp-json\/wp\/v2\/categories?post=1489"},{"taxonomy":"post_tag","embeddable":true,"href":"https:\/\/www.grupoxcaret.com\/es\/wp-json\/wp\/v2\/tags?post=1489"}],"curies":[{"name":"wp","href":"https:\/\/api.w.org\/{rel}","templated":true}]}}