{"id":1462,"date":"2015-10-08T18:01:21","date_gmt":"2015-10-08T18:01:21","guid":{"rendered":"https:\/\/www.grupoxcaret.com\/es\/?p=1462"},"modified":"2015-10-12T16:44:12","modified_gmt":"2015-10-12T16:44:12","slug":"publica-experiencias-xcaret-informe-de-responsabilidad-social-corporativa","status":"publish","type":"post","link":"https:\/\/www.grupoxcaret.com\/es\/publica-experiencias-xcaret-informe-de-responsabilidad-social-corporativa\/","title":{"rendered":"Conoce el Informe de Responsabilidad Social Corporativa 2014"},"content":{"rendered":"<p><strong>CANC\u00daN, RIVIERA MAYA, QUINTANA ROO<\/strong>.- Como un ejercicio de transparencia y rendici\u00f3n de cuentas con todos sus grupos de inter\u00e9s y con la colectividad en general, Grupo Experiencias Xcaret hizo p\u00fablico su Informe de Responsabilidad Social Corporativa, que da cuenta de una gesti\u00f3n sustentable alineada a los Principios del Pacto Mundial de las Naciones Unidas.<\/p>\n<p>El informe fue realizado bajo la metodolog\u00eda del <em>Global Reporting Initiative<\/em> (GRI por sus siglas en ingl\u00e9s) para la elaboraci\u00f3n de reportes de sustentabilidad. La informaci\u00f3n se presenta bajo los siguientes ejes: cultura organizacional, gesti\u00f3n de los negocios, equidad de g\u00e9nero, clima laboral, sustentabilidad y medio ambiente, mejores pr\u00e1cticas empresariales, as\u00ed como vinculaci\u00f3n con la comunidad. Algunos aspectos relevantes que figuran dentro del reporte, que da cuenta de los resultados generados en 2014, son:<\/p>\n<p><strong>CALIDAD DE VIDA DE LA EMPRESA<\/strong><\/p>\n<p>Grupo Experiencias Xcaret es una organizaci\u00f3n dedicada a la recreaci\u00f3n tur\u00edstica sustentable que genera 4 mil empleos directos permanentemente y m\u00e1s de 16 mil en forma indirecta. Su Comit\u00e9 Ejecutivo est\u00e1 conformado por 41% de mujeres y 59% de hombres e invierte m\u00e1s de 9 millones de pesos en capacitaci\u00f3n de sus colaboradores.<\/p>\n<p><strong>VINCULACI\u00d3N CON LA COMUNIDAD<\/strong><\/p>\n<p>Con el af\u00e1n de estimular la econom\u00eda regional, el 59% de las compras a nivel corporativo se realizaron a trav\u00e9s de proveedores locales de la Pen\u00ednsula de Yucat\u00e1n.<\/p>\n<p>En la 9\u00aa edici\u00f3n del Festival de Tradiciones de Vida y Muerte, que promueve la identidad nacional y el apego a las costumbres mexicanas entre la familia quintanarroense, participaron 23 grupos art\u00edsticos y 23 grupos de artesanos, con la asistencia de 39 mil 584 personas.<\/p>\n<p><strong>MEDIO AMBIENTE<\/strong>.<\/p>\n<p>Gracias a los proyectos de reproducci\u00f3n, conservaci\u00f3n y reintroducci\u00f3n en vida silvestre, se increment\u00f3 en 41% la poblaci\u00f3n de la guacamaya roja en M\u00e9xico. Se reforestaron espacios p\u00fablicos y \u00e1reas verdes de los parques sembrando 251 mil plantas nativas. M\u00e1s del 70% de los residuos s\u00f3lidos generados en los parques del grupo se canalizan al reciclaje, a trav\u00e9s de sus centros de transferencia y acopio. A su vez, 169 mil muestras de bloqueadores libres de qu\u00edmicos fueron intercambiadas por bloqueadores convencionales.<\/p>\n<p><a href=\"https:\/\/www.grupoxcaret.com\/es\/wp-content\/uploads\/2015\/10\/Informe-RSC2014.-Espa--ol.pdf\">DESCARGA AQU\u00cd EL INFORME COMPLETO<\/a><\/p>\n<p>&nbsp;<\/p>\n<p><iframe loading=\"lazy\" title=\"Grupo Experiencias Xcaret: Responsabilidad Social Empresarial\" width=\"696\" height=\"392\" src=\"https:\/\/www.youtube.com\/embed\/fxJUKGYGQHk?feature=oembed\" frameborder=\"0\" allow=\"accelerometer; autoplay; encrypted-media; gyroscope; picture-in-picture\" allowfullscreen><\/iframe><\/p>\n<p>&nbsp;<\/p>\n<p>&nbsp;<\/p>\n","protected":false},"excerpt":{"rendered":"<p>CANC\u00daN, RIVIERA MAYA, QUINTANA ROO.- Como un ejercicio de transparencia y rendici\u00f3n de cuentas con todos sus grupos de inter\u00e9s y con la colectividad en general, Grupo Experiencias Xcaret hizo p\u00fablico su Informe de Responsabilidad Social Corporativa, que da cuenta de una gesti\u00f3n sustentable alineada a los Principios del Pacto Mundial de las Naciones Unidas. [&hellip;]<\/p>\n","protected":false},"author":8,"featured_media":1023,"comment_status":"open","ping_status":"open","sticky":false,"template":"","format":"standard","meta":[],"categories":[4],"tags":[],"yoast_head":"<!-- This site is optimized with the Yoast SEO plugin v17.6 - https:\/\/yoast.com\/wordpress\/plugins\/seo\/ -->\n<meta name=\"description\" content=\"Como un ejercicio de transparencia y rendici\u00f3n de cuentas con todos sus grupos de inter\u00e9s y con la colectividad en general, Grupo Experiencias Xcaret hizo p\u00fablico su Informe de Responsabilidad Social Corporativa, que da cuenta de una gesti\u00f3n sustentable alineada a los Principios del Pacto Mundial de las Naciones Unidas.\" \/>\n<meta name=\"robots\" content=\"index, follow, max-snippet:-1, max-image-preview:large, max-video-preview:-1\" \/>\n<link rel=\"canonical\" href=\"https:\/\/www.grupoxcaret.com\/es\/publica-experiencias-xcaret-informe-de-responsabilidad-social-corporativa\/\" \/>\n<meta property=\"og:locale\" content=\"es_ES\" \/>\n<meta property=\"og:type\" content=\"article\" \/>\n<meta property=\"og:title\" content=\"Conoce el Informe de Responsabilidad Social Corporativa 2014\" \/>\n<meta property=\"og:description\" content=\"Como un ejercicio de transparencia y rendici\u00f3n de cuentas con todos sus grupos de inter\u00e9s y con la colectividad en general, Grupo Experiencias Xcaret hizo p\u00fablico su Informe de Responsabilidad Social Corporativa, que da cuenta de una gesti\u00f3n sustentable alineada a los Principios del Pacto Mundial de las Naciones Unidas.\" \/>\n<meta property=\"og:url\" content=\"https:\/\/www.grupoxcaret.com\/es\/publica-experiencias-xcaret-informe-de-responsabilidad-social-corporativa\/\" \/>\n<meta property=\"og:site_name\" content=\"Grupo Xcaret Sitio Corporativo\" \/>\n<meta property=\"article:published_time\" content=\"2015-10-08T18:01:21+00:00\" \/>\n<meta property=\"article:modified_time\" content=\"2015-10-12T16:44:12+00:00\" \/>\n<meta property=\"og:image\" content=\"https:\/\/www.grupoxcaret.com\/es\/wp-content\/uploads\/2015\/01\/talento-experiencias.jpg\" \/>\n\t<meta property=\"og:image:width\" content=\"768\" \/>\n\t<meta property=\"og:image:height\" content=\"512\" \/>\n<meta name=\"twitter:card\" content=\"summary_large_image\" \/>\n<meta name=\"twitter:label1\" content=\"Escrito por\" \/>\n\t<meta name=\"twitter:data1\" content=\"dmendozav\" \/>\n\t<meta name=\"twitter:label2\" content=\"Tiempo de lectura\" \/>\n\t<meta name=\"twitter:data2\" content=\"2 minutos\" \/>\n<script type=\"application\/ld+json\" class=\"yoast-schema-graph\">{\"@context\":\"https:\/\/schema.org\",\"@graph\":[{\"@type\":\"Organization\",\"@id\":\"https:\/\/www.grupoxcaret.com\/es\/#organization\",\"name\":\"Grupo Xcaret\",\"url\":\"https:\/\/www.grupoxcaret.com\/es\/\",\"sameAs\":[],\"logo\":{\"@type\":\"ImageObject\",\"@id\":\"https:\/\/www.grupoxcaret.com\/es\/#logo\",\"inLanguage\":\"es\",\"url\":\"https:\/\/www.grupoxcaret.com\/es\/wp-content\/uploads\/2015\/04\/exx.png\",\"contentUrl\":\"https:\/\/www.grupoxcaret.com\/es\/wp-content\/uploads\/2015\/04\/exx.png\",\"width\":400,\"height\":136,\"caption\":\"Grupo Xcaret\"},\"image\":{\"@id\":\"https:\/\/www.grupoxcaret.com\/es\/#logo\"}},{\"@type\":\"WebSite\",\"@id\":\"https:\/\/www.grupoxcaret.com\/es\/#website\",\"url\":\"https:\/\/www.grupoxcaret.com\/es\/\",\"name\":\"Grupo Xcaret Sitio Corporativo\",\"description\":\"Conoce el sitio corporativo de Grupo Xcaret. Encuentra informaci\\u00f3n relevante acerca de nuestra historia, marcas, filosof\\u00eda empresarial, pol\\u00edtica de sostenibilidad y mucho m\\u00e1s.\",\"publisher\":{\"@id\":\"https:\/\/www.grupoxcaret.com\/es\/#organization\"},\"potentialAction\":[{\"@type\":\"SearchAction\",\"target\":{\"@type\":\"EntryPoint\",\"urlTemplate\":\"https:\/\/www.grupoxcaret.com\/es\/?s={search_term_string}\"},\"query-input\":\"required name=search_term_string\"}],\"inLanguage\":\"es\"},{\"@type\":\"ImageObject\",\"@id\":\"https:\/\/www.grupoxcaret.com\/es\/publica-experiencias-xcaret-informe-de-responsabilidad-social-corporativa\/#primaryimage\",\"inLanguage\":\"es\",\"url\":\"https:\/\/www.grupoxcaret.com\/es\/wp-content\/uploads\/2015\/01\/talento-experiencias.jpg\",\"contentUrl\":\"https:\/\/www.grupoxcaret.com\/es\/wp-content\/uploads\/2015\/01\/talento-experiencias.jpg\",\"width\":768,\"height\":512},{\"@type\":\"WebPage\",\"@id\":\"https:\/\/www.grupoxcaret.com\/es\/publica-experiencias-xcaret-informe-de-responsabilidad-social-corporativa\/#webpage\",\"url\":\"https:\/\/www.grupoxcaret.com\/es\/publica-experiencias-xcaret-informe-de-responsabilidad-social-corporativa\/\",\"name\":\"Conoce el Informe de Responsabilidad Social Corporativa 2014\",\"isPartOf\":{\"@id\":\"https:\/\/www.grupoxcaret.com\/es\/#website\"},\"primaryImageOfPage\":{\"@id\":\"https:\/\/www.grupoxcaret.com\/es\/publica-experiencias-xcaret-informe-de-responsabilidad-social-corporativa\/#primaryimage\"},\"datePublished\":\"2015-10-08T18:01:21+00:00\",\"dateModified\":\"2015-10-12T16:44:12+00:00\",\"description\":\"Como un ejercicio de transparencia y rendici\\u00f3n de cuentas con todos sus grupos de inter\\u00e9s y con la colectividad en general, Grupo Experiencias Xcaret hizo p\\u00fablico su Informe de Responsabilidad Social Corporativa, que da cuenta de una gesti\\u00f3n sustentable alineada a los Principios del Pacto Mundial de las Naciones Unidas.\",\"breadcrumb\":{\"@id\":\"https:\/\/www.grupoxcaret.com\/es\/publica-experiencias-xcaret-informe-de-responsabilidad-social-corporativa\/#breadcrumb\"},\"inLanguage\":\"es\",\"potentialAction\":[{\"@type\":\"ReadAction\",\"target\":[\"https:\/\/www.grupoxcaret.com\/es\/publica-experiencias-xcaret-informe-de-responsabilidad-social-corporativa\/\"]}]},{\"@type\":\"BreadcrumbList\",\"@id\":\"https:\/\/www.grupoxcaret.com\/es\/publica-experiencias-xcaret-informe-de-responsabilidad-social-corporativa\/#breadcrumb\",\"itemListElement\":[{\"@type\":\"ListItem\",\"position\":1,\"name\":\"Inicio\",\"item\":\"https:\/\/www.grupoxcaret.com\/es\/\"},{\"@type\":\"ListItem\",\"position\":2,\"name\":\"Sala de Prensa\",\"item\":\"https:\/\/www.grupoxcaret.com\/es\/seccion\/sala-de-prensa\/\"},{\"@type\":\"ListItem\",\"position\":3,\"name\":\"Boletines de Prensa\",\"item\":\"https:\/\/www.grupoxcaret.com\/es\/seccion\/sala-de-prensa\/boletines\/\"},{\"@type\":\"ListItem\",\"position\":4,\"name\":\"Conoce el Informe de Responsabilidad Social Corporativa 2014\"}]},{\"@type\":\"Article\",\"@id\":\"https:\/\/www.grupoxcaret.com\/es\/publica-experiencias-xcaret-informe-de-responsabilidad-social-corporativa\/#article\",\"isPartOf\":{\"@id\":\"https:\/\/www.grupoxcaret.com\/es\/publica-experiencias-xcaret-informe-de-responsabilidad-social-corporativa\/#webpage\"},\"author\":{\"@id\":\"https:\/\/www.grupoxcaret.com\/es\/#\/schema\/person\/a063bfd3f2c8806ec176d4b2afba737f\"},\"headline\":\"Conoce el Informe de Responsabilidad Social Corporativa 2014\",\"datePublished\":\"2015-10-08T18:01:21+00:00\",\"dateModified\":\"2015-10-12T16:44:12+00:00\",\"mainEntityOfPage\":{\"@id\":\"https:\/\/www.grupoxcaret.com\/es\/publica-experiencias-xcaret-informe-de-responsabilidad-social-corporativa\/#webpage\"},\"wordCount\":389,\"commentCount\":0,\"publisher\":{\"@id\":\"https:\/\/www.grupoxcaret.com\/es\/#organization\"},\"image\":{\"@id\":\"https:\/\/www.grupoxcaret.com\/es\/publica-experiencias-xcaret-informe-de-responsabilidad-social-corporativa\/#primaryimage\"},\"thumbnailUrl\":\"https:\/\/www.grupoxcaret.com\/es\/wp-content\/uploads\/2015\/01\/talento-experiencias.jpg\",\"articleSection\":[\"Boletines de Prensa\"],\"inLanguage\":\"es\",\"potentialAction\":[{\"@type\":\"CommentAction\",\"name\":\"Comment\",\"target\":[\"https:\/\/www.grupoxcaret.com\/es\/publica-experiencias-xcaret-informe-de-responsabilidad-social-corporativa\/#respond\"]}]},{\"@type\":\"Person\",\"@id\":\"https:\/\/www.grupoxcaret.com\/es\/#\/schema\/person\/a063bfd3f2c8806ec176d4b2afba737f\",\"name\":\"dmendozav\",\"image\":{\"@type\":\"ImageObject\",\"@id\":\"https:\/\/www.grupoxcaret.com\/es\/#personlogo\",\"inLanguage\":\"es\",\"url\":\"https:\/\/secure.gravatar.com\/avatar\/d0971a818d7242eb0e6a9b000cb0cb6c?s=96&d=mm&r=g\",\"contentUrl\":\"https:\/\/secure.gravatar.com\/avatar\/d0971a818d7242eb0e6a9b000cb0cb6c?s=96&d=mm&r=g\",\"caption\":\"dmendozav\"},\"url\":\"https:\/\/www.grupoxcaret.com\/es\/author\/dmendozav\/\"}]}<\/script>\n<!-- \/ Yoast SEO plugin. -->","yoast_head_json":{"description":"Como un ejercicio de transparencia y rendici\u00f3n de cuentas con todos sus grupos de inter\u00e9s y con la colectividad en general, Grupo Experiencias Xcaret hizo p\u00fablico su Informe de Responsabilidad Social Corporativa, que da cuenta de una gesti\u00f3n sustentable alineada a los Principios del Pacto Mundial de las Naciones Unidas.","robots":{"index":"index","follow":"follow","max-snippet":"max-snippet:-1","max-image-preview":"max-image-preview:large","max-video-preview":"max-video-preview:-1"},"canonical":"https:\/\/www.grupoxcaret.com\/es\/publica-experiencias-xcaret-informe-de-responsabilidad-social-corporativa\/","og_locale":"es_ES","og_type":"article","og_title":"Conoce el Informe de Responsabilidad Social Corporativa 2014","og_description":"Como un ejercicio de transparencia y rendici\u00f3n de cuentas con todos sus grupos de inter\u00e9s y con la colectividad en general, Grupo Experiencias Xcaret hizo p\u00fablico su Informe de Responsabilidad Social Corporativa, que da cuenta de una gesti\u00f3n sustentable alineada a los Principios del Pacto Mundial de las Naciones Unidas.","og_url":"https:\/\/www.grupoxcaret.com\/es\/publica-experiencias-xcaret-informe-de-responsabilidad-social-corporativa\/","og_site_name":"Grupo Xcaret Sitio Corporativo","article_published_time":"2015-10-08T18:01:21+00:00","article_modified_time":"2015-10-12T16:44:12+00:00","og_image":[{"width":768,"height":512,"url":"https:\/\/www.grupoxcaret.com\/es\/wp-content\/uploads\/2015\/01\/talento-experiencias.jpg","type":"image\/jpeg"}],"twitter_card":"summary_large_image","twitter_misc":{"Escrito por":"dmendozav","Tiempo de lectura":"2 minutos"},"schema":{"@context":"https:\/\/schema.org","@graph":[{"@type":"Organization","@id":"https:\/\/www.grupoxcaret.com\/es\/#organization","name":"Grupo Xcaret","url":"https:\/\/www.grupoxcaret.com\/es\/","sameAs":[],"logo":{"@type":"ImageObject","@id":"https:\/\/www.grupoxcaret.com\/es\/#logo","inLanguage":"es","url":"https:\/\/www.grupoxcaret.com\/es\/wp-content\/uploads\/2015\/04\/exx.png","contentUrl":"https:\/\/www.grupoxcaret.com\/es\/wp-content\/uploads\/2015\/04\/exx.png","width":400,"height":136,"caption":"Grupo Xcaret"},"image":{"@id":"https:\/\/www.grupoxcaret.com\/es\/#logo"}},{"@type":"WebSite","@id":"https:\/\/www.grupoxcaret.com\/es\/#website","url":"https:\/\/www.grupoxcaret.com\/es\/","name":"Grupo Xcaret Sitio Corporativo","description":"Conoce el sitio corporativo de Grupo Xcaret. Encuentra informaci\u00f3n relevante acerca de nuestra historia, marcas, filosof\u00eda empresarial, pol\u00edtica de sostenibilidad y mucho m\u00e1s.","publisher":{"@id":"https:\/\/www.grupoxcaret.com\/es\/#organization"},"potentialAction":[{"@type":"SearchAction","target":{"@type":"EntryPoint","urlTemplate":"https:\/\/www.grupoxcaret.com\/es\/?s={search_term_string}"},"query-input":"required name=search_term_string"}],"inLanguage":"es"},{"@type":"ImageObject","@id":"https:\/\/www.grupoxcaret.com\/es\/publica-experiencias-xcaret-informe-de-responsabilidad-social-corporativa\/#primaryimage","inLanguage":"es","url":"https:\/\/www.grupoxcaret.com\/es\/wp-content\/uploads\/2015\/01\/talento-experiencias.jpg","contentUrl":"https:\/\/www.grupoxcaret.com\/es\/wp-content\/uploads\/2015\/01\/talento-experiencias.jpg","width":768,"height":512},{"@type":"WebPage","@id":"https:\/\/www.grupoxcaret.com\/es\/publica-experiencias-xcaret-informe-de-responsabilidad-social-corporativa\/#webpage","url":"https:\/\/www.grupoxcaret.com\/es\/publica-experiencias-xcaret-informe-de-responsabilidad-social-corporativa\/","name":"Conoce el Informe de Responsabilidad Social Corporativa 2014","isPartOf":{"@id":"https:\/\/www.grupoxcaret.com\/es\/#website"},"primaryImageOfPage":{"@id":"https:\/\/www.grupoxcaret.com\/es\/publica-experiencias-xcaret-informe-de-responsabilidad-social-corporativa\/#primaryimage"},"datePublished":"2015-10-08T18:01:21+00:00","dateModified":"2015-10-12T16:44:12+00:00","description":"Como un ejercicio de transparencia y rendici\u00f3n de cuentas con todos sus grupos de inter\u00e9s y con la colectividad en general, Grupo Experiencias Xcaret hizo p\u00fablico su Informe de Responsabilidad Social Corporativa, que da cuenta de una gesti\u00f3n sustentable alineada a los Principios del Pacto Mundial de las Naciones Unidas.","breadcrumb":{"@id":"https:\/\/www.grupoxcaret.com\/es\/publica-experiencias-xcaret-informe-de-responsabilidad-social-corporativa\/#breadcrumb"},"inLanguage":"es","potentialAction":[{"@type":"ReadAction","target":["https:\/\/www.grupoxcaret.com\/es\/publica-experiencias-xcaret-informe-de-responsabilidad-social-corporativa\/"]}]},{"@type":"BreadcrumbList","@id":"https:\/\/www.grupoxcaret.com\/es\/publica-experiencias-xcaret-informe-de-responsabilidad-social-corporativa\/#breadcrumb","itemListElement":[{"@type":"ListItem","position":1,"name":"Inicio","item":"https:\/\/www.grupoxcaret.com\/es\/"},{"@type":"ListItem","position":2,"name":"Sala de Prensa","item":"https:\/\/www.grupoxcaret.com\/es\/seccion\/sala-de-prensa\/"},{"@type":"ListItem","position":3,"name":"Boletines de Prensa","item":"https:\/\/www.grupoxcaret.com\/es\/seccion\/sala-de-prensa\/boletines\/"},{"@type":"ListItem","position":4,"name":"Conoce el Informe de Responsabilidad Social Corporativa 2014"}]},{"@type":"Article","@id":"https:\/\/www.grupoxcaret.com\/es\/publica-experiencias-xcaret-informe-de-responsabilidad-social-corporativa\/#article","isPartOf":{"@id":"https:\/\/www.grupoxcaret.com\/es\/publica-experiencias-xcaret-informe-de-responsabilidad-social-corporativa\/#webpage"},"author":{"@id":"https:\/\/www.grupoxcaret.com\/es\/#\/schema\/person\/a063bfd3f2c8806ec176d4b2afba737f"},"headline":"Conoce el Informe de Responsabilidad Social Corporativa 2014","datePublished":"2015-10-08T18:01:21+00:00","dateModified":"2015-10-12T16:44:12+00:00","mainEntityOfPage":{"@id":"https:\/\/www.grupoxcaret.com\/es\/publica-experiencias-xcaret-informe-de-responsabilidad-social-corporativa\/#webpage"},"wordCount":389,"commentCount":0,"publisher":{"@id":"https:\/\/www.grupoxcaret.com\/es\/#organization"},"image":{"@id":"https:\/\/www.grupoxcaret.com\/es\/publica-experiencias-xcaret-informe-de-responsabilidad-social-corporativa\/#primaryimage"},"thumbnailUrl":"https:\/\/www.grupoxcaret.com\/es\/wp-content\/uploads\/2015\/01\/talento-experiencias.jpg","articleSection":["Boletines de Prensa"],"inLanguage":"es","potentialAction":[{"@type":"CommentAction","name":"Comment","target":["https:\/\/www.grupoxcaret.com\/es\/publica-experiencias-xcaret-informe-de-responsabilidad-social-corporativa\/#respond"]}]},{"@type":"Person","@id":"https:\/\/www.grupoxcaret.com\/es\/#\/schema\/person\/a063bfd3f2c8806ec176d4b2afba737f","name":"dmendozav","image":{"@type":"ImageObject","@id":"https:\/\/www.grupoxcaret.com\/es\/#personlogo","inLanguage":"es","url":"https:\/\/secure.gravatar.com\/avatar\/d0971a818d7242eb0e6a9b000cb0cb6c?s=96&d=mm&r=g","contentUrl":"https:\/\/secure.gravatar.com\/avatar\/d0971a818d7242eb0e6a9b000cb0cb6c?s=96&d=mm&r=g","caption":"dmendozav"},"url":"https:\/\/www.grupoxcaret.com\/es\/author\/dmendozav\/"}]}},"amp_enabled":true,"_links":{"self":[{"href":"https:\/\/www.grupoxcaret.com\/es\/wp-json\/wp\/v2\/posts\/1462"}],"collection":[{"href":"https:\/\/www.grupoxcaret.com\/es\/wp-json\/wp\/v2\/posts"}],"about":[{"href":"https:\/\/www.grupoxcaret.com\/es\/wp-json\/wp\/v2\/types\/post"}],"author":[{"embeddable":true,"href":"https:\/\/www.grupoxcaret.com\/es\/wp-json\/wp\/v2\/users\/8"}],"replies":[{"embeddable":true,"href":"https:\/\/www.grupoxcaret.com\/es\/wp-json\/wp\/v2\/comments?post=1462"}],"version-history":[{"count":0,"href":"https:\/\/www.grupoxcaret.com\/es\/wp-json\/wp\/v2\/posts\/1462\/revisions"}],"wp:featuredmedia":[{"embeddable":true,"href":"https:\/\/www.grupoxcaret.com\/es\/wp-json\/wp\/v2\/media\/1023"}],"wp:attachment":[{"href":"https:\/\/www.grupoxcaret.com\/es\/wp-json\/wp\/v2\/media?parent=1462"}],"wp:term":[{"taxonomy":"category","embeddable":true,"href":"https:\/\/www.grupoxcaret.com\/es\/wp-json\/wp\/v2\/categories?post=1462"},{"taxonomy":"post_tag","embeddable":true,"href":"https:\/\/www.grupoxcaret.com\/es\/wp-json\/wp\/v2\/tags?post=1462"}],"curies":[{"name":"wp","href":"https:\/\/api.w.org\/{rel}","templated":true}]}}