{"id":1459,"date":"2015-10-01T19:56:19","date_gmt":"2015-10-01T19:56:19","guid":{"rendered":"https:\/\/www.grupoxcaret.com\/es\/?p=1459"},"modified":"2015-10-01T19:56:19","modified_gmt":"2015-10-01T19:56:19","slug":"parque-xcaret-es-nominado-a-los-premios-travvy-awards-2016","status":"publish","type":"post","link":"https:\/\/www.grupoxcaret.com\/es\/parque-xcaret-es-nominado-a-los-premios-travvy-awards-2016\/","title":{"rendered":"Parque Xcaret es nominado a los Premios Travvy Awards 2016"},"content":{"rendered":"<p>Los premios\u00a0<a href=\"http:\/\/www.travvyawards.com\/\" target=\"_blank\">Travvy Awards<\/a>, son presentados anualmente por la empresa\u00a0<a href=\"http:\/\/www.travalliancemedia.com\/\" target=\"_blank\">TravAlliancemedia<\/a>, la cual reconoce los m\u00e1s altos est\u00e1ndares de excelencia en la\u00a0industria tur\u00edstica del mundo.\u00a0 En esta ocasi\u00f3n el Parque Xcaret ha sido nominado, junto con Disneyland Tokio y Estudios Universal Jap\u00f3n, como \u00abMejor parque tem\u00e1tico &#8211; Internacional\u00bb.<\/p>\n<div>\n<div class=\"im\">Las votaciones pueden realizarse desde la p\u00e1gina web\u00a0<a href=\"http:\/\/vote.travvyawards.com\/\" target=\"_blank\">http:\/\/vote.travyyawards.<wbr \/>com<\/a>\u00a0hasta el d\u00eda 31 de Octubre, 2015. Los agentes de ventas interesados en votar por el Parque Xcaret podr\u00e1n ingresar a la direcci\u00f3n web y llenar el formato de registro. Los ganadores ser\u00e1n anunciados en vivo durante la ceremonia de gala de los Travvy Awards 2016 en Nueva York, el 6 de Enero del 2016.<strong>Acerca del Parque Xcaret<\/strong><\/p>\n<p>Xcaret es el Majestuoso Para\u00edso de M\u00e9xico ubicado a la orilla del mar Caribe. Aqu\u00ed encontrar\u00e1s tres diferentes r\u00edos subterr\u00e1neos rodeados de impactantes escenarios naturales; incre\u00edbles especies marinas y terrestres y los programas de conservaci\u00f3n que las protegen; toda la historia, el folclore y la cultura de M\u00e9xico en un asombroso espect\u00e1culo que exhibe tres expresiones del Patrimonio Cultural Inmaterial de la Humanidad con m\u00e1s de 300 artistas en escena y los exquisitos sabores de la cocina mexicana e internacional en m\u00e1s de 10 restaurantes. Xcaret, un parque que celebra todas las regiones de M\u00e9xico a trav\u00e9s de las diferentes culturas, historias y pueblos que lo conforman.<\/p>\n<\/div>\n<\/div>\n","protected":false},"excerpt":{"rendered":"<p>Los premios\u00a0Travvy Awards, son presentados anualmente por la empresa\u00a0TravAlliancemedia, la cual reconoce los m\u00e1s altos est\u00e1ndares de excelencia en la\u00a0industria tur\u00edstica del mundo.\u00a0 En esta ocasi\u00f3n el Parque Xcaret ha sido nominado, junto con Disneyland Tokio y Estudios Universal Jap\u00f3n, como \u00abMejor parque tem\u00e1tico &#8211; Internacional\u00bb. Las votaciones pueden realizarse desde la p\u00e1gina web\u00a0http:\/\/vote.travyyawards.com\u00a0hasta el [&hellip;]<\/p>\n","protected":false},"author":8,"featured_media":1027,"comment_status":"open","ping_status":"open","sticky":false,"template":"","format":"standard","meta":[],"categories":[4],"tags":[],"yoast_head":"<!-- This site is optimized with the Yoast SEO plugin v17.6 - https:\/\/yoast.com\/wordpress\/plugins\/seo\/ -->\n<meta name=\"description\" content=\"En esta ocasi\u00f3n el Parque Xcaret ha sido nominado, junto con Disneyland Tokio y Estudios Universal Jap\u00f3n, como &quot;Mejor parque tem\u00e1tico - Internacional&quot;.\" \/>\n<meta name=\"robots\" content=\"index, follow, max-snippet:-1, max-image-preview:large, max-video-preview:-1\" \/>\n<link rel=\"canonical\" href=\"https:\/\/www.grupoxcaret.com\/es\/parque-xcaret-es-nominado-a-los-premios-travvy-awards-2016\/\" \/>\n<meta property=\"og:locale\" content=\"es_ES\" \/>\n<meta property=\"og:type\" content=\"article\" \/>\n<meta property=\"og:title\" content=\"Parque Xcaret es nominado a los Premios Travvy Awards 2016 - Grupo Xcaret Sitio Corporativo\" \/>\n<meta property=\"og:description\" content=\"En esta ocasi\u00f3n el Parque Xcaret ha sido nominado, junto con Disneyland Tokio y Estudios Universal Jap\u00f3n, como &quot;Mejor parque tem\u00e1tico - Internacional&quot;.\" \/>\n<meta property=\"og:url\" content=\"https:\/\/www.grupoxcaret.com\/es\/parque-xcaret-es-nominado-a-los-premios-travvy-awards-2016\/\" \/>\n<meta property=\"og:site_name\" content=\"Grupo Xcaret Sitio Corporativo\" \/>\n<meta property=\"article:published_time\" content=\"2015-10-01T19:56:19+00:00\" \/>\n<meta property=\"og:image\" content=\"https:\/\/www.grupoxcaret.com\/es\/wp-content\/uploads\/2015\/01\/xcaret.jpg\" \/>\n\t<meta property=\"og:image:width\" content=\"768\" \/>\n\t<meta property=\"og:image:height\" content=\"512\" \/>\n<meta name=\"twitter:card\" content=\"summary_large_image\" \/>\n<meta name=\"twitter:label1\" content=\"Escrito por\" \/>\n\t<meta name=\"twitter:data1\" content=\"dmendozav\" \/>\n\t<meta name=\"twitter:label2\" content=\"Tiempo de lectura\" \/>\n\t<meta name=\"twitter:data2\" content=\"1 minuto\" \/>\n<script type=\"application\/ld+json\" class=\"yoast-schema-graph\">{\"@context\":\"https:\/\/schema.org\",\"@graph\":[{\"@type\":\"Organization\",\"@id\":\"https:\/\/www.grupoxcaret.com\/es\/#organization\",\"name\":\"Grupo Xcaret\",\"url\":\"https:\/\/www.grupoxcaret.com\/es\/\",\"sameAs\":[],\"logo\":{\"@type\":\"ImageObject\",\"@id\":\"https:\/\/www.grupoxcaret.com\/es\/#logo\",\"inLanguage\":\"es\",\"url\":\"https:\/\/www.grupoxcaret.com\/es\/wp-content\/uploads\/2015\/04\/exx.png\",\"contentUrl\":\"https:\/\/www.grupoxcaret.com\/es\/wp-content\/uploads\/2015\/04\/exx.png\",\"width\":400,\"height\":136,\"caption\":\"Grupo Xcaret\"},\"image\":{\"@id\":\"https:\/\/www.grupoxcaret.com\/es\/#logo\"}},{\"@type\":\"WebSite\",\"@id\":\"https:\/\/www.grupoxcaret.com\/es\/#website\",\"url\":\"https:\/\/www.grupoxcaret.com\/es\/\",\"name\":\"Grupo Xcaret Sitio Corporativo\",\"description\":\"Conoce el sitio corporativo de Grupo Xcaret. Encuentra informaci\\u00f3n relevante acerca de nuestra historia, marcas, filosof\\u00eda empresarial, pol\\u00edtica de sostenibilidad y mucho m\\u00e1s.\",\"publisher\":{\"@id\":\"https:\/\/www.grupoxcaret.com\/es\/#organization\"},\"potentialAction\":[{\"@type\":\"SearchAction\",\"target\":{\"@type\":\"EntryPoint\",\"urlTemplate\":\"https:\/\/www.grupoxcaret.com\/es\/?s={search_term_string}\"},\"query-input\":\"required name=search_term_string\"}],\"inLanguage\":\"es\"},{\"@type\":\"ImageObject\",\"@id\":\"https:\/\/www.grupoxcaret.com\/es\/parque-xcaret-es-nominado-a-los-premios-travvy-awards-2016\/#primaryimage\",\"inLanguage\":\"es\",\"url\":\"https:\/\/www.grupoxcaret.com\/es\/wp-content\/uploads\/2015\/01\/xcaret.jpg\",\"contentUrl\":\"https:\/\/www.grupoxcaret.com\/es\/wp-content\/uploads\/2015\/01\/xcaret.jpg\",\"width\":768,\"height\":512},{\"@type\":\"WebPage\",\"@id\":\"https:\/\/www.grupoxcaret.com\/es\/parque-xcaret-es-nominado-a-los-premios-travvy-awards-2016\/#webpage\",\"url\":\"https:\/\/www.grupoxcaret.com\/es\/parque-xcaret-es-nominado-a-los-premios-travvy-awards-2016\/\",\"name\":\"Parque Xcaret es nominado a los Premios Travvy Awards 2016 - Grupo Xcaret Sitio Corporativo\",\"isPartOf\":{\"@id\":\"https:\/\/www.grupoxcaret.com\/es\/#website\"},\"primaryImageOfPage\":{\"@id\":\"https:\/\/www.grupoxcaret.com\/es\/parque-xcaret-es-nominado-a-los-premios-travvy-awards-2016\/#primaryimage\"},\"datePublished\":\"2015-10-01T19:56:19+00:00\",\"dateModified\":\"2015-10-01T19:56:19+00:00\",\"description\":\"En esta ocasi\\u00f3n el Parque Xcaret ha sido nominado, junto con Disneyland Tokio y Estudios Universal Jap\\u00f3n, como \\\"Mejor parque tem\\u00e1tico - Internacional\\\".\",\"breadcrumb\":{\"@id\":\"https:\/\/www.grupoxcaret.com\/es\/parque-xcaret-es-nominado-a-los-premios-travvy-awards-2016\/#breadcrumb\"},\"inLanguage\":\"es\",\"potentialAction\":[{\"@type\":\"ReadAction\",\"target\":[\"https:\/\/www.grupoxcaret.com\/es\/parque-xcaret-es-nominado-a-los-premios-travvy-awards-2016\/\"]}]},{\"@type\":\"BreadcrumbList\",\"@id\":\"https:\/\/www.grupoxcaret.com\/es\/parque-xcaret-es-nominado-a-los-premios-travvy-awards-2016\/#breadcrumb\",\"itemListElement\":[{\"@type\":\"ListItem\",\"position\":1,\"name\":\"Inicio\",\"item\":\"https:\/\/www.grupoxcaret.com\/es\/\"},{\"@type\":\"ListItem\",\"position\":2,\"name\":\"Sala de Prensa\",\"item\":\"https:\/\/www.grupoxcaret.com\/es\/seccion\/sala-de-prensa\/\"},{\"@type\":\"ListItem\",\"position\":3,\"name\":\"Boletines de Prensa\",\"item\":\"https:\/\/www.grupoxcaret.com\/es\/seccion\/sala-de-prensa\/boletines\/\"},{\"@type\":\"ListItem\",\"position\":4,\"name\":\"Parque Xcaret es nominado a los Premios Travvy Awards 2016\"}]},{\"@type\":\"Article\",\"@id\":\"https:\/\/www.grupoxcaret.com\/es\/parque-xcaret-es-nominado-a-los-premios-travvy-awards-2016\/#article\",\"isPartOf\":{\"@id\":\"https:\/\/www.grupoxcaret.com\/es\/parque-xcaret-es-nominado-a-los-premios-travvy-awards-2016\/#webpage\"},\"author\":{\"@id\":\"https:\/\/www.grupoxcaret.com\/es\/#\/schema\/person\/a063bfd3f2c8806ec176d4b2afba737f\"},\"headline\":\"Parque Xcaret es nominado a los Premios Travvy Awards 2016\",\"datePublished\":\"2015-10-01T19:56:19+00:00\",\"dateModified\":\"2015-10-01T19:56:19+00:00\",\"mainEntityOfPage\":{\"@id\":\"https:\/\/www.grupoxcaret.com\/es\/parque-xcaret-es-nominado-a-los-premios-travvy-awards-2016\/#webpage\"},\"wordCount\":253,\"commentCount\":0,\"publisher\":{\"@id\":\"https:\/\/www.grupoxcaret.com\/es\/#organization\"},\"image\":{\"@id\":\"https:\/\/www.grupoxcaret.com\/es\/parque-xcaret-es-nominado-a-los-premios-travvy-awards-2016\/#primaryimage\"},\"thumbnailUrl\":\"https:\/\/www.grupoxcaret.com\/es\/wp-content\/uploads\/2015\/01\/xcaret.jpg\",\"articleSection\":[\"Boletines de Prensa\"],\"inLanguage\":\"es\",\"potentialAction\":[{\"@type\":\"CommentAction\",\"name\":\"Comment\",\"target\":[\"https:\/\/www.grupoxcaret.com\/es\/parque-xcaret-es-nominado-a-los-premios-travvy-awards-2016\/#respond\"]}]},{\"@type\":\"Person\",\"@id\":\"https:\/\/www.grupoxcaret.com\/es\/#\/schema\/person\/a063bfd3f2c8806ec176d4b2afba737f\",\"name\":\"dmendozav\",\"image\":{\"@type\":\"ImageObject\",\"@id\":\"https:\/\/www.grupoxcaret.com\/es\/#personlogo\",\"inLanguage\":\"es\",\"url\":\"https:\/\/secure.gravatar.com\/avatar\/d0971a818d7242eb0e6a9b000cb0cb6c?s=96&d=mm&r=g\",\"contentUrl\":\"https:\/\/secure.gravatar.com\/avatar\/d0971a818d7242eb0e6a9b000cb0cb6c?s=96&d=mm&r=g\",\"caption\":\"dmendozav\"},\"url\":\"https:\/\/www.grupoxcaret.com\/es\/author\/dmendozav\/\"}]}<\/script>\n<!-- \/ Yoast SEO plugin. -->","yoast_head_json":{"description":"En esta ocasi\u00f3n el Parque Xcaret ha sido nominado, junto con Disneyland Tokio y Estudios Universal Jap\u00f3n, como \"Mejor parque tem\u00e1tico - Internacional\".","robots":{"index":"index","follow":"follow","max-snippet":"max-snippet:-1","max-image-preview":"max-image-preview:large","max-video-preview":"max-video-preview:-1"},"canonical":"https:\/\/www.grupoxcaret.com\/es\/parque-xcaret-es-nominado-a-los-premios-travvy-awards-2016\/","og_locale":"es_ES","og_type":"article","og_title":"Parque Xcaret es nominado a los Premios Travvy Awards 2016 - Grupo Xcaret Sitio Corporativo","og_description":"En esta ocasi\u00f3n el Parque Xcaret ha sido nominado, junto con Disneyland Tokio y Estudios Universal Jap\u00f3n, como \"Mejor parque tem\u00e1tico - Internacional\".","og_url":"https:\/\/www.grupoxcaret.com\/es\/parque-xcaret-es-nominado-a-los-premios-travvy-awards-2016\/","og_site_name":"Grupo Xcaret Sitio Corporativo","article_published_time":"2015-10-01T19:56:19+00:00","og_image":[{"width":768,"height":512,"url":"https:\/\/www.grupoxcaret.com\/es\/wp-content\/uploads\/2015\/01\/xcaret.jpg","type":"image\/jpeg"}],"twitter_card":"summary_large_image","twitter_misc":{"Escrito por":"dmendozav","Tiempo de lectura":"1 minuto"},"schema":{"@context":"https:\/\/schema.org","@graph":[{"@type":"Organization","@id":"https:\/\/www.grupoxcaret.com\/es\/#organization","name":"Grupo Xcaret","url":"https:\/\/www.grupoxcaret.com\/es\/","sameAs":[],"logo":{"@type":"ImageObject","@id":"https:\/\/www.grupoxcaret.com\/es\/#logo","inLanguage":"es","url":"https:\/\/www.grupoxcaret.com\/es\/wp-content\/uploads\/2015\/04\/exx.png","contentUrl":"https:\/\/www.grupoxcaret.com\/es\/wp-content\/uploads\/2015\/04\/exx.png","width":400,"height":136,"caption":"Grupo Xcaret"},"image":{"@id":"https:\/\/www.grupoxcaret.com\/es\/#logo"}},{"@type":"WebSite","@id":"https:\/\/www.grupoxcaret.com\/es\/#website","url":"https:\/\/www.grupoxcaret.com\/es\/","name":"Grupo Xcaret Sitio Corporativo","description":"Conoce el sitio corporativo de Grupo Xcaret. Encuentra informaci\u00f3n relevante acerca de nuestra historia, marcas, filosof\u00eda empresarial, pol\u00edtica de sostenibilidad y mucho m\u00e1s.","publisher":{"@id":"https:\/\/www.grupoxcaret.com\/es\/#organization"},"potentialAction":[{"@type":"SearchAction","target":{"@type":"EntryPoint","urlTemplate":"https:\/\/www.grupoxcaret.com\/es\/?s={search_term_string}"},"query-input":"required name=search_term_string"}],"inLanguage":"es"},{"@type":"ImageObject","@id":"https:\/\/www.grupoxcaret.com\/es\/parque-xcaret-es-nominado-a-los-premios-travvy-awards-2016\/#primaryimage","inLanguage":"es","url":"https:\/\/www.grupoxcaret.com\/es\/wp-content\/uploads\/2015\/01\/xcaret.jpg","contentUrl":"https:\/\/www.grupoxcaret.com\/es\/wp-content\/uploads\/2015\/01\/xcaret.jpg","width":768,"height":512},{"@type":"WebPage","@id":"https:\/\/www.grupoxcaret.com\/es\/parque-xcaret-es-nominado-a-los-premios-travvy-awards-2016\/#webpage","url":"https:\/\/www.grupoxcaret.com\/es\/parque-xcaret-es-nominado-a-los-premios-travvy-awards-2016\/","name":"Parque Xcaret es nominado a los Premios Travvy Awards 2016 - Grupo Xcaret Sitio Corporativo","isPartOf":{"@id":"https:\/\/www.grupoxcaret.com\/es\/#website"},"primaryImageOfPage":{"@id":"https:\/\/www.grupoxcaret.com\/es\/parque-xcaret-es-nominado-a-los-premios-travvy-awards-2016\/#primaryimage"},"datePublished":"2015-10-01T19:56:19+00:00","dateModified":"2015-10-01T19:56:19+00:00","description":"En esta ocasi\u00f3n el Parque Xcaret ha sido nominado, junto con Disneyland Tokio y Estudios Universal Jap\u00f3n, como \"Mejor parque tem\u00e1tico - Internacional\".","breadcrumb":{"@id":"https:\/\/www.grupoxcaret.com\/es\/parque-xcaret-es-nominado-a-los-premios-travvy-awards-2016\/#breadcrumb"},"inLanguage":"es","potentialAction":[{"@type":"ReadAction","target":["https:\/\/www.grupoxcaret.com\/es\/parque-xcaret-es-nominado-a-los-premios-travvy-awards-2016\/"]}]},{"@type":"BreadcrumbList","@id":"https:\/\/www.grupoxcaret.com\/es\/parque-xcaret-es-nominado-a-los-premios-travvy-awards-2016\/#breadcrumb","itemListElement":[{"@type":"ListItem","position":1,"name":"Inicio","item":"https:\/\/www.grupoxcaret.com\/es\/"},{"@type":"ListItem","position":2,"name":"Sala de Prensa","item":"https:\/\/www.grupoxcaret.com\/es\/seccion\/sala-de-prensa\/"},{"@type":"ListItem","position":3,"name":"Boletines de Prensa","item":"https:\/\/www.grupoxcaret.com\/es\/seccion\/sala-de-prensa\/boletines\/"},{"@type":"ListItem","position":4,"name":"Parque Xcaret es nominado a los Premios Travvy Awards 2016"}]},{"@type":"Article","@id":"https:\/\/www.grupoxcaret.com\/es\/parque-xcaret-es-nominado-a-los-premios-travvy-awards-2016\/#article","isPartOf":{"@id":"https:\/\/www.grupoxcaret.com\/es\/parque-xcaret-es-nominado-a-los-premios-travvy-awards-2016\/#webpage"},"author":{"@id":"https:\/\/www.grupoxcaret.com\/es\/#\/schema\/person\/a063bfd3f2c8806ec176d4b2afba737f"},"headline":"Parque Xcaret es nominado a los Premios Travvy Awards 2016","datePublished":"2015-10-01T19:56:19+00:00","dateModified":"2015-10-01T19:56:19+00:00","mainEntityOfPage":{"@id":"https:\/\/www.grupoxcaret.com\/es\/parque-xcaret-es-nominado-a-los-premios-travvy-awards-2016\/#webpage"},"wordCount":253,"commentCount":0,"publisher":{"@id":"https:\/\/www.grupoxcaret.com\/es\/#organization"},"image":{"@id":"https:\/\/www.grupoxcaret.com\/es\/parque-xcaret-es-nominado-a-los-premios-travvy-awards-2016\/#primaryimage"},"thumbnailUrl":"https:\/\/www.grupoxcaret.com\/es\/wp-content\/uploads\/2015\/01\/xcaret.jpg","articleSection":["Boletines de Prensa"],"inLanguage":"es","potentialAction":[{"@type":"CommentAction","name":"Comment","target":["https:\/\/www.grupoxcaret.com\/es\/parque-xcaret-es-nominado-a-los-premios-travvy-awards-2016\/#respond"]}]},{"@type":"Person","@id":"https:\/\/www.grupoxcaret.com\/es\/#\/schema\/person\/a063bfd3f2c8806ec176d4b2afba737f","name":"dmendozav","image":{"@type":"ImageObject","@id":"https:\/\/www.grupoxcaret.com\/es\/#personlogo","inLanguage":"es","url":"https:\/\/secure.gravatar.com\/avatar\/d0971a818d7242eb0e6a9b000cb0cb6c?s=96&d=mm&r=g","contentUrl":"https:\/\/secure.gravatar.com\/avatar\/d0971a818d7242eb0e6a9b000cb0cb6c?s=96&d=mm&r=g","caption":"dmendozav"},"url":"https:\/\/www.grupoxcaret.com\/es\/author\/dmendozav\/"}]}},"amp_enabled":true,"_links":{"self":[{"href":"https:\/\/www.grupoxcaret.com\/es\/wp-json\/wp\/v2\/posts\/1459"}],"collection":[{"href":"https:\/\/www.grupoxcaret.com\/es\/wp-json\/wp\/v2\/posts"}],"about":[{"href":"https:\/\/www.grupoxcaret.com\/es\/wp-json\/wp\/v2\/types\/post"}],"author":[{"embeddable":true,"href":"https:\/\/www.grupoxcaret.com\/es\/wp-json\/wp\/v2\/users\/8"}],"replies":[{"embeddable":true,"href":"https:\/\/www.grupoxcaret.com\/es\/wp-json\/wp\/v2\/comments?post=1459"}],"version-history":[{"count":0,"href":"https:\/\/www.grupoxcaret.com\/es\/wp-json\/wp\/v2\/posts\/1459\/revisions"}],"wp:featuredmedia":[{"embeddable":true,"href":"https:\/\/www.grupoxcaret.com\/es\/wp-json\/wp\/v2\/media\/1027"}],"wp:attachment":[{"href":"https:\/\/www.grupoxcaret.com\/es\/wp-json\/wp\/v2\/media?parent=1459"}],"wp:term":[{"taxonomy":"category","embeddable":true,"href":"https:\/\/www.grupoxcaret.com\/es\/wp-json\/wp\/v2\/categories?post=1459"},{"taxonomy":"post_tag","embeddable":true,"href":"https:\/\/www.grupoxcaret.com\/es\/wp-json\/wp\/v2\/tags?post=1459"}],"curies":[{"name":"wp","href":"https:\/\/api.w.org\/{rel}","templated":true}]}}