{"id":137,"date":"2014-12-10T17:10:46","date_gmt":"2014-12-10T17:10:46","guid":{"rendered":"http:\/\/experienciasxcaret.mx\/corporativo\/?p=137"},"modified":"2015-01-17T15:55:39","modified_gmt":"2015-01-17T15:55:39","slug":"reconoce-profepa-compromiso-de-xcaret%e2%80%8b-%e2%80%8ben-el-cuidado-de-la-fauna-silvestre","status":"publish","type":"post","link":"https:\/\/www.grupoxcaret.com\/es\/reconoce-profepa-compromiso-de-xcaret%e2%80%8b-%e2%80%8ben-el-cuidado-de-la-fauna-silvestre\/","title":{"rendered":"Reconoce Profepa Compromiso de Xcaret\u200b \u200ben el Cuidado de la Fauna Silvestre"},"content":{"rendered":"<div>\n<p>CANC\u00daN, RIVIERA MAYA, QUINTANA ROO, M\u00c9XICO.- La Procuradur\u00eda Federal de Protecci\u00f3n al Ambiente, a trav\u00e9s de su delegaci\u00f3n estatal en Quintana Roo, reconoci\u00f3 la labor realizada durante muchos a\u00f1os por el parque Xcaret, de Canc\u00fan y la Riviera Maya, para contribuir al rescate y la rehabilitaci\u00f3n de animales silvestres varados, lesionados o incautados por violaciones a la legislaci\u00f3n en la materia.<\/p>\n<\/div>\n<div><\/div>\n<div>La Delegada de la Procuradur\u00eda Federal del Medio Ambiente (PROFEPA) en Quintana Roo, Ludivina Menchaca, expres\u00f3 que gracias a esta colaboraci\u00f3n numerosas especies han encontrado la oportunidad de sobrevivir, retornar a la vida silvestre o habitar en refugios en condiciones de salud y dignidad. \u201cXcaret es un gran aliado en el cuidado de la fauna silvestre de Quintana Roo\u201d, asegur\u00f3 la funcionaria durante el evento convocado por Profepa.<\/div>\n<div><\/div>\n<div>A nombre del parque Xcaret, el Gerente de Fauna Silvestre, Rodolfo Raigoza Figueras, recibi\u00f3 el reconocimiento y agradeci\u00f3 la distinci\u00f3n de las autoridades federales al respecto. A lo largo de los \u00faltimos 10 a\u00f1os, la Profepa ha solicitado a Xcaret el resguardo de 168 individuos de 45 especies de animales, a fin de que cuide de ellos, los alimente, vea por su salud y los rehabilite para retornar a la vida silvestre.<\/div>\n<div><\/div>\n<div>De los ejemplares entregados para su cuidado a Xcaret, muchos han sido devueltos a la vida silvestre, otros canalizados a refugios en apego a las indicaciones de la autoridad, y algunos se han quedado a vivir en el parque natural, donde cuentan con los cuidados necesarios para estar en excelentes condiciones. Dentro de las especies de animales que han sido entregados para resguardo de Xcaret figura el pavo ocelado, monos saraguatos, cocodrilos, venados, pumas, jaguares, halcones, tortugas y tigrillos, entre numerosas m\u00e1s.<\/div>\n<div><\/div>\n<div>Destaca especialmente el programa de la tortuga marina, ejecutado en coordinaci\u00f3n con la Profepa, ya que en poco m\u00e1s de 10 a\u00f1os han sido rescatadas, atendidas y liberados en el mar 465 ejemplares de tortuga marina, de las especies Verde, Carey y Caguama. A su vez, 19 de ellas permanecen en Xcaret para su cuidado y plena rehabilitaci\u00f3n.<\/div>\n<div><\/div>\n<div>Conoce la historia de Maya, la Tortuga Verde de Xcaret:<\/div>\n","protected":false},"excerpt":{"rendered":"<p>CANC\u00daN, RIVIERA MAYA, QUINTANA ROO, M\u00c9XICO.- La Procuradur\u00eda Federal de Protecci\u00f3n al Ambiente, a trav\u00e9s de su delegaci\u00f3n estatal en Quintana Roo, reconoci\u00f3 la labor realizada durante muchos a\u00f1os por el parque Xcaret, de Canc\u00fan y la Riviera Maya, para contribuir al rescate y la rehabilitaci\u00f3n de animales silvestres varados, lesionados o incautados por violaciones [&hellip;]<\/p>\n","protected":false},"author":1,"featured_media":139,"comment_status":"open","ping_status":"open","sticky":false,"template":"","format":"standard","meta":[],"categories":[4],"tags":[],"yoast_head":"<!-- This site is optimized with the Yoast SEO plugin v17.6 - https:\/\/yoast.com\/wordpress\/plugins\/seo\/ -->\n<meta name=\"description\" content=\"Profepa reconoce el compromiso de Xcaret\" \/>\n<meta name=\"robots\" content=\"index, follow, max-snippet:-1, max-image-preview:large, max-video-preview:-1\" \/>\n<link rel=\"canonical\" href=\"https:\/\/www.grupoxcaret.com\/es\/reconoce-profepa-compromiso-de-xcaret\u200b-\u200ben-el-cuidado-de-la-fauna-silvestre\/\" \/>\n<meta property=\"og:locale\" content=\"es_ES\" \/>\n<meta property=\"og:type\" content=\"article\" \/>\n<meta property=\"og:title\" content=\"Reconoce \u00b4Profepa compromiso de Xcaret\" \/>\n<meta property=\"og:description\" content=\"Profepa reconoce el compromiso de Xcaret\" \/>\n<meta property=\"og:url\" content=\"https:\/\/www.grupoxcaret.com\/es\/reconoce-profepa-compromiso-de-xcaret\u200b-\u200ben-el-cuidado-de-la-fauna-silvestre\/\" \/>\n<meta property=\"og:site_name\" content=\"Grupo Xcaret Sitio Corporativo\" \/>\n<meta property=\"article:published_time\" content=\"2014-12-10T17:10:46+00:00\" \/>\n<meta property=\"article:modified_time\" content=\"2015-01-17T15:55:39+00:00\" \/>\n<meta property=\"og:image\" content=\"https:\/\/www.grupoxcaret.com\/es\/wp-content\/uploads\/2014\/12\/Ludivina-Menchaca-Delegada-de-Profepa-en-Quintana-Roo-entrega-reconocimiento-a-Xcaret.-1024x660.jpg\" \/>\n\t<meta property=\"og:image:width\" content=\"1024\" \/>\n\t<meta property=\"og:image:height\" content=\"660\" \/>\n<meta name=\"twitter:card\" content=\"summary_large_image\" \/>\n<meta name=\"twitter:label1\" content=\"Escrito por\" \/>\n\t<meta name=\"twitter:data1\" content=\"ederduran\" \/>\n\t<meta name=\"twitter:label2\" content=\"Tiempo de lectura\" \/>\n\t<meta name=\"twitter:data2\" content=\"2 minutos\" \/>\n<script type=\"application\/ld+json\" class=\"yoast-schema-graph\">{\"@context\":\"https:\/\/schema.org\",\"@graph\":[{\"@type\":\"Organization\",\"@id\":\"https:\/\/www.grupoxcaret.com\/es\/#organization\",\"name\":\"Grupo Xcaret\",\"url\":\"https:\/\/www.grupoxcaret.com\/es\/\",\"sameAs\":[],\"logo\":{\"@type\":\"ImageObject\",\"@id\":\"https:\/\/www.grupoxcaret.com\/es\/#logo\",\"inLanguage\":\"es\",\"url\":\"https:\/\/www.grupoxcaret.com\/es\/wp-content\/uploads\/2015\/04\/exx.png\",\"contentUrl\":\"https:\/\/www.grupoxcaret.com\/es\/wp-content\/uploads\/2015\/04\/exx.png\",\"width\":400,\"height\":136,\"caption\":\"Grupo Xcaret\"},\"image\":{\"@id\":\"https:\/\/www.grupoxcaret.com\/es\/#logo\"}},{\"@type\":\"WebSite\",\"@id\":\"https:\/\/www.grupoxcaret.com\/es\/#website\",\"url\":\"https:\/\/www.grupoxcaret.com\/es\/\",\"name\":\"Grupo Xcaret Sitio Corporativo\",\"description\":\"Conoce el sitio corporativo de Grupo Xcaret. Encuentra informaci\\u00f3n relevante acerca de nuestra historia, marcas, filosof\\u00eda empresarial, pol\\u00edtica de sostenibilidad y mucho m\\u00e1s.\",\"publisher\":{\"@id\":\"https:\/\/www.grupoxcaret.com\/es\/#organization\"},\"potentialAction\":[{\"@type\":\"SearchAction\",\"target\":{\"@type\":\"EntryPoint\",\"urlTemplate\":\"https:\/\/www.grupoxcaret.com\/es\/?s={search_term_string}\"},\"query-input\":\"required name=search_term_string\"}],\"inLanguage\":\"es\"},{\"@type\":\"ImageObject\",\"@id\":\"https:\/\/www.grupoxcaret.com\/es\/reconoce-profepa-compromiso-de-xcaret%e2%80%8b-%e2%80%8ben-el-cuidado-de-la-fauna-silvestre\/#primaryimage\",\"inLanguage\":\"es\",\"url\":\"https:\/\/www.grupoxcaret.com\/es\/wp-content\/uploads\/2014\/12\/Ludivina-Menchaca-Delegada-de-Profepa-en-Quintana-Roo-entrega-reconocimiento-a-Xcaret..jpg\",\"contentUrl\":\"https:\/\/www.grupoxcaret.com\/es\/wp-content\/uploads\/2014\/12\/Ludivina-Menchaca-Delegada-de-Profepa-en-Quintana-Roo-entrega-reconocimiento-a-Xcaret..jpg\",\"width\":3692,\"height\":2380},{\"@type\":\"WebPage\",\"@id\":\"https:\/\/www.grupoxcaret.com\/es\/reconoce-profepa-compromiso-de-xcaret%e2%80%8b-%e2%80%8ben-el-cuidado-de-la-fauna-silvestre\/#webpage\",\"url\":\"https:\/\/www.grupoxcaret.com\/es\/reconoce-profepa-compromiso-de-xcaret%e2%80%8b-%e2%80%8ben-el-cuidado-de-la-fauna-silvestre\/\",\"name\":\"Reconoce \\u00b4Profepa compromiso de Xcaret\",\"isPartOf\":{\"@id\":\"https:\/\/www.grupoxcaret.com\/es\/#website\"},\"primaryImageOfPage\":{\"@id\":\"https:\/\/www.grupoxcaret.com\/es\/reconoce-profepa-compromiso-de-xcaret%e2%80%8b-%e2%80%8ben-el-cuidado-de-la-fauna-silvestre\/#primaryimage\"},\"datePublished\":\"2014-12-10T17:10:46+00:00\",\"dateModified\":\"2015-01-17T15:55:39+00:00\",\"description\":\"Profepa reconoce el compromiso de Xcaret\",\"breadcrumb\":{\"@id\":\"https:\/\/www.grupoxcaret.com\/es\/reconoce-profepa-compromiso-de-xcaret%e2%80%8b-%e2%80%8ben-el-cuidado-de-la-fauna-silvestre\/#breadcrumb\"},\"inLanguage\":\"es\",\"potentialAction\":[{\"@type\":\"ReadAction\",\"target\":[\"https:\/\/www.grupoxcaret.com\/es\/reconoce-profepa-compromiso-de-xcaret%e2%80%8b-%e2%80%8ben-el-cuidado-de-la-fauna-silvestre\/\"]}]},{\"@type\":\"BreadcrumbList\",\"@id\":\"https:\/\/www.grupoxcaret.com\/es\/reconoce-profepa-compromiso-de-xcaret%e2%80%8b-%e2%80%8ben-el-cuidado-de-la-fauna-silvestre\/#breadcrumb\",\"itemListElement\":[{\"@type\":\"ListItem\",\"position\":1,\"name\":\"Inicio\",\"item\":\"https:\/\/www.grupoxcaret.com\/es\/\"},{\"@type\":\"ListItem\",\"position\":2,\"name\":\"Sala de Prensa\",\"item\":\"https:\/\/www.grupoxcaret.com\/es\/seccion\/sala-de-prensa\/\"},{\"@type\":\"ListItem\",\"position\":3,\"name\":\"Boletines de Prensa\",\"item\":\"https:\/\/www.grupoxcaret.com\/es\/seccion\/sala-de-prensa\/boletines\/\"},{\"@type\":\"ListItem\",\"position\":4,\"name\":\"Reconoce Profepa Compromiso de Xcaret\\u200b \\u200ben el Cuidado de la Fauna Silvestre\"}]},{\"@type\":\"Article\",\"@id\":\"https:\/\/www.grupoxcaret.com\/es\/reconoce-profepa-compromiso-de-xcaret%e2%80%8b-%e2%80%8ben-el-cuidado-de-la-fauna-silvestre\/#article\",\"isPartOf\":{\"@id\":\"https:\/\/www.grupoxcaret.com\/es\/reconoce-profepa-compromiso-de-xcaret%e2%80%8b-%e2%80%8ben-el-cuidado-de-la-fauna-silvestre\/#webpage\"},\"author\":{\"@id\":\"https:\/\/www.grupoxcaret.com\/es\/#\/schema\/person\/6b89c27bcb5000af082de26e231b83d6\"},\"headline\":\"Reconoce Profepa Compromiso de Xcaret\\u200b \\u200ben el Cuidado de la Fauna Silvestre\",\"datePublished\":\"2014-12-10T17:10:46+00:00\",\"dateModified\":\"2015-01-17T15:55:39+00:00\",\"mainEntityOfPage\":{\"@id\":\"https:\/\/www.grupoxcaret.com\/es\/reconoce-profepa-compromiso-de-xcaret%e2%80%8b-%e2%80%8ben-el-cuidado-de-la-fauna-silvestre\/#webpage\"},\"wordCount\":377,\"commentCount\":0,\"publisher\":{\"@id\":\"https:\/\/www.grupoxcaret.com\/es\/#organization\"},\"image\":{\"@id\":\"https:\/\/www.grupoxcaret.com\/es\/reconoce-profepa-compromiso-de-xcaret%e2%80%8b-%e2%80%8ben-el-cuidado-de-la-fauna-silvestre\/#primaryimage\"},\"thumbnailUrl\":\"https:\/\/www.grupoxcaret.com\/es\/wp-content\/uploads\/2014\/12\/Ludivina-Menchaca-Delegada-de-Profepa-en-Quintana-Roo-entrega-reconocimiento-a-Xcaret..jpg\",\"articleSection\":[\"Boletines de Prensa\"],\"inLanguage\":\"es\",\"potentialAction\":[{\"@type\":\"CommentAction\",\"name\":\"Comment\",\"target\":[\"https:\/\/www.grupoxcaret.com\/es\/reconoce-profepa-compromiso-de-xcaret%e2%80%8b-%e2%80%8ben-el-cuidado-de-la-fauna-silvestre\/#respond\"]}]},{\"@type\":\"Person\",\"@id\":\"https:\/\/www.grupoxcaret.com\/es\/#\/schema\/person\/6b89c27bcb5000af082de26e231b83d6\",\"name\":\"ederduran\",\"image\":{\"@type\":\"ImageObject\",\"@id\":\"https:\/\/www.grupoxcaret.com\/es\/#personlogo\",\"inLanguage\":\"es\",\"url\":\"https:\/\/secure.gravatar.com\/avatar\/e2acaaa4cda88084c7a5c40f3e345dfa?s=96&d=mm&r=g\",\"contentUrl\":\"https:\/\/secure.gravatar.com\/avatar\/e2acaaa4cda88084c7a5c40f3e345dfa?s=96&d=mm&r=g\",\"caption\":\"ederduran\"},\"url\":\"https:\/\/www.grupoxcaret.com\/es\/author\/ederduran\/\"}]}<\/script>\n<!-- \/ Yoast SEO plugin. -->","yoast_head_json":{"description":"Profepa reconoce el compromiso de Xcaret","robots":{"index":"index","follow":"follow","max-snippet":"max-snippet:-1","max-image-preview":"max-image-preview:large","max-video-preview":"max-video-preview:-1"},"canonical":"https:\/\/www.grupoxcaret.com\/es\/reconoce-profepa-compromiso-de-xcaret\u200b-\u200ben-el-cuidado-de-la-fauna-silvestre\/","og_locale":"es_ES","og_type":"article","og_title":"Reconoce \u00b4Profepa compromiso de Xcaret","og_description":"Profepa reconoce el compromiso de Xcaret","og_url":"https:\/\/www.grupoxcaret.com\/es\/reconoce-profepa-compromiso-de-xcaret\u200b-\u200ben-el-cuidado-de-la-fauna-silvestre\/","og_site_name":"Grupo Xcaret Sitio Corporativo","article_published_time":"2014-12-10T17:10:46+00:00","article_modified_time":"2015-01-17T15:55:39+00:00","og_image":[{"width":1024,"height":660,"url":"https:\/\/www.grupoxcaret.com\/es\/wp-content\/uploads\/2014\/12\/Ludivina-Menchaca-Delegada-de-Profepa-en-Quintana-Roo-entrega-reconocimiento-a-Xcaret.-1024x660.jpg","type":"image\/jpeg"}],"twitter_card":"summary_large_image","twitter_misc":{"Escrito por":"ederduran","Tiempo de lectura":"2 minutos"},"schema":{"@context":"https:\/\/schema.org","@graph":[{"@type":"Organization","@id":"https:\/\/www.grupoxcaret.com\/es\/#organization","name":"Grupo Xcaret","url":"https:\/\/www.grupoxcaret.com\/es\/","sameAs":[],"logo":{"@type":"ImageObject","@id":"https:\/\/www.grupoxcaret.com\/es\/#logo","inLanguage":"es","url":"https:\/\/www.grupoxcaret.com\/es\/wp-content\/uploads\/2015\/04\/exx.png","contentUrl":"https:\/\/www.grupoxcaret.com\/es\/wp-content\/uploads\/2015\/04\/exx.png","width":400,"height":136,"caption":"Grupo Xcaret"},"image":{"@id":"https:\/\/www.grupoxcaret.com\/es\/#logo"}},{"@type":"WebSite","@id":"https:\/\/www.grupoxcaret.com\/es\/#website","url":"https:\/\/www.grupoxcaret.com\/es\/","name":"Grupo Xcaret Sitio Corporativo","description":"Conoce el sitio corporativo de Grupo Xcaret. Encuentra informaci\u00f3n relevante acerca de nuestra historia, marcas, filosof\u00eda empresarial, pol\u00edtica de sostenibilidad y mucho m\u00e1s.","publisher":{"@id":"https:\/\/www.grupoxcaret.com\/es\/#organization"},"potentialAction":[{"@type":"SearchAction","target":{"@type":"EntryPoint","urlTemplate":"https:\/\/www.grupoxcaret.com\/es\/?s={search_term_string}"},"query-input":"required name=search_term_string"}],"inLanguage":"es"},{"@type":"ImageObject","@id":"https:\/\/www.grupoxcaret.com\/es\/reconoce-profepa-compromiso-de-xcaret%e2%80%8b-%e2%80%8ben-el-cuidado-de-la-fauna-silvestre\/#primaryimage","inLanguage":"es","url":"https:\/\/www.grupoxcaret.com\/es\/wp-content\/uploads\/2014\/12\/Ludivina-Menchaca-Delegada-de-Profepa-en-Quintana-Roo-entrega-reconocimiento-a-Xcaret..jpg","contentUrl":"https:\/\/www.grupoxcaret.com\/es\/wp-content\/uploads\/2014\/12\/Ludivina-Menchaca-Delegada-de-Profepa-en-Quintana-Roo-entrega-reconocimiento-a-Xcaret..jpg","width":3692,"height":2380},{"@type":"WebPage","@id":"https:\/\/www.grupoxcaret.com\/es\/reconoce-profepa-compromiso-de-xcaret%e2%80%8b-%e2%80%8ben-el-cuidado-de-la-fauna-silvestre\/#webpage","url":"https:\/\/www.grupoxcaret.com\/es\/reconoce-profepa-compromiso-de-xcaret%e2%80%8b-%e2%80%8ben-el-cuidado-de-la-fauna-silvestre\/","name":"Reconoce \u00b4Profepa compromiso de Xcaret","isPartOf":{"@id":"https:\/\/www.grupoxcaret.com\/es\/#website"},"primaryImageOfPage":{"@id":"https:\/\/www.grupoxcaret.com\/es\/reconoce-profepa-compromiso-de-xcaret%e2%80%8b-%e2%80%8ben-el-cuidado-de-la-fauna-silvestre\/#primaryimage"},"datePublished":"2014-12-10T17:10:46+00:00","dateModified":"2015-01-17T15:55:39+00:00","description":"Profepa reconoce el compromiso de Xcaret","breadcrumb":{"@id":"https:\/\/www.grupoxcaret.com\/es\/reconoce-profepa-compromiso-de-xcaret%e2%80%8b-%e2%80%8ben-el-cuidado-de-la-fauna-silvestre\/#breadcrumb"},"inLanguage":"es","potentialAction":[{"@type":"ReadAction","target":["https:\/\/www.grupoxcaret.com\/es\/reconoce-profepa-compromiso-de-xcaret%e2%80%8b-%e2%80%8ben-el-cuidado-de-la-fauna-silvestre\/"]}]},{"@type":"BreadcrumbList","@id":"https:\/\/www.grupoxcaret.com\/es\/reconoce-profepa-compromiso-de-xcaret%e2%80%8b-%e2%80%8ben-el-cuidado-de-la-fauna-silvestre\/#breadcrumb","itemListElement":[{"@type":"ListItem","position":1,"name":"Inicio","item":"https:\/\/www.grupoxcaret.com\/es\/"},{"@type":"ListItem","position":2,"name":"Sala de Prensa","item":"https:\/\/www.grupoxcaret.com\/es\/seccion\/sala-de-prensa\/"},{"@type":"ListItem","position":3,"name":"Boletines de Prensa","item":"https:\/\/www.grupoxcaret.com\/es\/seccion\/sala-de-prensa\/boletines\/"},{"@type":"ListItem","position":4,"name":"Reconoce Profepa Compromiso de Xcaret\u200b \u200ben el Cuidado de la Fauna Silvestre"}]},{"@type":"Article","@id":"https:\/\/www.grupoxcaret.com\/es\/reconoce-profepa-compromiso-de-xcaret%e2%80%8b-%e2%80%8ben-el-cuidado-de-la-fauna-silvestre\/#article","isPartOf":{"@id":"https:\/\/www.grupoxcaret.com\/es\/reconoce-profepa-compromiso-de-xcaret%e2%80%8b-%e2%80%8ben-el-cuidado-de-la-fauna-silvestre\/#webpage"},"author":{"@id":"https:\/\/www.grupoxcaret.com\/es\/#\/schema\/person\/6b89c27bcb5000af082de26e231b83d6"},"headline":"Reconoce Profepa Compromiso de Xcaret\u200b \u200ben el Cuidado de la Fauna Silvestre","datePublished":"2014-12-10T17:10:46+00:00","dateModified":"2015-01-17T15:55:39+00:00","mainEntityOfPage":{"@id":"https:\/\/www.grupoxcaret.com\/es\/reconoce-profepa-compromiso-de-xcaret%e2%80%8b-%e2%80%8ben-el-cuidado-de-la-fauna-silvestre\/#webpage"},"wordCount":377,"commentCount":0,"publisher":{"@id":"https:\/\/www.grupoxcaret.com\/es\/#organization"},"image":{"@id":"https:\/\/www.grupoxcaret.com\/es\/reconoce-profepa-compromiso-de-xcaret%e2%80%8b-%e2%80%8ben-el-cuidado-de-la-fauna-silvestre\/#primaryimage"},"thumbnailUrl":"https:\/\/www.grupoxcaret.com\/es\/wp-content\/uploads\/2014\/12\/Ludivina-Menchaca-Delegada-de-Profepa-en-Quintana-Roo-entrega-reconocimiento-a-Xcaret..jpg","articleSection":["Boletines de Prensa"],"inLanguage":"es","potentialAction":[{"@type":"CommentAction","name":"Comment","target":["https:\/\/www.grupoxcaret.com\/es\/reconoce-profepa-compromiso-de-xcaret%e2%80%8b-%e2%80%8ben-el-cuidado-de-la-fauna-silvestre\/#respond"]}]},{"@type":"Person","@id":"https:\/\/www.grupoxcaret.com\/es\/#\/schema\/person\/6b89c27bcb5000af082de26e231b83d6","name":"ederduran","image":{"@type":"ImageObject","@id":"https:\/\/www.grupoxcaret.com\/es\/#personlogo","inLanguage":"es","url":"https:\/\/secure.gravatar.com\/avatar\/e2acaaa4cda88084c7a5c40f3e345dfa?s=96&d=mm&r=g","contentUrl":"https:\/\/secure.gravatar.com\/avatar\/e2acaaa4cda88084c7a5c40f3e345dfa?s=96&d=mm&r=g","caption":"ederduran"},"url":"https:\/\/www.grupoxcaret.com\/es\/author\/ederduran\/"}]}},"amp_enabled":true,"_links":{"self":[{"href":"https:\/\/www.grupoxcaret.com\/es\/wp-json\/wp\/v2\/posts\/137"}],"collection":[{"href":"https:\/\/www.grupoxcaret.com\/es\/wp-json\/wp\/v2\/posts"}],"about":[{"href":"https:\/\/www.grupoxcaret.com\/es\/wp-json\/wp\/v2\/types\/post"}],"author":[{"embeddable":true,"href":"https:\/\/www.grupoxcaret.com\/es\/wp-json\/wp\/v2\/users\/1"}],"replies":[{"embeddable":true,"href":"https:\/\/www.grupoxcaret.com\/es\/wp-json\/wp\/v2\/comments?post=137"}],"version-history":[{"count":0,"href":"https:\/\/www.grupoxcaret.com\/es\/wp-json\/wp\/v2\/posts\/137\/revisions"}],"wp:featuredmedia":[{"embeddable":true,"href":"https:\/\/www.grupoxcaret.com\/es\/wp-json\/wp\/v2\/media\/139"}],"wp:attachment":[{"href":"https:\/\/www.grupoxcaret.com\/es\/wp-json\/wp\/v2\/media?parent=137"}],"wp:term":[{"taxonomy":"category","embeddable":true,"href":"https:\/\/www.grupoxcaret.com\/es\/wp-json\/wp\/v2\/categories?post=137"},{"taxonomy":"post_tag","embeddable":true,"href":"https:\/\/www.grupoxcaret.com\/es\/wp-json\/wp\/v2\/tags?post=137"}],"curies":[{"name":"wp","href":"https:\/\/api.w.org\/{rel}","templated":true}]}}