{"id":1238,"date":"2015-04-08T10:59:56","date_gmt":"2015-04-08T10:59:56","guid":{"rendered":"https:\/\/www.grupoxcaret.com\/es\/?p=1238"},"modified":"2015-04-07T23:09:17","modified_gmt":"2015-04-07T23:09:17","slug":"concluye-programa-de-liberacion-de-tortugas-2015-en-xcaret","status":"publish","type":"post","link":"https:\/\/www.grupoxcaret.com\/es\/concluye-programa-de-liberacion-de-tortugas-2015-en-xcaret\/","title":{"rendered":"Concluye Programa de Liberaci\u00f3n de Tortugas 2015 en Xcaret"},"content":{"rendered":"<p>Este 28 de Febrero del 2015 como parte de las actividades realizadas dentro del Programa de Iniciaci\u00f3n de Tortugas Marinas en la Riviera Maya dio como concluido el programa 2015 de liberaci\u00f3n de tortugas en el parque Xcaret. Como todos los a\u00f1os, desde hace m\u00e1s de una d\u00e9cada, y con la colaboraci\u00f3n de la Fundaci\u00f3n Flora, Fauna y Cultura de M\u00e9xico A.C., tenemos el objetivo de promover la protecci\u00f3n de las tortugas marinas en M\u00e9xico al mismo tiempo de monitorear, investigar y conservar las poblaciones de las tortugas marinas que llegan a desovar a las principales playas de anidaci\u00f3n del Litoral Central de Quintana Roo.<\/p>\n<p>El Programa de Iniciaci\u00f3n de Tortugas Marinas en la Riviera Maya nace debido a la alta tasa de mortandad por depredaci\u00f3n que sufren las tortugas marinas durante sus primeros meses de vida. Este exitoso programa consiste en mantener en cautiverio, a aproximadamente 200 cr\u00edas durante un periodo de 15 meses, hasta que alcancen una talla en la que sean menos vulnerables para su desarrollo en vida libre. Durante su estancia en Xcaret son atendidas, procuradas y examinadas diariamente para conocer sus procesos de crecimiento y determinar sus condiciones f\u00edsicas al mismo tiempo que nuestros visitantes son capaces de aprender sobre sus caracter\u00edsticas y comportamiento.<\/p>\n<p>&nbsp;<\/p>\n<p><iframe loading=\"lazy\" title=\"Programa de Conservaci\u00f3n de la Tortuga Marina | Xcaret M\u00e9xico! Parque natural en la Riviera Maya\" width=\"696\" height=\"392\" src=\"https:\/\/www.youtube.com\/embed\/VdcE16LZmQo?feature=oembed\" frameborder=\"0\" allow=\"accelerometer; autoplay; encrypted-media; gyroscope; picture-in-picture\" allowfullscreen><\/iframe><\/p>\n<p>&nbsp;<\/p>\n<p>El Hospital de Tortugas Marinas permite observar cuidadosamente a aquellas tortugas que puedan presentar problemas alimenticios, de conducta o f\u00edsicos para ser atendidos bajo las mejores condiciones. Este Hospital se ha convertido en el Centro de Rescate y Rehabilitaci\u00f3n de tortugas marinas m\u00e1s importante de M\u00e9xico, una labor que realiza de manera altruista como parte de su compromiso para revertir el deterioro de las poblaciones de quelonios en nuestro pa\u00eds, particularmente de las especies Blanca, Carey\u00a0 y Caguama y es que de las siete especies que existen de tortugas marinas en el mundo, seis de ellas anidan en las costas de M\u00e9xico, y cuatro de ellas espec\u00edficamente en Quintana Roo por lo que tenemos la responsabilidad y el placer de proteger a esta especie bajo cualquier circunstancia.<\/p>\n<p>Un requerimiento importante para que estas tortugas sean liberadas al finalizar el periodo de iniciaci\u00f3n es verificar que est\u00e1n en las mejores condiciones\u00a0 para sobrevivir en vida libre, de ah\u00ed la importancia de las observaciones y monitoreos que reciben d\u00eda con d\u00eda.<\/p>\n<p>Desde el 2004 hasta el 2014 se han observado anidando a 91 tortugas provenientes del Programa de Conservaci\u00f3n de Tortugas Marinas en la Riviera Maya donde se estima que se han liberado un aproximado de 22,750 cr\u00edas de estas 91 tortugas, confirmando el \u00e9xito y validez del programa de iniciaci\u00f3n de Tortugas Marinas.<\/p>\n","protected":false},"excerpt":{"rendered":"<p>Este 28 de Febrero del 2015 como parte de las actividades realizadas dentro del Programa de Iniciaci\u00f3n de Tortugas Marinas en la Riviera Maya dio como concluido el programa 2015 de liberaci\u00f3n de tortugas en el parque Xcaret. Como todos los a\u00f1os, desde hace m\u00e1s de una d\u00e9cada, y con la colaboraci\u00f3n de la Fundaci\u00f3n [&hellip;]<\/p>\n","protected":false},"author":8,"featured_media":1239,"comment_status":"open","ping_status":"open","sticky":false,"template":"","format":"standard","meta":[],"categories":[4,3],"tags":[],"yoast_head":"<!-- This site is optimized with the Yoast SEO plugin v17.6 - https:\/\/yoast.com\/wordpress\/plugins\/seo\/ -->\n<meta name=\"description\" content=\"Concluye Programa de Liberaci\u00f3n de Tortugas 2015 en Xcaret. El Programa nace debido a la alta tasa de mortandad que sufren las tortugas marinas.\" \/>\n<meta name=\"robots\" content=\"index, follow, max-snippet:-1, max-image-preview:large, max-video-preview:-1\" \/>\n<link rel=\"canonical\" href=\"https:\/\/www.grupoxcaret.com\/es\/concluye-programa-de-liberacion-de-tortugas-2015-en-xcaret\/\" \/>\n<meta property=\"og:locale\" content=\"es_ES\" \/>\n<meta property=\"og:type\" content=\"article\" \/>\n<meta property=\"og:title\" content=\"Concluye Programa de Liberaci\u00f3n de Tortugas 2015 en Xcaret\" \/>\n<meta property=\"og:description\" content=\"Concluye Programa de Liberaci\u00f3n de Tortugas 2015 en Xcaret. El Programa nace debido a la alta tasa de mortandad que sufren las tortugas marinas.\" \/>\n<meta property=\"og:url\" content=\"https:\/\/www.grupoxcaret.com\/es\/concluye-programa-de-liberacion-de-tortugas-2015-en-xcaret\/\" \/>\n<meta property=\"og:site_name\" content=\"Grupo Xcaret Sitio Corporativo\" \/>\n<meta property=\"article:published_time\" content=\"2015-04-08T10:59:56+00:00\" \/>\n<meta property=\"article:modified_time\" content=\"2015-04-07T23:09:17+00:00\" \/>\n<meta property=\"og:image\" content=\"https:\/\/www.grupoxcaret.com\/es\/wp-content\/uploads\/2015\/04\/La-tortuga-blanca-a-los-15-meses-de-edad-es-liberada-en-el-mar-para-una-mayor-supervivencia..jpg\" \/>\n\t<meta property=\"og:image:width\" content=\"448\" \/>\n\t<meta property=\"og:image:height\" content=\"298\" \/>\n<meta name=\"twitter:card\" content=\"summary_large_image\" \/>\n<meta name=\"twitter:label1\" content=\"Escrito por\" \/>\n\t<meta name=\"twitter:data1\" content=\"dmendozav\" \/>\n\t<meta name=\"twitter:label2\" content=\"Tiempo de lectura\" \/>\n\t<meta name=\"twitter:data2\" content=\"2 minutos\" \/>\n<script type=\"application\/ld+json\" class=\"yoast-schema-graph\">{\"@context\":\"https:\/\/schema.org\",\"@graph\":[{\"@type\":\"Organization\",\"@id\":\"https:\/\/www.grupoxcaret.com\/es\/#organization\",\"name\":\"Grupo Xcaret\",\"url\":\"https:\/\/www.grupoxcaret.com\/es\/\",\"sameAs\":[],\"logo\":{\"@type\":\"ImageObject\",\"@id\":\"https:\/\/www.grupoxcaret.com\/es\/#logo\",\"inLanguage\":\"es\",\"url\":\"https:\/\/www.grupoxcaret.com\/es\/wp-content\/uploads\/2015\/04\/exx.png\",\"contentUrl\":\"https:\/\/www.grupoxcaret.com\/es\/wp-content\/uploads\/2015\/04\/exx.png\",\"width\":400,\"height\":136,\"caption\":\"Grupo Xcaret\"},\"image\":{\"@id\":\"https:\/\/www.grupoxcaret.com\/es\/#logo\"}},{\"@type\":\"WebSite\",\"@id\":\"https:\/\/www.grupoxcaret.com\/es\/#website\",\"url\":\"https:\/\/www.grupoxcaret.com\/es\/\",\"name\":\"Grupo Xcaret Sitio Corporativo\",\"description\":\"Conoce el sitio corporativo de Grupo Xcaret. Encuentra informaci\\u00f3n relevante acerca de nuestra historia, marcas, filosof\\u00eda empresarial, pol\\u00edtica de sostenibilidad y mucho m\\u00e1s.\",\"publisher\":{\"@id\":\"https:\/\/www.grupoxcaret.com\/es\/#organization\"},\"potentialAction\":[{\"@type\":\"SearchAction\",\"target\":{\"@type\":\"EntryPoint\",\"urlTemplate\":\"https:\/\/www.grupoxcaret.com\/es\/?s={search_term_string}\"},\"query-input\":\"required name=search_term_string\"}],\"inLanguage\":\"es\"},{\"@type\":\"ImageObject\",\"@id\":\"https:\/\/www.grupoxcaret.com\/es\/concluye-programa-de-liberacion-de-tortugas-2015-en-xcaret\/#primaryimage\",\"inLanguage\":\"es\",\"url\":\"https:\/\/www.grupoxcaret.com\/es\/wp-content\/uploads\/2015\/04\/La-tortuga-blanca-a-los-15-meses-de-edad-es-liberada-en-el-mar-para-una-mayor-supervivencia..jpg\",\"contentUrl\":\"https:\/\/www.grupoxcaret.com\/es\/wp-content\/uploads\/2015\/04\/La-tortuga-blanca-a-los-15-meses-de-edad-es-liberada-en-el-mar-para-una-mayor-supervivencia..jpg\",\"width\":448,\"height\":298},{\"@type\":\"WebPage\",\"@id\":\"https:\/\/www.grupoxcaret.com\/es\/concluye-programa-de-liberacion-de-tortugas-2015-en-xcaret\/#webpage\",\"url\":\"https:\/\/www.grupoxcaret.com\/es\/concluye-programa-de-liberacion-de-tortugas-2015-en-xcaret\/\",\"name\":\"Concluye Programa de Liberaci\\u00f3n de Tortugas 2015 en Xcaret\",\"isPartOf\":{\"@id\":\"https:\/\/www.grupoxcaret.com\/es\/#website\"},\"primaryImageOfPage\":{\"@id\":\"https:\/\/www.grupoxcaret.com\/es\/concluye-programa-de-liberacion-de-tortugas-2015-en-xcaret\/#primaryimage\"},\"datePublished\":\"2015-04-08T10:59:56+00:00\",\"dateModified\":\"2015-04-07T23:09:17+00:00\",\"description\":\"Concluye Programa de Liberaci\\u00f3n de Tortugas 2015 en Xcaret. El Programa nace debido a la alta tasa de mortandad que sufren las tortugas marinas.\",\"breadcrumb\":{\"@id\":\"https:\/\/www.grupoxcaret.com\/es\/concluye-programa-de-liberacion-de-tortugas-2015-en-xcaret\/#breadcrumb\"},\"inLanguage\":\"es\",\"potentialAction\":[{\"@type\":\"ReadAction\",\"target\":[\"https:\/\/www.grupoxcaret.com\/es\/concluye-programa-de-liberacion-de-tortugas-2015-en-xcaret\/\"]}]},{\"@type\":\"BreadcrumbList\",\"@id\":\"https:\/\/www.grupoxcaret.com\/es\/concluye-programa-de-liberacion-de-tortugas-2015-en-xcaret\/#breadcrumb\",\"itemListElement\":[{\"@type\":\"ListItem\",\"position\":1,\"name\":\"Inicio\",\"item\":\"https:\/\/www.grupoxcaret.com\/es\/\"},{\"@type\":\"ListItem\",\"position\":2,\"name\":\"Sala de Prensa\",\"item\":\"https:\/\/www.grupoxcaret.com\/es\/seccion\/sala-de-prensa\/\"},{\"@type\":\"ListItem\",\"position\":3,\"name\":\"Boletines de Prensa\",\"item\":\"https:\/\/www.grupoxcaret.com\/es\/seccion\/sala-de-prensa\/boletines\/\"},{\"@type\":\"ListItem\",\"position\":4,\"name\":\"Concluye Programa de Liberaci\\u00f3n de Tortugas 2015 en Xcaret\"}]},{\"@type\":\"Article\",\"@id\":\"https:\/\/www.grupoxcaret.com\/es\/concluye-programa-de-liberacion-de-tortugas-2015-en-xcaret\/#article\",\"isPartOf\":{\"@id\":\"https:\/\/www.grupoxcaret.com\/es\/concluye-programa-de-liberacion-de-tortugas-2015-en-xcaret\/#webpage\"},\"author\":{\"@id\":\"https:\/\/www.grupoxcaret.com\/es\/#\/schema\/person\/a063bfd3f2c8806ec176d4b2afba737f\"},\"headline\":\"Concluye Programa de Liberaci\\u00f3n de Tortugas 2015 en Xcaret\",\"datePublished\":\"2015-04-08T10:59:56+00:00\",\"dateModified\":\"2015-04-07T23:09:17+00:00\",\"mainEntityOfPage\":{\"@id\":\"https:\/\/www.grupoxcaret.com\/es\/concluye-programa-de-liberacion-de-tortugas-2015-en-xcaret\/#webpage\"},\"wordCount\":475,\"commentCount\":0,\"publisher\":{\"@id\":\"https:\/\/www.grupoxcaret.com\/es\/#organization\"},\"image\":{\"@id\":\"https:\/\/www.grupoxcaret.com\/es\/concluye-programa-de-liberacion-de-tortugas-2015-en-xcaret\/#primaryimage\"},\"thumbnailUrl\":\"https:\/\/www.grupoxcaret.com\/es\/wp-content\/uploads\/2015\/04\/La-tortuga-blanca-a-los-15-meses-de-edad-es-liberada-en-el-mar-para-una-mayor-supervivencia..jpg\",\"articleSection\":[\"Boletines de Prensa\",\"Sala de Prensa\"],\"inLanguage\":\"es\",\"potentialAction\":[{\"@type\":\"CommentAction\",\"name\":\"Comment\",\"target\":[\"https:\/\/www.grupoxcaret.com\/es\/concluye-programa-de-liberacion-de-tortugas-2015-en-xcaret\/#respond\"]}]},{\"@type\":\"Person\",\"@id\":\"https:\/\/www.grupoxcaret.com\/es\/#\/schema\/person\/a063bfd3f2c8806ec176d4b2afba737f\",\"name\":\"dmendozav\",\"image\":{\"@type\":\"ImageObject\",\"@id\":\"https:\/\/www.grupoxcaret.com\/es\/#personlogo\",\"inLanguage\":\"es\",\"url\":\"https:\/\/secure.gravatar.com\/avatar\/d0971a818d7242eb0e6a9b000cb0cb6c?s=96&d=mm&r=g\",\"contentUrl\":\"https:\/\/secure.gravatar.com\/avatar\/d0971a818d7242eb0e6a9b000cb0cb6c?s=96&d=mm&r=g\",\"caption\":\"dmendozav\"},\"url\":\"https:\/\/www.grupoxcaret.com\/es\/author\/dmendozav\/\"}]}<\/script>\n<!-- \/ Yoast SEO plugin. -->","yoast_head_json":{"description":"Concluye Programa de Liberaci\u00f3n de Tortugas 2015 en Xcaret. El Programa nace debido a la alta tasa de mortandad que sufren las tortugas marinas.","robots":{"index":"index","follow":"follow","max-snippet":"max-snippet:-1","max-image-preview":"max-image-preview:large","max-video-preview":"max-video-preview:-1"},"canonical":"https:\/\/www.grupoxcaret.com\/es\/concluye-programa-de-liberacion-de-tortugas-2015-en-xcaret\/","og_locale":"es_ES","og_type":"article","og_title":"Concluye Programa de Liberaci\u00f3n de Tortugas 2015 en Xcaret","og_description":"Concluye Programa de Liberaci\u00f3n de Tortugas 2015 en Xcaret. El Programa nace debido a la alta tasa de mortandad que sufren las tortugas marinas.","og_url":"https:\/\/www.grupoxcaret.com\/es\/concluye-programa-de-liberacion-de-tortugas-2015-en-xcaret\/","og_site_name":"Grupo Xcaret Sitio Corporativo","article_published_time":"2015-04-08T10:59:56+00:00","article_modified_time":"2015-04-07T23:09:17+00:00","og_image":[{"width":448,"height":298,"url":"https:\/\/www.grupoxcaret.com\/es\/wp-content\/uploads\/2015\/04\/La-tortuga-blanca-a-los-15-meses-de-edad-es-liberada-en-el-mar-para-una-mayor-supervivencia..jpg","type":"image\/jpeg"}],"twitter_card":"summary_large_image","twitter_misc":{"Escrito por":"dmendozav","Tiempo de lectura":"2 minutos"},"schema":{"@context":"https:\/\/schema.org","@graph":[{"@type":"Organization","@id":"https:\/\/www.grupoxcaret.com\/es\/#organization","name":"Grupo Xcaret","url":"https:\/\/www.grupoxcaret.com\/es\/","sameAs":[],"logo":{"@type":"ImageObject","@id":"https:\/\/www.grupoxcaret.com\/es\/#logo","inLanguage":"es","url":"https:\/\/www.grupoxcaret.com\/es\/wp-content\/uploads\/2015\/04\/exx.png","contentUrl":"https:\/\/www.grupoxcaret.com\/es\/wp-content\/uploads\/2015\/04\/exx.png","width":400,"height":136,"caption":"Grupo Xcaret"},"image":{"@id":"https:\/\/www.grupoxcaret.com\/es\/#logo"}},{"@type":"WebSite","@id":"https:\/\/www.grupoxcaret.com\/es\/#website","url":"https:\/\/www.grupoxcaret.com\/es\/","name":"Grupo Xcaret Sitio Corporativo","description":"Conoce el sitio corporativo de Grupo Xcaret. Encuentra informaci\u00f3n relevante acerca de nuestra historia, marcas, filosof\u00eda empresarial, pol\u00edtica de sostenibilidad y mucho m\u00e1s.","publisher":{"@id":"https:\/\/www.grupoxcaret.com\/es\/#organization"},"potentialAction":[{"@type":"SearchAction","target":{"@type":"EntryPoint","urlTemplate":"https:\/\/www.grupoxcaret.com\/es\/?s={search_term_string}"},"query-input":"required name=search_term_string"}],"inLanguage":"es"},{"@type":"ImageObject","@id":"https:\/\/www.grupoxcaret.com\/es\/concluye-programa-de-liberacion-de-tortugas-2015-en-xcaret\/#primaryimage","inLanguage":"es","url":"https:\/\/www.grupoxcaret.com\/es\/wp-content\/uploads\/2015\/04\/La-tortuga-blanca-a-los-15-meses-de-edad-es-liberada-en-el-mar-para-una-mayor-supervivencia..jpg","contentUrl":"https:\/\/www.grupoxcaret.com\/es\/wp-content\/uploads\/2015\/04\/La-tortuga-blanca-a-los-15-meses-de-edad-es-liberada-en-el-mar-para-una-mayor-supervivencia..jpg","width":448,"height":298},{"@type":"WebPage","@id":"https:\/\/www.grupoxcaret.com\/es\/concluye-programa-de-liberacion-de-tortugas-2015-en-xcaret\/#webpage","url":"https:\/\/www.grupoxcaret.com\/es\/concluye-programa-de-liberacion-de-tortugas-2015-en-xcaret\/","name":"Concluye Programa de Liberaci\u00f3n de Tortugas 2015 en Xcaret","isPartOf":{"@id":"https:\/\/www.grupoxcaret.com\/es\/#website"},"primaryImageOfPage":{"@id":"https:\/\/www.grupoxcaret.com\/es\/concluye-programa-de-liberacion-de-tortugas-2015-en-xcaret\/#primaryimage"},"datePublished":"2015-04-08T10:59:56+00:00","dateModified":"2015-04-07T23:09:17+00:00","description":"Concluye Programa de Liberaci\u00f3n de Tortugas 2015 en Xcaret. El Programa nace debido a la alta tasa de mortandad que sufren las tortugas marinas.","breadcrumb":{"@id":"https:\/\/www.grupoxcaret.com\/es\/concluye-programa-de-liberacion-de-tortugas-2015-en-xcaret\/#breadcrumb"},"inLanguage":"es","potentialAction":[{"@type":"ReadAction","target":["https:\/\/www.grupoxcaret.com\/es\/concluye-programa-de-liberacion-de-tortugas-2015-en-xcaret\/"]}]},{"@type":"BreadcrumbList","@id":"https:\/\/www.grupoxcaret.com\/es\/concluye-programa-de-liberacion-de-tortugas-2015-en-xcaret\/#breadcrumb","itemListElement":[{"@type":"ListItem","position":1,"name":"Inicio","item":"https:\/\/www.grupoxcaret.com\/es\/"},{"@type":"ListItem","position":2,"name":"Sala de Prensa","item":"https:\/\/www.grupoxcaret.com\/es\/seccion\/sala-de-prensa\/"},{"@type":"ListItem","position":3,"name":"Boletines de Prensa","item":"https:\/\/www.grupoxcaret.com\/es\/seccion\/sala-de-prensa\/boletines\/"},{"@type":"ListItem","position":4,"name":"Concluye Programa de Liberaci\u00f3n de Tortugas 2015 en Xcaret"}]},{"@type":"Article","@id":"https:\/\/www.grupoxcaret.com\/es\/concluye-programa-de-liberacion-de-tortugas-2015-en-xcaret\/#article","isPartOf":{"@id":"https:\/\/www.grupoxcaret.com\/es\/concluye-programa-de-liberacion-de-tortugas-2015-en-xcaret\/#webpage"},"author":{"@id":"https:\/\/www.grupoxcaret.com\/es\/#\/schema\/person\/a063bfd3f2c8806ec176d4b2afba737f"},"headline":"Concluye Programa de Liberaci\u00f3n de Tortugas 2015 en Xcaret","datePublished":"2015-04-08T10:59:56+00:00","dateModified":"2015-04-07T23:09:17+00:00","mainEntityOfPage":{"@id":"https:\/\/www.grupoxcaret.com\/es\/concluye-programa-de-liberacion-de-tortugas-2015-en-xcaret\/#webpage"},"wordCount":475,"commentCount":0,"publisher":{"@id":"https:\/\/www.grupoxcaret.com\/es\/#organization"},"image":{"@id":"https:\/\/www.grupoxcaret.com\/es\/concluye-programa-de-liberacion-de-tortugas-2015-en-xcaret\/#primaryimage"},"thumbnailUrl":"https:\/\/www.grupoxcaret.com\/es\/wp-content\/uploads\/2015\/04\/La-tortuga-blanca-a-los-15-meses-de-edad-es-liberada-en-el-mar-para-una-mayor-supervivencia..jpg","articleSection":["Boletines de Prensa","Sala de Prensa"],"inLanguage":"es","potentialAction":[{"@type":"CommentAction","name":"Comment","target":["https:\/\/www.grupoxcaret.com\/es\/concluye-programa-de-liberacion-de-tortugas-2015-en-xcaret\/#respond"]}]},{"@type":"Person","@id":"https:\/\/www.grupoxcaret.com\/es\/#\/schema\/person\/a063bfd3f2c8806ec176d4b2afba737f","name":"dmendozav","image":{"@type":"ImageObject","@id":"https:\/\/www.grupoxcaret.com\/es\/#personlogo","inLanguage":"es","url":"https:\/\/secure.gravatar.com\/avatar\/d0971a818d7242eb0e6a9b000cb0cb6c?s=96&d=mm&r=g","contentUrl":"https:\/\/secure.gravatar.com\/avatar\/d0971a818d7242eb0e6a9b000cb0cb6c?s=96&d=mm&r=g","caption":"dmendozav"},"url":"https:\/\/www.grupoxcaret.com\/es\/author\/dmendozav\/"}]}},"amp_enabled":true,"_links":{"self":[{"href":"https:\/\/www.grupoxcaret.com\/es\/wp-json\/wp\/v2\/posts\/1238"}],"collection":[{"href":"https:\/\/www.grupoxcaret.com\/es\/wp-json\/wp\/v2\/posts"}],"about":[{"href":"https:\/\/www.grupoxcaret.com\/es\/wp-json\/wp\/v2\/types\/post"}],"author":[{"embeddable":true,"href":"https:\/\/www.grupoxcaret.com\/es\/wp-json\/wp\/v2\/users\/8"}],"replies":[{"embeddable":true,"href":"https:\/\/www.grupoxcaret.com\/es\/wp-json\/wp\/v2\/comments?post=1238"}],"version-history":[{"count":0,"href":"https:\/\/www.grupoxcaret.com\/es\/wp-json\/wp\/v2\/posts\/1238\/revisions"}],"wp:featuredmedia":[{"embeddable":true,"href":"https:\/\/www.grupoxcaret.com\/es\/wp-json\/wp\/v2\/media\/1239"}],"wp:attachment":[{"href":"https:\/\/www.grupoxcaret.com\/es\/wp-json\/wp\/v2\/media?parent=1238"}],"wp:term":[{"taxonomy":"category","embeddable":true,"href":"https:\/\/www.grupoxcaret.com\/es\/wp-json\/wp\/v2\/categories?post=1238"},{"taxonomy":"post_tag","embeddable":true,"href":"https:\/\/www.grupoxcaret.com\/es\/wp-json\/wp\/v2\/tags?post=1238"}],"curies":[{"name":"wp","href":"https:\/\/api.w.org\/{rel}","templated":true}]}}