{"id":1138,"date":"2015-02-07T01:19:08","date_gmt":"2015-02-07T01:19:08","guid":{"rendered":"https:\/\/www.grupoxcaret.com\/es\/?p=1138"},"modified":"2015-02-09T18:36:14","modified_gmt":"2015-02-09T18:36:14","slug":"2014-ano-de-crecimiento-para-experiencias-xcaret","status":"publish","type":"post","link":"https:\/\/www.grupoxcaret.com\/es\/2014-ano-de-crecimiento-para-experiencias-xcaret\/","title":{"rendered":"2014: A\u00f1o de Crecimiento para Experiencias Xcaret"},"content":{"rendered":"<p>Pese a las dificultades que\u00a0enfrent\u00f3 durante 2014, como consecuencia de la entrada en vigor de una nueva legislaci\u00f3n\u00a0fiscal que fren\u00f3 dr\u00e1sticamente su programa de inversiones, el Grupo Experiencias Xcaret cerr\u00f3\u00a0el a\u00f1o con una afluencia global de 2 millones 640 mil visitantes, lo que representa un\u00a0incremento por arriba del 6% respecto al a\u00f1o anterior.<\/p>\n<p>Al dar a conocer los hechos m\u00e1s relevantes del a\u00f1o que concluy\u00f3, Experiencias Xcaret revel\u00f3\u00a0que en tal periodo instrument\u00f3 un proceso de reingenier\u00eda en todas sus unidades de negocio,\u00a0a fin de reducir costos, tener mayor eficiencia y productividad, lo cual le permite ahora tener\u00a0un mejor escenario de crecimiento a mediano y largo plazo.<\/p>\n<p>Gracias a lo anterior, hoy cuenta con una nueva estructura operativa que hace m\u00e1s \u00e1gil yeficiente el funcionamiento de sus parques y tours, que se coordina mejor con las \u00e1reas de\u00a0administraci\u00f3n y comercializaci\u00f3n, y que se traduce en mejores resultados para todos.<\/p>\n<p>Las inversiones en el fortalecimiento de sus atractivos y la creaci\u00f3n de nuevos productos\u00a0superaron los 248 millones de pesos en 2014, aunque el monto fue 51 % menor al ejercido\u00a0durante 2013. Para 2015, se tiene previsto un programa de inversiones que supera los 481millones de pesos. Este a\u00f1o el parque Xcaret inaugurar\u00e1 su aviario que presentar\u00e1 al p\u00fablico\u00a0una magn\u00edfica colecci\u00f3n de especies del Sureste de M\u00e9xico. A su vez, ser\u00e1 inaugurado, durante\u00a0el pr\u00f3ximo invierno, el nuevo parque Xenses, en la Riviera Maya.<\/p>\n<p>Grupo Experiencias Xcaret tiene previsto recibir, durante 2015, un total de 2 millones 750 mil\u00a0visitantes en todos sus parques y tours. El n\u00famero de colaboradores de Experiencias Xcaret es\u00a0de 3 mil 737 puestos de trabajo formales.<\/p>\n<p><strong style=\"line-height: 1.5;\">2014: A\u00f1o de Crecimiento para Experiencias Xcaret<\/strong><\/p>\n<p>Durante 2014 la Procuradur\u00eda Federal de Protecci\u00f3n al Ambiente entreg\u00f3 un reconocimiento a\u00a0Xcaret por su colaboraci\u00f3n a lo largo de m\u00e1s de una d\u00e9cada en el cuidado y preservaci\u00f3n de la\u00a0fauna silvestre.<\/p>\n<p>El parque Xel-H\u00e1, por su parte, recibi\u00f3 la Certificaci\u00f3n Oro de EarthCheck, el sello de\u00a0sustentabilidad m\u00e1s reconocido en el mundo. EarthCheck afirma que Xel-H\u00e1 ha sentado las\u00a0bases internacionales para el sistema de gesti\u00f3n ambiental de parques tem\u00e1ticos.<\/p>\n<p>Destaca el reconocimiento que obtuvieron de manera conjunta la asociaci\u00f3n civil Flora, Fauna\u00a0y Cultura de M\u00e9xico y el parque Xcaret, por el \u201cPrograma de Conservaci\u00f3n de Tortugas\u00a0Marinas\u201d, dentro de las Mejores Pr\u00e1cticas Empresariales 2014 por parte del Centro Mexicanopara la Filantrop\u00eda (CEMEFI).<\/p>\n<p>La reintroducci\u00f3n de la guacamaya roja registr\u00f3 un avance muy importante: ya existen 130\u00a0ejemplares en Palenque, Chiapas y Los Tuxtlas, Veracruz; con lo que la poblaci\u00f3n en vida libre\u00a0de esta especie en M\u00e9xico se increment\u00f3 en un 41% en poco m\u00e1s de un a\u00f1o, gracias a este\u00a0proyecto.<\/p>\n<p>En Palenque, dada una buena adaptaci\u00f3n al entorno, ya se formaron varias parejas\u00a0que construyeron sus propios nidos. Adem\u00e1s, se suscribi\u00f3 un convenio con la Asociaci\u00f3n Civil\u00a0Arroyo Negro, para impulsar conjuntamente la reproducci\u00f3n de la guacamaya verde en el\u00a0municipio de La Concordia, Chiapas.<\/p>\n<p>Experiencias Xcaret fue seleccionado por la Organizaci\u00f3n Mundial del Turismo (OMT) para ser\u00a0parte de la Red del Conocimiento y compartir sus buenas pr\u00e1cticas en la industria; obtuvo\u00a0tambi\u00e9n el reconocimiento a las Mejores Empresas Mexicanas por tercer a\u00f1o consecutivo; y\u00a0sus parques Xcaret y Xel-H\u00e1 recibieron de nueva cuenta el Distintivo de Empresa Socialmente\u00a0Responsable (ESR).<\/p>\n<p>A cuatro meses de abrir sus puertas, el parque Xoximilco se posicion\u00f3 como el Atractivo\u00a0N\u00famero 1 de Canc\u00fan, con base en el ranking de Trip Advisor. Xcaret fue reconocido como el\u00a0segundo lugar m\u00e1s visitado por usuarios de Facebook en M\u00e9xico y tambi\u00e9n como la mejorexperiencia de viaje, de acuerdo con el \u00cdndice Orbitz 2014, una de las agencias de viajes on\u00a0line m\u00e1s importantes del mundo.<\/p>\n<p><strong>NUEVAS EXPERIENCIAS<\/strong><\/p>\n<p>La carrera de obst\u00e1culos y persecuci\u00f3n Xplor Bravest Race tuvo gran \u00e9xito en sus 2 ediciones\u00a0(Enero y Septiembre) con la asistencia de m\u00e1s de 3 mil competidores, por lo que se integra\u00a0formalmente a los eventos anuales de Experiencias Xcaret.\u00a02014 marc\u00f3 una nueva era para Xcaret M\u00e9xico Espectacular, que fue presentado en su versi\u00f3n\u00a0renovada durante el Tianguis Tur\u00edstico M\u00e9xico, ante mayoristas de todo el mundo, en eltambi\u00e9n remodelado teatro Gran Tlachco. Xcaret, a su vez, fue sede de la fiesta de apertura\u00a0de la reuni\u00f3n anual de TBEX, la m\u00e1s importante agrupaci\u00f3n internacional de blogueros de\u00a0viajes, que por primera vez realiz\u00f3 este evento en M\u00e9xico.<\/p>\n<p>En 2014 Xel-H\u00e1 puso a disposici\u00f3n del p\u00fablico, de manera gratuita, la apreciaci\u00f3n de su\u00a0maqueta monumental sobre la zona arqueol\u00f3gica de Tulum y organiz\u00f3 con gran \u00e9xito, por\u00a0primera ocasi\u00f3n, el Campeonato Nacional de Categor\u00edas por Edad de la Federaci\u00f3n Mexicana\u00a0de Triatl\u00f3n.<\/p>\n","protected":false},"excerpt":{"rendered":"<p>Pese a las dificultades que\u00a0enfrent\u00f3 durante 2014, como consecuencia de la entrada en vigor de una nueva legislaci\u00f3n\u00a0fiscal que fren\u00f3 dr\u00e1sticamente su programa de inversiones, el Grupo Experiencias Xcaret cerr\u00f3\u00a0el a\u00f1o con una afluencia global de 2 millones 640 mil visitantes, lo que representa un\u00a0incremento por arriba del 6% respecto al a\u00f1o anterior. Al dar [&hellip;]<\/p>\n","protected":false},"author":8,"featured_media":1139,"comment_status":"open","ping_status":"open","sticky":false,"template":"","format":"standard","meta":[],"categories":[4,3],"tags":[],"yoast_head":"<!-- This site is optimized with the Yoast SEO plugin v17.6 - https:\/\/yoast.com\/wordpress\/plugins\/seo\/ -->\n<meta name=\"description\" content=\"Pese a las dificultades durante 2014, como consecuencia de la entrada de una nueva legislaci\u00f3n fiscal que fren\u00f3 su programa de inversiones, Experiencias Xcaret cerr\u00f3 el a\u00f1o con una afluencia de m\u00e1s de 2 millones de visitantes\" \/>\n<meta name=\"robots\" content=\"index, follow, max-snippet:-1, max-image-preview:large, max-video-preview:-1\" \/>\n<link rel=\"canonical\" href=\"https:\/\/www.grupoxcaret.com\/es\/2014-ano-de-crecimiento-para-experiencias-xcaret\/\" \/>\n<meta property=\"og:locale\" content=\"es_ES\" \/>\n<meta property=\"og:type\" content=\"article\" \/>\n<meta property=\"og:title\" content=\"2014: A\u00f1o de Crecimiento para Experiencias Xcaret\" \/>\n<meta property=\"og:description\" content=\"Pese a las dificultades durante 2014, como consecuencia de la entrada de una nueva legislaci\u00f3n fiscal que fren\u00f3 su programa de inversiones, Experiencias Xcaret cerr\u00f3 el a\u00f1o con una afluencia de m\u00e1s de 2 millones de visitantes\" \/>\n<meta property=\"og:url\" content=\"https:\/\/www.grupoxcaret.com\/es\/2014-ano-de-crecimiento-para-experiencias-xcaret\/\" \/>\n<meta property=\"og:site_name\" content=\"Grupo Xcaret Sitio Corporativo\" \/>\n<meta property=\"article:published_time\" content=\"2015-02-07T01:19:08+00:00\" \/>\n<meta property=\"article:modified_time\" content=\"2015-02-09T18:36:14+00:00\" \/>\n<meta property=\"og:image\" content=\"https:\/\/www.grupoxcaret.com\/es\/wp-content\/uploads\/2015\/02\/JAGUAR-XCARET.jpg\" \/>\n\t<meta property=\"og:image:width\" content=\"448\" \/>\n\t<meta property=\"og:image:height\" content=\"299\" \/>\n<meta name=\"twitter:card\" content=\"summary_large_image\" \/>\n<meta name=\"twitter:label1\" content=\"Escrito por\" \/>\n\t<meta name=\"twitter:data1\" content=\"dmendozav\" \/>\n\t<meta name=\"twitter:label2\" content=\"Tiempo de lectura\" \/>\n\t<meta name=\"twitter:data2\" content=\"4 minutos\" \/>\n<script type=\"application\/ld+json\" class=\"yoast-schema-graph\">{\"@context\":\"https:\/\/schema.org\",\"@graph\":[{\"@type\":\"Organization\",\"@id\":\"https:\/\/www.grupoxcaret.com\/es\/#organization\",\"name\":\"Grupo Xcaret\",\"url\":\"https:\/\/www.grupoxcaret.com\/es\/\",\"sameAs\":[],\"logo\":{\"@type\":\"ImageObject\",\"@id\":\"https:\/\/www.grupoxcaret.com\/es\/#logo\",\"inLanguage\":\"es\",\"url\":\"https:\/\/www.grupoxcaret.com\/es\/wp-content\/uploads\/2015\/04\/exx.png\",\"contentUrl\":\"https:\/\/www.grupoxcaret.com\/es\/wp-content\/uploads\/2015\/04\/exx.png\",\"width\":400,\"height\":136,\"caption\":\"Grupo Xcaret\"},\"image\":{\"@id\":\"https:\/\/www.grupoxcaret.com\/es\/#logo\"}},{\"@type\":\"WebSite\",\"@id\":\"https:\/\/www.grupoxcaret.com\/es\/#website\",\"url\":\"https:\/\/www.grupoxcaret.com\/es\/\",\"name\":\"Grupo Xcaret Sitio Corporativo\",\"description\":\"Conoce el sitio corporativo de Grupo Xcaret. Encuentra informaci\\u00f3n relevante acerca de nuestra historia, marcas, filosof\\u00eda empresarial, pol\\u00edtica de sostenibilidad y mucho m\\u00e1s.\",\"publisher\":{\"@id\":\"https:\/\/www.grupoxcaret.com\/es\/#organization\"},\"potentialAction\":[{\"@type\":\"SearchAction\",\"target\":{\"@type\":\"EntryPoint\",\"urlTemplate\":\"https:\/\/www.grupoxcaret.com\/es\/?s={search_term_string}\"},\"query-input\":\"required name=search_term_string\"}],\"inLanguage\":\"es\"},{\"@type\":\"ImageObject\",\"@id\":\"https:\/\/www.grupoxcaret.com\/es\/2014-ano-de-crecimiento-para-experiencias-xcaret\/#primaryimage\",\"inLanguage\":\"es\",\"url\":\"https:\/\/www.grupoxcaret.com\/es\/wp-content\/uploads\/2015\/02\/JAGUAR-XCARET.jpg\",\"contentUrl\":\"https:\/\/www.grupoxcaret.com\/es\/wp-content\/uploads\/2015\/02\/JAGUAR-XCARET.jpg\",\"width\":448,\"height\":299},{\"@type\":\"WebPage\",\"@id\":\"https:\/\/www.grupoxcaret.com\/es\/2014-ano-de-crecimiento-para-experiencias-xcaret\/#webpage\",\"url\":\"https:\/\/www.grupoxcaret.com\/es\/2014-ano-de-crecimiento-para-experiencias-xcaret\/\",\"name\":\"2014: A\\u00f1o de Crecimiento para Experiencias Xcaret\",\"isPartOf\":{\"@id\":\"https:\/\/www.grupoxcaret.com\/es\/#website\"},\"primaryImageOfPage\":{\"@id\":\"https:\/\/www.grupoxcaret.com\/es\/2014-ano-de-crecimiento-para-experiencias-xcaret\/#primaryimage\"},\"datePublished\":\"2015-02-07T01:19:08+00:00\",\"dateModified\":\"2015-02-09T18:36:14+00:00\",\"description\":\"Pese a las dificultades durante 2014, como consecuencia de la entrada de una nueva legislaci\\u00f3n fiscal que fren\\u00f3 su programa de inversiones, Experiencias Xcaret cerr\\u00f3 el a\\u00f1o con una afluencia de m\\u00e1s de 2 millones de visitantes\",\"breadcrumb\":{\"@id\":\"https:\/\/www.grupoxcaret.com\/es\/2014-ano-de-crecimiento-para-experiencias-xcaret\/#breadcrumb\"},\"inLanguage\":\"es\",\"potentialAction\":[{\"@type\":\"ReadAction\",\"target\":[\"https:\/\/www.grupoxcaret.com\/es\/2014-ano-de-crecimiento-para-experiencias-xcaret\/\"]}]},{\"@type\":\"BreadcrumbList\",\"@id\":\"https:\/\/www.grupoxcaret.com\/es\/2014-ano-de-crecimiento-para-experiencias-xcaret\/#breadcrumb\",\"itemListElement\":[{\"@type\":\"ListItem\",\"position\":1,\"name\":\"Inicio\",\"item\":\"https:\/\/www.grupoxcaret.com\/es\/\"},{\"@type\":\"ListItem\",\"position\":2,\"name\":\"Sala de Prensa\",\"item\":\"https:\/\/www.grupoxcaret.com\/es\/seccion\/sala-de-prensa\/\"},{\"@type\":\"ListItem\",\"position\":3,\"name\":\"Boletines de Prensa\",\"item\":\"https:\/\/www.grupoxcaret.com\/es\/seccion\/sala-de-prensa\/boletines\/\"},{\"@type\":\"ListItem\",\"position\":4,\"name\":\"2014: A\\u00f1o de Crecimiento para Experiencias Xcaret\"}]},{\"@type\":\"Article\",\"@id\":\"https:\/\/www.grupoxcaret.com\/es\/2014-ano-de-crecimiento-para-experiencias-xcaret\/#article\",\"isPartOf\":{\"@id\":\"https:\/\/www.grupoxcaret.com\/es\/2014-ano-de-crecimiento-para-experiencias-xcaret\/#webpage\"},\"author\":{\"@id\":\"https:\/\/www.grupoxcaret.com\/es\/#\/schema\/person\/a063bfd3f2c8806ec176d4b2afba737f\"},\"headline\":\"2014: A\\u00f1o de Crecimiento para Experiencias Xcaret\",\"datePublished\":\"2015-02-07T01:19:08+00:00\",\"dateModified\":\"2015-02-09T18:36:14+00:00\",\"mainEntityOfPage\":{\"@id\":\"https:\/\/www.grupoxcaret.com\/es\/2014-ano-de-crecimiento-para-experiencias-xcaret\/#webpage\"},\"wordCount\":833,\"commentCount\":0,\"publisher\":{\"@id\":\"https:\/\/www.grupoxcaret.com\/es\/#organization\"},\"image\":{\"@id\":\"https:\/\/www.grupoxcaret.com\/es\/2014-ano-de-crecimiento-para-experiencias-xcaret\/#primaryimage\"},\"thumbnailUrl\":\"https:\/\/www.grupoxcaret.com\/es\/wp-content\/uploads\/2015\/02\/JAGUAR-XCARET.jpg\",\"articleSection\":[\"Boletines de Prensa\",\"Sala de Prensa\"],\"inLanguage\":\"es\",\"potentialAction\":[{\"@type\":\"CommentAction\",\"name\":\"Comment\",\"target\":[\"https:\/\/www.grupoxcaret.com\/es\/2014-ano-de-crecimiento-para-experiencias-xcaret\/#respond\"]}]},{\"@type\":\"Person\",\"@id\":\"https:\/\/www.grupoxcaret.com\/es\/#\/schema\/person\/a063bfd3f2c8806ec176d4b2afba737f\",\"name\":\"dmendozav\",\"image\":{\"@type\":\"ImageObject\",\"@id\":\"https:\/\/www.grupoxcaret.com\/es\/#personlogo\",\"inLanguage\":\"es\",\"url\":\"https:\/\/secure.gravatar.com\/avatar\/d0971a818d7242eb0e6a9b000cb0cb6c?s=96&d=mm&r=g\",\"contentUrl\":\"https:\/\/secure.gravatar.com\/avatar\/d0971a818d7242eb0e6a9b000cb0cb6c?s=96&d=mm&r=g\",\"caption\":\"dmendozav\"},\"url\":\"https:\/\/www.grupoxcaret.com\/es\/author\/dmendozav\/\"}]}<\/script>\n<!-- \/ Yoast SEO plugin. -->","yoast_head_json":{"description":"Pese a las dificultades durante 2014, como consecuencia de la entrada de una nueva legislaci\u00f3n fiscal que fren\u00f3 su programa de inversiones, Experiencias Xcaret cerr\u00f3 el a\u00f1o con una afluencia de m\u00e1s de 2 millones de visitantes","robots":{"index":"index","follow":"follow","max-snippet":"max-snippet:-1","max-image-preview":"max-image-preview:large","max-video-preview":"max-video-preview:-1"},"canonical":"https:\/\/www.grupoxcaret.com\/es\/2014-ano-de-crecimiento-para-experiencias-xcaret\/","og_locale":"es_ES","og_type":"article","og_title":"2014: A\u00f1o de Crecimiento para Experiencias Xcaret","og_description":"Pese a las dificultades durante 2014, como consecuencia de la entrada de una nueva legislaci\u00f3n fiscal que fren\u00f3 su programa de inversiones, Experiencias Xcaret cerr\u00f3 el a\u00f1o con una afluencia de m\u00e1s de 2 millones de visitantes","og_url":"https:\/\/www.grupoxcaret.com\/es\/2014-ano-de-crecimiento-para-experiencias-xcaret\/","og_site_name":"Grupo Xcaret Sitio Corporativo","article_published_time":"2015-02-07T01:19:08+00:00","article_modified_time":"2015-02-09T18:36:14+00:00","og_image":[{"width":448,"height":299,"url":"https:\/\/www.grupoxcaret.com\/es\/wp-content\/uploads\/2015\/02\/JAGUAR-XCARET.jpg","type":"image\/jpeg"}],"twitter_card":"summary_large_image","twitter_misc":{"Escrito por":"dmendozav","Tiempo de lectura":"4 minutos"},"schema":{"@context":"https:\/\/schema.org","@graph":[{"@type":"Organization","@id":"https:\/\/www.grupoxcaret.com\/es\/#organization","name":"Grupo Xcaret","url":"https:\/\/www.grupoxcaret.com\/es\/","sameAs":[],"logo":{"@type":"ImageObject","@id":"https:\/\/www.grupoxcaret.com\/es\/#logo","inLanguage":"es","url":"https:\/\/www.grupoxcaret.com\/es\/wp-content\/uploads\/2015\/04\/exx.png","contentUrl":"https:\/\/www.grupoxcaret.com\/es\/wp-content\/uploads\/2015\/04\/exx.png","width":400,"height":136,"caption":"Grupo Xcaret"},"image":{"@id":"https:\/\/www.grupoxcaret.com\/es\/#logo"}},{"@type":"WebSite","@id":"https:\/\/www.grupoxcaret.com\/es\/#website","url":"https:\/\/www.grupoxcaret.com\/es\/","name":"Grupo Xcaret Sitio Corporativo","description":"Conoce el sitio corporativo de Grupo Xcaret. Encuentra informaci\u00f3n relevante acerca de nuestra historia, marcas, filosof\u00eda empresarial, pol\u00edtica de sostenibilidad y mucho m\u00e1s.","publisher":{"@id":"https:\/\/www.grupoxcaret.com\/es\/#organization"},"potentialAction":[{"@type":"SearchAction","target":{"@type":"EntryPoint","urlTemplate":"https:\/\/www.grupoxcaret.com\/es\/?s={search_term_string}"},"query-input":"required name=search_term_string"}],"inLanguage":"es"},{"@type":"ImageObject","@id":"https:\/\/www.grupoxcaret.com\/es\/2014-ano-de-crecimiento-para-experiencias-xcaret\/#primaryimage","inLanguage":"es","url":"https:\/\/www.grupoxcaret.com\/es\/wp-content\/uploads\/2015\/02\/JAGUAR-XCARET.jpg","contentUrl":"https:\/\/www.grupoxcaret.com\/es\/wp-content\/uploads\/2015\/02\/JAGUAR-XCARET.jpg","width":448,"height":299},{"@type":"WebPage","@id":"https:\/\/www.grupoxcaret.com\/es\/2014-ano-de-crecimiento-para-experiencias-xcaret\/#webpage","url":"https:\/\/www.grupoxcaret.com\/es\/2014-ano-de-crecimiento-para-experiencias-xcaret\/","name":"2014: A\u00f1o de Crecimiento para Experiencias Xcaret","isPartOf":{"@id":"https:\/\/www.grupoxcaret.com\/es\/#website"},"primaryImageOfPage":{"@id":"https:\/\/www.grupoxcaret.com\/es\/2014-ano-de-crecimiento-para-experiencias-xcaret\/#primaryimage"},"datePublished":"2015-02-07T01:19:08+00:00","dateModified":"2015-02-09T18:36:14+00:00","description":"Pese a las dificultades durante 2014, como consecuencia de la entrada de una nueva legislaci\u00f3n fiscal que fren\u00f3 su programa de inversiones, Experiencias Xcaret cerr\u00f3 el a\u00f1o con una afluencia de m\u00e1s de 2 millones de visitantes","breadcrumb":{"@id":"https:\/\/www.grupoxcaret.com\/es\/2014-ano-de-crecimiento-para-experiencias-xcaret\/#breadcrumb"},"inLanguage":"es","potentialAction":[{"@type":"ReadAction","target":["https:\/\/www.grupoxcaret.com\/es\/2014-ano-de-crecimiento-para-experiencias-xcaret\/"]}]},{"@type":"BreadcrumbList","@id":"https:\/\/www.grupoxcaret.com\/es\/2014-ano-de-crecimiento-para-experiencias-xcaret\/#breadcrumb","itemListElement":[{"@type":"ListItem","position":1,"name":"Inicio","item":"https:\/\/www.grupoxcaret.com\/es\/"},{"@type":"ListItem","position":2,"name":"Sala de Prensa","item":"https:\/\/www.grupoxcaret.com\/es\/seccion\/sala-de-prensa\/"},{"@type":"ListItem","position":3,"name":"Boletines de Prensa","item":"https:\/\/www.grupoxcaret.com\/es\/seccion\/sala-de-prensa\/boletines\/"},{"@type":"ListItem","position":4,"name":"2014: A\u00f1o de Crecimiento para Experiencias Xcaret"}]},{"@type":"Article","@id":"https:\/\/www.grupoxcaret.com\/es\/2014-ano-de-crecimiento-para-experiencias-xcaret\/#article","isPartOf":{"@id":"https:\/\/www.grupoxcaret.com\/es\/2014-ano-de-crecimiento-para-experiencias-xcaret\/#webpage"},"author":{"@id":"https:\/\/www.grupoxcaret.com\/es\/#\/schema\/person\/a063bfd3f2c8806ec176d4b2afba737f"},"headline":"2014: A\u00f1o de Crecimiento para Experiencias Xcaret","datePublished":"2015-02-07T01:19:08+00:00","dateModified":"2015-02-09T18:36:14+00:00","mainEntityOfPage":{"@id":"https:\/\/www.grupoxcaret.com\/es\/2014-ano-de-crecimiento-para-experiencias-xcaret\/#webpage"},"wordCount":833,"commentCount":0,"publisher":{"@id":"https:\/\/www.grupoxcaret.com\/es\/#organization"},"image":{"@id":"https:\/\/www.grupoxcaret.com\/es\/2014-ano-de-crecimiento-para-experiencias-xcaret\/#primaryimage"},"thumbnailUrl":"https:\/\/www.grupoxcaret.com\/es\/wp-content\/uploads\/2015\/02\/JAGUAR-XCARET.jpg","articleSection":["Boletines de Prensa","Sala de Prensa"],"inLanguage":"es","potentialAction":[{"@type":"CommentAction","name":"Comment","target":["https:\/\/www.grupoxcaret.com\/es\/2014-ano-de-crecimiento-para-experiencias-xcaret\/#respond"]}]},{"@type":"Person","@id":"https:\/\/www.grupoxcaret.com\/es\/#\/schema\/person\/a063bfd3f2c8806ec176d4b2afba737f","name":"dmendozav","image":{"@type":"ImageObject","@id":"https:\/\/www.grupoxcaret.com\/es\/#personlogo","inLanguage":"es","url":"https:\/\/secure.gravatar.com\/avatar\/d0971a818d7242eb0e6a9b000cb0cb6c?s=96&d=mm&r=g","contentUrl":"https:\/\/secure.gravatar.com\/avatar\/d0971a818d7242eb0e6a9b000cb0cb6c?s=96&d=mm&r=g","caption":"dmendozav"},"url":"https:\/\/www.grupoxcaret.com\/es\/author\/dmendozav\/"}]}},"amp_enabled":true,"_links":{"self":[{"href":"https:\/\/www.grupoxcaret.com\/es\/wp-json\/wp\/v2\/posts\/1138"}],"collection":[{"href":"https:\/\/www.grupoxcaret.com\/es\/wp-json\/wp\/v2\/posts"}],"about":[{"href":"https:\/\/www.grupoxcaret.com\/es\/wp-json\/wp\/v2\/types\/post"}],"author":[{"embeddable":true,"href":"https:\/\/www.grupoxcaret.com\/es\/wp-json\/wp\/v2\/users\/8"}],"replies":[{"embeddable":true,"href":"https:\/\/www.grupoxcaret.com\/es\/wp-json\/wp\/v2\/comments?post=1138"}],"version-history":[{"count":0,"href":"https:\/\/www.grupoxcaret.com\/es\/wp-json\/wp\/v2\/posts\/1138\/revisions"}],"wp:featuredmedia":[{"embeddable":true,"href":"https:\/\/www.grupoxcaret.com\/es\/wp-json\/wp\/v2\/media\/1139"}],"wp:attachment":[{"href":"https:\/\/www.grupoxcaret.com\/es\/wp-json\/wp\/v2\/media?parent=1138"}],"wp:term":[{"taxonomy":"category","embeddable":true,"href":"https:\/\/www.grupoxcaret.com\/es\/wp-json\/wp\/v2\/categories?post=1138"},{"taxonomy":"post_tag","embeddable":true,"href":"https:\/\/www.grupoxcaret.com\/es\/wp-json\/wp\/v2\/tags?post=1138"}],"curies":[{"name":"wp","href":"https:\/\/api.w.org\/{rel}","templated":true}]}}