{"id":1128,"date":"2015-02-05T17:12:48","date_gmt":"2015-02-05T17:12:48","guid":{"rendered":"https:\/\/www.grupoxcaret.com\/es\/?p=1128"},"modified":"2015-02-05T17:19:45","modified_gmt":"2015-02-05T17:19:45","slug":"quien-salva-quien","status":"publish","type":"post","link":"https:\/\/www.grupoxcaret.com\/es\/quien-salva-quien\/","title":{"rendered":"\u00bfQui\u00e9n salva a qui\u00e9n?"},"content":{"rendered":"<p>Esta es la historia de c\u00f3mo dos seres muy distintos se encuentran un d\u00eda para darse mutuamente una segunda oportunidad. Con\u00f3cela, seguramente te encantar\u00e1.<\/p>\n<p><iframe loading=\"lazy\" title=\"Experiencias Xcaret: Rescatando a las tortugas marinas de Quintana Roo\" width=\"696\" height=\"392\" src=\"https:\/\/www.youtube.com\/embed\/LcaaDjdeNMI?feature=oembed\" frameborder=\"0\" allow=\"accelerometer; autoplay; encrypted-media; gyroscope; picture-in-picture\" allowfullscreen><\/iframe><\/p>\n<p>&nbsp;<\/p>\n","protected":false},"excerpt":{"rendered":"<p>Esta es la historia de c\u00f3mo dos seres muy distintos se encuentran un d\u00eda para darse mutuamente una segunda oportunidad. Con\u00f3cela, seguramente te encantar\u00e1. &nbsp;<\/p>\n","protected":false},"author":1,"featured_media":1126,"comment_status":"open","ping_status":"open","sticky":false,"template":"","format":"standard","meta":[],"categories":[4],"tags":[53,52],"yoast_head":"<!-- This site is optimized with the Yoast SEO plugin v17.6 - https:\/\/yoast.com\/wordpress\/plugins\/seo\/ -->\n<meta name=\"robots\" content=\"index, follow, max-snippet:-1, max-image-preview:large, max-video-preview:-1\" \/>\n<link rel=\"canonical\" href=\"https:\/\/www.grupoxcaret.com\/es\/quien-salva-quien\/\" \/>\n<meta property=\"og:locale\" content=\"es_ES\" \/>\n<meta property=\"og:type\" content=\"article\" \/>\n<meta property=\"og:title\" content=\"\u00bfQui\u00e9n salva a qui\u00e9n? - Grupo Xcaret Sitio Corporativo\" \/>\n<meta property=\"og:description\" content=\"Esta es la historia de c\u00f3mo dos seres muy distintos se encuentran un d\u00eda para darse mutuamente una segunda oportunidad. Con\u00f3cela, seguramente te encantar\u00e1. &nbsp;\" \/>\n<meta property=\"og:url\" content=\"https:\/\/www.grupoxcaret.com\/es\/quien-salva-quien\/\" \/>\n<meta property=\"og:site_name\" content=\"Grupo Xcaret Sitio Corporativo\" \/>\n<meta property=\"article:published_time\" content=\"2015-02-05T17:12:48+00:00\" \/>\n<meta property=\"article:modified_time\" content=\"2015-02-05T17:19:45+00:00\" \/>\n<meta property=\"og:image\" content=\"https:\/\/www.grupoxcaret.com\/es\/wp-content\/uploads\/2014\/08\/TORTUGA-MARINA.jpg\" \/>\n\t<meta property=\"og:image:width\" content=\"1200\" \/>\n\t<meta property=\"og:image:height\" content=\"799\" \/>\n<meta name=\"twitter:card\" content=\"summary_large_image\" \/>\n<meta name=\"twitter:label1\" content=\"Escrito por\" \/>\n\t<meta name=\"twitter:data1\" content=\"ederduran\" \/>\n<script type=\"application\/ld+json\" class=\"yoast-schema-graph\">{\"@context\":\"https:\/\/schema.org\",\"@graph\":[{\"@type\":\"Organization\",\"@id\":\"https:\/\/www.grupoxcaret.com\/es\/#organization\",\"name\":\"Grupo Xcaret\",\"url\":\"https:\/\/www.grupoxcaret.com\/es\/\",\"sameAs\":[],\"logo\":{\"@type\":\"ImageObject\",\"@id\":\"https:\/\/www.grupoxcaret.com\/es\/#logo\",\"inLanguage\":\"es\",\"url\":\"https:\/\/www.grupoxcaret.com\/es\/wp-content\/uploads\/2015\/04\/exx.png\",\"contentUrl\":\"https:\/\/www.grupoxcaret.com\/es\/wp-content\/uploads\/2015\/04\/exx.png\",\"width\":400,\"height\":136,\"caption\":\"Grupo Xcaret\"},\"image\":{\"@id\":\"https:\/\/www.grupoxcaret.com\/es\/#logo\"}},{\"@type\":\"WebSite\",\"@id\":\"https:\/\/www.grupoxcaret.com\/es\/#website\",\"url\":\"https:\/\/www.grupoxcaret.com\/es\/\",\"name\":\"Grupo Xcaret Sitio Corporativo\",\"description\":\"Conoce el sitio corporativo de Grupo Xcaret. Encuentra informaci\\u00f3n relevante acerca de nuestra historia, marcas, filosof\\u00eda empresarial, pol\\u00edtica de sostenibilidad y mucho m\\u00e1s.\",\"publisher\":{\"@id\":\"https:\/\/www.grupoxcaret.com\/es\/#organization\"},\"potentialAction\":[{\"@type\":\"SearchAction\",\"target\":{\"@type\":\"EntryPoint\",\"urlTemplate\":\"https:\/\/www.grupoxcaret.com\/es\/?s={search_term_string}\"},\"query-input\":\"required name=search_term_string\"}],\"inLanguage\":\"es\"},{\"@type\":\"ImageObject\",\"@id\":\"https:\/\/www.grupoxcaret.com\/es\/quien-salva-quien\/#primaryimage\",\"inLanguage\":\"es\",\"url\":\"https:\/\/www.grupoxcaret.com\/es\/wp-content\/uploads\/2014\/08\/TORTUGA-MARINA.jpg\",\"contentUrl\":\"https:\/\/www.grupoxcaret.com\/es\/wp-content\/uploads\/2014\/08\/TORTUGA-MARINA.jpg\",\"width\":1200,\"height\":799},{\"@type\":\"WebPage\",\"@id\":\"https:\/\/www.grupoxcaret.com\/es\/quien-salva-quien\/#webpage\",\"url\":\"https:\/\/www.grupoxcaret.com\/es\/quien-salva-quien\/\",\"name\":\"\\u00bfQui\\u00e9n salva a qui\\u00e9n? - Grupo Xcaret Sitio Corporativo\",\"isPartOf\":{\"@id\":\"https:\/\/www.grupoxcaret.com\/es\/#website\"},\"primaryImageOfPage\":{\"@id\":\"https:\/\/www.grupoxcaret.com\/es\/quien-salva-quien\/#primaryimage\"},\"datePublished\":\"2015-02-05T17:12:48+00:00\",\"dateModified\":\"2015-02-05T17:19:45+00:00\",\"breadcrumb\":{\"@id\":\"https:\/\/www.grupoxcaret.com\/es\/quien-salva-quien\/#breadcrumb\"},\"inLanguage\":\"es\",\"potentialAction\":[{\"@type\":\"ReadAction\",\"target\":[\"https:\/\/www.grupoxcaret.com\/es\/quien-salva-quien\/\"]}]},{\"@type\":\"BreadcrumbList\",\"@id\":\"https:\/\/www.grupoxcaret.com\/es\/quien-salva-quien\/#breadcrumb\",\"itemListElement\":[{\"@type\":\"ListItem\",\"position\":1,\"name\":\"Inicio\",\"item\":\"https:\/\/www.grupoxcaret.com\/es\/\"},{\"@type\":\"ListItem\",\"position\":2,\"name\":\"Sala de Prensa\",\"item\":\"https:\/\/www.grupoxcaret.com\/es\/seccion\/sala-de-prensa\/\"},{\"@type\":\"ListItem\",\"position\":3,\"name\":\"Boletines de Prensa\",\"item\":\"https:\/\/www.grupoxcaret.com\/es\/seccion\/sala-de-prensa\/boletines\/\"},{\"@type\":\"ListItem\",\"position\":4,\"name\":\"\\u00bfQui\\u00e9n salva a qui\\u00e9n?\"}]},{\"@type\":\"Article\",\"@id\":\"https:\/\/www.grupoxcaret.com\/es\/quien-salva-quien\/#article\",\"isPartOf\":{\"@id\":\"https:\/\/www.grupoxcaret.com\/es\/quien-salva-quien\/#webpage\"},\"author\":{\"@id\":\"https:\/\/www.grupoxcaret.com\/es\/#\/schema\/person\/6b89c27bcb5000af082de26e231b83d6\"},\"headline\":\"\\u00bfQui\\u00e9n salva a qui\\u00e9n?\",\"datePublished\":\"2015-02-05T17:12:48+00:00\",\"dateModified\":\"2015-02-05T17:19:45+00:00\",\"mainEntityOfPage\":{\"@id\":\"https:\/\/www.grupoxcaret.com\/es\/quien-salva-quien\/#webpage\"},\"wordCount\":41,\"commentCount\":0,\"publisher\":{\"@id\":\"https:\/\/www.grupoxcaret.com\/es\/#organization\"},\"image\":{\"@id\":\"https:\/\/www.grupoxcaret.com\/es\/quien-salva-quien\/#primaryimage\"},\"thumbnailUrl\":\"https:\/\/www.grupoxcaret.com\/es\/wp-content\/uploads\/2014\/08\/TORTUGA-MARINA.jpg\",\"keywords\":[\"Peligro de extinci\\u00f3n\",\"Tortugas Marinas\"],\"articleSection\":[\"Boletines de Prensa\"],\"inLanguage\":\"es\",\"potentialAction\":[{\"@type\":\"CommentAction\",\"name\":\"Comment\",\"target\":[\"https:\/\/www.grupoxcaret.com\/es\/quien-salva-quien\/#respond\"]}]},{\"@type\":\"Person\",\"@id\":\"https:\/\/www.grupoxcaret.com\/es\/#\/schema\/person\/6b89c27bcb5000af082de26e231b83d6\",\"name\":\"ederduran\",\"image\":{\"@type\":\"ImageObject\",\"@id\":\"https:\/\/www.grupoxcaret.com\/es\/#personlogo\",\"inLanguage\":\"es\",\"url\":\"https:\/\/secure.gravatar.com\/avatar\/e2acaaa4cda88084c7a5c40f3e345dfa?s=96&d=mm&r=g\",\"contentUrl\":\"https:\/\/secure.gravatar.com\/avatar\/e2acaaa4cda88084c7a5c40f3e345dfa?s=96&d=mm&r=g\",\"caption\":\"ederduran\"},\"url\":\"https:\/\/www.grupoxcaret.com\/es\/author\/ederduran\/\"}]}<\/script>\n<!-- \/ Yoast SEO plugin. -->","yoast_head_json":{"robots":{"index":"index","follow":"follow","max-snippet":"max-snippet:-1","max-image-preview":"max-image-preview:large","max-video-preview":"max-video-preview:-1"},"canonical":"https:\/\/www.grupoxcaret.com\/es\/quien-salva-quien\/","og_locale":"es_ES","og_type":"article","og_title":"\u00bfQui\u00e9n salva a qui\u00e9n? - Grupo Xcaret Sitio Corporativo","og_description":"Esta es la historia de c\u00f3mo dos seres muy distintos se encuentran un d\u00eda para darse mutuamente una segunda oportunidad. Con\u00f3cela, seguramente te encantar\u00e1. &nbsp;","og_url":"https:\/\/www.grupoxcaret.com\/es\/quien-salva-quien\/","og_site_name":"Grupo Xcaret Sitio Corporativo","article_published_time":"2015-02-05T17:12:48+00:00","article_modified_time":"2015-02-05T17:19:45+00:00","og_image":[{"width":1200,"height":799,"url":"https:\/\/www.grupoxcaret.com\/es\/wp-content\/uploads\/2014\/08\/TORTUGA-MARINA.jpg","type":"image\/jpeg"}],"twitter_card":"summary_large_image","twitter_misc":{"Escrito por":"ederduran"},"schema":{"@context":"https:\/\/schema.org","@graph":[{"@type":"Organization","@id":"https:\/\/www.grupoxcaret.com\/es\/#organization","name":"Grupo Xcaret","url":"https:\/\/www.grupoxcaret.com\/es\/","sameAs":[],"logo":{"@type":"ImageObject","@id":"https:\/\/www.grupoxcaret.com\/es\/#logo","inLanguage":"es","url":"https:\/\/www.grupoxcaret.com\/es\/wp-content\/uploads\/2015\/04\/exx.png","contentUrl":"https:\/\/www.grupoxcaret.com\/es\/wp-content\/uploads\/2015\/04\/exx.png","width":400,"height":136,"caption":"Grupo Xcaret"},"image":{"@id":"https:\/\/www.grupoxcaret.com\/es\/#logo"}},{"@type":"WebSite","@id":"https:\/\/www.grupoxcaret.com\/es\/#website","url":"https:\/\/www.grupoxcaret.com\/es\/","name":"Grupo Xcaret Sitio Corporativo","description":"Conoce el sitio corporativo de Grupo Xcaret. Encuentra informaci\u00f3n relevante acerca de nuestra historia, marcas, filosof\u00eda empresarial, pol\u00edtica de sostenibilidad y mucho m\u00e1s.","publisher":{"@id":"https:\/\/www.grupoxcaret.com\/es\/#organization"},"potentialAction":[{"@type":"SearchAction","target":{"@type":"EntryPoint","urlTemplate":"https:\/\/www.grupoxcaret.com\/es\/?s={search_term_string}"},"query-input":"required name=search_term_string"}],"inLanguage":"es"},{"@type":"ImageObject","@id":"https:\/\/www.grupoxcaret.com\/es\/quien-salva-quien\/#primaryimage","inLanguage":"es","url":"https:\/\/www.grupoxcaret.com\/es\/wp-content\/uploads\/2014\/08\/TORTUGA-MARINA.jpg","contentUrl":"https:\/\/www.grupoxcaret.com\/es\/wp-content\/uploads\/2014\/08\/TORTUGA-MARINA.jpg","width":1200,"height":799},{"@type":"WebPage","@id":"https:\/\/www.grupoxcaret.com\/es\/quien-salva-quien\/#webpage","url":"https:\/\/www.grupoxcaret.com\/es\/quien-salva-quien\/","name":"\u00bfQui\u00e9n salva a qui\u00e9n? - Grupo Xcaret Sitio Corporativo","isPartOf":{"@id":"https:\/\/www.grupoxcaret.com\/es\/#website"},"primaryImageOfPage":{"@id":"https:\/\/www.grupoxcaret.com\/es\/quien-salva-quien\/#primaryimage"},"datePublished":"2015-02-05T17:12:48+00:00","dateModified":"2015-02-05T17:19:45+00:00","breadcrumb":{"@id":"https:\/\/www.grupoxcaret.com\/es\/quien-salva-quien\/#breadcrumb"},"inLanguage":"es","potentialAction":[{"@type":"ReadAction","target":["https:\/\/www.grupoxcaret.com\/es\/quien-salva-quien\/"]}]},{"@type":"BreadcrumbList","@id":"https:\/\/www.grupoxcaret.com\/es\/quien-salva-quien\/#breadcrumb","itemListElement":[{"@type":"ListItem","position":1,"name":"Inicio","item":"https:\/\/www.grupoxcaret.com\/es\/"},{"@type":"ListItem","position":2,"name":"Sala de Prensa","item":"https:\/\/www.grupoxcaret.com\/es\/seccion\/sala-de-prensa\/"},{"@type":"ListItem","position":3,"name":"Boletines de Prensa","item":"https:\/\/www.grupoxcaret.com\/es\/seccion\/sala-de-prensa\/boletines\/"},{"@type":"ListItem","position":4,"name":"\u00bfQui\u00e9n salva a qui\u00e9n?"}]},{"@type":"Article","@id":"https:\/\/www.grupoxcaret.com\/es\/quien-salva-quien\/#article","isPartOf":{"@id":"https:\/\/www.grupoxcaret.com\/es\/quien-salva-quien\/#webpage"},"author":{"@id":"https:\/\/www.grupoxcaret.com\/es\/#\/schema\/person\/6b89c27bcb5000af082de26e231b83d6"},"headline":"\u00bfQui\u00e9n salva a qui\u00e9n?","datePublished":"2015-02-05T17:12:48+00:00","dateModified":"2015-02-05T17:19:45+00:00","mainEntityOfPage":{"@id":"https:\/\/www.grupoxcaret.com\/es\/quien-salva-quien\/#webpage"},"wordCount":41,"commentCount":0,"publisher":{"@id":"https:\/\/www.grupoxcaret.com\/es\/#organization"},"image":{"@id":"https:\/\/www.grupoxcaret.com\/es\/quien-salva-quien\/#primaryimage"},"thumbnailUrl":"https:\/\/www.grupoxcaret.com\/es\/wp-content\/uploads\/2014\/08\/TORTUGA-MARINA.jpg","keywords":["Peligro de extinci\u00f3n","Tortugas Marinas"],"articleSection":["Boletines de Prensa"],"inLanguage":"es","potentialAction":[{"@type":"CommentAction","name":"Comment","target":["https:\/\/www.grupoxcaret.com\/es\/quien-salva-quien\/#respond"]}]},{"@type":"Person","@id":"https:\/\/www.grupoxcaret.com\/es\/#\/schema\/person\/6b89c27bcb5000af082de26e231b83d6","name":"ederduran","image":{"@type":"ImageObject","@id":"https:\/\/www.grupoxcaret.com\/es\/#personlogo","inLanguage":"es","url":"https:\/\/secure.gravatar.com\/avatar\/e2acaaa4cda88084c7a5c40f3e345dfa?s=96&d=mm&r=g","contentUrl":"https:\/\/secure.gravatar.com\/avatar\/e2acaaa4cda88084c7a5c40f3e345dfa?s=96&d=mm&r=g","caption":"ederduran"},"url":"https:\/\/www.grupoxcaret.com\/es\/author\/ederduran\/"}]}},"amp_enabled":true,"_links":{"self":[{"href":"https:\/\/www.grupoxcaret.com\/es\/wp-json\/wp\/v2\/posts\/1128"}],"collection":[{"href":"https:\/\/www.grupoxcaret.com\/es\/wp-json\/wp\/v2\/posts"}],"about":[{"href":"https:\/\/www.grupoxcaret.com\/es\/wp-json\/wp\/v2\/types\/post"}],"author":[{"embeddable":true,"href":"https:\/\/www.grupoxcaret.com\/es\/wp-json\/wp\/v2\/users\/1"}],"replies":[{"embeddable":true,"href":"https:\/\/www.grupoxcaret.com\/es\/wp-json\/wp\/v2\/comments?post=1128"}],"version-history":[{"count":0,"href":"https:\/\/www.grupoxcaret.com\/es\/wp-json\/wp\/v2\/posts\/1128\/revisions"}],"wp:featuredmedia":[{"embeddable":true,"href":"https:\/\/www.grupoxcaret.com\/es\/wp-json\/wp\/v2\/media\/1126"}],"wp:attachment":[{"href":"https:\/\/www.grupoxcaret.com\/es\/wp-json\/wp\/v2\/media?parent=1128"}],"wp:term":[{"taxonomy":"category","embeddable":true,"href":"https:\/\/www.grupoxcaret.com\/es\/wp-json\/wp\/v2\/categories?post=1128"},{"taxonomy":"post_tag","embeddable":true,"href":"https:\/\/www.grupoxcaret.com\/es\/wp-json\/wp\/v2\/tags?post=1128"}],"curies":[{"name":"wp","href":"https:\/\/api.w.org\/{rel}","templated":true}]}}