{"id":4192,"date":"2025-10-30T19:56:52","date_gmt":"2025-10-30T19:56:52","guid":{"rendered":"https:\/\/www.grupoxcaret.com\/en\/?p=4192"},"modified":"2026-08-25T19:41:34","modified_gmt":"2026-08-25T19:41:34","slug":"xcaret-inaugurates-the-2025-festival-of-life-and-death-traditions-a-gathering-of-tradition-bearers-from-quintana-roo-and-the-guest-state-michoacan","status":"publish","type":"post","link":"https:\/\/www.grupoxcaret.com\/en\/xcaret-inaugurates-the-2025-festival-of-life-and-death-traditions-a-gathering-of-tradition-bearers-from-quintana-roo-and-the-guest-state-michoacan\/","title":{"rendered":"Xcaret inaugurates the 2025 Festival of Life and Death Traditions, a gathering of tradition bearers from Quintana Roo and the guest state, Michoac\u00e1n."},"content":{"rendered":"\n<p>\u25cf Grupo Xcaret inaugurated the 19th edition of the Festival of Life and Death Traditions, featuring Michoac\u00e1n as the guest state. The event brought together bearers of traditions from both the Pur\u00e9pecha culture\u2014with the &#8220;Fiesta de las \u00c1nimas&#8221; (Festival of Souls)\u2014and the Maya culture\u2014with &#8220;Janal Pix\u00e1n.&#8221;<\/p>\n\n\n\n<p>\u25cf During the ceremony, officials from Quintana Roo and Michoac\u00e1n highlighted the importance of this cultural gathering of indigenous communities. It serves as a testament to how Mexico\u2019s Intangible Cultural Heritage is kept alive when the tradition-bearers themselves are the ones passing these customs on to others.<\/p>\n\n\n\n<p>Xcaret, Riviera Maya, October 30, 2025. With a ceremony filled with color, music, and spirituality, the 19th edition of the Festival of Life and Death Traditions kicked off at Xcaret Park. For 19 years, this gathering has celebrated one of the most cherished expressions of Mexican culture: the Day of the Dead.<\/p>\n\n\n\n<p>This year, the festival welcomes Michoac\u00e1n as the guest state, featuring bearers of Pur\u00e9pecha culture who participate annually in their communities&#8217; iconic &#8220;Fiesta de las \u00c1nimas.&#8221; This tradition comes to life in the towns surrounding Lake P\u00e1tzcuaro and, in this edition, engages in a dialogue with &#8220;Janal Pix\u00e1n,&#8221; an ancestral ritual of the Maya people. These two distinct perspectives share a common belief regarding death: it is viewed as a continuation of existence\u2014persisting in a realm different from the earthly one\u2014and is honored year after year with love, remembrance, and respect for those who came before us.<\/p>\n\n\n\n<p>The inauguration was attended by ten dignitaries from the five ceremonial centers and four representatives from the two traditional churches of the state&#8217;s Maya communities; together, they form the Great Maya Council of Quintana Roo. This event underscores the collaborative effort between Grupo Xcaret and representatives of the Maya communities to safeguard the cultural heritage of indigenous peoples. Today, Grupo Xcaret celebrates not only the opening of the Festival of Life and Death Traditions but also the pride of being Mexican and the strength of cultures rooted in indigenous peoples. These are complemented by a wide array of contemporary artistic performances, making this celebration one of a kind\u2014a gateway to diverse art forms ranging from theater, music, and dance to the contributions of master artisans, traditional cooks, and chefs, all coming together to create a complete feast for the senses.<\/p>\n\n\n\n<figure class=\"wp-block-image size-large is-resized\"><img loading=\"lazy\" src=\"https:\/\/www.grupoxcaret.com\/en\/wp-content\/uploads\/2026\/08\/FTVYM-1-1-1024x682.jpeg\" alt=\"\" class=\"wp-image-4193\" width=\"521\" height=\"346\" srcset=\"https:\/\/www.grupoxcaret.com\/en\/wp-content\/uploads\/2026\/08\/FTVYM-1-1-1024x682.jpeg 1024w, https:\/\/www.grupoxcaret.com\/en\/wp-content\/uploads\/2026\/08\/FTVYM-1-1-300x200.jpeg 300w, https:\/\/www.grupoxcaret.com\/en\/wp-content\/uploads\/2026\/08\/FTVYM-1-1-768x512.jpeg 768w, https:\/\/www.grupoxcaret.com\/en\/wp-content\/uploads\/2026\/08\/FTVYM-1-1-696x464.jpeg 696w, https:\/\/www.grupoxcaret.com\/en\/wp-content\/uploads\/2026\/08\/FTVYM-1-1-1068x712.jpeg 1068w, https:\/\/www.grupoxcaret.com\/en\/wp-content\/uploads\/2026\/08\/FTVYM-1-1-630x420.jpeg 630w, https:\/\/www.grupoxcaret.com\/en\/wp-content\/uploads\/2026\/08\/FTVYM-1-1.jpeg 1280w\" sizes=\"(max-width: 521px) 100vw, 521px\" \/><\/figure>\n\n\n\n<p>Michoac\u00e1n arrives with a delegation of over 250 participants\u2014including musicians, dancers, artisans, traditional cooks, artists, and chefs\u2014joining a total lineup of 537 artists from Michoac\u00e1n, Quintana Roo, Xcaret, Spain, Mexico City, Morelos, Tlaxcala, Yucat\u00e1n, and the State of Mexico. Together, they bring to life the magnificent experience prepared for this year\u2019s event.<\/p>\n\n\n\n<p>Over the course of four days\u2014from October 30 to November 2\u2014visitors will enjoy an extensive program featuring stage performances, concerts, exhibitions, workshops, rituals, and themed tours, alongside an exquisite culinary offering.<\/p>\n\n\n\n<p>Grupo Xcaret\u2019s mission is &#8220;to make the planet happier by sharing our great love for Mexico.&#8221; In keeping with this mission, Leticia Aguerrebere Salido\u2014from Grupo Xcaret\u2019s Art and Culture Department and General Director of the Festival of Life and Death Traditions\u2014highlighted: &#8220;Few things express that love for Mexico as clearly as this festival. Year after year, it allows us to joyfully remember, lovingly honor, and recognize the bearers of tradition who proudly share their communities&#8217; collective memory. It also brings together a multitude of artistic expressions\u2014ancestral, folkloric, classical, and contemporary\u2014that collectively showcase our identity as Mexicans.&#8221; As part of the inauguration, Alfredo Ram\u00edrez Bedolla, Governor of Michoac\u00e1n, stated: \u201cI am deeply grateful to architect Quintana Pali and Grupo Xcaret for their unwavering commitment to culture, nature, and everything that represents the best of Mexico and Michoac\u00e1n. Their work is an example of how art and traditions can unite us and showcase the pride of our roots to the world. Thank you very much, and I wish every success to this new edition of the festival.\u201d<\/p>\n\n\n\n<p>The ceremony featured artistic performances from Michoac\u00e1n and Quintana Roo, as well as a culinary showcase bringing together traditional cooks from both states. Mexican cuisine is recognized by UNESCO as Intangible Cultural Heritage of Humanity, and the traditional cooking of both Michoac\u00e1n and Quintana Roo is highly acclaimed worldwide.<\/p>\n\n\n\n<p>The Festival of Life and Death Traditions at Xcaret is a unique setting where tourists from around the world and residents of the Yucat\u00e1n Peninsula enjoy one of the most renowned Mexican festivities on the planet.<\/p>\n","protected":false},"excerpt":{"rendered":"<p>\u25cf Grupo Xcaret inaugurated the 19th edition of the Festival of Life and Death Traditions, featuring Michoac\u00e1n as the guest state. The event brought together bearers of traditions from both the Pur\u00e9pecha culture\u2014with the &#8220;Fiesta de las \u00c1nimas&#8221; (Festival of Souls)\u2014and the Maya culture\u2014with &#8220;Janal Pix\u00e1n.&#8221; \u25cf During the ceremony, officials from Quintana Roo and [&hellip;]<\/p>\n","protected":false},"author":8,"featured_media":4194,"comment_status":"closed","ping_status":"closed","sticky":false,"template":"","format":"standard","meta":[],"categories":[114,72,9,110,97,1,6],"tags":[],"yoast_head":"<!-- This site is optimized with the Yoast SEO plugin v15.2.1 - https:\/\/yoast.com\/wordpress\/plugins\/seo\/ -->\n<meta name=\"robots\" content=\"index, follow, max-snippet:-1, max-image-preview:large, max-video-preview:-1\" \/>\n<link rel=\"canonical\" href=\"https:\/\/www.grupoxcaret.com\/en\/xcaret-inaugurates-the-2025-festival-of-life-and-death-traditions-a-gathering-of-tradition-bearers-from-quintana-roo-and-the-guest-state-michoacan\/\" \/>\n<meta property=\"og:locale\" content=\"en_US\" \/>\n<meta property=\"og:type\" content=\"article\" \/>\n<meta property=\"og:title\" content=\"Xcaret inaugurates the 2025 Festival of Life and Death Traditions, a gathering of tradition bearers from Quintana Roo and the guest state, Michoac\u00e1n. - Grupo Xcaret\" \/>\n<meta property=\"og:description\" content=\"\u25cf Grupo Xcaret inaugurated the 19th edition of the Festival of Life and Death Traditions, featuring Michoac\u00e1n as the guest state. The event brought together bearers of traditions from both the Pur\u00e9pecha culture\u2014with the &#8220;Fiesta de las \u00c1nimas&#8221; (Festival of Souls)\u2014and the Maya culture\u2014with &#8220;Janal Pix\u00e1n.&#8221; \u25cf During the ceremony, officials from Quintana Roo and [&hellip;]\" \/>\n<meta property=\"og:url\" content=\"https:\/\/www.grupoxcaret.com\/en\/xcaret-inaugurates-the-2025-festival-of-life-and-death-traditions-a-gathering-of-tradition-bearers-from-quintana-roo-and-the-guest-state-michoacan\/\" \/>\n<meta property=\"og:site_name\" content=\"Grupo Xcaret\" \/>\n<meta property=\"article:published_time\" content=\"2025-10-30T19:56:52+00:00\" \/>\n<meta property=\"article:modified_time\" content=\"2026-08-25T19:41:34+00:00\" \/>\n<meta property=\"og:image\" content=\"https:\/\/www.grupoxcaret.com\/en\/wp-content\/uploads\/2026\/08\/FTVYM-2-1.jpeg\" \/>\n\t<meta property=\"og:image:width\" content=\"1280\" \/>\n\t<meta property=\"og:image:height\" content=\"853\" \/>\n<meta name=\"twitter:card\" content=\"summary_large_image\" \/>\n<meta name=\"twitter:label1\" content=\"Written by\">\n\t<meta name=\"twitter:data1\" content=\"dmendozav\">\n\t<meta name=\"twitter:label2\" content=\"Est. reading time\">\n\t<meta name=\"twitter:data2\" content=\"3 minutes\">\n<script type=\"application\/ld+json\" class=\"yoast-schema-graph\">{\"@context\":\"https:\/\/schema.org\",\"@graph\":[{\"@type\":\"Organization\",\"@id\":\"https:\/\/www.grupoxcaret.com\/en\/#organization\",\"name\":\"Grupo Xcaret\",\"url\":\"https:\/\/www.grupoxcaret.com\/en\/\",\"sameAs\":[],\"logo\":{\"@type\":\"ImageObject\",\"@id\":\"https:\/\/www.grupoxcaret.com\/en\/#logo\",\"inLanguage\":\"en-US\",\"url\":\"https:\/\/www.grupoxcaret.com\/en\/wp-content\/uploads\/2015\/04\/exx.png\",\"width\":400,\"height\":136,\"caption\":\"Grupo Xcaret\"},\"image\":{\"@id\":\"https:\/\/www.grupoxcaret.com\/en\/#logo\"}},{\"@type\":\"WebSite\",\"@id\":\"https:\/\/www.grupoxcaret.com\/en\/#website\",\"url\":\"https:\/\/www.grupoxcaret.com\/en\/\",\"name\":\"Grupo Xcaret\",\"description\":\"Sitio Oficial\",\"publisher\":{\"@id\":\"https:\/\/www.grupoxcaret.com\/en\/#organization\"},\"potentialAction\":[{\"@type\":\"SearchAction\",\"target\":\"https:\/\/www.grupoxcaret.com\/en\/?s={search_term_string}\",\"query-input\":\"required name=search_term_string\"}],\"inLanguage\":\"en-US\"},{\"@type\":\"ImageObject\",\"@id\":\"https:\/\/www.grupoxcaret.com\/en\/xcaret-inaugurates-the-2025-festival-of-life-and-death-traditions-a-gathering-of-tradition-bearers-from-quintana-roo-and-the-guest-state-michoacan\/#primaryimage\",\"inLanguage\":\"en-US\",\"url\":\"https:\/\/www.grupoxcaret.com\/en\/wp-content\/uploads\/2026\/08\/FTVYM-2-1.jpeg\",\"width\":1280,\"height\":853},{\"@type\":\"WebPage\",\"@id\":\"https:\/\/www.grupoxcaret.com\/en\/xcaret-inaugurates-the-2025-festival-of-life-and-death-traditions-a-gathering-of-tradition-bearers-from-quintana-roo-and-the-guest-state-michoacan\/#webpage\",\"url\":\"https:\/\/www.grupoxcaret.com\/en\/xcaret-inaugurates-the-2025-festival-of-life-and-death-traditions-a-gathering-of-tradition-bearers-from-quintana-roo-and-the-guest-state-michoacan\/\",\"name\":\"Xcaret inaugurates the 2025 Festival of Life and Death Traditions, a gathering of tradition bearers from Quintana Roo and the guest state, Michoac\\u00e1n. - Grupo Xcaret\",\"isPartOf\":{\"@id\":\"https:\/\/www.grupoxcaret.com\/en\/#website\"},\"primaryImageOfPage\":{\"@id\":\"https:\/\/www.grupoxcaret.com\/en\/xcaret-inaugurates-the-2025-festival-of-life-and-death-traditions-a-gathering-of-tradition-bearers-from-quintana-roo-and-the-guest-state-michoacan\/#primaryimage\"},\"datePublished\":\"2025-10-30T19:56:52+00:00\",\"dateModified\":\"2026-08-25T19:41:34+00:00\",\"breadcrumb\":{\"@id\":\"https:\/\/www.grupoxcaret.com\/en\/xcaret-inaugurates-the-2025-festival-of-life-and-death-traditions-a-gathering-of-tradition-bearers-from-quintana-roo-and-the-guest-state-michoacan\/#breadcrumb\"},\"inLanguage\":\"en-US\",\"potentialAction\":[{\"@type\":\"ReadAction\",\"target\":[\"https:\/\/www.grupoxcaret.com\/en\/xcaret-inaugurates-the-2025-festival-of-life-and-death-traditions-a-gathering-of-tradition-bearers-from-quintana-roo-and-the-guest-state-michoacan\/\"]}]},{\"@type\":\"BreadcrumbList\",\"@id\":\"https:\/\/www.grupoxcaret.com\/en\/xcaret-inaugurates-the-2025-festival-of-life-and-death-traditions-a-gathering-of-tradition-bearers-from-quintana-roo-and-the-guest-state-michoacan\/#breadcrumb\",\"itemListElement\":[{\"@type\":\"ListItem\",\"position\":1,\"item\":{\"@type\":\"WebPage\",\"@id\":\"https:\/\/www.grupoxcaret.com\/en\/\",\"url\":\"https:\/\/www.grupoxcaret.com\/en\/\",\"name\":\"Inicio\"}},{\"@type\":\"ListItem\",\"position\":2,\"item\":{\"@type\":\"WebPage\",\"@id\":\"https:\/\/www.grupoxcaret.com\/en\/seccion\/featured\/\",\"url\":\"https:\/\/www.grupoxcaret.com\/en\/seccion\/featured\/\",\"name\":\"Featured\"}},{\"@type\":\"ListItem\",\"position\":3,\"item\":{\"@type\":\"WebPage\",\"@id\":\"https:\/\/www.grupoxcaret.com\/en\/xcaret-inaugurates-the-2025-festival-of-life-and-death-traditions-a-gathering-of-tradition-bearers-from-quintana-roo-and-the-guest-state-michoacan\/\",\"url\":\"https:\/\/www.grupoxcaret.com\/en\/xcaret-inaugurates-the-2025-festival-of-life-and-death-traditions-a-gathering-of-tradition-bearers-from-quintana-roo-and-the-guest-state-michoacan\/\",\"name\":\"Xcaret inaugurates the 2025 Festival of Life and Death Traditions, a gathering of tradition bearers from Quintana Roo and the guest state, Michoac\\u00e1n.\"}}]},{\"@type\":\"Article\",\"@id\":\"https:\/\/www.grupoxcaret.com\/en\/xcaret-inaugurates-the-2025-festival-of-life-and-death-traditions-a-gathering-of-tradition-bearers-from-quintana-roo-and-the-guest-state-michoacan\/#article\",\"isPartOf\":{\"@id\":\"https:\/\/www.grupoxcaret.com\/en\/xcaret-inaugurates-the-2025-festival-of-life-and-death-traditions-a-gathering-of-tradition-bearers-from-quintana-roo-and-the-guest-state-michoacan\/#webpage\"},\"author\":{\"@id\":\"https:\/\/www.grupoxcaret.com\/en\/#\/schema\/person\/a063bfd3f2c8806ec176d4b2afba737f\"},\"headline\":\"Xcaret inaugurates the 2025 Festival of Life and Death Traditions, a gathering of tradition bearers from Quintana Roo and the guest state, Michoac\\u00e1n.\",\"datePublished\":\"2025-10-30T19:56:52+00:00\",\"dateModified\":\"2026-08-25T19:41:34+00:00\",\"mainEntityOfPage\":{\"@id\":\"https:\/\/www.grupoxcaret.com\/en\/xcaret-inaugurates-the-2025-festival-of-life-and-death-traditions-a-gathering-of-tradition-bearers-from-quintana-roo-and-the-guest-state-michoacan\/#webpage\"},\"publisher\":{\"@id\":\"https:\/\/www.grupoxcaret.com\/en\/#organization\"},\"image\":{\"@id\":\"https:\/\/www.grupoxcaret.com\/en\/xcaret-inaugurates-the-2025-festival-of-life-and-death-traditions-a-gathering-of-tradition-bearers-from-quintana-roo-and-the-guest-state-michoacan\/#primaryimage\"},\"articleSection\":\"Events,Featured,Festival de Tradiciones de Vida y Muerte,Informs,Media,News,Special Events\",\"inLanguage\":\"en-US\"},{\"@type\":\"Person\",\"@id\":\"https:\/\/www.grupoxcaret.com\/en\/#\/schema\/person\/a063bfd3f2c8806ec176d4b2afba737f\",\"name\":\"dmendozav\",\"image\":{\"@type\":\"ImageObject\",\"@id\":\"https:\/\/www.grupoxcaret.com\/en\/#personlogo\",\"inLanguage\":\"en-US\",\"url\":\"https:\/\/secure.gravatar.com\/avatar\/d0971a818d7242eb0e6a9b000cb0cb6c?s=96&d=mm&r=g\",\"caption\":\"dmendozav\"}}]}<\/script>\n<!-- \/ Yoast SEO plugin. -->","amp_enabled":true,"_links":{"self":[{"href":"https:\/\/www.grupoxcaret.com\/en\/wp-json\/wp\/v2\/posts\/4192"}],"collection":[{"href":"https:\/\/www.grupoxcaret.com\/en\/wp-json\/wp\/v2\/posts"}],"about":[{"href":"https:\/\/www.grupoxcaret.com\/en\/wp-json\/wp\/v2\/types\/post"}],"author":[{"embeddable":true,"href":"https:\/\/www.grupoxcaret.com\/en\/wp-json\/wp\/v2\/users\/8"}],"replies":[{"embeddable":true,"href":"https:\/\/www.grupoxcaret.com\/en\/wp-json\/wp\/v2\/comments?post=4192"}],"version-history":[{"count":1,"href":"https:\/\/www.grupoxcaret.com\/en\/wp-json\/wp\/v2\/posts\/4192\/revisions"}],"predecessor-version":[{"id":4195,"href":"https:\/\/www.grupoxcaret.com\/en\/wp-json\/wp\/v2\/posts\/4192\/revisions\/4195"}],"wp:featuredmedia":[{"embeddable":true,"href":"https:\/\/www.grupoxcaret.com\/en\/wp-json\/wp\/v2\/media\/4194"}],"wp:attachment":[{"href":"https:\/\/www.grupoxcaret.com\/en\/wp-json\/wp\/v2\/media?parent=4192"}],"wp:term":[{"taxonomy":"category","embeddable":true,"href":"https:\/\/www.grupoxcaret.com\/en\/wp-json\/wp\/v2\/categories?post=4192"},{"taxonomy":"post_tag","embeddable":true,"href":"https:\/\/www.grupoxcaret.com\/en\/wp-json\/wp\/v2\/tags?post=4192"}],"curies":[{"name":"wp","href":"https:\/\/api.w.org\/{rel}","templated":true}]}}