{"id":4152,"date":"2025-07-08T15:44:01","date_gmt":"2025-07-08T15:44:01","guid":{"rendered":"https:\/\/www.grupoxcaret.com\/en\/?p=4152"},"modified":"2026-08-25T17:46:28","modified_gmt":"2026-08-25T17:46:28","slug":"the-xcaret-mexican-folk-art-fair-returns-a-unique-celebration-of-the-countrys-artisanal-talent","status":"publish","type":"post","link":"https:\/\/www.grupoxcaret.com\/en\/the-xcaret-mexican-folk-art-fair-returns-a-unique-celebration-of-the-countrys-artisanal-talent\/","title":{"rendered":"The Xcaret Mexican Folk Art Fair Returns: A Unique Celebration of the Country&#8217;s Artisanal Talent"},"content":{"rendered":"\n<p>\u25cf The Xcaret Fair of Mexican Folk Art returns from September 25 to 28, cementing its status as the most important event of its kind in the country.<\/p>\n\n\n\n<p>\u25cf More than 2,500 people benefited from the inaugural edition, which operated under a fair trade model with 59% of sales proceeds going to indigenous communities.<\/p>\n\n\n\n<p>\u25cf This year, a special category inspired by the Virgin of Guadalupe has been added to the national contest to recognize her significance in folk art.<\/p>\n\n\n\n<p>Mexico City, July 8, 2025. At an event held at the Museum of Popular Art\u2014welcomed by the museum&#8217;s director, Walther Boelstery, and the President of the Board of Trustees, Mercedes Vigil\u2014Grupo Xcaret announced the second edition of the Xcaret Fair of Mexican Folk Art. The event will take place from September 25 to 28, 2025, at Xcaret Park, solidifying its position as the most significant event of its kind in Mexico.<\/p>\n\n\n\n<p>This cultural gathering at Xcaret Park in Quintana Roo brings together leading figures and emerging artists of Mexican folk art in a single venue. It fosters direct connections between artisans and both domestic and international audiences, serving as a living expression of Grupo Xcaret\u2019s purpose: to make the planet happier by sharing our deep love for Mexico, strengthening the country&#8217;s cultural fabric, and creating conditions for shared prosperity.<\/p>\n\n\n\n<p>Following the success of the inaugural edition\u2014which benefited approximately 2,600 people from 21 Mexican states, with 59% of direct sales revenue going to workshops in indigenous communities\u2014this year\u2019s fair anticipates the participation of over 140 artisan workshops, many of which preserve ancient traditions. The fair guarantees a fair trade model in which artisans receive 100% of their sales proceeds, thereby fostering the economic autonomy of their communities. One of the major challenges in keeping Mexico&#8217;s folk art traditions alive is fostering interest among new generations in continuing their ancestors&#8217; legacy. To achieve this, it is not enough for artisan work to be economically viable; it must also be an expression recognized, admired, and valued by society. In this regard, the fact that 70% of participants report having apprentices in their workshops is an encouraging sign that traditional knowledge is being passed down. Events like the Xcaret Fair of Mexican Folk Art contribute to this continuity by providing visibility, recognition, and exposure to artisan craftsmanship, thereby sparking enthusiasm among young people to become part of this valuable legacy.<\/p>\n\n\n\n<figure class=\"wp-block-image size-large is-resized\"><img loading=\"lazy\" src=\"https:\/\/www.grupoxcaret.com\/en\/wp-content\/uploads\/2026\/08\/FXAPM-CDMX-4-1024x683.jpg\" alt=\"\" class=\"wp-image-4154\" width=\"447\" height=\"298\" srcset=\"https:\/\/www.grupoxcaret.com\/en\/wp-content\/uploads\/2026\/08\/FXAPM-CDMX-4-1024x683.jpg 1024w, https:\/\/www.grupoxcaret.com\/en\/wp-content\/uploads\/2026\/08\/FXAPM-CDMX-4-300x200.jpg 300w, https:\/\/www.grupoxcaret.com\/en\/wp-content\/uploads\/2026\/08\/FXAPM-CDMX-4-768x512.jpg 768w, https:\/\/www.grupoxcaret.com\/en\/wp-content\/uploads\/2026\/08\/FXAPM-CDMX-4-1536x1024.jpg 1536w, https:\/\/www.grupoxcaret.com\/en\/wp-content\/uploads\/2026\/08\/FXAPM-CDMX-4-2048x1365.jpg 2048w, https:\/\/www.grupoxcaret.com\/en\/wp-content\/uploads\/2026\/08\/FXAPM-CDMX-4-696x464.jpg 696w, https:\/\/www.grupoxcaret.com\/en\/wp-content\/uploads\/2026\/08\/FXAPM-CDMX-4-1068x712.jpg 1068w, https:\/\/www.grupoxcaret.com\/en\/wp-content\/uploads\/2026\/08\/FXAPM-CDMX-4-630x420.jpg 630w\" sizes=\"(max-width: 447px) 100vw, 447px\" \/><\/figure>\n\n\n\n<p>During the fair, the &#8220;Xcaret: Yesterday and Today&#8221; national contest will be held for the second consecutive year, recognizing the best works across five categories. Four of these categories focus on the techniques and materials used: ceramics, textiles, wood, and other techniques. In each of these categories, first place will receive 100,000 pesos, second place 80,000 pesos, and third place 60,000 pesos; honorable mentions carrying a 20,000-peso award will also be granted. A new addition to this year&#8217;s edition is a special category inspired by the Virgin of Guadalupe\u2014open to any technique\u2014which will award prizes to the three best pieces based on their symbolic, devotional, and artistic power within the realm of folk art.<\/p>\n\n\n\n<p>&#8220;This fair is part of our commitment to celebrating our roots and showcasing Mexico&#8217;s artisan talent. More than just an event, it is a platform for preserving and sharing our cultural heritage, and for acknowledging our societal responsibility to safeguard it equitably\u2014valuing the craftsmanship, history, and identity that each piece represents,&#8221; noted Leticia Aguerrebere, General Director of the Xcaret Fair of Mexican Folk Art.<\/p>\n\n\n\n<p>The Fair also stands as a clear expression of Grupo Xcaret\u2019s commitment to sustainability and respect for human rights. Since its inception, it has been envisioned as a space where traditions are safeguarded, bearers of ancestral knowledge are honored, and respect for the dignity of artisans is fostered.<\/p>\n\n\n\n<p>\u201cWhen a space is fair, safe, and respectful, artisans recognize it as their own. That is why they return; that is why they place their trust in it. The Xcaret Fair of Mexican Folk Art reflects the deep respect we hold for their work, their identity, and their rights,\u201d noted Iliana Rodr\u00edguez, Corporate Director of Sustainability and Institutional Dialogue at Grupo Xcaret.<\/p>\n\n\n\n<p>This year, the fair will feature representatives from 22 states across the country, including 60 &#8220;Grand Masters&#8221; of Mexican Folk Art and 35.7% new talent who did not participate in the previous edition. This reflects a commitment to renewing and enriching the experience year after year, offering the public new forms and expressions of folk art. Regarding the techniques represented, the following will be included:<br><br><\/p>\n\n\n\n<p>\u00b7 44 textile artisans, specializing in items such as <em>rebozos<\/em> (shawls), embroidery, backstrap and pedal loom weaving, drawn-thread work, and natural dyeing.<\/p>\n\n\n\n<p>\u00b7 34 ceramicists, covering 11 different styles.<\/p>\n\n\n\n<p>\u00b7 28 woodworkers, utilizing at least 6 different techniques.<\/p>\n\n\n\n<p>\u00b7 34 artisans working in other disciplines, such as jewelry, fiber arts, <em>cartoner\u00eda<\/em> (papier-m\u00e2ch\u00e9), Wix\u00e1rika art, glasswork, <em>popotillo<\/em> (straw mosaic), goldsmithing, painting, <em>amate<\/em> (bark paper) art, metalwork, leatherwork, and stonework, among many others.<\/p>\n\n\n\n<p>In addition to the exhibition and sale of pieces, the fair will feature a cultural program including talks with master artisans, live demonstrations, traditional clothing fashion shows, keynote lectures, and expert panels, fostering dialogue among creators, designers, academics, collectors, and students.<\/p>\n\n\n\n<p>The Xcaret Fair of Mexican Folk Art aims to:<\/p>\n\n\n\n<p>\u25cf Preserve artisanal traditions as living heritage.<\/p>\n\n\n\n<p>\u25cf Encourage direct sales without intermediaries.<\/p>\n\n\n\n<p>\u25cf Boost economic development in rural and indigenous communities through artistic talent.<\/p>\n\n\n\n<p>\u25cf Highlight the cultural and social impact of folk art across the country.<\/p>\n\n\n\n<p>As part of the legacy of its inaugural edition, Grupo Xcaret produced the <em>2024 Fair Record<\/em> (<em>Memoria de la Feria 2024<\/em>), a publication compiling images, profiles, and contact details of the participants, serving as a valuable resource for those wishing to continue promoting and supporting Mexican folk art.<\/p>\n\n\n\n<figure class=\"wp-block-image size-large is-resized\"><img loading=\"lazy\" src=\"https:\/\/www.grupoxcaret.com\/en\/wp-content\/uploads\/2026\/08\/FXAPM-CDMX-2-1024x682.jpg\" alt=\"\" class=\"wp-image-4155\" width=\"340\" height=\"225\" srcset=\"https:\/\/www.grupoxcaret.com\/en\/wp-content\/uploads\/2026\/08\/FXAPM-CDMX-2-1024x682.jpg 1024w, https:\/\/www.grupoxcaret.com\/en\/wp-content\/uploads\/2026\/08\/FXAPM-CDMX-2-300x200.jpg 300w, https:\/\/www.grupoxcaret.com\/en\/wp-content\/uploads\/2026\/08\/FXAPM-CDMX-2-768x511.jpg 768w, https:\/\/www.grupoxcaret.com\/en\/wp-content\/uploads\/2026\/08\/FXAPM-CDMX-2-1536x1022.jpg 1536w, https:\/\/www.grupoxcaret.com\/en\/wp-content\/uploads\/2026\/08\/FXAPM-CDMX-2-2048x1363.jpg 2048w, https:\/\/www.grupoxcaret.com\/en\/wp-content\/uploads\/2026\/08\/FXAPM-CDMX-2-696x463.jpg 696w, https:\/\/www.grupoxcaret.com\/en\/wp-content\/uploads\/2026\/08\/FXAPM-CDMX-2-1068x711.jpg 1068w, https:\/\/www.grupoxcaret.com\/en\/wp-content\/uploads\/2026\/08\/FXAPM-CDMX-2-631x420.jpg 631w\" sizes=\"(max-width: 340px) 100vw, 340px\" \/><\/figure>\n\n\n\n<p>Recognizing that folk art is not merely inherited but lived, honored, and shared, Grupo Xcaret promotes this fair as a fitting venue where the hands that preserve our identity can showcase their greatness. For when Mexico expresses itself through its art, the entire planet is filled with color, history, and hope.<\/p>\n","protected":false},"excerpt":{"rendered":"<p>\u25cf The Xcaret Fair of Mexican Folk Art returns from September 25 to 28, cementing its status as the most important event of its kind in the country. \u25cf More than 2,500 people benefited from the inaugural edition, which operated under a fair trade model with 59% of sales proceeds going to indigenous communities. \u25cf [&hellip;]<\/p>\n","protected":false},"author":8,"featured_media":4153,"comment_status":"closed","ping_status":"closed","sticky":false,"template":"","format":"standard","meta":[],"categories":[114,110,1],"tags":[],"yoast_head":"<!-- This site is optimized with the Yoast SEO plugin v15.2.1 - https:\/\/yoast.com\/wordpress\/plugins\/seo\/ -->\n<meta name=\"robots\" content=\"index, follow, max-snippet:-1, max-image-preview:large, max-video-preview:-1\" \/>\n<link rel=\"canonical\" href=\"https:\/\/www.grupoxcaret.com\/en\/the-xcaret-mexican-folk-art-fair-returns-a-unique-celebration-of-the-countrys-artisanal-talent\/\" \/>\n<meta property=\"og:locale\" content=\"en_US\" \/>\n<meta property=\"og:type\" content=\"article\" \/>\n<meta property=\"og:title\" content=\"The Xcaret Mexican Folk Art Fair Returns: A Unique Celebration of the Country&#039;s Artisanal Talent - Grupo Xcaret\" \/>\n<meta property=\"og:description\" content=\"\u25cf The Xcaret Fair of Mexican Folk Art returns from September 25 to 28, cementing its status as the most important event of its kind in the country. \u25cf More than 2,500 people benefited from the inaugural edition, which operated under a fair trade model with 59% of sales proceeds going to indigenous communities. \u25cf [&hellip;]\" \/>\n<meta property=\"og:url\" content=\"https:\/\/www.grupoxcaret.com\/en\/the-xcaret-mexican-folk-art-fair-returns-a-unique-celebration-of-the-countrys-artisanal-talent\/\" \/>\n<meta property=\"og:site_name\" content=\"Grupo Xcaret\" \/>\n<meta property=\"article:published_time\" content=\"2025-07-08T15:44:01+00:00\" \/>\n<meta property=\"article:modified_time\" content=\"2026-08-25T17:46:28+00:00\" \/>\n<meta property=\"og:image\" content=\"https:\/\/www.grupoxcaret.com\/en\/wp-content\/uploads\/2026\/08\/FXAPM-CDMX-1-1-scaled.jpg\" \/>\n\t<meta property=\"og:image:width\" content=\"2560\" \/>\n\t<meta property=\"og:image:height\" content=\"1707\" \/>\n<meta name=\"twitter:card\" content=\"summary_large_image\" \/>\n<meta name=\"twitter:label1\" content=\"Written by\">\n\t<meta name=\"twitter:data1\" content=\"dmendozav\">\n\t<meta name=\"twitter:label2\" content=\"Est. reading time\">\n\t<meta name=\"twitter:data2\" content=\"4 minutes\">\n<script type=\"application\/ld+json\" class=\"yoast-schema-graph\">{\"@context\":\"https:\/\/schema.org\",\"@graph\":[{\"@type\":\"Organization\",\"@id\":\"https:\/\/www.grupoxcaret.com\/en\/#organization\",\"name\":\"Grupo Xcaret\",\"url\":\"https:\/\/www.grupoxcaret.com\/en\/\",\"sameAs\":[],\"logo\":{\"@type\":\"ImageObject\",\"@id\":\"https:\/\/www.grupoxcaret.com\/en\/#logo\",\"inLanguage\":\"en-US\",\"url\":\"https:\/\/www.grupoxcaret.com\/en\/wp-content\/uploads\/2015\/04\/exx.png\",\"width\":400,\"height\":136,\"caption\":\"Grupo Xcaret\"},\"image\":{\"@id\":\"https:\/\/www.grupoxcaret.com\/en\/#logo\"}},{\"@type\":\"WebSite\",\"@id\":\"https:\/\/www.grupoxcaret.com\/en\/#website\",\"url\":\"https:\/\/www.grupoxcaret.com\/en\/\",\"name\":\"Grupo Xcaret\",\"description\":\"Sitio Oficial\",\"publisher\":{\"@id\":\"https:\/\/www.grupoxcaret.com\/en\/#organization\"},\"potentialAction\":[{\"@type\":\"SearchAction\",\"target\":\"https:\/\/www.grupoxcaret.com\/en\/?s={search_term_string}\",\"query-input\":\"required name=search_term_string\"}],\"inLanguage\":\"en-US\"},{\"@type\":\"ImageObject\",\"@id\":\"https:\/\/www.grupoxcaret.com\/en\/the-xcaret-mexican-folk-art-fair-returns-a-unique-celebration-of-the-countrys-artisanal-talent\/#primaryimage\",\"inLanguage\":\"en-US\",\"url\":\"https:\/\/www.grupoxcaret.com\/en\/wp-content\/uploads\/2026\/08\/FXAPM-CDMX-1-1-scaled.jpg\",\"width\":2560,\"height\":1707},{\"@type\":\"WebPage\",\"@id\":\"https:\/\/www.grupoxcaret.com\/en\/the-xcaret-mexican-folk-art-fair-returns-a-unique-celebration-of-the-countrys-artisanal-talent\/#webpage\",\"url\":\"https:\/\/www.grupoxcaret.com\/en\/the-xcaret-mexican-folk-art-fair-returns-a-unique-celebration-of-the-countrys-artisanal-talent\/\",\"name\":\"The Xcaret Mexican Folk Art Fair Returns: A Unique Celebration of the Country's Artisanal Talent - Grupo Xcaret\",\"isPartOf\":{\"@id\":\"https:\/\/www.grupoxcaret.com\/en\/#website\"},\"primaryImageOfPage\":{\"@id\":\"https:\/\/www.grupoxcaret.com\/en\/the-xcaret-mexican-folk-art-fair-returns-a-unique-celebration-of-the-countrys-artisanal-talent\/#primaryimage\"},\"datePublished\":\"2025-07-08T15:44:01+00:00\",\"dateModified\":\"2026-08-25T17:46:28+00:00\",\"breadcrumb\":{\"@id\":\"https:\/\/www.grupoxcaret.com\/en\/the-xcaret-mexican-folk-art-fair-returns-a-unique-celebration-of-the-countrys-artisanal-talent\/#breadcrumb\"},\"inLanguage\":\"en-US\",\"potentialAction\":[{\"@type\":\"ReadAction\",\"target\":[\"https:\/\/www.grupoxcaret.com\/en\/the-xcaret-mexican-folk-art-fair-returns-a-unique-celebration-of-the-countrys-artisanal-talent\/\"]}]},{\"@type\":\"BreadcrumbList\",\"@id\":\"https:\/\/www.grupoxcaret.com\/en\/the-xcaret-mexican-folk-art-fair-returns-a-unique-celebration-of-the-countrys-artisanal-talent\/#breadcrumb\",\"itemListElement\":[{\"@type\":\"ListItem\",\"position\":1,\"item\":{\"@type\":\"WebPage\",\"@id\":\"https:\/\/www.grupoxcaret.com\/en\/\",\"url\":\"https:\/\/www.grupoxcaret.com\/en\/\",\"name\":\"Inicio\"}},{\"@type\":\"ListItem\",\"position\":2,\"item\":{\"@type\":\"WebPage\",\"@id\":\"https:\/\/www.grupoxcaret.com\/en\/seccion\/informs\/\",\"url\":\"https:\/\/www.grupoxcaret.com\/en\/seccion\/informs\/\",\"name\":\"Informs\"}},{\"@type\":\"ListItem\",\"position\":3,\"item\":{\"@type\":\"WebPage\",\"@id\":\"https:\/\/www.grupoxcaret.com\/en\/the-xcaret-mexican-folk-art-fair-returns-a-unique-celebration-of-the-countrys-artisanal-talent\/\",\"url\":\"https:\/\/www.grupoxcaret.com\/en\/the-xcaret-mexican-folk-art-fair-returns-a-unique-celebration-of-the-countrys-artisanal-talent\/\",\"name\":\"The Xcaret Mexican Folk Art Fair Returns: A Unique Celebration of the Country&#8217;s Artisanal Talent\"}}]},{\"@type\":\"Article\",\"@id\":\"https:\/\/www.grupoxcaret.com\/en\/the-xcaret-mexican-folk-art-fair-returns-a-unique-celebration-of-the-countrys-artisanal-talent\/#article\",\"isPartOf\":{\"@id\":\"https:\/\/www.grupoxcaret.com\/en\/the-xcaret-mexican-folk-art-fair-returns-a-unique-celebration-of-the-countrys-artisanal-talent\/#webpage\"},\"author\":{\"@id\":\"https:\/\/www.grupoxcaret.com\/en\/#\/schema\/person\/a063bfd3f2c8806ec176d4b2afba737f\"},\"headline\":\"The Xcaret Mexican Folk Art Fair Returns: A Unique Celebration of the Country&#8217;s Artisanal Talent\",\"datePublished\":\"2025-07-08T15:44:01+00:00\",\"dateModified\":\"2026-08-25T17:46:28+00:00\",\"mainEntityOfPage\":{\"@id\":\"https:\/\/www.grupoxcaret.com\/en\/the-xcaret-mexican-folk-art-fair-returns-a-unique-celebration-of-the-countrys-artisanal-talent\/#webpage\"},\"publisher\":{\"@id\":\"https:\/\/www.grupoxcaret.com\/en\/#organization\"},\"image\":{\"@id\":\"https:\/\/www.grupoxcaret.com\/en\/the-xcaret-mexican-folk-art-fair-returns-a-unique-celebration-of-the-countrys-artisanal-talent\/#primaryimage\"},\"articleSection\":\"Events,Informs,News\",\"inLanguage\":\"en-US\"},{\"@type\":\"Person\",\"@id\":\"https:\/\/www.grupoxcaret.com\/en\/#\/schema\/person\/a063bfd3f2c8806ec176d4b2afba737f\",\"name\":\"dmendozav\",\"image\":{\"@type\":\"ImageObject\",\"@id\":\"https:\/\/www.grupoxcaret.com\/en\/#personlogo\",\"inLanguage\":\"en-US\",\"url\":\"https:\/\/secure.gravatar.com\/avatar\/d0971a818d7242eb0e6a9b000cb0cb6c?s=96&d=mm&r=g\",\"caption\":\"dmendozav\"}}]}<\/script>\n<!-- \/ Yoast SEO plugin. -->","amp_enabled":true,"_links":{"self":[{"href":"https:\/\/www.grupoxcaret.com\/en\/wp-json\/wp\/v2\/posts\/4152"}],"collection":[{"href":"https:\/\/www.grupoxcaret.com\/en\/wp-json\/wp\/v2\/posts"}],"about":[{"href":"https:\/\/www.grupoxcaret.com\/en\/wp-json\/wp\/v2\/types\/post"}],"author":[{"embeddable":true,"href":"https:\/\/www.grupoxcaret.com\/en\/wp-json\/wp\/v2\/users\/8"}],"replies":[{"embeddable":true,"href":"https:\/\/www.grupoxcaret.com\/en\/wp-json\/wp\/v2\/comments?post=4152"}],"version-history":[{"count":1,"href":"https:\/\/www.grupoxcaret.com\/en\/wp-json\/wp\/v2\/posts\/4152\/revisions"}],"predecessor-version":[{"id":4156,"href":"https:\/\/www.grupoxcaret.com\/en\/wp-json\/wp\/v2\/posts\/4152\/revisions\/4156"}],"wp:featuredmedia":[{"embeddable":true,"href":"https:\/\/www.grupoxcaret.com\/en\/wp-json\/wp\/v2\/media\/4153"}],"wp:attachment":[{"href":"https:\/\/www.grupoxcaret.com\/en\/wp-json\/wp\/v2\/media?parent=4152"}],"wp:term":[{"taxonomy":"category","embeddable":true,"href":"https:\/\/www.grupoxcaret.com\/en\/wp-json\/wp\/v2\/categories?post=4152"},{"taxonomy":"post_tag","embeddable":true,"href":"https:\/\/www.grupoxcaret.com\/en\/wp-json\/wp\/v2\/tags?post=4152"}],"curies":[{"name":"wp","href":"https:\/\/api.w.org\/{rel}","templated":true}]}}