{"id":3961,"date":"2024-07-05T21:14:35","date_gmt":"2024-07-05T21:14:35","guid":{"rendered":"https:\/\/www.grupoxcaret.com\/en\/?p=3961"},"modified":"2024-07-06T20:45:56","modified_gmt":"2024-07-06T20:45:56","slug":"grupo-xcaret-announcement-hurricane-beryl","status":"publish","type":"post","link":"https:\/\/www.grupoxcaret.com\/en\/grupo-xcaret-announcement-hurricane-beryl\/","title":{"rendered":"GRUPO XCARET ANNOUNCEMENT &#8211; HURRICANE BERYL"},"content":{"rendered":"\n<p>After\u00a0the\u00a0visit\u00a0of\u00a0Hurricane\u00a0Beryl,\u00a0which\u00a0gave\u00a0us\u00a0a bit\u00a0of\u00a0a\u00a0makeover,\u00a0we\u00a0are\u00a0already\u00a0getting\u00a0back in\u00a0shape.\u00a0We\u00a0are\u00a0pleased\u00a0to\u00a0share\u00a0that\u00a0none\u00a0of\u00a0our\u00a0hotels\u00a0or\u00a0parks\u00a0suffered any\u00a0damages,\u00a0thanks\u00a0to\u00a0the\u00a0timely\u00a0application\u00a0of\u00a0our established\u00a0protocols\u00a0at Grupo Xcaret in\u00a0coordination\u00a0with the\u00a0authorities.<\/p>\n\n\n\n<p>Hotel Xcaret M\u00e9xico, Hotel Xcaret Arte, and La Casa de la Playa\u00a0continued\u00a0operating\u00a0and\u00a0attended\u00a0to\u00a0guests\u00a0who stayed\u00a0with\u00a0us\u00a0during\u00a0Beryl&#8217;s\u00a0passage.\u00a0We\u00a0are\u00a0now operating\u00a0normally.<\/p>\n\n\n\n<p>We\u00a0are\u00a0also\u00a0delighted\u00a0to\u00a0inform\u00a0you\u00a0that\u00a0our\u00a0parks\u00a0and tours\u00a0will\u00a0resume\u00a0operations\u00a0as\u00a0follows:<\/p>\n\n\n\n<p>July 6: Full operation of our parks&nbsp;Xcaret, Xplor, Xplor Fuego, Xenses, Xenses Insomnia, Xavage, Xoximilco and Tour Xenotes will resume.<br>July 7: Operation of our Xel-H\u00e1 and Yal-k\u00fa parks will resume, as well as our tours to Tulum and Cob\u00e1.<br>July 8: Our Xichen tour operation will resume.<\/p>\n\n\n\n<p>\u2022\u00a0We\u00a0will\u00a0continue\u00a0to\u00a0provide\u00a0updates\u00a0and\u00a0information\u00a0in\u00a0the\u00a0coming\u00a0hours\u00a0regarding\u00a0the\u00a0reopening\u00a0dates\u00a0through our\u00a0official\u00a0channels.<\/p>\n\n\n\n<p>We maintain constant communication with our guests, visitors, and&nbsp;members&nbsp;to address any concerns during this time.<\/p>\n\n\n\n<p>Grupo Xcaret reaffirms its commitment to ensuring the safety of its visitors, guests, members, and employees, maintaining absolute coordination with&nbsp;civil protection&nbsp;and the authorities of the state of&nbsp;Quintana&nbsp;Roo.<\/p>\n\n\n\n<p>We\u00a0are\u00a0happy\u00a0and\u00a0ready\u00a0to\u00a0welcome\u00a0our\u00a0visitors,\u00a0guests, and\u00a0members\u00a0to\u00a0share\u00a0our\u00a0great\u00a0love\u00a0for\u00a0Mexico,\u00a0always with\u00a0a\u00a0smile\u00a0and open\u00a0arms.<\/p>\n","protected":false},"excerpt":{"rendered":"<p>After\u00a0the\u00a0visit\u00a0of\u00a0Hurricane\u00a0Beryl,\u00a0which\u00a0gave\u00a0us\u00a0a bit\u00a0of\u00a0a\u00a0makeover,\u00a0we\u00a0are\u00a0already\u00a0getting\u00a0back in\u00a0shape.\u00a0We\u00a0are\u00a0pleased\u00a0to\u00a0share\u00a0that\u00a0none\u00a0of\u00a0our\u00a0hotels\u00a0or\u00a0parks\u00a0suffered any\u00a0damages,\u00a0thanks\u00a0to\u00a0the\u00a0timely\u00a0application\u00a0of\u00a0our established\u00a0protocols\u00a0at Grupo Xcaret in\u00a0coordination\u00a0with the\u00a0authorities. Hotel Xcaret M\u00e9xico, Hotel Xcaret Arte, and La Casa de la Playa\u00a0continued\u00a0operating\u00a0and\u00a0attended\u00a0to\u00a0guests\u00a0who stayed\u00a0with\u00a0us\u00a0during\u00a0Beryl&#8217;s\u00a0passage.\u00a0We\u00a0are\u00a0now operating\u00a0normally. We\u00a0are\u00a0also\u00a0delighted\u00a0to\u00a0inform\u00a0you\u00a0that\u00a0our\u00a0parks\u00a0and tours\u00a0will\u00a0resume\u00a0operations\u00a0as\u00a0follows: July 6: Full operation of our parks&nbsp;Xcaret, Xplor, Xplor Fuego, Xenses, Xenses Insomnia, Xavage, Xoximilco and Tour Xenotes will resume.July 7: Operation of our Xel-H\u00e1 and Yal-k\u00fa parks will resume, [&hellip;]<\/p>\n","protected":false},"author":8,"featured_media":3298,"comment_status":"closed","ping_status":"closed","sticky":false,"template":"","format":"standard","meta":[],"categories":[1,112],"tags":[],"yoast_head":"<!-- This site is optimized with the Yoast SEO plugin v15.2.1 - https:\/\/yoast.com\/wordpress\/plugins\/seo\/ -->\n<meta name=\"robots\" content=\"index, follow, max-snippet:-1, max-image-preview:large, max-video-preview:-1\" \/>\n<link rel=\"canonical\" href=\"https:\/\/www.grupoxcaret.com\/en\/grupo-xcaret-announcement-hurricane-beryl\/\" \/>\n<meta property=\"og:locale\" content=\"en_US\" \/>\n<meta property=\"og:type\" content=\"article\" \/>\n<meta property=\"og:title\" content=\"GRUPO XCARET ANNOUNCEMENT - HURRICANE BERYL - Grupo Xcaret\" \/>\n<meta property=\"og:description\" content=\"After\u00a0the\u00a0visit\u00a0of\u00a0Hurricane\u00a0Beryl,\u00a0which\u00a0gave\u00a0us\u00a0a bit\u00a0of\u00a0a\u00a0makeover,\u00a0we\u00a0are\u00a0already\u00a0getting\u00a0back in\u00a0shape.\u00a0We\u00a0are\u00a0pleased\u00a0to\u00a0share\u00a0that\u00a0none\u00a0of\u00a0our\u00a0hotels\u00a0or\u00a0parks\u00a0suffered any\u00a0damages,\u00a0thanks\u00a0to\u00a0the\u00a0timely\u00a0application\u00a0of\u00a0our established\u00a0protocols\u00a0at Grupo Xcaret in\u00a0coordination\u00a0with the\u00a0authorities. Hotel Xcaret M\u00e9xico, Hotel Xcaret Arte, and La Casa de la Playa\u00a0continued\u00a0operating\u00a0and\u00a0attended\u00a0to\u00a0guests\u00a0who stayed\u00a0with\u00a0us\u00a0during\u00a0Beryl&#8217;s\u00a0passage.\u00a0We\u00a0are\u00a0now operating\u00a0normally. We\u00a0are\u00a0also\u00a0delighted\u00a0to\u00a0inform\u00a0you\u00a0that\u00a0our\u00a0parks\u00a0and tours\u00a0will\u00a0resume\u00a0operations\u00a0as\u00a0follows: July 6: Full operation of our parks&nbsp;Xcaret, Xplor, Xplor Fuego, Xenses, Xenses Insomnia, Xavage, Xoximilco and Tour Xenotes will resume.July 7: Operation of our Xel-H\u00e1 and Yal-k\u00fa parks will resume, [&hellip;]\" \/>\n<meta property=\"og:url\" content=\"https:\/\/www.grupoxcaret.com\/en\/grupo-xcaret-announcement-hurricane-beryl\/\" \/>\n<meta property=\"og:site_name\" content=\"Grupo Xcaret\" \/>\n<meta property=\"article:published_time\" content=\"2024-07-05T21:14:35+00:00\" \/>\n<meta property=\"article:modified_time\" content=\"2024-07-06T20:45:56+00:00\" \/>\n<meta property=\"og:image\" content=\"https:\/\/www.grupoxcaret.com\/en\/wp-content\/uploads\/2020\/03\/LOGOTIPO-1.jpg\" \/>\n\t<meta property=\"og:image:width\" content=\"850\" \/>\n\t<meta property=\"og:image:height\" content=\"480\" \/>\n<meta name=\"twitter:card\" content=\"summary_large_image\" \/>\n<meta name=\"twitter:label1\" content=\"Written by\">\n\t<meta name=\"twitter:data1\" content=\"dmendozav\">\n\t<meta name=\"twitter:label2\" content=\"Est. reading time\">\n\t<meta name=\"twitter:data2\" content=\"1 minute\">\n<script type=\"application\/ld+json\" class=\"yoast-schema-graph\">{\"@context\":\"https:\/\/schema.org\",\"@graph\":[{\"@type\":\"Organization\",\"@id\":\"https:\/\/www.grupoxcaret.com\/en\/#organization\",\"name\":\"Grupo Xcaret\",\"url\":\"https:\/\/www.grupoxcaret.com\/en\/\",\"sameAs\":[],\"logo\":{\"@type\":\"ImageObject\",\"@id\":\"https:\/\/www.grupoxcaret.com\/en\/#logo\",\"inLanguage\":\"en-US\",\"url\":\"https:\/\/www.grupoxcaret.com\/en\/wp-content\/uploads\/2015\/04\/exx.png\",\"width\":400,\"height\":136,\"caption\":\"Grupo Xcaret\"},\"image\":{\"@id\":\"https:\/\/www.grupoxcaret.com\/en\/#logo\"}},{\"@type\":\"WebSite\",\"@id\":\"https:\/\/www.grupoxcaret.com\/en\/#website\",\"url\":\"https:\/\/www.grupoxcaret.com\/en\/\",\"name\":\"Grupo Xcaret\",\"description\":\"Sitio Oficial\",\"publisher\":{\"@id\":\"https:\/\/www.grupoxcaret.com\/en\/#organization\"},\"potentialAction\":[{\"@type\":\"SearchAction\",\"target\":\"https:\/\/www.grupoxcaret.com\/en\/?s={search_term_string}\",\"query-input\":\"required name=search_term_string\"}],\"inLanguage\":\"en-US\"},{\"@type\":\"ImageObject\",\"@id\":\"https:\/\/www.grupoxcaret.com\/en\/grupo-xcaret-announcement-hurricane-beryl\/#primaryimage\",\"inLanguage\":\"en-US\",\"url\":\"https:\/\/www.grupoxcaret.com\/en\/wp-content\/uploads\/2020\/03\/LOGOTIPO-1.jpg\",\"width\":850,\"height\":480},{\"@type\":\"WebPage\",\"@id\":\"https:\/\/www.grupoxcaret.com\/en\/grupo-xcaret-announcement-hurricane-beryl\/#webpage\",\"url\":\"https:\/\/www.grupoxcaret.com\/en\/grupo-xcaret-announcement-hurricane-beryl\/\",\"name\":\"GRUPO XCARET ANNOUNCEMENT - HURRICANE BERYL - Grupo Xcaret\",\"isPartOf\":{\"@id\":\"https:\/\/www.grupoxcaret.com\/en\/#website\"},\"primaryImageOfPage\":{\"@id\":\"https:\/\/www.grupoxcaret.com\/en\/grupo-xcaret-announcement-hurricane-beryl\/#primaryimage\"},\"datePublished\":\"2024-07-05T21:14:35+00:00\",\"dateModified\":\"2024-07-06T20:45:56+00:00\",\"breadcrumb\":{\"@id\":\"https:\/\/www.grupoxcaret.com\/en\/grupo-xcaret-announcement-hurricane-beryl\/#breadcrumb\"},\"inLanguage\":\"en-US\",\"potentialAction\":[{\"@type\":\"ReadAction\",\"target\":[\"https:\/\/www.grupoxcaret.com\/en\/grupo-xcaret-announcement-hurricane-beryl\/\"]}]},{\"@type\":\"BreadcrumbList\",\"@id\":\"https:\/\/www.grupoxcaret.com\/en\/grupo-xcaret-announcement-hurricane-beryl\/#breadcrumb\",\"itemListElement\":[{\"@type\":\"ListItem\",\"position\":1,\"item\":{\"@type\":\"WebPage\",\"@id\":\"https:\/\/www.grupoxcaret.com\/en\/\",\"url\":\"https:\/\/www.grupoxcaret.com\/en\/\",\"name\":\"Inicio\"}},{\"@type\":\"ListItem\",\"position\":2,\"item\":{\"@type\":\"WebPage\",\"@id\":\"https:\/\/www.grupoxcaret.com\/en\/seccion\/press-room\/\",\"url\":\"https:\/\/www.grupoxcaret.com\/en\/seccion\/press-room\/\",\"name\":\"Press Room\"}},{\"@type\":\"ListItem\",\"position\":3,\"item\":{\"@type\":\"WebPage\",\"@id\":\"https:\/\/www.grupoxcaret.com\/en\/grupo-xcaret-announcement-hurricane-beryl\/\",\"url\":\"https:\/\/www.grupoxcaret.com\/en\/grupo-xcaret-announcement-hurricane-beryl\/\",\"name\":\"GRUPO XCARET ANNOUNCEMENT &#8211; HURRICANE BERYL\"}}]},{\"@type\":\"Article\",\"@id\":\"https:\/\/www.grupoxcaret.com\/en\/grupo-xcaret-announcement-hurricane-beryl\/#article\",\"isPartOf\":{\"@id\":\"https:\/\/www.grupoxcaret.com\/en\/grupo-xcaret-announcement-hurricane-beryl\/#webpage\"},\"author\":{\"@id\":\"https:\/\/www.grupoxcaret.com\/en\/#\/schema\/person\/a063bfd3f2c8806ec176d4b2afba737f\"},\"headline\":\"GRUPO XCARET ANNOUNCEMENT &#8211; HURRICANE BERYL\",\"datePublished\":\"2024-07-05T21:14:35+00:00\",\"dateModified\":\"2024-07-06T20:45:56+00:00\",\"mainEntityOfPage\":{\"@id\":\"https:\/\/www.grupoxcaret.com\/en\/grupo-xcaret-announcement-hurricane-beryl\/#webpage\"},\"publisher\":{\"@id\":\"https:\/\/www.grupoxcaret.com\/en\/#organization\"},\"image\":{\"@id\":\"https:\/\/www.grupoxcaret.com\/en\/grupo-xcaret-announcement-hurricane-beryl\/#primaryimage\"},\"articleSection\":\"News,Press Room\",\"inLanguage\":\"en-US\"},{\"@type\":\"Person\",\"@id\":\"https:\/\/www.grupoxcaret.com\/en\/#\/schema\/person\/a063bfd3f2c8806ec176d4b2afba737f\",\"name\":\"dmendozav\",\"image\":{\"@type\":\"ImageObject\",\"@id\":\"https:\/\/www.grupoxcaret.com\/en\/#personlogo\",\"inLanguage\":\"en-US\",\"url\":\"https:\/\/secure.gravatar.com\/avatar\/d0971a818d7242eb0e6a9b000cb0cb6c?s=96&d=mm&r=g\",\"caption\":\"dmendozav\"}}]}<\/script>\n<!-- \/ Yoast SEO plugin. -->","amp_enabled":true,"_links":{"self":[{"href":"https:\/\/www.grupoxcaret.com\/en\/wp-json\/wp\/v2\/posts\/3961"}],"collection":[{"href":"https:\/\/www.grupoxcaret.com\/en\/wp-json\/wp\/v2\/posts"}],"about":[{"href":"https:\/\/www.grupoxcaret.com\/en\/wp-json\/wp\/v2\/types\/post"}],"author":[{"embeddable":true,"href":"https:\/\/www.grupoxcaret.com\/en\/wp-json\/wp\/v2\/users\/8"}],"replies":[{"embeddable":true,"href":"https:\/\/www.grupoxcaret.com\/en\/wp-json\/wp\/v2\/comments?post=3961"}],"version-history":[{"count":5,"href":"https:\/\/www.grupoxcaret.com\/en\/wp-json\/wp\/v2\/posts\/3961\/revisions"}],"predecessor-version":[{"id":3969,"href":"https:\/\/www.grupoxcaret.com\/en\/wp-json\/wp\/v2\/posts\/3961\/revisions\/3969"}],"wp:featuredmedia":[{"embeddable":true,"href":"https:\/\/www.grupoxcaret.com\/en\/wp-json\/wp\/v2\/media\/3298"}],"wp:attachment":[{"href":"https:\/\/www.grupoxcaret.com\/en\/wp-json\/wp\/v2\/media?parent=3961"}],"wp:term":[{"taxonomy":"category","embeddable":true,"href":"https:\/\/www.grupoxcaret.com\/en\/wp-json\/wp\/v2\/categories?post=3961"},{"taxonomy":"post_tag","embeddable":true,"href":"https:\/\/www.grupoxcaret.com\/en\/wp-json\/wp\/v2\/tags?post=3961"}],"curies":[{"name":"wp","href":"https:\/\/api.w.org\/{rel}","templated":true}]}}